{"id":68731,"date":"2017-02-26T15:46:17","date_gmt":"2017-02-26T14:46:17","guid":{"rendered":"http:\/\/www.filindeblogg.nu\/?p=68731"},"modified":"2017-02-26T15:46:17","modified_gmt":"2017-02-26T14:46:17","slug":"krig-och-dod-och-annat-elande-vad-ar-det-for-fel-pa-jagare-men-ocksa-vadervind-och-hopp-om-vartecken-plus-lite-avslojanden-och-lite-trams","status":"publish","type":"post","link":"http:\/\/www.filindeblogg.nu\/?p=68731","title":{"rendered":"Krig och d\u00f6d och annat el\u00e4nde &#8211; &#8221;- Vad \u00e4r det f\u00f6r fel p\u00e5 j\u00e4gare&#8221; &#8211; men ocks\u00e5 v\u00e4der,vind och hopp-om-v\u00e5rtecken! Plus lite avsl\u00f6janden och lite &#8221;trams&#8221;!"},"content":{"rendered":"<p><img loading=\"lazy\" class=\"alignnone  wp-image-68732\" src=\"http:\/\/www.filindeblogg.nu\/wp-content\/uploads\/2017\/02\/Suss-i-skinn-20-jan-2017-Kopia-1-300x287.jpg\" alt=\"\" width=\"105\" height=\"100\" srcset=\"http:\/\/www.filindeblogg.nu\/wp-content\/uploads\/2017\/02\/Suss-i-skinn-20-jan-2017-Kopia-1-300x287.jpg 300w, http:\/\/www.filindeblogg.nu\/wp-content\/uploads\/2017\/02\/Suss-i-skinn-20-jan-2017-Kopia-1.jpg 604w\" sizes=\"(max-width: 105px) 100vw, 105px\" \/> Ja, s\u00e5 har det blivit dags igen f\u00f6r en blogg om allt och ingenting &#8211; beroende p\u00e5 vad ni anser! El\u00e4nde \u00e4r utlovat men ocks\u00e5 lite hopp &#8211; s\u00e5 var s\u00e5 goda!<\/p>\n<p><img loading=\"lazy\" class=\"alignnone  wp-image-68733\" src=\"http:\/\/www.filindeblogg.nu\/wp-content\/uploads\/2017\/02\/028-1-300x225.jpg\" alt=\"\" width=\"215\" height=\"161\" srcset=\"http:\/\/www.filindeblogg.nu\/wp-content\/uploads\/2017\/02\/028-1-300x225.jpg 300w, http:\/\/www.filindeblogg.nu\/wp-content\/uploads\/2017\/02\/028-1.jpg 600w\" sizes=\"(max-width: 215px) 100vw, 215px\" \/>\u00a0<strong>El\u00e4ndigt<\/strong> blev v\u00e4dret i b\u00f6rjan p\u00e5 veckan! M\u00e5ndagen bj\u00f6d p\u00e5 solsken och +7 grader och bloggaren med flera t\u00e4nkte att nu \u00e4r nog allt v\u00e5ren p\u00e5 g\u00e5ng i alla fall!! Men himlen p\u00e5 m\u00e5ndagseftermiddagen f\u00f6resp\u00e5dde nog n\u00e5got annat&#8230; <img loading=\"lazy\" class=\"alignnone  wp-image-68734\" src=\"http:\/\/www.filindeblogg.nu\/wp-content\/uploads\/2017\/02\/032-1-300x225.jpg\" alt=\"\" width=\"263\" height=\"197\" srcset=\"http:\/\/www.filindeblogg.nu\/wp-content\/uploads\/2017\/02\/032-1-300x225.jpg 300w, http:\/\/www.filindeblogg.nu\/wp-content\/uploads\/2017\/02\/032-1.jpg 600w\" sizes=\"(max-width: 263px) 100vw, 263px\" \/><\/p>\n<p>F\u00f6r p\u00e5 tisdag morgon s\u00e5g det ut s\u00e5 h\u00e4r! <img loading=\"lazy\" class=\"alignnone  wp-image-68735\" src=\"http:\/\/www.filindeblogg.nu\/wp-content\/uploads\/2017\/02\/038-300x225.jpg\" alt=\"\" width=\"249\" height=\"187\" srcset=\"http:\/\/www.filindeblogg.nu\/wp-content\/uploads\/2017\/02\/038-300x225.jpg 300w, http:\/\/www.filindeblogg.nu\/wp-content\/uploads\/2017\/02\/038.jpg 600w\" sizes=\"(max-width: 249px) 100vw, 249px\" \/> En chock n\u00e4r man drog upp persiennerna! <img loading=\"lazy\" class=\"alignnone size-medium wp-image-68736\" src=\"http:\/\/www.filindeblogg.nu\/wp-content\/uploads\/2017\/02\/038-1-300x225.jpg\" alt=\"\" width=\"300\" height=\"225\" srcset=\"http:\/\/www.filindeblogg.nu\/wp-content\/uploads\/2017\/02\/038-1-300x225.jpg 300w, http:\/\/www.filindeblogg.nu\/wp-content\/uploads\/2017\/02\/038-1.jpg 600w\" sizes=\"(max-width: 300px) 100vw, 300px\" \/><\/p>\n<p>Bloggaren skulle ta sig till <strong>V\u00e4ster\u00e5s<\/strong> med bil denna tisdag &#8211; eftersom SJ redan p\u00e5 v\u00e5rdagen m\u00e5ndag st\u00e4llt in hela den avg\u00e5ng bloggaren hade bokat(!). Vem v\u00e5gar lita p\u00e5 att komma i tid med t\u00e5get en chockdag som denna med massor av sn\u00f6 &#8211; inte bloggaren i alla fall.<br \/>\nHemskt v\u00e4glag hela v\u00e4gen till V\u00e4ster\u00e5s med bilar i diket och hj\u00e4lpl\u00f6sa m\u00e4nniskor intill. Bloggaren tog sig dock fram och \u00e5ter oskadd &#8211; men andra hade inte lika tur den dagen&#8230; <img loading=\"lazy\" class=\"alignnone size-medium wp-image-68737\" src=\"http:\/\/www.filindeblogg.nu\/wp-content\/uploads\/2017\/02\/D\u00f6dsolycka-Gr\u00e4sn\u00e4s-21-febr-2017-ur-Aftonbladet-300x195.jpg\" alt=\"\" width=\"300\" height=\"195\" srcset=\"http:\/\/www.filindeblogg.nu\/wp-content\/uploads\/2017\/02\/D\u00f6dsolycka-Gr\u00e4sn\u00e4s-21-febr-2017-ur-Aftonbladet-300x195.jpg 300w, http:\/\/www.filindeblogg.nu\/wp-content\/uploads\/2017\/02\/D\u00f6dsolycka-Gr\u00e4sn\u00e4s-21-febr-2017-ur-Aftonbladet-768x500.jpg 768w, http:\/\/www.filindeblogg.nu\/wp-content\/uploads\/2017\/02\/D\u00f6dsolycka-Gr\u00e4sn\u00e4s-21-febr-2017-ur-Aftonbladet.jpg 800w\" sizes=\"(max-width: 300px) 100vw, 300px\" \/> Bilden \u00e4r ur <strong>Aftonbladet<\/strong> och visar den sv\u00e5ra olyckan vid <strong>Gr\u00e4sn\u00e4s, utanf\u00f6r Arboga<\/strong>, med en d\u00f6d och ett tjugotal skadade. L\u00e4s <a href=\"http:\/\/www.aftonbladet.se\/nyheter\/a\/AaPyj\/en-dod-och-22-skadade-i-svar-trafikolycka\"><strong>H\u00c4R<\/strong> <\/a>i Aftonbladet om olyckan i det d\u00e5 r\u00e5dande v\u00e4glaget.<\/p>\n<p><img loading=\"lazy\" class=\"alignnone  wp-image-68738\" src=\"http:\/\/www.filindeblogg.nu\/wp-content\/uploads\/2017\/02\/DN-0-096-300x225.jpg\" alt=\"\" width=\"215\" height=\"161\" srcset=\"http:\/\/www.filindeblogg.nu\/wp-content\/uploads\/2017\/02\/DN-0-096-300x225.jpg 300w, http:\/\/www.filindeblogg.nu\/wp-content\/uploads\/2017\/02\/DN-0-096.jpg 600w\" sizes=\"(max-width: 215px) 100vw, 215px\" \/>\u00a0N\u00e4r vi \u00e4nd\u00e5 \u00e4r inne p\u00e5 el\u00e4nde s\u00e5 tar vi itu med dagens DN ocks\u00e5!<br \/>\nBloggaren tr\u00e4ffade tv\u00e5 ensamkommande flyktingpojkar f\u00f6r n\u00e5gra veckor sedan och den ena var fr\u00e5n <strong>Ryssland<\/strong> eller var det m\u00f6jligen<strong> Ukraina<\/strong>? <img loading=\"lazy\" class=\"alignnone  wp-image-68739\" src=\"http:\/\/www.filindeblogg.nu\/wp-content\/uploads\/2017\/02\/DN-2-051-225x300.jpg\" alt=\"\" width=\"185\" height=\"247\" srcset=\"http:\/\/www.filindeblogg.nu\/wp-content\/uploads\/2017\/02\/DN-2-051-225x300.jpg 225w, http:\/\/www.filindeblogg.nu\/wp-content\/uploads\/2017\/02\/DN-2-051.jpg 450w\" sizes=\"(max-width: 185px) 100vw, 185px\" \/><br \/>\nVisst \u00e4r det m\u00e4rkligt hur vissa krig och hemskheter &#8221;gl\u00f6ms bort&#8221; n\u00e4r media sj\u00e4lv f\u00e5r v\u00e4lja! Bloggaren var fundersam \u00f6ver en flykting fr\u00e5n forna <strong>Sovjetunionen<\/strong> &#8211; men det finns m\u00e4nniskor som flyr fr\u00e5n m\u00e5nga delar av v\u00e4rlden och som tidningarna inte sl\u00e5r upp stort eller alls.<br \/>\n<img loading=\"lazy\" class=\"alignnone  wp-image-68740\" src=\"http:\/\/www.filindeblogg.nu\/wp-content\/uploads\/2017\/02\/DN-3-052-300x225.jpg\" alt=\"\" width=\"223\" height=\"167\" srcset=\"http:\/\/www.filindeblogg.nu\/wp-content\/uploads\/2017\/02\/DN-3-052-300x225.jpg 300w, http:\/\/www.filindeblogg.nu\/wp-content\/uploads\/2017\/02\/DN-3-052.jpg 600w\" sizes=\"(max-width: 223px) 100vw, 223px\" \/> Under bilden i DN st\u00e5r det, citat: <em>&#8221;<strong>Natalja Sjesjaltsovas<\/strong> hus i staden Avdiivka tr\u00e4ffades av en granat och brann ned till grunden. &#8221;Det enda jag har kvar \u00e4r kl\u00e4derna p\u00e5 kroppen&#8221;, s\u00e4ger hon.&#8221;<\/em><\/p>\n<p><strong>Natalja<\/strong> \u00e4r s\u00e4kert inte en person som kommer att f\u00f6rs\u00f6ka fly till ett b\u00e4ttre liv &#8211; men att yngre m\u00e4nniskor g\u00f6r det, kan bloggaren f\u00f6rst\u00e5. <img loading=\"lazy\" class=\"alignnone  wp-image-68741\" src=\"http:\/\/www.filindeblogg.nu\/wp-content\/uploads\/2017\/02\/DN-5-086-300x225.jpg\" alt=\"\" width=\"194\" height=\"145\" srcset=\"http:\/\/www.filindeblogg.nu\/wp-content\/uploads\/2017\/02\/DN-5-086-300x225.jpg 300w, http:\/\/www.filindeblogg.nu\/wp-content\/uploads\/2017\/02\/DN-5-086.jpg 600w\" sizes=\"(max-width: 194px) 100vw, 194px\" \/><\/p>\n<p><img loading=\"lazy\" class=\"alignnone  wp-image-68742\" src=\"http:\/\/www.filindeblogg.nu\/wp-content\/uploads\/2017\/02\/J\u00e4gare-0-077-251x300.jpg\" alt=\"\" width=\"202\" height=\"241\" srcset=\"http:\/\/www.filindeblogg.nu\/wp-content\/uploads\/2017\/02\/J\u00e4gare-0-077-251x300.jpg 251w, http:\/\/www.filindeblogg.nu\/wp-content\/uploads\/2017\/02\/J\u00e4gare-0-077.jpg 437w\" sizes=\"(max-width: 202px) 100vw, 202px\" \/>\u00a0I DN idag beskriver ocks\u00e5 f\u00f6rfattaren <strong>Bengt Ohlsson<\/strong> om hur det \u00e4r att g\u00e5 intensivkurs f\u00f6r att ta jaktlicens &#8211; Gud vet varf\u00f6r (bloggarens kommentar)!?<br \/>\n<strong><em>&#8221;-Aldrig k\u00e4nner man sig s\u00e5 darrh\u00e4nt som n\u00e4r man f\u00f6rs\u00f6ker h\u00e5lla en \u00e4lgstudsare i r\u00e4tt l\u00e4ge&#8221;<\/em><\/strong>, skriver han.<br \/>\nBloggaren kan komma p\u00e5 m\u00e5nga fler tillf\u00e4llen d\u00e5 man blir darrig och n\u00e4stan tappar koncepterna och det \u00e4r n\u00e4r n\u00e5gon \u00e4r elak mot djur! <img loading=\"lazy\" class=\"alignnone  wp-image-68743\" src=\"http:\/\/www.filindeblogg.nu\/wp-content\/uploads\/2017\/02\/054-Kopia.jpg\" alt=\"\" width=\"103\" height=\"88\" srcset=\"http:\/\/www.filindeblogg.nu\/wp-content\/uploads\/2017\/02\/054-Kopia.jpg 146w, http:\/\/www.filindeblogg.nu\/wp-content\/uploads\/2017\/02\/054-Kopia-144x125.jpg 144w\" sizes=\"(max-width: 103px) 100vw, 103px\" \/><\/p>\n<p><img loading=\"lazy\" class=\"alignnone size-medium wp-image-68744\" src=\"http:\/\/www.filindeblogg.nu\/wp-content\/uploads\/2017\/02\/J\u00e4gare-1-088-300x225.jpg\" alt=\"\" width=\"300\" height=\"225\" srcset=\"http:\/\/www.filindeblogg.nu\/wp-content\/uploads\/2017\/02\/J\u00e4gare-1-088-300x225.jpg 300w, http:\/\/www.filindeblogg.nu\/wp-content\/uploads\/2017\/02\/J\u00e4gare-1-088.jpg 600w\" sizes=\"(max-width: 300px) 100vw, 300px\" \/> Bengt Ohlsson beskriver sin intensivkurs och g\u00e4nget han delar kursen med.<br \/>\nP\u00e5 kv\u00e4llen lyssnar Bengt p\u00e5 podcast: <img loading=\"lazy\" class=\"alignnone size-medium wp-image-68745\" src=\"http:\/\/www.filindeblogg.nu\/wp-content\/uploads\/2017\/02\/J\u00e4gare-4-089-300x101.jpg\" alt=\"\" width=\"300\" height=\"101\" srcset=\"http:\/\/www.filindeblogg.nu\/wp-content\/uploads\/2017\/02\/J\u00e4gare-4-089-300x101.jpg 300w, http:\/\/www.filindeblogg.nu\/wp-content\/uploads\/2017\/02\/J\u00e4gare-4-089.jpg 600w\" sizes=\"(max-width: 300px) 100vw, 300px\" \/><br \/>\nCitat &#8211; <em>&#8221;Innan jag somnar lyssnar jag p\u00e5 &#8221;Jaktradion &#8211; en podcast om jakt&#8221; d\u00e4r de tar upp &#8221;veckans dilemma&#8221;: Kan du t\u00e4nka dig att skjuta r\u00e4vvalpar vid ett gryt? <\/em><br \/>\n<em>63,8 \u00b4procent av lyssnarna svarar &#8221;sj\u00e4lvklart&#8221;, 21, 5 procent svarar &#8221;tveksamt&#8221; och 14,6 procent svarar &#8221;sj\u00e4lvklart inte&#8221;. Resultatet f\u00f6rv\u00e5nar programledarna. Sj\u00e4lva skulle de inte tveka.&#8221;<\/em><br \/>\n<strong>VAD \u00c4R DET F\u00d6R FEL P\u00c5 J\u00c4GARE!?<\/strong> (\u00e5ter bloggarens kommentar)<strong> \ud83d\ude41<\/strong><\/p>\n<p>Bloggaren \u00e4r inte vegetarian och \u00e4ter viltk\u00f6tt ibland. D\u00e4rmed k\u00e4nns det som om hon borde kunna skjuta ett vilt djur f\u00f6r att f\u00e5 mat om det kniper &#8211; vilket bloggaren INTE skulle kunna. Lite dubbelmoralistiskt d\u00e5 kanske &#8211; men s\u00e5 \u00e4r det!<\/p>\n<p><img loading=\"lazy\" class=\"alignnone  wp-image-68746\" src=\"http:\/\/www.filindeblogg.nu\/wp-content\/uploads\/2017\/02\/J\u00e4gare-5-092-300x225.jpg\" alt=\"\" width=\"195\" height=\"146\" srcset=\"http:\/\/www.filindeblogg.nu\/wp-content\/uploads\/2017\/02\/J\u00e4gare-5-092-300x225.jpg 300w, http:\/\/www.filindeblogg.nu\/wp-content\/uploads\/2017\/02\/J\u00e4gare-5-092.jpg 600w\" sizes=\"(max-width: 195px) 100vw, 195px\" \/>\u00a0Men att skjuta r\u00e4vvalpar?? Varf\u00f6r d\u00e5?? Liksom en m\u00e4ngd andra vilda djur &#8211; vargar, lodjur o.s.v. Lite sv\u00e5rtuggat k\u00f6tt kanske &#8211; \u00e4r det ens l\u00e4mpligt som m\u00e4nniskof\u00f6da? Och nej, ingen skjuter n\u00e4mnda djur f\u00f6r att stilla sin hunger!<br \/>\n<a href=\"http:\/\/traningslara.se\/vegetarisk-kost-del-1-vad-riskerar-man-att-fa-for-lite-av\/\"><strong>H\u00c4R<\/strong><\/a> finns en sida med kosttips f\u00f6r vegetarianer! Webbsidor med vegetariska recept finns det m\u00e4ngder av &#8211; <a href=\"https:\/\/www.arla.se\/recept\/teman\/vegetarisk-mat\/\"><strong>H\u00c4R<\/strong><\/a> \u00e4r <strong>Arla<\/strong>s!<\/p>\n<p><img loading=\"lazy\" class=\"alignnone  wp-image-68743\" src=\"http:\/\/www.filindeblogg.nu\/wp-content\/uploads\/2017\/02\/054-Kopia.jpg\" alt=\"\" width=\"103\" height=\"88\" srcset=\"http:\/\/www.filindeblogg.nu\/wp-content\/uploads\/2017\/02\/054-Kopia.jpg 146w, http:\/\/www.filindeblogg.nu\/wp-content\/uploads\/2017\/02\/054-Kopia-144x125.jpg 144w\" sizes=\"(max-width: 103px) 100vw, 103px\" \/>Den h\u00e4r bilden kommer fr\u00e5n det h\u00e4r kortet: <img loading=\"lazy\" class=\"alignnone  wp-image-68747\" src=\"http:\/\/www.filindeblogg.nu\/wp-content\/uploads\/2017\/02\/054-300x225.jpg\" alt=\"\" width=\"245\" height=\"184\" srcset=\"http:\/\/www.filindeblogg.nu\/wp-content\/uploads\/2017\/02\/054-300x225.jpg 300w, http:\/\/www.filindeblogg.nu\/wp-content\/uploads\/2017\/02\/054.jpg 600w\" sizes=\"(max-width: 245px) 100vw, 245px\" \/><br \/>\nFr\u00e5n det h\u00e4r k\u00f6ksbordet! <img loading=\"lazy\" class=\"alignnone  wp-image-68748\" src=\"http:\/\/www.filindeblogg.nu\/wp-content\/uploads\/2017\/02\/053-300x225.jpg\" alt=\"\" width=\"245\" height=\"184\" srcset=\"http:\/\/www.filindeblogg.nu\/wp-content\/uploads\/2017\/02\/053-300x225.jpg 300w, http:\/\/www.filindeblogg.nu\/wp-content\/uploads\/2017\/02\/053.jpg 600w\" sizes=\"(max-width: 245px) 100vw, 245px\" \/><br \/>\nVykortet \u00e4r fr\u00e5n D<strong>jurskyddet Sverige<\/strong> &#8211; klicka <a href=\"http:\/\/www.djurskyddet.se\/\"><strong>H\u00c4R<\/strong> <\/a>f\u00f6r att komma till dom!<\/p>\n<p>Bloggaren \u00e4r med i <a href=\"https:\/\/www.svenskaturistforeningen.se\/\"><strong>Svenska Turistf\u00f6reningen<\/strong><\/a> och d\u00e5 f\u00e5r man den h\u00e4r tidningen!<img loading=\"lazy\" class=\"alignnone  wp-image-68749\" src=\"http:\/\/www.filindeblogg.nu\/wp-content\/uploads\/2017\/02\/057-225x300.jpg\" alt=\"\" width=\"175\" height=\"233\" srcset=\"http:\/\/www.filindeblogg.nu\/wp-content\/uploads\/2017\/02\/057-225x300.jpg 225w, http:\/\/www.filindeblogg.nu\/wp-content\/uploads\/2017\/02\/057.jpg 450w\" sizes=\"(max-width: 175px) 100vw, 175px\" \/> I detta februarinummer kan man bland annat l\u00e4sa om:\u00a0<img loading=\"lazy\" class=\"alignnone  wp-image-68751\" src=\"http:\/\/www.filindeblogg.nu\/wp-content\/uploads\/2017\/02\/062-300x225.jpg\" alt=\"\" width=\"260\" height=\"195\" srcset=\"http:\/\/www.filindeblogg.nu\/wp-content\/uploads\/2017\/02\/062-300x225.jpg 300w, http:\/\/www.filindeblogg.nu\/wp-content\/uploads\/2017\/02\/062.jpg 600w\" sizes=\"(max-width: 260px) 100vw, 260px\" \/> Vilka material i t ex kl\u00e4der som \u00e4r milj\u00f6v\u00e4nliga och inte. M\u00e5nga f\u00e5r f\u00f6r sig att bambukl\u00e4der \u00e4r ett bra milj\u00f6val MEN: <img loading=\"lazy\" class=\"alignnone size-medium wp-image-68752\" src=\"http:\/\/www.filindeblogg.nu\/wp-content\/uploads\/2017\/02\/063-225x300.jpg\" alt=\"\" width=\"225\" height=\"300\" srcset=\"http:\/\/www.filindeblogg.nu\/wp-content\/uploads\/2017\/02\/063-225x300.jpg 225w, http:\/\/www.filindeblogg.nu\/wp-content\/uploads\/2017\/02\/063.jpg 450w\" sizes=\"(max-width: 225px) 100vw, 225px\" \/> Citat om bambu:<br \/>\n<em>&#8221;Bambu \u00e4r ocks\u00e5 popul\u00e4r i kl\u00e4der. Den vanligaste textilformen \u00e4r bambuviskos, vars tillverkning <strong>kr\u00e4ver en stor m\u00e4ngd kemikalier<\/strong>. Bambuodling beh\u00f6ver ocks\u00e5 mycket vatten&#8221;.<br \/>\n<\/em>V\u00e4lj d\u00e5 hellre tencel\/lyocell!<br \/>\nCitat ur tidningen:<em> &#8221;Tencel\/lyocell \u00e4r en fiber som kan tillverkas av gran, men oftast kommer fr\u00e5n snabbv\u00e4xande eukalyptustr\u00e4d. Materialet \u00e4r<strong> svalt, beh\u00f6ver s\u00e4llan tv\u00e4ttas<\/strong> och anv\u00e4nds bland annat i skjortor. <strong>Ett bra milj\u00f6val<\/strong> d\u00e5 det tillverkas p\u00e5 h\u00e5llbara skogsplantager och i en skonsam tillverkningsprocess.&#8221;<\/em><\/p>\n<p>H\u00e4r en blus i lyocell: <img loading=\"lazy\" class=\"alignnone  wp-image-68753\" src=\"http:\/\/www.filindeblogg.nu\/wp-content\/uploads\/2017\/02\/Blus-i-lyocell-210x300.jpg\" alt=\"\" width=\"137\" height=\"196\" srcset=\"http:\/\/www.filindeblogg.nu\/wp-content\/uploads\/2017\/02\/Blus-i-lyocell-210x300.jpg 210w, http:\/\/www.filindeblogg.nu\/wp-content\/uploads\/2017\/02\/Blus-i-lyocell.jpg 375w\" sizes=\"(max-width: 137px) 100vw, 137px\" \/><\/p>\n<p>Lite annat klipp ur DN idag: <img loading=\"lazy\" class=\"alignnone size-medium wp-image-68754\" src=\"http:\/\/www.filindeblogg.nu\/wp-content\/uploads\/2017\/02\/079-300x225.jpg\" alt=\"\" width=\"300\" height=\"225\" srcset=\"http:\/\/www.filindeblogg.nu\/wp-content\/uploads\/2017\/02\/079-300x225.jpg 300w, http:\/\/www.filindeblogg.nu\/wp-content\/uploads\/2017\/02\/079.jpg 600w\" sizes=\"(max-width: 300px) 100vw, 300px\" \/> &#8221;<em>Peter Wolodarski: Den mest framg\u00e5ngsrike Moderatledaren behandlas som skr\u00e4p&#8221;.<br \/>\n<\/em>Kr\u00f6nikan handlar om <strong>Fredrik Reinfeldt<\/strong> och de som behandlar honom s\u00e4mst \u00e4r hans egna partikamrater!<\/p>\n<p><img loading=\"lazy\" class=\"alignnone size-medium wp-image-68755\" src=\"http:\/\/www.filindeblogg.nu\/wp-content\/uploads\/2017\/02\/F\u00f6rlossning-0-083-300x225.jpg\" alt=\"\" width=\"300\" height=\"225\" srcset=\"http:\/\/www.filindeblogg.nu\/wp-content\/uploads\/2017\/02\/F\u00f6rlossning-0-083-300x225.jpg 300w, http:\/\/www.filindeblogg.nu\/wp-content\/uploads\/2017\/02\/F\u00f6rlossning-0-083.jpg 600w\" sizes=\"(max-width: 300px) 100vw, 300px\" \/> Ledarsidan &#8211; om f\u00f6rlossningsv\u00e5rden. <img loading=\"lazy\" class=\"alignnone size-medium wp-image-68756\" src=\"http:\/\/www.filindeblogg.nu\/wp-content\/uploads\/2017\/02\/F\u00f6rlossning-1-084-300x184.jpg\" alt=\"\" width=\"300\" height=\"184\" srcset=\"http:\/\/www.filindeblogg.nu\/wp-content\/uploads\/2017\/02\/F\u00f6rlossning-1-084-300x184.jpg 300w, http:\/\/www.filindeblogg.nu\/wp-content\/uploads\/2017\/02\/F\u00f6rlossning-1-084.jpg 537w\" sizes=\"(max-width: 300px) 100vw, 300px\" \/><br \/>\nLedarskribenten skriver om <strong>Emma Andersson<\/strong> som blev den f\u00f6rsta kvinna att f\u00f6da sitt barn i bilen sedan <strong>Sollefte\u00e5 BB<\/strong> lagts ner. Skandal\u00f6st!!<br \/>\nSe DN:s artikel om f\u00f6rlossningen <a href=\"http:\/\/www.dn.se\/nyheter\/sverige\/forsta-bilforlossningen-sedan-bb-stangningen-i-solleftea\/\"><strong>H\u00c4R<\/strong><\/a>! <img loading=\"lazy\" class=\"alignnone  wp-image-68757\" src=\"http:\/\/www.filindeblogg.nu\/wp-content\/uploads\/2017\/02\/Emma-Anderssons-dotter-f\u00f6ddes-i-bilen-300x169.jpg\" alt=\"\" width=\"218\" height=\"123\" srcset=\"http:\/\/www.filindeblogg.nu\/wp-content\/uploads\/2017\/02\/Emma-Anderssons-dotter-f\u00f6ddes-i-bilen-300x169.jpg 300w, http:\/\/www.filindeblogg.nu\/wp-content\/uploads\/2017\/02\/Emma-Anderssons-dotter-f\u00f6ddes-i-bilen-768x432.jpg 768w, http:\/\/www.filindeblogg.nu\/wp-content\/uploads\/2017\/02\/Emma-Anderssons-dotter-f\u00f6ddes-i-bilen.jpg 1008w\" sizes=\"(max-width: 218px) 100vw, 218px\" \/><br \/>\n(Foto ur DN.)<\/p>\n<p>Lite roligare saker nu och mer hoppfulla! T\u00f6v\u00e4der idag: <img loading=\"lazy\" class=\"alignnone  wp-image-68758\" src=\"http:\/\/www.filindeblogg.nu\/wp-content\/uploads\/2017\/02\/076-225x300.jpg\" alt=\"\" width=\"176\" height=\"235\" srcset=\"http:\/\/www.filindeblogg.nu\/wp-content\/uploads\/2017\/02\/076-225x300.jpg 225w, http:\/\/www.filindeblogg.nu\/wp-content\/uploads\/2017\/02\/076.jpg 450w\" sizes=\"(max-width: 176px) 100vw, 176px\" \/> Och v\u00e5ren lurar intill husv\u00e4ggen! <img loading=\"lazy\" class=\"alignnone size-medium wp-image-68759\" src=\"http:\/\/www.filindeblogg.nu\/wp-content\/uploads\/2017\/02\/075-300x225.jpg\" alt=\"\" width=\"300\" height=\"225\" srcset=\"http:\/\/www.filindeblogg.nu\/wp-content\/uploads\/2017\/02\/075-300x225.jpg 300w, http:\/\/www.filindeblogg.nu\/wp-content\/uploads\/2017\/02\/075.jpg 600w\" sizes=\"(max-width: 300px) 100vw, 300px\" \/><\/p>\n<p>Sp\u00e5rsn\u00f6 \u00e4r det ocks\u00e5!\u00a0<img loading=\"lazy\" class=\"alignnone  wp-image-68760\" src=\"http:\/\/www.filindeblogg.nu\/wp-content\/uploads\/2017\/02\/068-225x300.jpg\" alt=\"\" width=\"164\" height=\"219\" srcset=\"http:\/\/www.filindeblogg.nu\/wp-content\/uploads\/2017\/02\/068-225x300.jpg 225w, http:\/\/www.filindeblogg.nu\/wp-content\/uploads\/2017\/02\/068.jpg 450w\" sizes=\"(max-width: 164px) 100vw, 164px\" \/> S\u00e5 bloggaren kan se att<strong> katten Felix<\/strong> genomf\u00f6rt sin vaktm\u00e4starsyssla p\u00e5 kyrkog\u00e5rden! <img loading=\"lazy\" class=\"alignnone size-medium wp-image-68761\" src=\"http:\/\/www.filindeblogg.nu\/wp-content\/uploads\/2017\/02\/069-225x300.jpg\" alt=\"\" width=\"225\" height=\"300\" srcset=\"http:\/\/www.filindeblogg.nu\/wp-content\/uploads\/2017\/02\/069-225x300.jpg 225w, http:\/\/www.filindeblogg.nu\/wp-content\/uploads\/2017\/02\/069.jpg 450w\" sizes=\"(max-width: 225px) 100vw, 225px\" \/> Fram och \u00e5ter!<\/p>\n<p><strong>Katten Curry<\/strong> smet \u00e5t andra h\u00e5llet! <img loading=\"lazy\" class=\"alignnone size-medium wp-image-68762\" src=\"http:\/\/www.filindeblogg.nu\/wp-content\/uploads\/2017\/02\/067-225x300.jpg\" alt=\"\" width=\"225\" height=\"300\" srcset=\"http:\/\/www.filindeblogg.nu\/wp-content\/uploads\/2017\/02\/067-225x300.jpg 225w, http:\/\/www.filindeblogg.nu\/wp-content\/uploads\/2017\/02\/067.jpg 450w\" sizes=\"(max-width: 225px) 100vw, 225px\" \/><br \/>\nF\u00f6rbi garagel\u00e4ngan och in p\u00e5 grannens g\u00e5rd. <img loading=\"lazy\" class=\"alignnone  wp-image-68763\" src=\"http:\/\/www.filindeblogg.nu\/wp-content\/uploads\/2017\/02\/070-300x225.jpg\" alt=\"\" width=\"198\" height=\"149\" srcset=\"http:\/\/www.filindeblogg.nu\/wp-content\/uploads\/2017\/02\/070-300x225.jpg 300w, http:\/\/www.filindeblogg.nu\/wp-content\/uploads\/2017\/02\/070.jpg 600w\" sizes=\"(max-width: 198px) 100vw, 198px\" \/><\/p>\n<p>Och vart grannen g\u00e5r f\u00f6r att helt kort rasta hunden \u00e4r ocks\u00e5 avsl\u00f6jat!! \ud83d\ude00<\/p>\n<p><img loading=\"lazy\" class=\"wp-image-68764 aligncenter\" src=\"http:\/\/www.filindeblogg.nu\/wp-content\/uploads\/2017\/02\/072-300x225.jpg\" alt=\"\" width=\"246\" height=\"185\" srcset=\"http:\/\/www.filindeblogg.nu\/wp-content\/uploads\/2017\/02\/072-300x225.jpg 300w, http:\/\/www.filindeblogg.nu\/wp-content\/uploads\/2017\/02\/072.jpg 600w\" sizes=\"(max-width: 246px) 100vw, 246px\" \/><\/p>\n<p>Den fantastiska julgranen hos bloggaren har nu gjort sitt! <img loading=\"lazy\" class=\"alignnone  wp-image-68765\" src=\"http:\/\/www.filindeblogg.nu\/wp-content\/uploads\/2017\/02\/Granen-0-024-300x225.jpg\" alt=\"\" width=\"131\" height=\"99\" srcset=\"http:\/\/www.filindeblogg.nu\/wp-content\/uploads\/2017\/02\/Granen-0-024-300x225.jpg 300w, http:\/\/www.filindeblogg.nu\/wp-content\/uploads\/2017\/02\/Granen-0-024.jpg 600w\" sizes=\"(max-width: 131px) 100vw, 131px\" \/><\/p>\n<p><img loading=\"lazy\" class=\"alignnone  wp-image-68766\" src=\"http:\/\/www.filindeblogg.nu\/wp-content\/uploads\/2017\/02\/Granen-2-027-225x300.jpg\" alt=\"\" width=\"176\" height=\"235\" srcset=\"http:\/\/www.filindeblogg.nu\/wp-content\/uploads\/2017\/02\/Granen-2-027-225x300.jpg 225w, http:\/\/www.filindeblogg.nu\/wp-content\/uploads\/2017\/02\/Granen-2-027.jpg 450w\" sizes=\"(max-width: 176px) 100vw, 176px\" \/> Efter l\u00e5ngt \u00f6vertidsarbete blev den avkl\u00e4dd och befriad exakt p\u00e5 dagen 2 m\u00e5nader efter julafton!<br \/>\nDet var v\u00e4l p\u00e5 tiden!<br \/>\nH\u00e4r vilar den ut hos kompisarna p\u00e5 g\u00e5rden! <img loading=\"lazy\" class=\"alignnone  wp-image-68767\" src=\"http:\/\/www.filindeblogg.nu\/wp-content\/uploads\/2017\/02\/Granen-4-046-225x300.jpg\" alt=\"\" width=\"184\" height=\"245\" srcset=\"http:\/\/www.filindeblogg.nu\/wp-content\/uploads\/2017\/02\/Granen-4-046-225x300.jpg 225w, http:\/\/www.filindeblogg.nu\/wp-content\/uploads\/2017\/02\/Granen-4-046.jpg 450w\" sizes=\"(max-width: 184px) 100vw, 184px\" \/><br \/>\nDet h\u00e4r lilla l\u00e4mnade granen efter sig inomhus! <img loading=\"lazy\" class=\"alignnone  wp-image-68768\" src=\"http:\/\/www.filindeblogg.nu\/wp-content\/uploads\/2017\/02\/Granen-3-050-300x225.jpg\" alt=\"\" width=\"153\" height=\"115\" srcset=\"http:\/\/www.filindeblogg.nu\/wp-content\/uploads\/2017\/02\/Granen-3-050-300x225.jpg 300w, http:\/\/www.filindeblogg.nu\/wp-content\/uploads\/2017\/02\/Granen-3-050.jpg 600w\" sizes=\"(max-width: 153px) 100vw, 153px\" \/> Och n\u00e5gra tappade granskott p\u00e5 v\u00e4g till semestervilan! <img loading=\"lazy\" class=\"alignnone  wp-image-68769\" src=\"http:\/\/www.filindeblogg.nu\/wp-content\/uploads\/2017\/02\/Granen-5-047-300x225.jpg\" alt=\"\" width=\"231\" height=\"173\" srcset=\"http:\/\/www.filindeblogg.nu\/wp-content\/uploads\/2017\/02\/Granen-5-047-300x225.jpg 300w, http:\/\/www.filindeblogg.nu\/wp-content\/uploads\/2017\/02\/Granen-5-047.jpg 600w\" sizes=\"(max-width: 231px) 100vw, 231px\" \/><\/p>\n<p>Bloggaren hade en del \u00e5sikter om Bengt Ohlsson och hans j\u00e4garexamen men det h\u00e4r citatet gillar hon och kan ta som sitt eget: <img loading=\"lazy\" class=\"alignnone size-medium wp-image-68770\" src=\"http:\/\/www.filindeblogg.nu\/wp-content\/uploads\/2017\/02\/Bengt-O-citat-300x84.jpg\" alt=\"\" width=\"300\" height=\"84\" srcset=\"http:\/\/www.filindeblogg.nu\/wp-content\/uploads\/2017\/02\/Bengt-O-citat-300x84.jpg 300w, http:\/\/www.filindeblogg.nu\/wp-content\/uploads\/2017\/02\/Bengt-O-citat.jpg 553w\" sizes=\"(max-width: 300px) 100vw, 300px\" \/> <em>&#8221;Genom mitt syrliga s\u00e4tt att \u00e5terge allt detta ger jag kanske intryck av att jag sitter moltyst och ogillande, men det \u00e4r en r\u00f6krid\u00e5. <strong>Bl\u00e5s lite p\u00e5 den och du ska se hur jag sitter d\u00e4r och v\u00e4ltrar mig i samtals\u00e4mnena med samma v\u00e4llust som n\u00e4r en tre\u00e5ring kr\u00e4nger av sig galonbyxorna och kastar sig ner i lerv\u00e4llingen.&#8221; <\/strong><\/em><br \/>\nHa ha ha, that&#8217;s me!! \ud83d\ude00<\/p>\n<p>Och d\u00e5 v\u00e4ltrar vi v\u00e4l oss lite d\u00e5! <img loading=\"lazy\" class=\"alignnone size-medium wp-image-68771\" src=\"http:\/\/www.filindeblogg.nu\/wp-content\/uploads\/2017\/02\/IMG_0572-Tre-enkla-regler-262x300.png\" alt=\"\" width=\"262\" height=\"300\" srcset=\"http:\/\/www.filindeblogg.nu\/wp-content\/uploads\/2017\/02\/IMG_0572-Tre-enkla-regler-262x300.png 262w, http:\/\/www.filindeblogg.nu\/wp-content\/uploads\/2017\/02\/IMG_0572-Tre-enkla-regler.png 360w\" sizes=\"(max-width: 262px) 100vw, 262px\" \/> Bloggaren gillar citat hon hittar och som st\u00e4mmer bra \u00f6verens med hennes eget s\u00e4tt att t\u00e4nka!<br \/>\nDet h\u00e4r \u00e4r ett annat: <img loading=\"lazy\" class=\"alignnone size-full wp-image-68772\" src=\"http:\/\/www.filindeblogg.nu\/wp-content\/uploads\/2017\/02\/Too-late.jpg\" alt=\"\" width=\"228\" height=\"221\" \/><\/p>\n<p>Ett till! <img loading=\"lazy\" class=\"alignnone size-medium wp-image-68773\" src=\"http:\/\/www.filindeblogg.nu\/wp-content\/uploads\/2017\/02\/IMG_1081-300x300.jpg\" alt=\"\" width=\"300\" height=\"300\" srcset=\"http:\/\/www.filindeblogg.nu\/wp-content\/uploads\/2017\/02\/IMG_1081-300x300.jpg 300w, http:\/\/www.filindeblogg.nu\/wp-content\/uploads\/2017\/02\/IMG_1081-150x150.jpg 150w, http:\/\/www.filindeblogg.nu\/wp-content\/uploads\/2017\/02\/IMG_1081-144x144.jpg 144w, http:\/\/www.filindeblogg.nu\/wp-content\/uploads\/2017\/02\/IMG_1081.jpg 500w\" sizes=\"(max-width: 300px) 100vw, 300px\" \/><\/p>\n<p>Till slut lite &#8221;trams&#8221; kanske n\u00e5gon tycker. Lite text som kom till bloggaren&#8230;<\/p>\n<p><img loading=\"lazy\" class=\"aligncenter  wp-image-68629\" src=\"http:\/\/www.filindeblogg.nu\/wp-content\/uploads\/2017\/02\/Hj\u00e4rta-till-pappa.jpg\" alt=\"\" width=\"25\" height=\"19\" \/><\/p>\n<p style=\"text-align: center;\"><em>Tv\u00e5 ensamma sargade skepp driver runt p\u00e5 livets ocean &#8211;<\/em><br \/>\n<em>planl\u00f6st utan kompass&#8230;<\/em><br \/>\n<em>I den gr\u00e5 dimman m\u00f6ts de tv\u00e5,<\/em><br \/>\n<em>sl\u00e5r f\u00f6lje &#8211;<\/em><br \/>\n<em>och solen bryter fram.<\/em><br \/>\n<em>F\u00e5r havet att glittra och glimma!<br \/>\n<\/em><\/p>\n<p style=\"text-align: center;\"><img loading=\"lazy\" class=\"aligncenter size-full wp-image-68788\" src=\"http:\/\/www.filindeblogg.nu\/wp-content\/uploads\/2017\/02\/Skimrande-hav-1.jpg\" alt=\"\" width=\"208\" height=\"207\" srcset=\"http:\/\/www.filindeblogg.nu\/wp-content\/uploads\/2017\/02\/Skimrande-hav-1.jpg 208w, http:\/\/www.filindeblogg.nu\/wp-content\/uploads\/2017\/02\/Skimrande-hav-1-150x150.jpg 150w, http:\/\/www.filindeblogg.nu\/wp-content\/uploads\/2017\/02\/Skimrande-hav-1-144x144.jpg 144w\" sizes=\"(max-width: 208px) 100vw, 208px\" \/><\/p>\n<p style=\"text-align: center;\">\n<p><img loading=\"lazy\" class=\"aligncenter  wp-image-68629\" src=\"http:\/\/www.filindeblogg.nu\/wp-content\/uploads\/2017\/02\/Hj\u00e4rta-till-pappa.jpg\" alt=\"\" width=\"25\" height=\"19\" \/><\/p>\n<p style=\"text-align: center;\"><em>Varje dag den andra lik\u2026<br \/>\nGr\u00e5 och gr\u00e5are\u2026<br \/>\nPl\u00f6tsligt en dag &#8211; ett paket.<br \/>\nLite slarvigt inslaget men med k\u00e4nsla.<br \/>\nT\u00f6rs jag \u00f6ppna? \u00c4r det till mig?<br \/>\nF\u00f6rsiktigt knyter jag upp banden\u2026<br \/>\nvecklar upp det gr\u00e4lla pappret.<br \/>\nInuti skimrar det! Det lyser, det v\u00e4rmer, det sprakar!<br \/>\nAlltsedan den dagen s\u00e5 skimrar det, lyser det och sprakar!<br \/>\nAldrig mera gr\u00e5tt!<\/em><\/p>\n<p style=\"text-align: center;\"><img loading=\"lazy\" class=\"aligncenter size-full wp-image-68789\" src=\"http:\/\/www.filindeblogg.nu\/wp-content\/uploads\/2017\/02\/Skimrande-paket.jpg\" alt=\"\" width=\"259\" height=\"194\" \/><\/p>\n<p><img loading=\"lazy\" class=\"aligncenter  wp-image-68629\" src=\"http:\/\/www.filindeblogg.nu\/wp-content\/uploads\/2017\/02\/Hj\u00e4rta-till-pappa.jpg\" alt=\"\" width=\"25\" height=\"19\" \/><\/p>\n<p><img loading=\"lazy\" class=\"aligncenter size-medium wp-image-68774\" src=\"http:\/\/www.filindeblogg.nu\/wp-content\/uploads\/2017\/02\/Ballong-till-pojke-IMG_1080-300x300.jpg\" alt=\"\" width=\"300\" height=\"300\" srcset=\"http:\/\/www.filindeblogg.nu\/wp-content\/uploads\/2017\/02\/Ballong-till-pojke-IMG_1080-300x300.jpg 300w, http:\/\/www.filindeblogg.nu\/wp-content\/uploads\/2017\/02\/Ballong-till-pojke-IMG_1080-150x150.jpg 150w, http:\/\/www.filindeblogg.nu\/wp-content\/uploads\/2017\/02\/Ballong-till-pojke-IMG_1080-144x144.jpg 144w, http:\/\/www.filindeblogg.nu\/wp-content\/uploads\/2017\/02\/Ballong-till-pojke-IMG_1080.jpg 564w\" sizes=\"(max-width: 300px) 100vw, 300px\" \/><\/p>\n<p>Oj oj oj, vilken l\u00e5ng blogg det blev. Men men, ni g\u00f6r som ni vill &#8211; l\u00e4s eller inte! Bli glada eller kr\u00e4ks \u00f6ver det som skrivits! Ni kan ocks\u00e5 f\u00f6rh\u00e5lla er likgiltiga &#8211; det \u00e4r helt OK! \ud83d\ude09<br \/>\nKanske n\u00e5gon hoppas p\u00e5 att det blir smaskigare n\u00e4sta g\u00e5ng!? N\u00e5gon vill kanske ha &#8221;lite vettigare inneh\u00e5ll&#8221; i bloggar som kommer?<br \/>\nNi har ingen aning! \ud83d\ude00 Och som Bengt och jag s\u00e4ger:<\/p>\n<p><em><strong>Genom mitt syrliga s\u00e4tt att \u00e5terge allt detta ger jag kanske intryck av att jag sitter moltyst och ogillande, men det \u00e4r en r\u00f6krid\u00e5<\/strong>.<br \/>\n<strong>Bl\u00e5s lite p\u00e5 den och du ska se hur jag sitter d\u00e4r och v\u00e4ltrar mig i samtals\u00e4mnena med samma v\u00e4llust som n\u00e4r en tre\u00e5ring kr\u00e4nger av sig galonbyxorna och kastar sig ner i lerv\u00e4llingen. <\/strong><\/em>\ud83d\ude00<\/p>\n<p>Den som v\u00e4ntar p\u00e5 n\u00e5t gott! Ses n\u00e4sta blogg! D\u00e5 \u00e5ker galonbyxorna av igen och det ska v\u00e4ltras rej\u00e4lt i lerv\u00e4llingen! Lovar!!<br \/>\nHa det gott och sk\u00f6t om er!<br \/>\nDet t\u00e4nker bloggaren banne mig ha och g\u00f6ra! \ud83d\ude42<img loading=\"lazy\" class=\"alignnone  wp-image-68775\" src=\"http:\/\/www.filindeblogg.nu\/wp-content\/uploads\/2017\/02\/Ros-097-300x225.jpg\" alt=\"\" width=\"175\" height=\"131\" srcset=\"http:\/\/www.filindeblogg.nu\/wp-content\/uploads\/2017\/02\/Ros-097-300x225.jpg 300w, http:\/\/www.filindeblogg.nu\/wp-content\/uploads\/2017\/02\/Ros-097.jpg 600w\" sizes=\"(max-width: 175px) 100vw, 175px\" \/><\/p>\n<p>&nbsp;<\/p>\n<p>&nbsp;<\/p>\n","protected":false},"excerpt":{"rendered":"<p>Ja, s\u00e5 har det blivit dags igen f\u00f6r en blogg om allt och ingenting &#8211; beroende p\u00e5 vad ni anser! El\u00e4nde \u00e4r utlovat men ocks\u00e5 lite hopp &#8211; s\u00e5 var s\u00e5 goda! \u00a0El\u00e4ndigt blev v\u00e4dret i b\u00f6rjan p\u00e5 veckan! M\u00e5ndagen bj\u00f6d p\u00e5 solsken och +7 grader och bloggaren med flera t\u00e4nkte att nu \u00e4r nog [&hellip;]<\/p>\n","protected":false},"author":1,"featured_media":0,"comment_status":"open","ping_status":"open","sticky":false,"template":"","format":"standard","meta":[],"categories":[41,219,194,177,100,160,190,132,151,101,153,184,116],"tags":[],"_links":{"self":[{"href":"http:\/\/www.filindeblogg.nu\/index.php?rest_route=\/wp\/v2\/posts\/68731"}],"collection":[{"href":"http:\/\/www.filindeblogg.nu\/index.php?rest_route=\/wp\/v2\/posts"}],"about":[{"href":"http:\/\/www.filindeblogg.nu\/index.php?rest_route=\/wp\/v2\/types\/post"}],"author":[{"embeddable":true,"href":"http:\/\/www.filindeblogg.nu\/index.php?rest_route=\/wp\/v2\/users\/1"}],"replies":[{"embeddable":true,"href":"http:\/\/www.filindeblogg.nu\/index.php?rest_route=%2Fwp%2Fv2%2Fcomments&post=68731"}],"version-history":[{"count":31,"href":"http:\/\/www.filindeblogg.nu\/index.php?rest_route=\/wp\/v2\/posts\/68731\/revisions"}],"predecessor-version":[{"id":68809,"href":"http:\/\/www.filindeblogg.nu\/index.php?rest_route=\/wp\/v2\/posts\/68731\/revisions\/68809"}],"wp:attachment":[{"href":"http:\/\/www.filindeblogg.nu\/index.php?rest_route=%2Fwp%2Fv2%2Fmedia&parent=68731"}],"wp:term":[{"taxonomy":"category","embeddable":true,"href":"http:\/\/www.filindeblogg.nu\/index.php?rest_route=%2Fwp%2Fv2%2Fcategories&post=68731"},{"taxonomy":"post_tag","embeddable":true,"href":"http:\/\/www.filindeblogg.nu\/index.php?rest_route=%2Fwp%2Fv2%2Ftags&post=68731"}],"curies":[{"name":"wp","href":"https:\/\/api.w.org\/{rel}","templated":true}]}}