{"id":68594,"date":"2017-02-05T17:07:28","date_gmt":"2017-02-05T16:07:28","guid":{"rendered":"http:\/\/www.filindeblogg.nu\/?p=68594"},"modified":"2017-02-05T17:07:28","modified_gmt":"2017-02-05T16:07:28","slug":"cougar-om-farliga-aldern-och-hur-man-kommer-dit","status":"publish","type":"post","link":"http:\/\/www.filindeblogg.nu\/?p=68594","title":{"rendered":"Cougar? Om farliga \u00e5ldern och hur man kommer dit!"},"content":{"rendered":"<p><img loading=\"lazy\" class=\"alignnone  wp-image-68484\" src=\"http:\/\/www.filindeblogg.nu\/wp-content\/uploads\/2017\/01\/Suss-i-skinn-20-jan-2017-Kopia-2-300x287.jpg\" alt=\"\" width=\"80\" height=\"77\" srcset=\"http:\/\/www.filindeblogg.nu\/wp-content\/uploads\/2017\/01\/Suss-i-skinn-20-jan-2017-Kopia-2-300x287.jpg 300w, http:\/\/www.filindeblogg.nu\/wp-content\/uploads\/2017\/01\/Suss-i-skinn-20-jan-2017-Kopia-2.jpg 604w\" sizes=\"(max-width: 80px) 100vw, 80px\" \/> Idag k\u00e4nde sig bloggaren pl\u00f6tsligt lite nostalgisk och eftert\u00e4nksam. Kan bero p\u00e5 det gr\u00e5 v\u00e4dret och sn\u00f6lagret som lagt en d\u00e4mpande st\u00e4mning p\u00e5 tillvaron men ocks\u00e5 p\u00e5 annat.<br \/>\nDet som var t\u00e4nkt att bli en sorts blogg blir en annan efter lite research som fick bloggaren p\u00e5 gott hum\u00f6r och faktiskt storskratta emellan\u00e5t! \ud83d\ude00<\/p>\n<p>Var ska vi b\u00f6rja??<br \/>\nJo, vi b\u00f6rjar med <strong>Amelia<\/strong> som har legat och grott en tid i bloggarens digitala byr\u00e5l\u00e5da! <img loading=\"lazy\" class=\"alignnone  wp-image-68595\" src=\"http:\/\/www.filindeblogg.nu\/wp-content\/uploads\/2017\/02\/Amelia-300x225.jpg\" alt=\"\" width=\"100\" height=\"75\" srcset=\"http:\/\/www.filindeblogg.nu\/wp-content\/uploads\/2017\/02\/Amelia-300x225.jpg 300w, http:\/\/www.filindeblogg.nu\/wp-content\/uploads\/2017\/02\/Amelia.jpg 600w\" sizes=\"(max-width: 100px) 100vw, 100px\" \/><br \/>\nDet ska s\u00e4gas fr\u00e5n b\u00f6rjan att bloggaren aldrig riktigt gillat <strong>Amelia Adamo<\/strong> &#8211; eller r\u00e4ttare sagt, den uppfattning hon f\u00e5tt om Amelia och hennes tidningar. Efter reportaget i <strong>DN<\/strong> h\u00e4r om veckan \u00e4r bloggarens tillst\u00e5nd vad g\u00e4ller Adamo densamma och sn\u00e4ppet s\u00e4mre. <img loading=\"lazy\" class=\"alignnone  wp-image-68596\" src=\"http:\/\/www.filindeblogg.nu\/wp-content\/uploads\/2017\/02\/A4-225x300.jpg\" alt=\"\" width=\"166\" height=\"221\" srcset=\"http:\/\/www.filindeblogg.nu\/wp-content\/uploads\/2017\/02\/A4-225x300.jpg 225w, http:\/\/www.filindeblogg.nu\/wp-content\/uploads\/2017\/02\/A4.jpg 450w\" sizes=\"(max-width: 166px) 100vw, 166px\" \/><\/p>\n<p>Bloggaren gillar inte stilen, helt enkelt! Som det d\u00e4r att det var s\u00e5 gulligt och underbart att st\u00e4derskan ville komma p\u00e5 Adamos avskedsparty. So what??<br \/>\nI Adamos fall verkar det handla om klasskillnader som m\u00f6tas medan f\u00f6r bloggaren \u00e4r det sj\u00e4lvklart att v\u00e4nner kommer p\u00e5 ens fest &#8211; st\u00e4derska, direkt\u00f6r, whatever!!<\/p>\n<p><img loading=\"lazy\" class=\"alignnone  wp-image-68597\" src=\"http:\/\/www.filindeblogg.nu\/wp-content\/uploads\/2017\/02\/A2-300x225.jpg\" alt=\"\" width=\"223\" height=\"167\" srcset=\"http:\/\/www.filindeblogg.nu\/wp-content\/uploads\/2017\/02\/A2-300x225.jpg 300w, http:\/\/www.filindeblogg.nu\/wp-content\/uploads\/2017\/02\/A2.jpg 600w\" sizes=\"(max-width: 223px) 100vw, 223px\" \/> Sen var det ju en annan godbit ocks\u00e5. Det Adamo sa och som syns h\u00f6gst upp p\u00e5 sidan h\u00e4r intill. Det h\u00e4r: <img loading=\"lazy\" class=\"alignnone size-medium wp-image-68598\" src=\"http:\/\/www.filindeblogg.nu\/wp-content\/uploads\/2017\/02\/A6-300x225.jpg\" alt=\"\" width=\"300\" height=\"225\" srcset=\"http:\/\/www.filindeblogg.nu\/wp-content\/uploads\/2017\/02\/A6-300x225.jpg 300w, http:\/\/www.filindeblogg.nu\/wp-content\/uploads\/2017\/02\/A6.jpg 600w\" sizes=\"(max-width: 300px) 100vw, 300px\" \/><br \/>\n<strong><em>&#8221;Jag var precis nyseparerad och ville bara vara singel och dejta och alla sa att &#8221;hur j\u00e4vla dum \u00e4r du, du \u00e4r 62, du kommer bara hitta 80-\u00e5riga gubbar som m\u00e5ste ha b\u00e5de blomsterpinne och viagra f\u00f6r att f\u00e5 upp den.&#8221;<\/em><\/strong><\/p>\n<p>T\u00e4nk s\u00e5 fel hon kan ha, Adamo! Och s\u00e5n otur! 80-\u00e5ringen blev en i samma \u00e5lder som hon sj\u00e4lv!\u00a0 Och s\u00e5 beh\u00f6ver det ju faktiskt inte alls vara! Kom ut i livet bakom pappersupplagorna Amelia!<br \/>\n<img loading=\"lazy\" class=\"alignnone size-medium wp-image-68599\" src=\"http:\/\/www.filindeblogg.nu\/wp-content\/uploads\/2017\/02\/Puma-300x168.jpg\" alt=\"\" width=\"300\" height=\"168\" \/>\u00a0H\u00f6rt talas om &#8221;cougar&#8221;? Eller puma som man s\u00e4ger p\u00e5 svenska. Inte helt rumsrent och det \u00e4r heller inte ordet MILF!<br \/>\nS\u00e5 h\u00e4r skriver Wikipedia om ordet MILF, citat:<br \/>\n<em>&#8221;<b>MILF<\/b>, en akronym f\u00f6r &#8221;<b>Mother\/Mom\/Mum I&#8217;d Like to Fuck<\/b>&#8221;, \u00e4r en term som allm\u00e4nt betraktas som vulg\u00e4r. Ben\u00e4mningen kommer fr\u00e5n amerikansk ungdomskultur och syftar p\u00e5 en j\u00e4mn\u00e5rig v\u00e4ns mor som \u00e4r s\u00e5 attraktiv att v\u00e4nnerna kan t\u00e4nka sig att ha sex med henne.<br \/>\nMen den specifika bety<\/em><em>delsen har bleknat till f\u00f6rm\u00e5n f\u00f6r en mer generell. Ordet kan numera s\u00e4gas beteckna en sexuellt attraktiv mogen kvin<\/em><em>na.&#8221;<\/em><\/p>\n<p><img loading=\"lazy\" class=\"alignnone size-medium wp-image-68601\" src=\"http:\/\/www.filindeblogg.nu\/wp-content\/uploads\/2017\/02\/Milf-Life-crises-300x162.jpg\" alt=\"\" width=\"300\" height=\"162\" srcset=\"http:\/\/www.filindeblogg.nu\/wp-content\/uploads\/2017\/02\/Milf-Life-crises-300x162.jpg 300w, http:\/\/www.filindeblogg.nu\/wp-content\/uploads\/2017\/02\/Milf-Life-crises.jpg 305w\" sizes=\"(max-width: 300px) 100vw, 300px\" \/> N\u00e4r bloggaren letar efter artiklar om mogna kvinnor som dejtar yngre m\u00e4n visar det sig sv\u00e5rt att hitta n\u00e5got seri\u00f6st. En komedi&#8230;<em> &#8221;MILF &#8211; life crisis. Because after marriage comes dating&#8221;<\/em><\/p>\n<p><img loading=\"lazy\" class=\"alignnone size-full wp-image-68600\" src=\"http:\/\/www.filindeblogg.nu\/wp-content\/uploads\/2017\/02\/Fridolfs-farliga-\u00e5lder.jpg\" alt=\"\" width=\"187\" height=\"270\" \/> Bloggaren kommer att t\u00e4nka p\u00e5 &#8221;farliga \u00e5ldern&#8221;. N\u00e4r bloggaren var liten kunde det h\u00e4nda att f\u00f6r\u00e4ldrarna pratade om n\u00e5gon f\u00f6rtappad sj\u00e4l, alltid en man, som hamnat i den s\u00e5 kallade farliga \u00e5ldern.<br \/>\nDet betydde att mannen fullst\u00e4ndigt tappat huvudet, b\u00f6rjade bete sig som en hormonstinn ton\u00e5rsyngling igen och gett sig ut p\u00e5 jakt efter unga flickor &#8211; trots fru, hem och barn. <img loading=\"lazy\" class=\"alignnone size-full wp-image-68602\" src=\"http:\/\/www.filindeblogg.nu\/wp-content\/uploads\/2017\/02\/Den-farliga-\u00e5ldern.jpg\" alt=\"\" width=\"188\" height=\"268\" \/><\/p>\n<p>Jaha, men kvinnors farliga \u00e5lder d\u00e5 &#8211; n\u00e4r kommer den? Finns den?<br \/>\nKlart den g\u00f6r! Men inte som n\u00e5gon ot\u00e4ck, farligt \u00e5komma utan mer som ett normaltillst\u00e5nd, kanske man kan s\u00e4ga. Tiden som kommer efter att barnen blivit stora och vi fortfarande \u00e4r pigga och friska &#8211; och sugna p\u00e5 livet. <img loading=\"lazy\" class=\"alignnone  wp-image-68603\" src=\"http:\/\/www.filindeblogg.nu\/wp-content\/uploads\/2017\/02\/Smiley-sex-2.jpg\" alt=\"\" width=\"104\" height=\"65\" \/><\/p>\n<p>Bloggaren har egen erfarenhet och kan ber\u00e4tta om hur dysterhet och kaos kan f\u00f6rbytas till nytt liv i en ny, &#8221;farlig \u00e5lder&#8221;.<\/p>\n<p><img loading=\"lazy\" class=\"alignnone  wp-image-68606\" src=\"http:\/\/www.filindeblogg.nu\/wp-content\/uploads\/2017\/02\/Bollar-iluften.jpg\" alt=\"\" width=\"152\" height=\"139\" \/>\u00a0Efter \u00e5r av dubbelarbete &#8211; hemma och p\u00e5 arbetsplatsen utanf\u00f6r hemmet &#8211; dundrade bloggaren in i den numera v\u00e4lk\u00e4nda v\u00e4ggen.<br \/>\nN\u00e4r maken sedan 30 \u00e5r tr\u00f6ttnade p\u00e5 en sjuk fru blev hon l\u00e4mnad ensam att klara sig sj\u00e4lv. Stor v\u00e5nda, m\u00e5nga t\u00e5rar under flera \u00e5r, hoppl\u00f6shet och sorg<img loading=\"lazy\" class=\"alignnone size-full wp-image-68604\" src=\"http:\/\/www.filindeblogg.nu\/wp-content\/uploads\/2017\/02\/Utbr\u00e4nd-mamma.jpg\" alt=\"\" width=\"128\" height=\"150\" \/><br \/>\nDet kom senare tursamt nog att f\u00f6rbytas mot n\u00e5got annat och mycket b\u00e4ttre&#8230; \ud83d\ude09<\/p>\n<p><img loading=\"lazy\" class=\"alignnone  wp-image-68607\" src=\"http:\/\/www.filindeblogg.nu\/wp-content\/uploads\/2017\/02\/Utbr\u00e4nd-kvinna.jpg\" alt=\"\" width=\"178\" height=\"133\" \/>\u00a0Bloggaren hade sv\u00e5rt att varva ner. Plikttrogen och nitisk som hon var.<br \/>\nNu blev bloggen b\u00e5de ett vattenh\u00e5l men ocks\u00e5 en plikt&#8230; <img loading=\"lazy\" class=\"alignnone  wp-image-68605\" src=\"http:\/\/www.filindeblogg.nu\/wp-content\/uploads\/2017\/02\/Bollar-i-luften-2.jpg\" alt=\"\" width=\"145\" height=\"142\" \/><br \/>\nBloggaren har faktiskt h\u00e5llit bloggen ig\u00e5ng i \u00f6ver 10 \u00e5r! Men till slut h\u00e4nde det som fick henne att omv\u00e4rdera hela tillvaron, allt! Hon gled in i den s k farliga \u00e5ldern! <img loading=\"lazy\" class=\"alignnone  wp-image-68608\" src=\"http:\/\/www.filindeblogg.nu\/wp-content\/uploads\/2017\/02\/Flirt-1928-300x228.jpg\" alt=\"\" width=\"178\" height=\"135\" srcset=\"http:\/\/www.filindeblogg.nu\/wp-content\/uploads\/2017\/02\/Flirt-1928-300x228.jpg 300w, http:\/\/www.filindeblogg.nu\/wp-content\/uploads\/2017\/02\/Flirt-1928-768x583.jpg 768w, http:\/\/www.filindeblogg.nu\/wp-content\/uploads\/2017\/02\/Flirt-1928-1024x778.jpg 1024w, http:\/\/www.filindeblogg.nu\/wp-content\/uploads\/2017\/02\/Flirt-1928.jpg 1317w\" sizes=\"(max-width: 178px) 100vw, 178px\" \/><\/p>\n<p>Pl\u00f6tsligt blev inte bloggen s\u00e5 viktig l\u00e4ngre. Fr\u00e5n att ha hamrat ner en blogg varje dag, gick det dagar emellan, veckor ibland, ja till och med l\u00e4ngre tid.<br \/>\nOch allt annat blev ocks\u00e5 lite ovidkommande.\u00a0<img loading=\"lazy\" class=\"alignnone  wp-image-68614\" src=\"http:\/\/www.filindeblogg.nu\/wp-content\/uploads\/2017\/02\/010-300x225.jpg\" alt=\"\" width=\"169\" height=\"127\" srcset=\"http:\/\/www.filindeblogg.nu\/wp-content\/uploads\/2017\/02\/010-300x225.jpg 300w, http:\/\/www.filindeblogg.nu\/wp-content\/uploads\/2017\/02\/010.jpg 600w\" sizes=\"(max-width: 169px) 100vw, 169px\" \/> Hur kul \u00e4r politik egentligen!?\u00a0<img loading=\"lazy\" class=\"alignnone  wp-image-68615\" src=\"http:\/\/www.filindeblogg.nu\/wp-content\/uploads\/2017\/02\/016-300x225.jpg\" alt=\"\" width=\"209\" height=\"157\" srcset=\"http:\/\/www.filindeblogg.nu\/wp-content\/uploads\/2017\/02\/016-300x225.jpg 300w, http:\/\/www.filindeblogg.nu\/wp-content\/uploads\/2017\/02\/016.jpg 600w\" sizes=\"(max-width: 209px) 100vw, 209px\" \/> Och orka kolla nyheter och h\u00e4nga med vareviga dag! <img loading=\"lazy\" class=\"alignnone  wp-image-68616\" src=\"http:\/\/www.filindeblogg.nu\/wp-content\/uploads\/2017\/02\/014-300x225.jpg\" alt=\"\" width=\"203\" height=\"152\" srcset=\"http:\/\/www.filindeblogg.nu\/wp-content\/uploads\/2017\/02\/014-300x225.jpg 300w, http:\/\/www.filindeblogg.nu\/wp-content\/uploads\/2017\/02\/014.jpg 600w\" sizes=\"(max-width: 203px) 100vw, 203px\" \/><\/p>\n<p>Ja, vad hade h\u00e4nt egentligen!? <img loading=\"lazy\" class=\"alignnone  wp-image-68609\" src=\"http:\/\/www.filindeblogg.nu\/wp-content\/uploads\/2017\/02\/Smiley-med-hj\u00e4rt\u00f6gon.jpg\" alt=\"\" width=\"74\" height=\"74\" srcset=\"http:\/\/www.filindeblogg.nu\/wp-content\/uploads\/2017\/02\/Smiley-med-hj\u00e4rt\u00f6gon.jpg 225w, http:\/\/www.filindeblogg.nu\/wp-content\/uploads\/2017\/02\/Smiley-med-hj\u00e4rt\u00f6gon-150x150.jpg 150w, http:\/\/www.filindeblogg.nu\/wp-content\/uploads\/2017\/02\/Smiley-med-hj\u00e4rt\u00f6gon-144x144.jpg 144w\" sizes=\"(max-width: 74px) 100vw, 74px\" \/>\u00a0 Jo, helt pl\u00f6tsligt hade en ny man klivit in i bloggarens liv och uppm\u00e4rksammat henne p\u00e5 att det finns andra trevliga saker i livet trots att hon best\u00e4mt sig f\u00f6r att dessa trevliga saker definitivt var f\u00f6rbi f\u00f6r hennes del.<br \/>\nOch &#8211; mannen var yngre \u00e4n bloggaren!<\/p>\n<p>Bloggaren s\u00f6kte, som sagt, efter seri\u00f6sa artiklar om kvinnor som \u00e4r lite \u00e4ldre \u00e4n de m\u00e4n de tr\u00e4ffar och hon hittade lite grann i alla fall.<\/p>\n<p>Den h\u00e4r bilden tillh\u00f6r inte dom artiklarna! \ud83d\ude00 <img loading=\"lazy\" class=\"alignnone  wp-image-68610\" src=\"http:\/\/www.filindeblogg.nu\/wp-content\/uploads\/2017\/02\/The-unlikely-couple-m\u00e5lning-i-Budapest.jpg\" alt=\"\" width=\"189\" height=\"230\" \/><br \/>\nM\u00e5lningen som h\u00e4nger p\u00e5 ett museum i <strong>Budapest<\/strong> heter <em>&#8221;Onlikely couple&#8221;<\/em> &#8211; d v s <em>&#8221;Osannolikt par&#8221;.<\/em>.. <img loading=\"lazy\" class=\"alignnone  wp-image-68637\" src=\"http:\/\/www.filindeblogg.nu\/wp-content\/uploads\/2017\/02\/Gapskratt.jpg\" alt=\"\" width=\"63\" height=\"66\" \/><br \/>\nP\u00e5 1500-talet var paret osannolikt och det har h\u00e4ngt kvar &#8211; tills nu! \ud83d\ude09<\/p>\n<p>S\u00e5 h\u00e4r l\u00e4ser bloggaren i <strong>Expressen<\/strong>s bilaga <a href=\"http:\/\/www.expressen.se\/halsoliv\/darfor-tander-unga-man-pa-aldre-kvinnor\/\"><strong>H\u00e4lsoliv<\/strong><\/a>:<\/p>\n<p><em><img loading=\"lazy\" class=\"alignnone  wp-image-68612\" src=\"http:\/\/www.filindeblogg.nu\/wp-content\/uploads\/2017\/02\/Kvinna-och-man.jpg\" alt=\"\" width=\"202\" height=\"151\" \/>&#8221;D\u00e4rf\u00f6r t\u00e4nder unga m\u00e4n p\u00e5 \u00e4ldre kvinnor.<\/em><br \/>\n<em>\u00c4r det pengarna, erfarenheten eller det lite pirrigt f\u00f6rbjudna som lockar unga m\u00e4n till 40+ och 50+ kvinnor? Det blir allt mer accepterat med en relation mellan en yngre man och en \u00e4ldre kvinna.<\/em><\/p>\n<p><em><strong>F\u00f6rr i tiden<\/strong> s\u00e5g man ut som en tant redan vid 20-\u00e5rs\u00e5ldern. I dag har vi helt ny stil, vi tar hand om v\u00e5ra kroppar och beh\u00f6ver inte vara tanter ens i 60-\u00e5rs\u00e5ldern, s\u00e4ger psykologen Maria Farm. <strong>I dag kan en kvinna med karri\u00e4r, pengar, erfarenhet och trygghet anses attraktiv. Tidigare var det n\u00e4stan alltid mannen som stod f\u00f6r de attributen<\/strong>.<\/em><\/p>\n<p><em>&#8211; Det h\u00e4r \u00e4r en positiv utveckling i samh\u00e4llet och<strong> h\u00e4nger helt klart ihop med j\u00e4mst\u00e4lldheten<\/strong>, menar Maria Farm.<\/em><\/p>\n<p><em>En yngre man som inte \u00e4r s\u00e5 formad av gamla normer och f\u00f6rv\u00e4ntningar kan finna det kittlande att bli &#8221;uppl\u00e4rd&#8221; av en mer erfaren kvinna.<\/em><\/p>\n<p><em><strong>&#8211; \u00c4ldre kvinnor \u00e4r ofta mer tillfreds med sig sj\u00e4lva och vet att de duger, en trygghet som g\u00f6r att de l\u00e4ttare kan ge sig h\u00e4n.<\/strong>&#8221;<\/em><\/p>\n<p>S\u00e5 sanna ord! Och psykologen <strong>Maria Farm<\/strong>, forts\u00e4tter:<\/p>\n<p><em>&#8221;- Jag tror att m\u00e5nga m\u00e4n tycker det \u00e4r avt\u00e4ndande och har sv\u00e5rt att hantera den unga kvinnans utseendefixering. Den h\u00e4r typen av fixering och \u00e4ngslan g\u00f6r det ganska sv\u00e5rt att sl\u00e4ppa loss i sexualiteten, utan det blir i st\u00e4llet ett hinder, tror Maria.<\/em><\/p>\n<p><strong><em>Att bli f\u00f6r\u00e4lder och mamma g\u00f6r mycket med de allra flesta kvinnor. Man blir s\u00e4krare och v\u00e5gar leva ut flera k\u00e4nslor.<\/em><\/strong><\/p>\n<p><em>&#8211; Mammor blir mer jordade och det p\u00e5verkar sexualiteten. <strong>Nu kan hon k\u00e4nna sig trygg i att ta f\u00f6r sig, visa vad hon vill och inte vill.<\/strong> Jag tror att de inte \u00e4r lika r\u00e4dda f\u00f6r att bli avvisade heller, och s\u00e5nt borde ju avspegla sig i s\u00e4ngen.&#8221;<\/em><\/p>\n<p><img loading=\"lazy\" class=\"alignnone size-medium wp-image-68611\" src=\"http:\/\/www.filindeblogg.nu\/wp-content\/uploads\/2017\/02\/K\u00e4rlek-oavsett-\u00e5lder-300x111.jpg\" alt=\"\" width=\"300\" height=\"111\" srcset=\"http:\/\/www.filindeblogg.nu\/wp-content\/uploads\/2017\/02\/K\u00e4rlek-oavsett-\u00e5lder-300x111.jpg 300w, http:\/\/www.filindeblogg.nu\/wp-content\/uploads\/2017\/02\/K\u00e4rlek-oavsett-\u00e5lder.jpg 643w\" sizes=\"(max-width: 300px) 100vw, 300px\" \/>\u00a0L\u00e4s hela artikeln <a href=\"http:\/\/www.expressen.se\/halsoliv\/darfor-tander-unga-man-pa-aldre-kvinnor\/\"><strong>H\u00c4R<\/strong><\/a>!<\/p>\n<p><img loading=\"lazy\" class=\"alignnone  wp-image-68639\" src=\"http:\/\/www.filindeblogg.nu\/wp-content\/uploads\/2017\/02\/DN-logga.png\" alt=\"\" width=\"170\" height=\"170\" srcset=\"http:\/\/www.filindeblogg.nu\/wp-content\/uploads\/2017\/02\/DN-logga.png 225w, http:\/\/www.filindeblogg.nu\/wp-content\/uploads\/2017\/02\/DN-logga-150x150.png 150w, http:\/\/www.filindeblogg.nu\/wp-content\/uploads\/2017\/02\/DN-logga-144x144.png 144w\" sizes=\"(max-width: 170px) 100vw, 170px\" \/>\u00a02013 skrev <strong>Ulrika Milles<\/strong> i DN om lite \u00e4ldre kvinnors sexualitet och att hon saknar romaner, f\u00f6rfattarskap om detta. Tyv\u00e4rr kallar hon det klimakterieskildringar &#8211; n\u00e5got bloggaren inte alls f\u00f6rst\u00e5r varf\u00f6r.<br \/>\nS\u00e5 h\u00e4r avslutas artikeln:<\/p>\n<p><em>&#8221;Om nu romanf\u00f6rfattarna hamnat p\u00e5 efterk\u00e4lken vad g\u00e4ller klimakterieskildringarna s\u00e5 \u00e4r ess\u00e4isterna mer vakna. F\u00f6rra \u00e5ret kom Jane Shillings mycket brittiska &#8221;Fr\u00e4mlingen i spegeln&#8221; p\u00e5 svenska och Nina Lekanders ofina &#8221;H\u00e4star, m\u00e4n och andra djur&#8221; som slutar i en hyllning till den gr\u00e4nsl\u00f6sa och tygell\u00f6sa \u00e4ldre kvinnan.<\/em><\/p>\n<p><strong><em>&#8221;Jag tror inte p\u00e5 \u00e5ldrandet&#8221;, skrev Virginia Woolf vid femtio \u00e5rs \u00e5lder. &#8221;Jag tror p\u00e5 att st\u00e4ndigt \u00e4ndra l\u00e4ge i f\u00f6rh\u00e5llande till solen.&#8221;<\/em><\/strong><br \/>\n<em>Vi saknar de stora nyskrivna ber\u00e4ttelserna om detta land, dess karta, dess sol och skuggor.&#8221;<\/p>\n<p><\/em>L\u00e4s artikeln i DN <a href=\"http:\/\/www.dn.se\/kultur-noje\/den-mogna-kvinnans-erfarenhet-har-gjort-halt-i-litteraturen\/\"><strong>H\u00c4R<\/strong><\/a>!<\/p>\n<p><img loading=\"lazy\" class=\"alignnone size-full wp-image-68613\" src=\"http:\/\/www.filindeblogg.nu\/wp-content\/uploads\/2017\/02\/Kramas.jpg\" alt=\"\" width=\"188\" height=\"188\" srcset=\"http:\/\/www.filindeblogg.nu\/wp-content\/uploads\/2017\/02\/Kramas.jpg 188w, http:\/\/www.filindeblogg.nu\/wp-content\/uploads\/2017\/02\/Kramas-150x150.jpg 150w, http:\/\/www.filindeblogg.nu\/wp-content\/uploads\/2017\/02\/Kramas-144x144.jpg 144w\" sizes=\"(max-width: 188px) 100vw, 188px\" \/> Ja nu vet ni, om ni inte redan anat det f\u00f6rst\u00e5s &#8211; att bloggaren drabbats av &#8221;farliga, h\u00e4rliga \u00e5ldern&#8221;.<br \/>\nDet ska ju faktiskt inte betyda att man bara fokuserar p\u00e5 detta enda, men numera \u00e4r det mer balans. Lite nyheter, lite politisk agitation, f\u00e4rre bloggar och mer T\u00c4NKA P\u00c5 BARA MIG! Och p\u00e5 Honom sj\u00e4lvklart! <img loading=\"lazy\" class=\"alignnone  wp-image-68617\" src=\"http:\/\/www.filindeblogg.nu\/wp-content\/uploads\/2017\/02\/Smileys-som-kysser.jpg\" alt=\"\" width=\"187\" height=\"140\" \/><\/p>\n<p>Bloggaren vill lyfta kvinnors liv och l\u00e4ngtan! Det finns faktiskt en tid efter barnen och kanske en f\u00f6rlupen make &#8211; en h\u00e4rlig, levande, varm tid! S\u00e5 se fram emot den och s\u00f6rj inte! Ta f\u00f6r er! Kommer n\u00e5gon lockande i er v\u00e4g &#8211; h\u00e4ng p\u00e5!<\/p>\n<p>Och gl\u00f6m detta med \u00e5lder!\u00a0<img loading=\"lazy\" class=\"alignnone size-full wp-image-68618\" src=\"http:\/\/www.filindeblogg.nu\/wp-content\/uploads\/2017\/02\/Kramas-naket.jpg\" alt=\"\" width=\"188\" height=\"184\" \/> \u00c5lder \u00e4r bara en siffra och har inget med k\u00e4nslor, sex och gemenskap att g\u00f6ra! V\u00e5ga och vinn!<\/p>\n<p><img loading=\"lazy\" class=\"aligncenter  wp-image-68621\" src=\"http:\/\/www.filindeblogg.nu\/wp-content\/uploads\/2017\/02\/007-300x225.jpg\" alt=\"\" width=\"231\" height=\"173\" srcset=\"http:\/\/www.filindeblogg.nu\/wp-content\/uploads\/2017\/02\/007-300x225.jpg 300w, http:\/\/www.filindeblogg.nu\/wp-content\/uploads\/2017\/02\/007.jpg 600w\" sizes=\"(max-width: 231px) 100vw, 231px\" \/><\/p>\n<p>Lite mer vanligt m\u00e5ste in i bloggen ocks\u00e5. \ud83d\ude42<br \/>\nDet h\u00e4r ur bladet <strong>Cirkulera<\/strong>: <img loading=\"lazy\" class=\"alignnone  wp-image-68619\" src=\"http:\/\/www.filindeblogg.nu\/wp-content\/uploads\/2017\/02\/003-225x300.jpg\" alt=\"\" width=\"141\" height=\"188\" srcset=\"http:\/\/www.filindeblogg.nu\/wp-content\/uploads\/2017\/02\/003-225x300.jpg 225w, http:\/\/www.filindeblogg.nu\/wp-content\/uploads\/2017\/02\/003.jpg 450w\" sizes=\"(max-width: 141px) 100vw, 141px\" \/><\/p>\n<p><img loading=\"lazy\" class=\"alignnone  wp-image-68620\" src=\"http:\/\/www.filindeblogg.nu\/wp-content\/uploads\/2017\/02\/004-300x225.jpg\" alt=\"\" width=\"245\" height=\"184\" srcset=\"http:\/\/www.filindeblogg.nu\/wp-content\/uploads\/2017\/02\/004-300x225.jpg 300w, http:\/\/www.filindeblogg.nu\/wp-content\/uploads\/2017\/02\/004.jpg 600w\" sizes=\"(max-width: 245px) 100vw, 245px\" \/> Om att du kan l\u00e5na fritidsutrusning! L\u00e4s mer p\u00e5 <strong>Vafab Milj\u00f6s<\/strong> hemsida <a href=\"http:\/\/vafabmiljo.se\/om-vafabmiljo\/informationsmaterial\/cirkulera\/\"><strong>H\u00c4R<\/strong><\/a>!<\/p>\n<p>Den h\u00e4r knep bloggaren ur DN ocks\u00e5: <img loading=\"lazy\" class=\"alignnone size-medium wp-image-68622\" src=\"http:\/\/www.filindeblogg.nu\/wp-content\/uploads\/2017\/02\/009-300x243.jpg\" alt=\"\" width=\"300\" height=\"243\" srcset=\"http:\/\/www.filindeblogg.nu\/wp-content\/uploads\/2017\/02\/009-300x243.jpg 300w, http:\/\/www.filindeblogg.nu\/wp-content\/uploads\/2017\/02\/009.jpg 555w\" sizes=\"(max-width: 300px) 100vw, 300px\" \/> R\u00f6ntgenl\u00e4karen s\u00e4ger om <strong>Kinberg Batra<\/strong>s bild: <em>&#8221;Jag ser h\u00e4r att du fullst\u00e4ndigt saknar ryggrad, har du inte k\u00e4nt av det p\u00e5 n\u00e5t s\u00e4tt?!&#8221;<\/em> Kinberg Batra svarar: <em>&#8211; Jo, som en tillg\u00e5ng&#8221;<\/em> medan <strong>\u00c5kesson<\/strong> kliver p\u00e5 henne och in mot makten och h\u00e4rligheten.<\/p>\n<p><img loading=\"lazy\" class=\"alignnone  wp-image-68623\" src=\"http:\/\/www.filindeblogg.nu\/wp-content\/uploads\/2017\/02\/IMG_8143-Bra-ord-Kopia-225x300.jpg\" alt=\"\" width=\"202\" height=\"269\" srcset=\"http:\/\/www.filindeblogg.nu\/wp-content\/uploads\/2017\/02\/IMG_8143-Bra-ord-Kopia-225x300.jpg 225w, http:\/\/www.filindeblogg.nu\/wp-content\/uploads\/2017\/02\/IMG_8143-Bra-ord-Kopia.jpg 500w\" sizes=\"(max-width: 202px) 100vw, 202px\" \/> Lite funderingar ocks\u00e5. Intill en anteckning med orden:<em> &#8221;- M\u00e5ste jag \u00e4lska s\u00e5 f\u00f6rbannat!!&#8221;<\/em><\/p>\n<p style=\"text-align: center;\"><strong><em>Min godisbutik \u00e4r s\u00e4llan \u00f6ppen.<\/em><\/strong><br \/>\n<strong><em>N\u00e4stan alltid st\u00e4ngd.<\/em><\/strong><br \/>\n<strong><em>Butiken har allt man kan t\u00e4nka sig &#8211; <\/em><\/strong><br \/>\n<strong><em>och du har nyckeln dit.<\/em><\/strong><br \/>\n<strong><em>V\u00e4lj mellan s\u00f6tt och s\u00f6tare, <\/em><\/strong><br \/>\n<strong><em>h\u00e5rt och mjukt,<\/em><\/strong><br \/>\n<strong><em>n\u00e5got med lite mer sting <\/em><\/strong><br \/>\n<strong><em>och kanske en slickepott!<\/em><\/strong><br \/>\n<strong><em>Jag vet vad du vill ha &#8211;<\/em><\/strong><br \/>\n<strong><em>s\u00e5 ta f\u00f6r dig nu.<\/em><\/strong><br \/>\n<strong><em>F\u00f6r jag st\u00e4nger imorgon.<\/em><\/strong><br \/>\n<strong><em>Lagret \u00e4r slut&#8230;<\/em><\/strong><br \/>\n<strong><em>och det \u00e4r os\u00e4kert n\u00e4r det fylls p\u00e5.<\/em><\/strong><br \/>\n<strong><em>Os\u00e4kert n\u00e4r jag kan \u00f6ppna igen&#8230;<\/em><\/strong><\/p>\n<p style=\"text-align: center;\"><img loading=\"lazy\" class=\"aligncenter size-medium wp-image-68627\" src=\"http:\/\/www.filindeblogg.nu\/wp-content\/uploads\/2017\/02\/008-300x225.jpg\" alt=\"\" width=\"300\" height=\"225\" srcset=\"http:\/\/www.filindeblogg.nu\/wp-content\/uploads\/2017\/02\/008-300x225.jpg 300w, http:\/\/www.filindeblogg.nu\/wp-content\/uploads\/2017\/02\/008.jpg 600w\" sizes=\"(max-width: 300px) 100vw, 300px\" \/><\/p>\n<p>Ja, livet kan vara tufft emellan\u00e5t. L\u00e5nga tider av gr\u00e5 vardag som emellan\u00e5t kan lysas upp lite grann.<br \/>\n<img loading=\"lazy\" class=\"alignnone  wp-image-68624\" src=\"http:\/\/www.filindeblogg.nu\/wp-content\/uploads\/2017\/02\/020-300x225.jpg\" alt=\"\" width=\"207\" height=\"155\" srcset=\"http:\/\/www.filindeblogg.nu\/wp-content\/uploads\/2017\/02\/020-300x225.jpg 300w, http:\/\/www.filindeblogg.nu\/wp-content\/uploads\/2017\/02\/020.jpg 600w\" sizes=\"(max-width: 207px) 100vw, 207px\" \/>\u00a0S\u00e5dana d\u00e4r gr\u00e5 dagar borde man vara en katt!<br \/>\n<img loading=\"lazy\" class=\"alignnone  wp-image-68625\" src=\"http:\/\/www.filindeblogg.nu\/wp-content\/uploads\/2017\/02\/021-300x225.jpg\" alt=\"\" width=\"255\" height=\"191\" srcset=\"http:\/\/www.filindeblogg.nu\/wp-content\/uploads\/2017\/02\/021-300x225.jpg 300w, http:\/\/www.filindeblogg.nu\/wp-content\/uploads\/2017\/02\/021.jpg 600w\" sizes=\"(max-width: 255px) 100vw, 255px\" \/>\u00a0Bara ha tankar p\u00e5 n\u00e4r det kan t\u00e4nkas vankas mat, n\u00e4r man kan g\u00e5 ut och g\u00f6ra sina behov och d\u00e4remellan sova. \u00c4r det riktigt gr\u00e5trist och tr\u00e5kigt kan man faktiskt sova hela dan! \ud83d\ude42<img loading=\"lazy\" class=\"alignnone size-medium wp-image-68626\" src=\"http:\/\/www.filindeblogg.nu\/wp-content\/uploads\/2017\/02\/022-300x225.jpg\" alt=\"\" width=\"300\" height=\"225\" srcset=\"http:\/\/www.filindeblogg.nu\/wp-content\/uploads\/2017\/02\/022-300x225.jpg 300w, http:\/\/www.filindeblogg.nu\/wp-content\/uploads\/2017\/02\/022.jpg 600w\" sizes=\"(max-width: 300px) 100vw, 300px\" \/><\/p>\n<p><img loading=\"lazy\" class=\"alignnone size-medium wp-image-68628\" src=\"http:\/\/www.filindeblogg.nu\/wp-content\/uploads\/2017\/02\/Du-ska-inte-den-v\u00e4gen-214x300.jpg\" alt=\"\" width=\"214\" height=\"300\" srcset=\"http:\/\/www.filindeblogg.nu\/wp-content\/uploads\/2017\/02\/Du-ska-inte-den-v\u00e4gen-214x300.jpg 214w, http:\/\/www.filindeblogg.nu\/wp-content\/uploads\/2017\/02\/Du-ska-inte-den-v\u00e4gen.jpg 374w\" sizes=\"(max-width: 214px) 100vw, 214px\" \/> Ha en fin s\u00f6ndag s\u00e5 ses vi igen n\u00e4r andan faller p\u00e5. Och gl\u00f6m inte orden p\u00e5 bilden h\u00e4r intill: <strong><em>&#8221;Don&#8217;t look back. You&#8217;re not going that way&#8221;.<\/em><\/strong><\/p>\n<p>Nej, titta inte tillbaka &#8211; du ska inte dit igen! Se fram\u00e5t! Nya tider! Nya uppt\u00e4ckter. T\u00e4nk: Det kan bara bli b\u00e4ttre! S\u00e5 ta f\u00f6r dig!<\/p>\n<p><img loading=\"lazy\" class=\"size-full wp-image-68629 aligncenter\" src=\"http:\/\/www.filindeblogg.nu\/wp-content\/uploads\/2017\/02\/Hj\u00e4rta-till-pappa.jpg\" alt=\"\" width=\"253\" height=\"190\" \/><\/p>\n<p>&nbsp;<\/p>\n<p>&nbsp;<\/p>\n","protected":false},"excerpt":{"rendered":"<p>Idag k\u00e4nde sig bloggaren pl\u00f6tsligt lite nostalgisk och eftert\u00e4nksam. Kan bero p\u00e5 det gr\u00e5 v\u00e4dret och sn\u00f6lagret som lagt en d\u00e4mpande st\u00e4mning p\u00e5 tillvaron men ocks\u00e5 p\u00e5 annat. Det som var t\u00e4nkt att bli en sorts blogg blir en annan efter lite research som fick bloggaren p\u00e5 gott hum\u00f6r och faktiskt storskratta emellan\u00e5t! \ud83d\ude00 Var [&hellip;]<\/p>\n","protected":false},"author":1,"featured_media":0,"comment_status":"open","ping_status":"open","sticky":false,"template":"","format":"standard","meta":[],"categories":[41,219,121,196,161,203,100,132,201,123,140,101],"tags":[],"_links":{"self":[{"href":"http:\/\/www.filindeblogg.nu\/index.php?rest_route=\/wp\/v2\/posts\/68594"}],"collection":[{"href":"http:\/\/www.filindeblogg.nu\/index.php?rest_route=\/wp\/v2\/posts"}],"about":[{"href":"http:\/\/www.filindeblogg.nu\/index.php?rest_route=\/wp\/v2\/types\/post"}],"author":[{"embeddable":true,"href":"http:\/\/www.filindeblogg.nu\/index.php?rest_route=\/wp\/v2\/users\/1"}],"replies":[{"embeddable":true,"href":"http:\/\/www.filindeblogg.nu\/index.php?rest_route=%2Fwp%2Fv2%2Fcomments&post=68594"}],"version-history":[{"count":22,"href":"http:\/\/www.filindeblogg.nu\/index.php?rest_route=\/wp\/v2\/posts\/68594\/revisions"}],"predecessor-version":[{"id":68653,"href":"http:\/\/www.filindeblogg.nu\/index.php?rest_route=\/wp\/v2\/posts\/68594\/revisions\/68653"}],"wp:attachment":[{"href":"http:\/\/www.filindeblogg.nu\/index.php?rest_route=%2Fwp%2Fv2%2Fmedia&parent=68594"}],"wp:term":[{"taxonomy":"category","embeddable":true,"href":"http:\/\/www.filindeblogg.nu\/index.php?rest_route=%2Fwp%2Fv2%2Fcategories&post=68594"},{"taxonomy":"post_tag","embeddable":true,"href":"http:\/\/www.filindeblogg.nu\/index.php?rest_route=%2Fwp%2Fv2%2Ftags&post=68594"}],"curies":[{"name":"wp","href":"https:\/\/api.w.org\/{rel}","templated":true}]}}