{"id":68201,"date":"2017-01-11T16:00:29","date_gmt":"2017-01-11T15:00:29","guid":{"rendered":"http:\/\/www.filindeblogg.nu\/?p=68201"},"modified":"2017-01-11T16:00:29","modified_gmt":"2017-01-11T15:00:29","slug":"aldersnoja-vad-ar-det","status":"publish","type":"post","link":"http:\/\/www.filindeblogg.nu\/?p=68201","title":{"rendered":"\u00c5ldersnoja &#8211; vad \u00e4r det??"},"content":{"rendered":"<p><img loading=\"lazy\" class=\"alignnone size-medium wp-image-68202\" src=\"http:\/\/www.filindeblogg.nu\/wp-content\/uploads\/2017\/01\/Gamla-\u00e5lderstrappan-300x248.jpg\" alt=\"gamla-alderstrappan\" width=\"300\" height=\"248\" srcset=\"http:\/\/www.filindeblogg.nu\/wp-content\/uploads\/2017\/01\/Gamla-\u00e5lderstrappan-300x248.jpg 300w, http:\/\/www.filindeblogg.nu\/wp-content\/uploads\/2017\/01\/Gamla-\u00e5lderstrappan.jpg 597w\" sizes=\"(max-width: 300px) 100vw, 300px\" \/> S\u00e5 h\u00e4r s\u00e5g den s\u00e5 kallade &#8221;\u00c5lderstrappan&#8221; ut f\u00f6rr. Nu \u00e4r det annat som g\u00e4ller! \u00c5ldersnoja &#8211; vad \u00e4r det!?<\/p>\n<p><img loading=\"lazy\" class=\"alignnone  wp-image-68203\" src=\"http:\/\/www.filindeblogg.nu\/wp-content\/uploads\/2017\/01\/40-is-the-new-20.png\" alt=\"40-is-the-new-20\" width=\"199\" height=\"233\" \/> S\u00e5 h\u00e4r ser det ut nu!<br \/>\nOch s\u00e5 h\u00e4r <img loading=\"lazy\" class=\"alignnone  wp-image-68204\" src=\"http:\/\/www.filindeblogg.nu\/wp-content\/uploads\/2017\/01\/50-\u00e4r-det-nya-30-300x300.jpg\" alt=\"50-ar-det-nya-30\" width=\"226\" height=\"226\" srcset=\"http:\/\/www.filindeblogg.nu\/wp-content\/uploads\/2017\/01\/50-\u00e4r-det-nya-30-300x300.jpg 300w, http:\/\/www.filindeblogg.nu\/wp-content\/uploads\/2017\/01\/50-\u00e4r-det-nya-30-150x150.jpg 150w, http:\/\/www.filindeblogg.nu\/wp-content\/uploads\/2017\/01\/50-\u00e4r-det-nya-30-144x144.jpg 144w, http:\/\/www.filindeblogg.nu\/wp-content\/uploads\/2017\/01\/50-\u00e4r-det-nya-30.jpg 324w\" sizes=\"(max-width: 226px) 100vw, 226px\" \/><br \/>\noch s\u00e5 h\u00e4r <img loading=\"lazy\" class=\"alignnone size-full wp-image-68205\" src=\"http:\/\/www.filindeblogg.nu\/wp-content\/uploads\/2017\/01\/60-is-the-new-40.jpg\" alt=\"60-is-the-new-40\" width=\"225\" height=\"225\" srcset=\"http:\/\/www.filindeblogg.nu\/wp-content\/uploads\/2017\/01\/60-is-the-new-40.jpg 225w, http:\/\/www.filindeblogg.nu\/wp-content\/uploads\/2017\/01\/60-is-the-new-40-150x150.jpg 150w, http:\/\/www.filindeblogg.nu\/wp-content\/uploads\/2017\/01\/60-is-the-new-40-144x144.jpg 144w\" sizes=\"(max-width: 225px) 100vw, 225px\" \/><br \/>\noch s\u00e5 h\u00e4r\u00a0<img loading=\"lazy\" class=\"alignnone size-full wp-image-68207\" src=\"http:\/\/www.filindeblogg.nu\/wp-content\/uploads\/2017\/01\/70-is-the-new-50-1.png\" alt=\"70-is-the-new-50\" width=\"165\" height=\"219\" \/><br \/>\noch till och med s\u00e5 h\u00e4r:\u00a0<img loading=\"lazy\" class=\"alignnone size-full wp-image-68209\" src=\"http:\/\/www.filindeblogg.nu\/wp-content\/uploads\/2017\/01\/100-is-the-new-70-1.jpg\" alt=\"100-is-the-new-70\" width=\"165\" height=\"225\" \/><\/p>\n<p>Den sista bilden kan man verkligen ta till sig n\u00e4r man l\u00e4ste <strong>DN<\/strong> i s\u00f6ndags! <img loading=\"lazy\" class=\"alignnone size-medium wp-image-68210\" src=\"http:\/\/www.filindeblogg.nu\/wp-content\/uploads\/2017\/01\/004-1-300x225.jpg\" alt=\"004\" width=\"300\" height=\"225\" srcset=\"http:\/\/www.filindeblogg.nu\/wp-content\/uploads\/2017\/01\/004-1-300x225.jpg 300w, http:\/\/www.filindeblogg.nu\/wp-content\/uploads\/2017\/01\/004-1.jpg 600w\" sizes=\"(max-width: 300px) 100vw, 300px\" \/> Sk\u00e5despelarna <strong>Yvonne Lombard, 87<\/strong> och <strong>Meta Velander, 92<\/strong> g\u00f6r succ\u00e9 p\u00e5 <strong>Klarascenen i Stockholm!<\/strong><br \/>\nF\u00f6rest\u00e4llningen <strong>&#8221;Nattorienterarna&#8221;<\/strong> \u00e4r sluts\u00e5ld hela v\u00e5ren! <img loading=\"lazy\" class=\"alignnone  wp-image-68211\" src=\"http:\/\/www.filindeblogg.nu\/wp-content\/uploads\/2017\/01\/005-1-229x300.jpg\" alt=\"005\" width=\"214\" height=\"280\" srcset=\"http:\/\/www.filindeblogg.nu\/wp-content\/uploads\/2017\/01\/005-1-229x300.jpg 229w, http:\/\/www.filindeblogg.nu\/wp-content\/uploads\/2017\/01\/005-1.jpg 411w\" sizes=\"(max-width: 214px) 100vw, 214px\" \/> Vilka tjejer! 87 och 92 &#8211; still going strong! \u00c5lder \u00e4r bara en siffra!<br \/>\nL\u00e4s mera <a href=\"http:\/\/kulturhusetstadsteatern.se\/Teater\/Pjaser\/2016\/Nattorienterarna\/\"><strong>H\u00c4R<\/strong> <\/a>och det kan finnas biljetter kvar till maj-juni.<\/p>\n<p>Ny \u00e5lderstrappa g\u00e4ller! <img loading=\"lazy\" class=\"alignnone size-medium wp-image-68212\" src=\"http:\/\/www.filindeblogg.nu\/wp-content\/uploads\/2017\/01\/\u00c5lderstrappan-inte-nu-f\u00f6r-tiden-300x208.jpg\" alt=\"alderstrappan-inte-nu-for-tiden\" width=\"300\" height=\"208\" srcset=\"http:\/\/www.filindeblogg.nu\/wp-content\/uploads\/2017\/01\/\u00c5lderstrappan-inte-nu-f\u00f6r-tiden-300x208.jpg 300w, http:\/\/www.filindeblogg.nu\/wp-content\/uploads\/2017\/01\/\u00c5lderstrappan-inte-nu-f\u00f6r-tiden-768x533.jpg 768w, http:\/\/www.filindeblogg.nu\/wp-content\/uploads\/2017\/01\/\u00c5lderstrappan-inte-nu-f\u00f6r-tiden.jpg 1024w\" sizes=\"(max-width: 300px) 100vw, 300px\" \/><br \/>\nMed tiden h\u00e5ller sig m\u00e4nniskor friskare, piggare och lever l\u00e4ngre &#8211; och LEVER LIVET! <img loading=\"lazy\" class=\"alignnone size-medium wp-image-68213\" src=\"http:\/\/www.filindeblogg.nu\/wp-content\/uploads\/2017\/01\/\u00c5lderstrappan-gl\u00f6m-den-300x163.jpg\" alt=\"alderstrappan-glom-den\" width=\"300\" height=\"163\" srcset=\"http:\/\/www.filindeblogg.nu\/wp-content\/uploads\/2017\/01\/\u00c5lderstrappan-gl\u00f6m-den-300x163.jpg 300w, http:\/\/www.filindeblogg.nu\/wp-content\/uploads\/2017\/01\/\u00c5lderstrappan-gl\u00f6m-den-768x417.jpg 768w, http:\/\/www.filindeblogg.nu\/wp-content\/uploads\/2017\/01\/\u00c5lderstrappan-gl\u00f6m-den-1024x556.jpg 1024w, http:\/\/www.filindeblogg.nu\/wp-content\/uploads\/2017\/01\/\u00c5lderstrappan-gl\u00f6m-den.jpg 1535w\" sizes=\"(max-width: 300px) 100vw, 300px\" \/> Visst \u00e4r det hoppfullt!<\/p>\n<p>Tidigare har de yngre f\u00e5tt ta mesta platsen i samh\u00e4llet. Det har bara varit ungdom som g\u00e4llt! Inte nu l\u00e4ngre! <img loading=\"lazy\" class=\"alignnone size-full wp-image-68214\" src=\"http:\/\/www.filindeblogg.nu\/wp-content\/uploads\/2017\/01\/40-eller-2-st-20.jpg\" alt=\"40-eller-2-st-20\" width=\"267\" height=\"189\" \/> <strong><em>&#8221;I may be 40 &#8211; but I&#8217;m still as fun as two 20 year olds&#8221;<\/em><\/strong> s\u00e4ger bilden!<\/p>\n<p>Och visst \u00e4r det s\u00e5! Man \u00e4r \u00e4ldre men kan ha precis lika kul &#8211; ja, till och med roligare! Har man passerat 40 har man en massa bra erfarenheter med sig i bagaget &#8211; och det fylls p\u00e5 hela tiden. D v s &#8211; man kan ha lika kul som f\u00f6rr men slipper v\u00e4rsta misstagen och nitarna! Helt suver\u00e4nt!<\/p>\n<p>S\u00e5 vem har \u00e5ldersnoja!? The best is yet to come!! Ungarna utflugna, pengar p\u00e5 kontot, hyfsat frisk och pigg i kroppen<br \/>\n&#8211; NU KAN MAN LEVA LIVET! <img loading=\"lazy\" class=\"alignnone  wp-image-68215\" src=\"http:\/\/www.filindeblogg.nu\/wp-content\/uploads\/2017\/01\/Nya-\u00e5ldersstegen-218x300.jpg\" alt=\"nya-aldersstegen\" width=\"207\" height=\"284\" srcset=\"http:\/\/www.filindeblogg.nu\/wp-content\/uploads\/2017\/01\/Nya-\u00e5ldersstegen-218x300.jpg 218w, http:\/\/www.filindeblogg.nu\/wp-content\/uploads\/2017\/01\/Nya-\u00e5ldersstegen.jpg 655w\" sizes=\"(max-width: 207px) 100vw, 207px\" \/><br \/>\n\u00c5lder \u00e4r en siffra &#8211; ingen riktlinje f\u00f6r hur du f\u00e5r eller ska leva livet!<br \/>\nOch bara fantasin s\u00e4tter gr\u00e4nser &#8211; eller ska vi s\u00e4ga:<br \/>\nBARA HIMLEN S\u00c4TTER GR\u00c4NSER! <img loading=\"lazy\" class=\"alignnone size-medium wp-image-68216\" src=\"http:\/\/www.filindeblogg.nu\/wp-content\/uploads\/2017\/01\/Sankte-Per-272x300.jpg\" alt=\"sankte-per\" width=\"272\" height=\"300\" srcset=\"http:\/\/www.filindeblogg.nu\/wp-content\/uploads\/2017\/01\/Sankte-Per-272x300.jpg 272w, http:\/\/www.filindeblogg.nu\/wp-content\/uploads\/2017\/01\/Sankte-Per.jpg 399w\" sizes=\"(max-width: 272px) 100vw, 272px\" \/><\/p>\n<p>S\u00e5 njut av att du blir \u00e4ldre och klokare och har riktigt, riktigt roligt medan tid \u00e4r!<\/p>\n<p><img loading=\"lazy\" class=\"size-full wp-image-68217 aligncenter\" src=\"http:\/\/www.filindeblogg.nu\/wp-content\/uploads\/2017\/01\/Have-fun.png\" alt=\"have-fun\" width=\"225\" height=\"225\" srcset=\"http:\/\/www.filindeblogg.nu\/wp-content\/uploads\/2017\/01\/Have-fun.png 225w, http:\/\/www.filindeblogg.nu\/wp-content\/uploads\/2017\/01\/Have-fun-150x150.png 150w, http:\/\/www.filindeblogg.nu\/wp-content\/uploads\/2017\/01\/Have-fun-144x144.png 144w\" sizes=\"(max-width: 225px) 100vw, 225px\" \/><\/p>\n<p>S\u00e5 lite v\u00e4der ocks\u00e5 &#8211; f\u00f6r v\u00e4dret f\u00e5r man st\u00e5 ut med oavsett \u00e5lder. Det hj\u00e4lper inte hur man \u00e4n gn\u00e4ller &#8211; vintern \u00e4r h\u00e4r med regn, sn\u00f6, sn\u00f6blandat regn, stormbyar, lite solsken, iskyla och s\u00e5 t\u00f6v\u00e4der igen.<br \/>\n<img loading=\"lazy\" class=\"alignnone  wp-image-68218\" src=\"http:\/\/www.filindeblogg.nu\/wp-content\/uploads\/2017\/01\/009-225x300.jpg\" alt=\"009\" width=\"163\" height=\"217\" srcset=\"http:\/\/www.filindeblogg.nu\/wp-content\/uploads\/2017\/01\/009-225x300.jpg 225w, http:\/\/www.filindeblogg.nu\/wp-content\/uploads\/2017\/01\/009.jpg 450w\" sizes=\"(max-width: 163px) 100vw, 163px\" \/> <strong>Katten Curry<\/strong> spanar oroligt ut: &#8211; Vad v\u00e4ntar f\u00f6r v\u00e4der idag d\u00e5?<br \/>\nNyss massor av sn\u00f6 och imorse s\u00e5g det ut s\u00e5 h\u00e4r: <img loading=\"lazy\" class=\"alignnone  wp-image-68219\" src=\"http:\/\/www.filindeblogg.nu\/wp-content\/uploads\/2017\/01\/016-225x300.jpg\" alt=\"016\" width=\"194\" height=\"259\" srcset=\"http:\/\/www.filindeblogg.nu\/wp-content\/uploads\/2017\/01\/016-225x300.jpg 225w, http:\/\/www.filindeblogg.nu\/wp-content\/uploads\/2017\/01\/016.jpg 450w\" sizes=\"(max-width: 194px) 100vw, 194px\" \/> T\u00f6v\u00e4der! <img loading=\"lazy\" class=\"alignnone  wp-image-68220\" src=\"http:\/\/www.filindeblogg.nu\/wp-content\/uploads\/2017\/01\/017-1-225x300.jpg\" alt=\"017\" width=\"194\" height=\"258\" srcset=\"http:\/\/www.filindeblogg.nu\/wp-content\/uploads\/2017\/01\/017-1-225x300.jpg 225w, http:\/\/www.filindeblogg.nu\/wp-content\/uploads\/2017\/01\/017-1.jpg 450w\" sizes=\"(max-width: 194px) 100vw, 194px\" \/> Och trots Tjugondag Knut nu p\u00e5 fredag s\u00e5 f\u00e5r bloggarens julgran stanna kvar. Den ser ut s\u00e5 h\u00e4r nu n\u00e4mligen: <img loading=\"lazy\" class=\"alignnone size-medium wp-image-68221\" src=\"http:\/\/www.filindeblogg.nu\/wp-content\/uploads\/2017\/01\/010-300x225.jpg\" alt=\"010\" width=\"300\" height=\"225\" srcset=\"http:\/\/www.filindeblogg.nu\/wp-content\/uploads\/2017\/01\/010-300x225.jpg 300w, http:\/\/www.filindeblogg.nu\/wp-content\/uploads\/2017\/01\/010.jpg 600w\" sizes=\"(max-width: 300px) 100vw, 300px\" \/><br \/>\nOch nu byter vi v\u00e4der igen! F\u00f6r bloggarens promenad hem idag var inte sk\u00f6n &#8211; sn\u00f6yra och kalla stormvindar. Till helgen f\u00f6rutsp\u00e5s det bli 10-12 minus igen&#8230;<\/p>\n<p style=\"text-align: center;\">Oavsett v\u00e4der och vind &#8211; gl\u00f6m inte att LEVA LIVET &#8211; NU!!<br \/>\nVar r\u00e4dda om er ocks\u00e5 &#8211; och om varandra! <img loading=\"lazy\" class=\"alignnone  wp-image-68178 aligncenter\" src=\"http:\/\/www.filindeblogg.nu\/wp-content\/uploads\/2017\/01\/Litet-hj\u00e4rta-1.png\" alt=\"litet-hjarta\" width=\"37\" height=\"32\" \/><\/p>\n<p><img loading=\"lazy\" class=\"aligncenter size-medium wp-image-68222\" src=\"http:\/\/www.filindeblogg.nu\/wp-content\/uploads\/2017\/01\/Lev-livet-2-300x166.jpg\" alt=\"lev-livet-2\" width=\"300\" height=\"166\" srcset=\"http:\/\/www.filindeblogg.nu\/wp-content\/uploads\/2017\/01\/Lev-livet-2-300x166.jpg 300w, http:\/\/www.filindeblogg.nu\/wp-content\/uploads\/2017\/01\/Lev-livet-2.jpg 302w\" sizes=\"(max-width: 300px) 100vw, 300px\" \/><\/p>\n<p><img loading=\"lazy\" class=\"aligncenter size-full wp-image-68223\" src=\"http:\/\/www.filindeblogg.nu\/wp-content\/uploads\/2017\/01\/Lev-livet.jpg\" alt=\"lev-livet\" width=\"225\" height=\"225\" srcset=\"http:\/\/www.filindeblogg.nu\/wp-content\/uploads\/2017\/01\/Lev-livet.jpg 225w, http:\/\/www.filindeblogg.nu\/wp-content\/uploads\/2017\/01\/Lev-livet-150x150.jpg 150w, http:\/\/www.filindeblogg.nu\/wp-content\/uploads\/2017\/01\/Lev-livet-144x144.jpg 144w\" sizes=\"(max-width: 225px) 100vw, 225px\" \/><\/p>\n","protected":false},"excerpt":{"rendered":"<p>S\u00e5 h\u00e4r s\u00e5g den s\u00e5 kallade &#8221;\u00c5lderstrappan&#8221; ut f\u00f6rr. Nu \u00e4r det annat som g\u00e4ller! \u00c5ldersnoja &#8211; vad \u00e4r det!? S\u00e5 h\u00e4r ser det ut nu! Och s\u00e5 h\u00e4r och s\u00e5 h\u00e4r och s\u00e5 h\u00e4r\u00a0 och till och med s\u00e5 h\u00e4r:\u00a0 Den sista bilden kan man verkligen ta till sig n\u00e4r man l\u00e4ste DN i [&hellip;]<\/p>\n","protected":false},"author":1,"featured_media":0,"comment_status":"open","ping_status":"open","sticky":false,"template":"","format":"standard","meta":[],"categories":[218,101,179],"tags":[],"_links":{"self":[{"href":"http:\/\/www.filindeblogg.nu\/index.php?rest_route=\/wp\/v2\/posts\/68201"}],"collection":[{"href":"http:\/\/www.filindeblogg.nu\/index.php?rest_route=\/wp\/v2\/posts"}],"about":[{"href":"http:\/\/www.filindeblogg.nu\/index.php?rest_route=\/wp\/v2\/types\/post"}],"author":[{"embeddable":true,"href":"http:\/\/www.filindeblogg.nu\/index.php?rest_route=\/wp\/v2\/users\/1"}],"replies":[{"embeddable":true,"href":"http:\/\/www.filindeblogg.nu\/index.php?rest_route=%2Fwp%2Fv2%2Fcomments&post=68201"}],"version-history":[{"count":15,"href":"http:\/\/www.filindeblogg.nu\/index.php?rest_route=\/wp\/v2\/posts\/68201\/revisions"}],"predecessor-version":[{"id":68238,"href":"http:\/\/www.filindeblogg.nu\/index.php?rest_route=\/wp\/v2\/posts\/68201\/revisions\/68238"}],"wp:attachment":[{"href":"http:\/\/www.filindeblogg.nu\/index.php?rest_route=%2Fwp%2Fv2%2Fmedia&parent=68201"}],"wp:term":[{"taxonomy":"category","embeddable":true,"href":"http:\/\/www.filindeblogg.nu\/index.php?rest_route=%2Fwp%2Fv2%2Fcategories&post=68201"},{"taxonomy":"post_tag","embeddable":true,"href":"http:\/\/www.filindeblogg.nu\/index.php?rest_route=%2Fwp%2Fv2%2Ftags&post=68201"}],"curies":[{"name":"wp","href":"https:\/\/api.w.org\/{rel}","templated":true}]}}