{"id":6818,"date":"2009-07-18T06:57:32","date_gmt":"2009-07-18T05:57:32","guid":{"rendered":"http:\/\/www.filindeblogg.nu\/?p=6818"},"modified":"2009-07-18T11:10:54","modified_gmt":"2009-07-18T10:10:54","slug":"sverige-bovarnas-drom","status":"publish","type":"post","link":"http:\/\/www.filindeblogg.nu\/?p=6818","title":{"rendered":"Sverige &#8211; bovarnas dr\u00f6m!!"},"content":{"rendered":"<p><strong>Sverige m\u00e5ste vara det mest flata land som finns!<\/strong> Demokratiskt, javisst &#8211; men intill dumhet!! Vi \u00e4r s\u00e5 v\u00e4lvilliga och v\u00e4nder andra kinden till s\u00e5 m\u00e5nga g\u00e5nger att vi m\u00e5ste framst\u00e5 som idioter i detta land<a href=\"http:\/\/www.dn.se\/nyheter\/sverige\/rymlingar-far-straff-preskriberat-1.913981\">!<\/a><\/p>\n<p>Det senaste &#8211; att l\u00e4sa i dagens tidningar<a href=\"http:\/\/www.expressen.se\/Nyheter\/1.1643641\/rymlingar-far-straff-preskriberat\">:<\/a> <strong>Rymmer skurkarna fr\u00e5n f\u00e4ngelset s\u00e5 kan de bara h\u00e5lla sig undan tills straffet \u00e4r preskriberat!!<\/strong> Det l\u00e5ter ju inte klokt<a href=\"http:\/\/http:\/\/www.aftonbladet.se\/nyheter\/article5529482.ab\">,<\/a> helt vansinnigt!!<\/p>\n<p><strong>Sj\u00e4lvklart ska v\u00e4l strafftiden stoppa att ticka n\u00e4r n\u00e5gon rymmer fr\u00e5n det straff\u00a0 han eller hon f\u00e5tt!! S\u00e5 fort rymligen f\u00e5ngats in startar klockan igen MEN med den p\u00e5f\u00f6ljden att ytterligare strafftid l\u00e4ggs till &#8211; f\u00f6r rymningen!<\/strong><br \/>\nKan det vara sv\u00e5rt att f\u00f6rst\u00e5 s\u00e5 enkel logik f\u00f6r kriminalv\u00e5rden och den svenska regeringen!?!?!?<\/p>\n<p>Vad f\u00e5r ett f\u00e4ngelsestraff f\u00f6r betydelse annars?? Ingenting<a href=\"http:\/\/www.svd.se\/nyheter\/inrikes\/artikel_3221525.svd\">!<\/a><a href=\"http:\/\/www.aftonbladet.se\/nyheter\/article5529482.ab\">!<\/a><\/p>\n<p>Sverige \u00e4r fantastiskt &#8211; det har jag uttryckt m\u00e5nga g\u00e5nger &#8211; men med till\u00e4gget &#8221;fantastiskt d\u00e5ligt!&#8221;<\/p>\n<p>V\u00e5rt land m\u00e5ste vara alla skurkar och bovars dr\u00f6mland! Det \u00e4r v\u00e4l d\u00e4rf\u00f6r m\u00e5nga \u00f6nskar att f\u00e5 avtj\u00e4na sitt f\u00e4ngelsestraff just i Sverige.<\/p>\n<p>Ta bara den tyska kvinna som m\u00f6rdat tv\u00e5 sm\u00e5 barn i <strong>Arboga<\/strong> och n\u00e4stan ocks\u00e5 m\u00f6rdade deras mor. Hon \u00e4r d\u00f6md till livstids f\u00e4ngelse men kunde \u00e4nd\u00e5 skicka brev till offrens anh\u00f6riga i Arboga fr\u00e5n f\u00e4ngelset<strong> Hinseberg!!<\/strong><br \/>\nDet l\u00e5ter ju inte klokt!! Men det \u00e4r sant.<\/p>\n<p>Hur fungerar f\u00e4ngelserna egentligen. D\u00e4r sitter en livstidsd\u00f6md barnam\u00f6rdare i sin cell och skriver ett brev till de m\u00f6rdade barnens mamma. OK &#8211; hon kan kanske g\u00f6mma det hon skriver, skriver i s\u00e4ngen under t\u00e4cket eller vad tusan som helst. Men sen! M\u00f6rdaren m\u00e5ste ju skriva ett kuvert med namn och adress! \u00c4r det d\u00e5 INGEN som reagerar n\u00e4r tyskan skriver just det namnet och den adressen p\u00e5 kuvertet!!??<br \/>\nSen tar n\u00e5gon plit hand om brevet &#8211; vad h\u00e4nder sen? Blundar f\u00e5ngvaktaren f\u00f6r vad det st\u00e5r f\u00f6r adress och bara l\u00e4mnar det vidare, postar det p\u00e5 brevl\u00e5dan!!?? Finns det ingen kontroll alls??<\/p>\n<p>Brevet kom fram!! Otroligt men sant! En barnam\u00f6rdare i ett f\u00e4ngelse i Sverige kan skicka ett brev till offrens anh\u00f6riga &#8211; helt fritt!<br \/>\nI en f\u00f6rl\u00e4ngning kan man t\u00e4nka &#8211; vad skulle hon kunna ha skicket mera \u00e4n n\u00e5gra rader p\u00e5 ett papper? D\u00e4r har i alla fall min fantasi inga gr\u00e4nser&#8230;<\/p>\n<p>Jag ska inte g\u00e5 in p\u00e5 all \u00f6vrig flathet som finns i Sverige f\u00f6r det finns mer, mycket mer!<\/p>\n<p>Visst ska vi vara demokratiska och v\u00e4rna om r\u00e4ttigheter i Sverige &#8211; men inte in absurdum. Inte s\u00e5 att v\u00e5rt agerande blir till idioti och sl\u00e5r tillbaka.<\/p>\n<p><strong>&#8221;Die dummen Schweden&#8221; \u00e4r ett tyskt uttryck som st\u00e4mmer v\u00e4ldigt bra &#8211; tyv\u00e4rr!<br \/>\n<\/strong><\/p>\n","protected":false},"excerpt":{"rendered":"<p>Sverige m\u00e5ste vara det mest flata land som finns! Demokratiskt, javisst &#8211; men intill dumhet!! Vi \u00e4r s\u00e5 v\u00e4lvilliga och v\u00e4nder andra kinden till s\u00e5 m\u00e5nga g\u00e5nger att vi m\u00e5ste framst\u00e5 som idioter i detta land! Det senaste &#8211; att l\u00e4sa i dagens tidningar: Rymmer skurkarna fr\u00e5n f\u00e4ngelset s\u00e5 kan de bara h\u00e5lla sig undan [&hellip;]<\/p>\n","protected":false},"author":1,"featured_media":0,"comment_status":"open","ping_status":"open","sticky":false,"template":"","format":"standard","meta":[],"categories":[100,101],"tags":[],"_links":{"self":[{"href":"http:\/\/www.filindeblogg.nu\/index.php?rest_route=\/wp\/v2\/posts\/6818"}],"collection":[{"href":"http:\/\/www.filindeblogg.nu\/index.php?rest_route=\/wp\/v2\/posts"}],"about":[{"href":"http:\/\/www.filindeblogg.nu\/index.php?rest_route=\/wp\/v2\/types\/post"}],"author":[{"embeddable":true,"href":"http:\/\/www.filindeblogg.nu\/index.php?rest_route=\/wp\/v2\/users\/1"}],"replies":[{"embeddable":true,"href":"http:\/\/www.filindeblogg.nu\/index.php?rest_route=%2Fwp%2Fv2%2Fcomments&post=6818"}],"version-history":[{"count":3,"href":"http:\/\/www.filindeblogg.nu\/index.php?rest_route=\/wp\/v2\/posts\/6818\/revisions"}],"predecessor-version":[{"id":6826,"href":"http:\/\/www.filindeblogg.nu\/index.php?rest_route=\/wp\/v2\/posts\/6818\/revisions\/6826"}],"wp:attachment":[{"href":"http:\/\/www.filindeblogg.nu\/index.php?rest_route=%2Fwp%2Fv2%2Fmedia&parent=6818"}],"wp:term":[{"taxonomy":"category","embeddable":true,"href":"http:\/\/www.filindeblogg.nu\/index.php?rest_route=%2Fwp%2Fv2%2Fcategories&post=6818"},{"taxonomy":"post_tag","embeddable":true,"href":"http:\/\/www.filindeblogg.nu\/index.php?rest_route=%2Fwp%2Fv2%2Ftags&post=6818"}],"curies":[{"name":"wp","href":"https:\/\/api.w.org\/{rel}","templated":true}]}}