{"id":68030,"date":"2017-01-03T14:07:30","date_gmt":"2017-01-03T13:07:30","guid":{"rendered":"http:\/\/www.filindeblogg.nu\/?p=68030"},"modified":"2017-01-03T14:07:30","modified_gmt":"2017-01-03T13:07:30","slug":"nytt-ar-harliga-handelser-och-vagra-vara-negativ","status":"publish","type":"post","link":"http:\/\/www.filindeblogg.nu\/?p=68030","title":{"rendered":"Nytt \u00e5r! H\u00e4rliga h\u00e4ndelser och v\u00e4gra vara negativ!"},"content":{"rendered":"<p><img loading=\"lazy\" class=\"alignnone  wp-image-68031\" src=\"http:\/\/www.filindeblogg.nu\/wp-content\/uploads\/2017\/01\/108-300x267.jpg\" alt=\"108\" width=\"146\" height=\"130\" srcset=\"http:\/\/www.filindeblogg.nu\/wp-content\/uploads\/2017\/01\/108-300x267.jpg 300w, http:\/\/www.filindeblogg.nu\/wp-content\/uploads\/2017\/01\/108.jpg 506w\" sizes=\"(max-width: 146px) 100vw, 146px\" \/> Nytt \u00e5r &#8211; ny blogg!<br \/>\nBloggaren uppt\u00e4ckte nyligen att hon missat ett jubileum f\u00f6rra \u00e5ret! I februari 2016 hade bloggen varit ig\u00e5ng i 10(!) \u00e5r! Fantastiskt vilket skrivande!! \ud83d\ude00<\/p>\n<p>Och nu \u00e4r det dags igen. <img loading=\"lazy\" class=\"alignnone  wp-image-68032\" src=\"http:\/\/www.filindeblogg.nu\/wp-content\/uploads\/2017\/01\/006-225x300.jpg\" alt=\"006\" width=\"142\" height=\"189\" srcset=\"http:\/\/www.filindeblogg.nu\/wp-content\/uploads\/2017\/01\/006-225x300.jpg 225w, http:\/\/www.filindeblogg.nu\/wp-content\/uploads\/2017\/01\/006.jpg 450w\" sizes=\"(max-width: 142px) 100vw, 142px\" \/> Varmaste ny\u00e5rshelgen p\u00e5 m\u00e5nga \u00e5r \u00e4r avklarad om \u00e4n inte i Arboga utan p\u00e5 Sveriges framsida &#8211; G\u00f6teborg. Idag biter dock kylan lite i skinnet igen.<\/p>\n<p>Bloggaren firade som sagt p\u00e5 annan ort och hade d\u00e5 med sig symboler. Symboler \u00e4r viktiga f\u00f6r bloggaren! Halskedjan med hj\u00e4rtan: <img loading=\"lazy\" class=\"alignnone  wp-image-68033\" src=\"http:\/\/www.filindeblogg.nu\/wp-content\/uploads\/2017\/01\/123-300x225.jpg\" alt=\"123\" width=\"196\" height=\"147\" srcset=\"http:\/\/www.filindeblogg.nu\/wp-content\/uploads\/2017\/01\/123-300x225.jpg 300w, http:\/\/www.filindeblogg.nu\/wp-content\/uploads\/2017\/01\/123.jpg 600w\" sizes=\"(max-width: 196px) 100vw, 196px\" \/><br \/>\nEtt hj\u00e4rta f\u00f6r varje barn. G\u00e5vor fr\u00e5n barnens farmor.<br \/>\nRingen: <img loading=\"lazy\" class=\"alignnone  wp-image-68034\" src=\"http:\/\/www.filindeblogg.nu\/wp-content\/uploads\/2017\/01\/124-300x225.jpg\" alt=\"124\" width=\"181\" height=\"136\" srcset=\"http:\/\/www.filindeblogg.nu\/wp-content\/uploads\/2017\/01\/124-300x225.jpg 300w, http:\/\/www.filindeblogg.nu\/wp-content\/uploads\/2017\/01\/124.jpg 600w\" sizes=\"(max-width: 181px) 100vw, 181px\" \/> Mammas ring som hon f\u00e5tt av pappa &#8211; s\u00e5 \u00e4r ocks\u00e5 f\u00f6r\u00e4ldrarna med p\u00e5 resan&#8230;<br \/>\n\u00d6rh\u00e4ngen &#8211; f\u00f6r k\u00e4rlekens skull! <img loading=\"lazy\" class=\"alignnone  wp-image-68035\" src=\"http:\/\/www.filindeblogg.nu\/wp-content\/uploads\/2017\/01\/125-300x225.jpg\" alt=\"125\" width=\"221\" height=\"166\" srcset=\"http:\/\/www.filindeblogg.nu\/wp-content\/uploads\/2017\/01\/125-300x225.jpg 300w, http:\/\/www.filindeblogg.nu\/wp-content\/uploads\/2017\/01\/125.jpg 600w\" sizes=\"(max-width: 221px) 100vw, 221px\" \/> Och s\u00e5 bilder p\u00e5 dom som bloggaren mest h\u00e5ller av: <img loading=\"lazy\" class=\"alignnone  wp-image-68036\" src=\"http:\/\/www.filindeblogg.nu\/wp-content\/uploads\/2017\/01\/126-225x300.jpg\" alt=\"126\" width=\"190\" height=\"253\" srcset=\"http:\/\/www.filindeblogg.nu\/wp-content\/uploads\/2017\/01\/126-225x300.jpg 225w, http:\/\/www.filindeblogg.nu\/wp-content\/uploads\/2017\/01\/126.jpg 450w\" sizes=\"(max-width: 190px) 100vw, 190px\" \/><\/p>\n<p><img loading=\"lazy\" class=\"alignnone  wp-image-68037\" src=\"http:\/\/www.filindeblogg.nu\/wp-content\/uploads\/2017\/01\/070-225x300.jpg\" alt=\"070\" width=\"80\" height=\"107\" srcset=\"http:\/\/www.filindeblogg.nu\/wp-content\/uploads\/2017\/01\/070-225x300.jpg 225w, http:\/\/www.filindeblogg.nu\/wp-content\/uploads\/2017\/01\/070.jpg 450w\" sizes=\"(max-width: 80px) 100vw, 80px\" \/> Bloggaren har tidigare utlovat att en del av <strong>H\u00e4rliga H\u00e4ndelser 2016<\/strong> ska avsl\u00f6jas &#8211; men f\u00f6re det lite annat.<\/p>\n<p>Bloggaren gillar <strong>tidningen Kup\u00e9<\/strong> som finns ombord p\u00e5 SJ:s t\u00e5g. <img loading=\"lazy\" class=\"alignnone  wp-image-68038\" src=\"http:\/\/www.filindeblogg.nu\/wp-content\/uploads\/2017\/01\/104-225x300.jpg\" alt=\"104\" width=\"185\" height=\"247\" srcset=\"http:\/\/www.filindeblogg.nu\/wp-content\/uploads\/2017\/01\/104-225x300.jpg 225w, http:\/\/www.filindeblogg.nu\/wp-content\/uploads\/2017\/01\/104.jpg 450w\" sizes=\"(max-width: 185px) 100vw, 185px\" \/> 2017 \u00e5rs f\u00f6rsta nummer fick dock bloggarens blodtryck att \u00f6ka markant. F\u00f6rst gapskratt sen f\u00f6rundrad ilska n\u00e4r det hela inte var n\u00e5got sk\u00e4mt&#8230; <img loading=\"lazy\" class=\"alignnone size-medium wp-image-68039\" src=\"http:\/\/www.filindeblogg.nu\/wp-content\/uploads\/2017\/01\/086-300x225.jpg\" alt=\"086\" width=\"300\" height=\"225\" srcset=\"http:\/\/www.filindeblogg.nu\/wp-content\/uploads\/2017\/01\/086-300x225.jpg 300w, http:\/\/www.filindeblogg.nu\/wp-content\/uploads\/2017\/01\/086.jpg 600w\" sizes=\"(max-width: 300px) 100vw, 300px\" \/> Kup\u00e9 ber\u00e4ttar att det \u00e4r dags att sluta vara s\u00e5 f\u00f6rbannat glad och lycklig och ist\u00e4llet anamma sorg och f\u00f6rtvivlan &#8211; g\u00e4rna gemensamt med andra p\u00e5 ett gn\u00e4llkaf\u00e9!! <img loading=\"lazy\" class=\"alignnone  wp-image-68045\" src=\"http:\/\/www.filindeblogg.nu\/wp-content\/uploads\/2017\/01\/089-Kopia-300x252.jpg\" alt=\"089-kopia\" width=\"135\" height=\"113\" srcset=\"http:\/\/www.filindeblogg.nu\/wp-content\/uploads\/2017\/01\/089-Kopia-300x252.jpg 300w, http:\/\/www.filindeblogg.nu\/wp-content\/uploads\/2017\/01\/089-Kopia.jpg 424w\" sizes=\"(max-width: 135px) 100vw, 135px\" \/><\/p>\n<p><img loading=\"lazy\" class=\"alignnone size-medium wp-image-68042\" src=\"http:\/\/www.filindeblogg.nu\/wp-content\/uploads\/2017\/01\/093-Kopia-225x300.jpg\" alt=\"093-kopia\" width=\"225\" height=\"300\" srcset=\"http:\/\/www.filindeblogg.nu\/wp-content\/uploads\/2017\/01\/093-Kopia-225x300.jpg 225w, http:\/\/www.filindeblogg.nu\/wp-content\/uploads\/2017\/01\/093-Kopia.jpg 450w\" sizes=\"(max-width: 225px) 100vw, 225px\" \/> Citat ur artikeln:<br \/>\n<em>&#8221;I september startade man ett gn\u00e4llkaf\u00e9 i Skellefte\u00e5. Sensus i G\u00f6tebo<\/em><em>rg h\u00e5ller Sveriges f\u00f6rsta negativitetskurs. &#8221;Negativt t\u00e4nkande &#8211; b\u00e4ttre blir det inte&#8221;, som blev \u00f6vertecknad p\u00e5 nolltid.&#8221;<\/em><br \/>\n&#8230;<strong><em>&#8221;Vi beh\u00f6ver en motkraft till positivisme<\/em><\/strong><strong><em>n&#8221;.<\/em><\/strong><img loading=\"lazy\" class=\"alignnone  wp-image-68040\" src=\"http:\/\/www.filindeblogg.nu\/wp-content\/uploads\/2017\/01\/088-225x300.jpg\" alt=\"088\" width=\"158\" height=\"211\" srcset=\"http:\/\/www.filindeblogg.nu\/wp-content\/uploads\/2017\/01\/088-225x300.jpg 225w, http:\/\/www.filindeblogg.nu\/wp-content\/uploads\/2017\/01\/088.jpg 450w\" sizes=\"(max-width: 158px) 100vw, 158px\" \/><br \/>\nBloggaren baxnar!!<\/p>\n<p><img loading=\"lazy\" class=\"alignnone size-medium wp-image-68046\" src=\"http:\/\/www.filindeblogg.nu\/wp-content\/uploads\/2017\/01\/087-300x115.jpg\" alt=\"087\" width=\"300\" height=\"115\" srcset=\"http:\/\/www.filindeblogg.nu\/wp-content\/uploads\/2017\/01\/087-300x115.jpg 300w, http:\/\/www.filindeblogg.nu\/wp-content\/uploads\/2017\/01\/087.jpg 600w\" sizes=\"(max-width: 300px) 100vw, 300px\" \/> &#8221;&#8230;<em>negativt uppror<\/em>&#8230;&#8221;<\/p>\n<p><img loading=\"lazy\" class=\"alignnone size-medium wp-image-68047\" src=\"http:\/\/www.filindeblogg.nu\/wp-content\/uploads\/2017\/01\/091-300x225.jpg\" alt=\"091\" width=\"300\" height=\"225\" srcset=\"http:\/\/www.filindeblogg.nu\/wp-content\/uploads\/2017\/01\/091-300x225.jpg 300w, http:\/\/www.filindeblogg.nu\/wp-content\/uploads\/2017\/01\/091.jpg 600w\" sizes=\"(max-width: 300px) 100vw, 300px\" \/> <em>&#8221;Nej, allting l\u00f6ser sig faktiskt inte alltid till det b\u00e4sta. Saker g\u00e5r \u00e5t h-e och det k\u00e4nns sk\u00f6nt att att f\u00e5 deppa lite, gn\u00e4lla och f\u00e5 ur sig problem och bekymmer. Och d\u00e5 blir det fel med kl\u00e4mk\u00e4cka kommentarer om kris och utveckling, att motg\u00e5ngar st\u00e4rker &#8211; och p\u00e5 toppen av allt: en lyckobok i present.&#8221;<\/em><\/p>\n<p><img loading=\"lazy\" class=\"alignnone size-medium wp-image-68048\" src=\"http:\/\/www.filindeblogg.nu\/wp-content\/uploads\/2017\/01\/094-300x225.jpg\" alt=\"094\" width=\"300\" height=\"225\" srcset=\"http:\/\/www.filindeblogg.nu\/wp-content\/uploads\/2017\/01\/094-300x225.jpg 300w, http:\/\/www.filindeblogg.nu\/wp-content\/uploads\/2017\/01\/094.jpg 600w\" sizes=\"(max-width: 300px) 100vw, 300px\" \/> <em>&#8221;I boken Gilla l\u00e4get &#8211; hur allt gick \u00e5t helvete med positivt t\u00e4nkande&#8221; \u00e4r f\u00f6rfattaren Barbro Ehrenreich rent ut sagt f\u00f6rbannad f\u00f6r att hon inte till\u00e4ts vara f\u00f6rtvivlad n\u00e4r hon hade drabbats av br\u00f6stcancer, utan ist\u00e4llet m\u00f6ttes av k\u00e4cka och respektl\u00f6sa tillrop&#8221;.<\/em><\/p>\n<p>Bloggaren m\u00e5r faktiskt illa n\u00e4r hon l\u00e4ser detta. Vilka ilandsproblem!!<br \/>\n\u00c4r det b\u00e4ttre att l\u00e4mna f\u00f6rtvivlade m\u00e4nniskor ifred? Eller kanske s\u00e4ga:<em> &#8221;- Br\u00f6stcancer OK &#8211; det \u00e4r bara att ta beskedet.&#8221;<\/em> Med ett \u00e4nnu v\u00e4rre till\u00e4gg kanske &#8211; s\u00e5 negativt som m\u00f6jligt: <em>&#8221;- Vi ska ju alla d\u00f6 en g\u00e5ng. Det \u00e4r bara att gilla l\u00e4get&#8221;.<\/em><\/p>\n<p>Att hylla negativt t\u00e4nkande och klanka ner p\u00e5 m\u00e4nniskor som f\u00f6rs\u00f6ker peppa och uppmuntra \u00e4r bara s\u00e5 sjukt!\u00a0<img loading=\"lazy\" class=\"alignnone size-medium wp-image-68050\" src=\"http:\/\/www.filindeblogg.nu\/wp-content\/uploads\/2017\/01\/106-225x300.jpg\" alt=\"106\" width=\"225\" height=\"300\" srcset=\"http:\/\/www.filindeblogg.nu\/wp-content\/uploads\/2017\/01\/106-225x300.jpg 225w, http:\/\/www.filindeblogg.nu\/wp-content\/uploads\/2017\/01\/106.jpg 450w\" sizes=\"(max-width: 225px) 100vw, 225px\" \/> \u00c4nnu mer p\u00e5tagligt obehagligt blir det n\u00e4r bloggaren l\u00e4ser <strong>Faktum<\/strong>, en tidning f\u00f6r heml\u00f6sa i G\u00f6teborg: <img loading=\"lazy\" class=\"alignnone size-medium wp-image-68049\" src=\"http:\/\/www.filindeblogg.nu\/wp-content\/uploads\/2017\/01\/109-300x198.jpg\" alt=\"109\" width=\"300\" height=\"198\" srcset=\"http:\/\/www.filindeblogg.nu\/wp-content\/uploads\/2017\/01\/109-300x198.jpg 300w, http:\/\/www.filindeblogg.nu\/wp-content\/uploads\/2017\/01\/109.jpg 542w\" sizes=\"(max-width: 300px) 100vw, 300px\" \/> <em>&#8221;Om du t\u00e4nker &#8221;det g\u00e5r \u00e5t skogen&#8221;, d\u00e5 har du redan f\u00f6rlorat&#8230;&#8221;<\/em><\/p>\n<p>Tidningen Faktum har trots heml\u00f6shet och f\u00f6rtvivlan fina kassar med uppmuntrande ord &#8211; som du kan vinna om du har tur med korsordet! <img loading=\"lazy\" class=\"alignnone  wp-image-68056\" src=\"http:\/\/www.filindeblogg.nu\/wp-content\/uploads\/2017\/01\/107-300x227.jpg\" alt=\"107\" width=\"256\" height=\"194\" srcset=\"http:\/\/www.filindeblogg.nu\/wp-content\/uploads\/2017\/01\/107-300x227.jpg 300w, http:\/\/www.filindeblogg.nu\/wp-content\/uploads\/2017\/01\/107.jpg 560w\" sizes=\"(max-width: 256px) 100vw, 256px\" \/> S\u00e5nt gillas!!<\/p>\n<p>Eller p\u00e5 hemresan n\u00e4r t\u00e5get blev tre timmar f\u00f6rsenat f\u00f6r att en stackars m\u00e4nniska valt att ta sitt liv framf\u00f6r loket. Hade det blivit b\u00e4ttre om han eller hon m\u00f6tts av <em>&#8221;- Det blir inte b\u00e4ttre \u00e4n s\u00e5 h\u00e4r&#8221;<\/em> eller <em>&#8221;- Allt l\u00f6ser sig faktiskt inte!&#8221;<br \/>\n<\/em>Skulle det vara fel att f\u00f6rs\u00f6ka peppa och &#8221;<em>tala om ljuset i tunneln, det \u00e4r m\u00f6rkast f\u00f6re gryningen och allt kommer att bli bra&#8221;!? <\/em>\u00c4ven om man inte kan lova det?<em><br \/>\n<\/em>Kanske hade det inte g\u00e5tt att \u00e4ndra denna f\u00f6rtvivlade m\u00e4nniskas beslut men att uppmuntra till att odla sin negativism k\u00e4nns otroligt m\u00e4rkligt.<\/p>\n<p><img loading=\"lazy\" class=\"alignnone size-medium wp-image-68051\" src=\"http:\/\/www.filindeblogg.nu\/wp-content\/uploads\/2017\/01\/095-300x225.jpg\" alt=\"095\" width=\"300\" height=\"225\" srcset=\"http:\/\/www.filindeblogg.nu\/wp-content\/uploads\/2017\/01\/095-300x225.jpg 300w, http:\/\/www.filindeblogg.nu\/wp-content\/uploads\/2017\/01\/095.jpg 600w\" sizes=\"(max-width: 300px) 100vw, 300px\" \/> <em>&#8221;I \u00e5r har motst\u00e5ndet tagit fart igen. Och det f\u00e5r st\u00f6d i vetenskapen. Forskare s\u00e4ger att \u00f6verdriven optimism \u00e4r skadlig och att man ska m\u00e5na om negativa tankar&#8230;<\/em>&#8221;<\/p>\n<p>Ilandsproblem, var det ja! Och hur man tj\u00e4nar mer pengar p\u00e5 folks f\u00f6rtvivlan! \u00c4r det inte uppmuntrande kurser s\u00e5 \u00e4r det de motsatta. Nu har vi ju k\u00f6rt det optimistiska ett tag &#8211; dags att locka folk till gn\u00e4lligt t\u00e4nkande! Kurs eller kaf\u00e9 &#8211; kom och gn\u00e4ll och \u00e4lta dina problem. Du kommer att bli S\u00c5 lycklig d\u00e5! \ud83d\ude41<\/p>\n<p>I samma tidning, Kup\u00e9, blir det kov\u00e4ndning! <img loading=\"lazy\" class=\"alignnone size-medium wp-image-68052\" src=\"http:\/\/www.filindeblogg.nu\/wp-content\/uploads\/2017\/01\/100-300x230.jpg\" alt=\"100\" width=\"300\" height=\"230\" srcset=\"http:\/\/www.filindeblogg.nu\/wp-content\/uploads\/2017\/01\/100-300x230.jpg 300w, http:\/\/www.filindeblogg.nu\/wp-content\/uploads\/2017\/01\/100.jpg 551w\" sizes=\"(max-width: 300px) 100vw, 300px\" \/> Med negativt t\u00e4nkande hade man rutit till \u00e5t folket i <strong>Vuollerim<\/strong> och sagt:<br \/>\n<em>&#8221;- Det g\u00e5r aldrig! Avveckla g\u00e5rden med utrotningshotade fj\u00e4llkor &#8211; det blir inte b\u00e4ttre \u00e4n s\u00e5 h\u00e4r&#8230;<\/em>&#8221;<img loading=\"lazy\" class=\"alignnone size-medium wp-image-68053\" src=\"http:\/\/www.filindeblogg.nu\/wp-content\/uploads\/2017\/01\/099-300x205.jpg\" alt=\"099\" width=\"300\" height=\"205\" srcset=\"http:\/\/www.filindeblogg.nu\/wp-content\/uploads\/2017\/01\/099-300x205.jpg 300w, http:\/\/www.filindeblogg.nu\/wp-content\/uploads\/2017\/01\/099.jpg 600w\" sizes=\"(max-width: 300px) 100vw, 300px\" \/><\/p>\n<p>MEN &#8211; se folket uppe i norr t\u00e4nkte positivt och r\u00e4ddade g\u00e5rden och startade en verksamhet! <img loading=\"lazy\" class=\"alignnone  wp-image-68054\" src=\"http:\/\/www.filindeblogg.nu\/wp-content\/uploads\/2017\/01\/102-262x300.jpg\" alt=\"102\" width=\"155\" height=\"177\" srcset=\"http:\/\/www.filindeblogg.nu\/wp-content\/uploads\/2017\/01\/102-262x300.jpg 262w, http:\/\/www.filindeblogg.nu\/wp-content\/uploads\/2017\/01\/102.jpg 420w\" sizes=\"(max-width: 155px) 100vw, 155px\" \/><\/p>\n<p>Positivism f\u00f6r s\u00e5v\u00e4l folk som f\u00e4 uppe i <strong>Lappland<\/strong>! \ud83d\ude42 <img loading=\"lazy\" class=\"alignnone size-medium wp-image-68055\" src=\"http:\/\/www.filindeblogg.nu\/wp-content\/uploads\/2017\/01\/101-300x225.jpg\" alt=\"101\" width=\"300\" height=\"225\" srcset=\"http:\/\/www.filindeblogg.nu\/wp-content\/uploads\/2017\/01\/101-300x225.jpg 300w, http:\/\/www.filindeblogg.nu\/wp-content\/uploads\/2017\/01\/101.jpg 600w\" sizes=\"(max-width: 300px) 100vw, 300px\" \/> S\u00e5nt gillas ocks\u00e5!!<br \/>\n<a href=\"http:\/\/arcticcircleproducts.se\/fjallkon\/\"><strong>H\u00c4R<\/strong><\/a> kan ni l\u00e4sa om <strong><em>&#8221;R\u00e4dda fj\u00e4llkon&#8221;<\/em> <\/strong>och om norrl\u00e4ndsk parmesan!<\/p>\n<p>Naturligtvis f\u00e5r var och en v\u00e4lja sj\u00e4lv &#8211; f\u00f6rs\u00f6ka se positivt p\u00e5 tillvaron \u00e4ven i h\u00e5rda tider eller v\u00e4ltra sig i el\u00e4nde ensam eller ihop med andra. Vi bor ju i gn\u00e4llb\u00e4ltet s\u00e5 det kanske finns n\u00e5gon som vill starta ett gn\u00e4llkaf\u00e9 i trakten? Gynna fortsatt gn\u00e4llande kanske ihop med lite lagom skitprat ocks\u00e5? Bloggarens \u00e5sikt vet ni nu.<\/p>\n<p><a href=\"http:\/\/www.e-magin.se\/paper\/1z9sqtq2\/popup\/1?\"><strong>H\u00c4R<\/strong><\/a> hittar ni tidningen <strong>Kup\u00e9<\/strong>!<br \/>\nBl\u00e4ddra till <strong>sidan 30<\/strong> i e-magasinet om ni vill l\u00e4sa om den nya trenden &#8211; negativt t\u00e4nkande&#8230;<br \/>\nOch <a href=\"https:\/\/www.faktum.se\/om-faktum\/\"><strong>H\u00c4R<\/strong><\/a> hittar ni tidningen <strong>Faktum!<\/strong><\/p>\n<p><img loading=\"lazy\" class=\"alignnone  wp-image-67997\" src=\"http:\/\/www.filindeblogg.nu\/wp-content\/uploads\/2016\/12\/070-Kopia-172x300.jpg\" alt=\"070-kopia\" width=\"125\" height=\"218\" srcset=\"http:\/\/www.filindeblogg.nu\/wp-content\/uploads\/2016\/12\/070-Kopia-172x300.jpg 172w, http:\/\/www.filindeblogg.nu\/wp-content\/uploads\/2016\/12\/070-Kopia.jpg 288w\" sizes=\"(max-width: 125px) 100vw, 125px\" \/> <strong>H\u00e4rliga H\u00e4ndelser 2016<\/strong> f\u00e5r bli motvikt till all gn\u00e4lligt el\u00e4nde. F\u00f6r nu har lapparna \u00f6ppnats! 59 stycken! Med andra ord mer \u00e4n en h\u00e4rlig h\u00e4ndelse i veckan f\u00f6rra \u00e5ret! Det k\u00e4nns v\u00e4ldigt &#8211; ja just det &#8211; positivt! \ud83d\ude00<\/p>\n<p>Ett axplock. <img loading=\"lazy\" class=\"alignnone size-medium wp-image-68057\" src=\"http:\/\/www.filindeblogg.nu\/wp-content\/uploads\/2017\/01\/034-300x225.jpg\" alt=\"034\" width=\"300\" height=\"225\" srcset=\"http:\/\/www.filindeblogg.nu\/wp-content\/uploads\/2017\/01\/034-300x225.jpg 300w, http:\/\/www.filindeblogg.nu\/wp-content\/uploads\/2017\/01\/034.jpg 600w\" sizes=\"(max-width: 300px) 100vw, 300px\" \/><\/p>\n<p><img loading=\"lazy\" class=\"alignnone  wp-image-68058\" src=\"http:\/\/www.filindeblogg.nu\/wp-content\/uploads\/2017\/01\/038-300x225.jpg\" alt=\"038\" width=\"193\" height=\"145\" srcset=\"http:\/\/www.filindeblogg.nu\/wp-content\/uploads\/2017\/01\/038-300x225.jpg 300w, http:\/\/www.filindeblogg.nu\/wp-content\/uploads\/2017\/01\/038.jpg 600w\" sizes=\"(max-width: 193px) 100vw, 193px\" \/>&#8230;<img loading=\"lazy\" class=\"alignnone  wp-image-68059\" src=\"http:\/\/www.filindeblogg.nu\/wp-content\/uploads\/2017\/01\/035-300x225.jpg\" alt=\"035\" width=\"192\" height=\"144\" srcset=\"http:\/\/www.filindeblogg.nu\/wp-content\/uploads\/2017\/01\/035-300x225.jpg 300w, http:\/\/www.filindeblogg.nu\/wp-content\/uploads\/2017\/01\/035.jpg 600w\" sizes=\"(max-width: 192px) 100vw, 192px\" \/>&#8230;<img loading=\"lazy\" class=\"alignnone  wp-image-68060\" src=\"http:\/\/www.filindeblogg.nu\/wp-content\/uploads\/2017\/01\/068-300x225.jpg\" alt=\"068\" width=\"191\" height=\"143\" srcset=\"http:\/\/www.filindeblogg.nu\/wp-content\/uploads\/2017\/01\/068-300x225.jpg 300w, http:\/\/www.filindeblogg.nu\/wp-content\/uploads\/2017\/01\/068.jpg 600w\" sizes=\"(max-width: 191px) 100vw, 191px\" \/>&#8230;<img loading=\"lazy\" class=\"alignnone  wp-image-68061\" src=\"http:\/\/www.filindeblogg.nu\/wp-content\/uploads\/2017\/01\/070-B-300x225.jpg\" alt=\"070-b\" width=\"193\" height=\"145\" srcset=\"http:\/\/www.filindeblogg.nu\/wp-content\/uploads\/2017\/01\/070-B-300x225.jpg 300w, http:\/\/www.filindeblogg.nu\/wp-content\/uploads\/2017\/01\/070-B.jpg 600w\" sizes=\"(max-width: 193px) 100vw, 193px\" \/><\/p>\n<p>En av de finaste h\u00e4ndelserna under 2016 var det som <strong>Mia Ahlgren<\/strong> sa bloggaren i april. <img loading=\"lazy\" class=\"alignnone size-medium wp-image-68062\" src=\"http:\/\/www.filindeblogg.nu\/wp-content\/uploads\/2017\/01\/031-300x225.jpg\" alt=\"031\" width=\"300\" height=\"225\" srcset=\"http:\/\/www.filindeblogg.nu\/wp-content\/uploads\/2017\/01\/031-300x225.jpg 300w, http:\/\/www.filindeblogg.nu\/wp-content\/uploads\/2017\/01\/031.jpg 600w\" sizes=\"(max-width: 300px) 100vw, 300px\" \/><br \/>\nDet var ord som fick en liten m\u00e4nniska att v\u00e4xa, k\u00e4nna sig ha ett v\u00e4rde n\u00e4r det ibland \u00e4r v\u00e4ldigt m\u00f6rkt. Och att<strong> Mia<\/strong> sa det hon k\u00e4nt och inte bara beh\u00f6ll det f\u00f6r sig sj\u00e4lv, gjorde h\u00e4ndelsen till en av de lyckligaste f\u00f6rra \u00e5ret f\u00f6r bloggaren. <strong>TACK Mia!<\/strong><\/p>\n<p>Bloggaren konstaterade ocks\u00e5 att det s\u00e5 gott som bara var k\u00e4nslor som lett till lappar i burken. D v s positivt bem\u00f6tande, v\u00e4nlighet och k\u00e4rlek. Att sen n\u00e4stan h\u00e4lften av lapparna hade med en viss man att g\u00f6ra kan bloggaren f\u00f6rst\u00e5 fast hon verkligen h\u00e5llit sig fr\u00e5n att sv\u00e4mma \u00f6ver burken med s\u00e5dana hj\u00e4rtelappar. \ud83d\ude09 Barnen fick m\u00e5nga lappar ocks\u00e5 liksom stugan i \u00d6sterg\u00f6tland.<\/p>\n<p><img loading=\"lazy\" class=\"wp-image-68015 aligncenter\" src=\"http:\/\/www.filindeblogg.nu\/wp-content\/uploads\/2016\/12\/hj\u00e4rta-med-hj\u00e4rtan-1.png\" alt=\"hjarta-med-hjartan\" width=\"41\" height=\"39\" \/><\/p>\n<p>Nu startar bloggaren om &#8211; v\u00e4grar vara negativ &#8211; och t\u00e4nker forts\u00e4tta att samla underbara minnen! <img loading=\"lazy\" class=\"alignnone size-medium wp-image-68063\" src=\"http:\/\/www.filindeblogg.nu\/wp-content\/uploads\/2017\/01\/012-225x300.jpg\" alt=\"012\" width=\"225\" height=\"300\" srcset=\"http:\/\/www.filindeblogg.nu\/wp-content\/uploads\/2017\/01\/012-225x300.jpg 225w, http:\/\/www.filindeblogg.nu\/wp-content\/uploads\/2017\/01\/012.jpg 450w\" sizes=\"(max-width: 225px) 100vw, 225px\" \/><\/p>\n<p>Leta efter godbitarna i tillvaron ist\u00e4llet f\u00f6r det som gr\u00e4mer och f\u00f6rg\u00f6r. Hitta hj\u00e4rtan bland alla spretande grenar. <img loading=\"lazy\" class=\"alignnone  wp-image-68064\" src=\"http:\/\/www.filindeblogg.nu\/wp-content\/uploads\/2017\/01\/117-300x225.jpg\" alt=\"117\" width=\"192\" height=\"144\" srcset=\"http:\/\/www.filindeblogg.nu\/wp-content\/uploads\/2017\/01\/117-300x225.jpg 300w, http:\/\/www.filindeblogg.nu\/wp-content\/uploads\/2017\/01\/117.jpg 600w\" sizes=\"(max-width: 192px) 100vw, 192px\" \/><br \/>\n<img loading=\"lazy\" class=\"alignnone  wp-image-68065\" src=\"http:\/\/www.filindeblogg.nu\/wp-content\/uploads\/2017\/01\/120-225x300.jpg\" alt=\"120\" width=\"155\" height=\"207\" srcset=\"http:\/\/www.filindeblogg.nu\/wp-content\/uploads\/2017\/01\/120-225x300.jpg 225w, http:\/\/www.filindeblogg.nu\/wp-content\/uploads\/2017\/01\/120.jpg 450w\" sizes=\"(max-width: 155px) 100vw, 155px\" \/> Sj\u00e4lvklart \u00e4r inte alla dagar positiva och lyckliga men f\u00f6rs\u00f6k \u00e4nd\u00e5 att se ljuset i m\u00f6rkret.<\/p>\n<p>Det viktigaste av allt:<\/p>\n<p style=\"text-align: center;\"><strong> Var r\u00e4dda om er och om varandra! <\/strong><br \/>\n<strong>\u00c4lska mer &#8211; hata mindre! <\/strong><br \/>\n<strong>Livet \u00e4r s\u00e5 kort &#8211; du har inte tid att h\u00e5lla kvar bekymren &#8211;<\/strong><br \/>\n<strong> och det g\u00f6r dig inte gott att \u00e4lta of\u00f6rr\u00e4tter.<\/strong><\/p>\n<p style=\"text-align: center;\"><img loading=\"lazy\" class=\"aligncenter size-medium wp-image-68066\" src=\"http:\/\/www.filindeblogg.nu\/wp-content\/uploads\/2017\/01\/133-300x225.jpg\" alt=\"133\" width=\"300\" height=\"225\" srcset=\"http:\/\/www.filindeblogg.nu\/wp-content\/uploads\/2017\/01\/133-300x225.jpg 300w, http:\/\/www.filindeblogg.nu\/wp-content\/uploads\/2017\/01\/133.jpg 600w\" sizes=\"(max-width: 300px) 100vw, 300px\" \/><br \/>\n<em>&#8221;Tankens kraft \u00e4r stark &#8211;<\/em><br \/>\n<em>du blir vad du t\u00e4nker.&#8221;<\/em><br \/>\nAmen!<\/p>\n<p style=\"text-align: center;\"><img loading=\"lazy\" class=\"aligncenter size-medium wp-image-68067\" src=\"http:\/\/www.filindeblogg.nu\/wp-content\/uploads\/2017\/01\/107-Kopia-300x250.jpg\" alt=\"107-kopia\" width=\"300\" height=\"250\" srcset=\"http:\/\/www.filindeblogg.nu\/wp-content\/uploads\/2017\/01\/107-Kopia-300x250.jpg 300w, http:\/\/www.filindeblogg.nu\/wp-content\/uploads\/2017\/01\/107-Kopia.jpg 334w\" sizes=\"(max-width: 300px) 100vw, 300px\" \/><\/p>\n<p style=\"text-align: center;\"><img loading=\"lazy\" class=\"aligncenter size-medium wp-image-68082\" src=\"http:\/\/www.filindeblogg.nu\/wp-content\/uploads\/2017\/01\/Bl\u00e5sa-hj\u00e4rtan-300x168.jpg\" alt=\"blasa-hjartan\" width=\"300\" height=\"168\" \/><\/p>\n<p>&nbsp;<\/p>\n<p>&nbsp;<\/p>\n<p>&nbsp;<\/p>\n<p>&nbsp;<\/p>\n","protected":false},"excerpt":{"rendered":"<p>Nytt \u00e5r &#8211; ny blogg! Bloggaren uppt\u00e4ckte nyligen att hon missat ett jubileum f\u00f6rra \u00e5ret! I februari 2016 hade bloggen varit ig\u00e5ng i 10(!) \u00e5r! Fantastiskt vilket skrivande!! \ud83d\ude00 Och nu \u00e4r det dags igen. Varmaste ny\u00e5rshelgen p\u00e5 m\u00e5nga \u00e5r \u00e4r avklarad om \u00e4n inte i Arboga utan p\u00e5 Sveriges framsida &#8211; G\u00f6teborg. Idag biter [&hellip;]<\/p>\n","protected":false},"author":1,"featured_media":0,"comment_status":"open","ping_status":"open","sticky":false,"template":"","format":"standard","meta":[],"categories":[196,161,203,100,191,132,101,134],"tags":[],"_links":{"self":[{"href":"http:\/\/www.filindeblogg.nu\/index.php?rest_route=\/wp\/v2\/posts\/68030"}],"collection":[{"href":"http:\/\/www.filindeblogg.nu\/index.php?rest_route=\/wp\/v2\/posts"}],"about":[{"href":"http:\/\/www.filindeblogg.nu\/index.php?rest_route=\/wp\/v2\/types\/post"}],"author":[{"embeddable":true,"href":"http:\/\/www.filindeblogg.nu\/index.php?rest_route=\/wp\/v2\/users\/1"}],"replies":[{"embeddable":true,"href":"http:\/\/www.filindeblogg.nu\/index.php?rest_route=%2Fwp%2Fv2%2Fcomments&post=68030"}],"version-history":[{"count":19,"href":"http:\/\/www.filindeblogg.nu\/index.php?rest_route=\/wp\/v2\/posts\/68030\/revisions"}],"predecessor-version":[{"id":68087,"href":"http:\/\/www.filindeblogg.nu\/index.php?rest_route=\/wp\/v2\/posts\/68030\/revisions\/68087"}],"wp:attachment":[{"href":"http:\/\/www.filindeblogg.nu\/index.php?rest_route=%2Fwp%2Fv2%2Fmedia&parent=68030"}],"wp:term":[{"taxonomy":"category","embeddable":true,"href":"http:\/\/www.filindeblogg.nu\/index.php?rest_route=%2Fwp%2Fv2%2Fcategories&post=68030"},{"taxonomy":"post_tag","embeddable":true,"href":"http:\/\/www.filindeblogg.nu\/index.php?rest_route=%2Fwp%2Fv2%2Ftags&post=68030"}],"curies":[{"name":"wp","href":"https:\/\/api.w.org\/{rel}","templated":true}]}}