{"id":67968,"date":"2016-12-28T18:06:22","date_gmt":"2016-12-28T17:06:22","guid":{"rendered":"http:\/\/www.filindeblogg.nu\/?p=67968"},"modified":"2016-12-28T18:06:22","modified_gmt":"2016-12-28T17:06:22","slug":"dags-att-summera-och-rakna-ner-och-dags-att-oppna-burken","status":"publish","type":"post","link":"http:\/\/www.filindeblogg.nu\/?p=67968","title":{"rendered":"Dags att summera och r\u00e4kna ner&#8230; Och dags att \u00f6ppna burken!!"},"content":{"rendered":"<p><img loading=\"lazy\" class=\"alignnone  wp-image-67969\" src=\"http:\/\/www.filindeblogg.nu\/wp-content\/uploads\/2016\/12\/126-225x300.jpg\" alt=\"126\" width=\"161\" height=\"215\" srcset=\"http:\/\/www.filindeblogg.nu\/wp-content\/uploads\/2016\/12\/126-225x300.jpg 225w, http:\/\/www.filindeblogg.nu\/wp-content\/uploads\/2016\/12\/126.jpg 450w\" sizes=\"(max-width: 161px) 100vw, 161px\" \/> Dags att summera &#8211; och att r\u00e4kna ner!<br \/>\nDet kan handla om livet och att det \u00e4r dags f\u00f6r nedr\u00e4kning &#8211; vilket man kan f\u00e5 f\u00f6r sig ibland n\u00e4r man k\u00e4nner sig krasslig och p\u00e5minns om att livet en g\u00e5ng har ett slut. Ett slut som n\u00e4rmar sig allt hastigare med \u00e5ren.<br \/>\nEtt bes\u00f6k p\u00e5 kyrkog\u00e5rden g\u00f6r den p\u00e5minnelsen \u00e4n mer tydlig&#8230;<\/p>\n<p><img loading=\"lazy\" class=\"wp-image-67970 aligncenter\" src=\"http:\/\/www.filindeblogg.nu\/wp-content\/uploads\/2016\/12\/084-300x225.jpg\" alt=\"084\" width=\"249\" height=\"186\" srcset=\"http:\/\/www.filindeblogg.nu\/wp-content\/uploads\/2016\/12\/084-300x225.jpg 300w, http:\/\/www.filindeblogg.nu\/wp-content\/uploads\/2016\/12\/084.jpg 600w\" sizes=\"(max-width: 249px) 100vw, 249px\" \/><\/p>\n<p>MEN &#8211; den h\u00e4r summeringen och nedr\u00e4kningen har med \u00e5r 2016 att g\u00f6ra &#8211; f\u00f6r nu kan man verkligen b\u00f6rja r\u00e4kna ner! <img loading=\"lazy\" class=\"alignnone size-medium wp-image-67971\" src=\"http:\/\/www.filindeblogg.nu\/wp-content\/uploads\/2016\/12\/083-225x300.jpg\" alt=\"083\" width=\"225\" height=\"300\" srcset=\"http:\/\/www.filindeblogg.nu\/wp-content\/uploads\/2016\/12\/083-225x300.jpg 225w, http:\/\/www.filindeblogg.nu\/wp-content\/uploads\/2016\/12\/083.jpg 450w\" sizes=\"(max-width: 225px) 100vw, 225px\" \/><\/p>\n<p><img loading=\"lazy\" class=\"alignnone  wp-image-67972\" src=\"http:\/\/www.filindeblogg.nu\/wp-content\/uploads\/2016\/12\/Jul112-225x300.jpg\" alt=\"jul112\" width=\"148\" height=\"197\" srcset=\"http:\/\/www.filindeblogg.nu\/wp-content\/uploads\/2016\/12\/Jul112-225x300.jpg 225w, http:\/\/www.filindeblogg.nu\/wp-content\/uploads\/2016\/12\/Jul112.jpg 450w\" sizes=\"(max-width: 148px) 100vw, 148px\" \/> Juldagarna \u00e4r \u00f6ver. <img loading=\"lazy\" class=\"alignnone  wp-image-67973\" src=\"http:\/\/www.filindeblogg.nu\/wp-content\/uploads\/2016\/12\/Jul-007-300x225.jpg\" alt=\"jul-007\" width=\"259\" height=\"194\" srcset=\"http:\/\/www.filindeblogg.nu\/wp-content\/uploads\/2016\/12\/Jul-007-300x225.jpg 300w, http:\/\/www.filindeblogg.nu\/wp-content\/uploads\/2016\/12\/Jul-007.jpg 600w\" sizes=\"(max-width: 259px) 100vw, 259px\" \/> Bara n\u00e5gra f\u00e5 dagar kvar till ny\u00e5rsafton och sen ett nytt \u00e5r. <img loading=\"lazy\" class=\"alignnone  wp-image-67976\" src=\"http:\/\/www.filindeblogg.nu\/wp-content\/uploads\/2016\/12\/077-1-300x225.jpg\" alt=\"077\" width=\"236\" height=\"177\" srcset=\"http:\/\/www.filindeblogg.nu\/wp-content\/uploads\/2016\/12\/077-1-300x225.jpg 300w, http:\/\/www.filindeblogg.nu\/wp-content\/uploads\/2016\/12\/077-1.jpg 600w\" sizes=\"(max-width: 236px) 100vw, 236px\" \/><\/p>\n<p><img loading=\"lazy\" class=\"alignnone size-medium wp-image-67974\" src=\"http:\/\/www.filindeblogg.nu\/wp-content\/uploads\/2016\/12\/Jul073-300x225.jpg\" alt=\"jul073\" width=\"300\" height=\"225\" srcset=\"http:\/\/www.filindeblogg.nu\/wp-content\/uploads\/2016\/12\/Jul073-300x225.jpg 300w, http:\/\/www.filindeblogg.nu\/wp-content\/uploads\/2016\/12\/Jul073.jpg 600w\" sizes=\"(max-width: 300px) 100vw, 300px\" \/> Dags att bli lite eftert\u00e4nksam.<\/p>\n<p>Den h\u00e4r burken ska det tas itu med p\u00e5 ny\u00e5rsafton! <img loading=\"lazy\" class=\"alignnone size-medium wp-image-67975\" src=\"http:\/\/www.filindeblogg.nu\/wp-content\/uploads\/2016\/12\/070-225x300.jpg\" alt=\"070\" width=\"225\" height=\"300\" srcset=\"http:\/\/www.filindeblogg.nu\/wp-content\/uploads\/2016\/12\/070-225x300.jpg 225w, http:\/\/www.filindeblogg.nu\/wp-content\/uploads\/2016\/12\/070.jpg 450w\" sizes=\"(max-width: 225px) 100vw, 225px\" \/> Bara trevligheter d\u00e4r! <strong><em>&#8221;H\u00e4rliga h\u00e4ndelser 2016&#8221;!<\/em><\/strong> Bloggaren kan rekommendera denna form av samlande.<br \/>\nEtt tips f\u00f6rra \u00e5ret om att spara sm\u00e5 lappar med allt roligt som h\u00e4nder under \u00e5ret &#8211; blev verklighet f\u00f6r bloggaren. Vad som finns i glasburken avsl\u00f6jas f\u00f6rst p\u00e5 ny\u00e5rsafton &#8211; och kanske inte ens d\u00e5 f\u00f6r er l\u00e4sare&#8230; Det beror p\u00e5 vad det roliga \u00e4r!! \ud83d\ude00<br \/>\nSp\u00e4nnande ska det bli i alla fall. Man gl\u00f6mmer fort och att f\u00e5 alla de b\u00e4sta minnena i repris k\u00e4nns toppen!<\/p>\n<p><img loading=\"lazy\" class=\"alignnone size-full wp-image-67977\" src=\"http:\/\/www.filindeblogg.nu\/wp-content\/uploads\/2016\/12\/Ny\u00e5rsl\u00f6fte-2.png\" alt=\"nyarslofte-2\" width=\"255\" height=\"120\" \/> Sen har vi ju det h\u00e4r! Ny\u00e5rsl\u00f6ften!<\/p>\n<p>T\u00e4nker ni avge n\u00e5gra &#8211;<br \/>\noch sen ocks\u00e5 f\u00f6rs\u00f6ka h\u00e5lla dom!? <img loading=\"lazy\" class=\"alignnone  wp-image-67978\" src=\"http:\/\/www.filindeblogg.nu\/wp-content\/uploads\/2016\/12\/Ny\u00e5rsl\u00f6fte-300x125.jpg\" alt=\"nyarslofte\" width=\"216\" height=\"90\" srcset=\"http:\/\/www.filindeblogg.nu\/wp-content\/uploads\/2016\/12\/Ny\u00e5rsl\u00f6fte-300x125.jpg 300w, http:\/\/www.filindeblogg.nu\/wp-content\/uploads\/2016\/12\/Ny\u00e5rsl\u00f6fte.jpg 348w\" sizes=\"(max-width: 216px) 100vw, 216px\" \/><\/p>\n<p>Bloggaren har redan f\u00f6rberett sig! \ud83d\ude00 <img loading=\"lazy\" class=\"alignnone size-medium wp-image-67979\" src=\"http:\/\/www.filindeblogg.nu\/wp-content\/uploads\/2016\/12\/131-300x207.jpg\" alt=\"131\" width=\"300\" height=\"207\" srcset=\"http:\/\/www.filindeblogg.nu\/wp-content\/uploads\/2016\/12\/131-300x207.jpg 300w, http:\/\/www.filindeblogg.nu\/wp-content\/uploads\/2016\/12\/131.jpg 600w\" sizes=\"(max-width: 300px) 100vw, 300px\" \/> Och om det nu \u00e4r n\u00e5gon som h\u00e4ndelsevis \u00e4r intresserad av vad bloggaren t\u00e4nker ha f\u00f6r l\u00f6ften s\u00e5 ser skylten ut s\u00e5 h\u00e4r p\u00e5 n\u00e4rmare h\u00e5ll:<\/p>\n<p><img loading=\"lazy\" class=\"aligncenter size-medium wp-image-67980\" src=\"http:\/\/www.filindeblogg.nu\/wp-content\/uploads\/2016\/12\/130-300x225.jpg\" alt=\"130\" width=\"300\" height=\"225\" srcset=\"http:\/\/www.filindeblogg.nu\/wp-content\/uploads\/2016\/12\/130-300x225.jpg 300w, http:\/\/www.filindeblogg.nu\/wp-content\/uploads\/2016\/12\/130.jpg 600w\" sizes=\"(max-width: 300px) 100vw, 300px\" \/><\/p>\n<p>Bloggaren har summerat de senaste tv\u00e5 \u00e5ren som Nyheternas \u00e5r 2015 respektive Njutningens \u00e5r 2016 &#8211; f\u00f6r att ge l\u00f6ftet att 2017 ska bli <strong>L\u00c4RANDETS \u00c5R!<\/strong><br \/>\n<strong><em>&#8221;L\u00e4rdomar fr\u00e5n alla omv\u00e4lvande upplevelser f\u00f6r ett fortsatt njutfyllt liv!&#8221;<\/em> <\/strong><\/p>\n<p>Det \u00e4r v\u00e4l inte s\u00e5 dumt eller vad s\u00e4ger ni?<\/p>\n<p>Och bloggaren \u00e4r redan f\u00f6rberedd, s\u00e5 kan man v\u00e4l uttrycka det&#8230; <img loading=\"lazy\" class=\"alignnone  wp-image-67981\" src=\"http:\/\/www.filindeblogg.nu\/wp-content\/uploads\/2016\/12\/014-225x300.jpg\" alt=\"014\" width=\"149\" height=\"199\" srcset=\"http:\/\/www.filindeblogg.nu\/wp-content\/uploads\/2016\/12\/014-225x300.jpg 225w, http:\/\/www.filindeblogg.nu\/wp-content\/uploads\/2016\/12\/014.jpg 450w\" sizes=\"(max-width: 149px) 100vw, 149px\" \/> \u00d6verallt i bostaden finns p\u00e5minnelser, l\u00e4rdomar som bloggaren f\u00e5tt till sig&#8230;<br \/>\n<img loading=\"lazy\" class=\"alignnone  wp-image-67982\" src=\"http:\/\/www.filindeblogg.nu\/wp-content\/uploads\/2016\/12\/019-225x300.jpg\" alt=\"019\" width=\"165\" height=\"220\" srcset=\"http:\/\/www.filindeblogg.nu\/wp-content\/uploads\/2016\/12\/019-225x300.jpg 225w, http:\/\/www.filindeblogg.nu\/wp-content\/uploads\/2016\/12\/019.jpg 450w\" sizes=\"(max-width: 165px) 100vw, 165px\" \/> Att blixtra med fartkameran bara n\u00e4r det verkligen beh\u00f6vs! En l\u00e4rdom som en impulsiv person som bloggaren beh\u00f6ver t\u00e4nka till p\u00e5 ordentligt. Inte g\u00e5 ig\u00e5ng p\u00e5 allting hela tiden!<\/p>\n<p>Sen det d\u00e4r om att vara s\u00e5 duktig. Fixa allt. Klara allt. Helst p\u00e5 ingen tid alls. Nu finns kloka ord om det ocks\u00e5: <img loading=\"lazy\" class=\"alignnone size-medium wp-image-67983\" src=\"http:\/\/www.filindeblogg.nu\/wp-content\/uploads\/2016\/12\/012-300x225.jpg\" alt=\"012\" width=\"300\" height=\"225\" srcset=\"http:\/\/www.filindeblogg.nu\/wp-content\/uploads\/2016\/12\/012-300x225.jpg 300w, http:\/\/www.filindeblogg.nu\/wp-content\/uploads\/2016\/12\/012.jpg 600w\" sizes=\"(max-width: 300px) 100vw, 300px\" \/><br \/>\n<strong><em>&#8221;Man m\u00e5ste ingenting!&#8221;<\/em> <\/strong>Nej faktiskt \u00e4r det v\u00e4ldigt f\u00e5 saker som man verkligen M\u00c5STE g\u00f6ra! Just nu &#8211; p\u00e5 en g\u00e5ng!<br \/>\nS\u00e5 ta&#8217;t lite lugnt bloggar&#8217;n!! \ud83d\ude42<\/p>\n<p>Att ta det lugnt finns det fler p\u00e5minnelser om h\u00e4r hemma:\u00a0 <img loading=\"lazy\" class=\"alignnone size-medium wp-image-67984\" src=\"http:\/\/www.filindeblogg.nu\/wp-content\/uploads\/2016\/12\/025-1-225x300.jpg\" alt=\"025\" width=\"225\" height=\"300\" srcset=\"http:\/\/www.filindeblogg.nu\/wp-content\/uploads\/2016\/12\/025-1-225x300.jpg 225w, http:\/\/www.filindeblogg.nu\/wp-content\/uploads\/2016\/12\/025-1.jpg 450w\" sizes=\"(max-width: 225px) 100vw, 225px\" \/> <strong><em>&#8221;Never run faster than your guardian angels can fly&#8221;<\/em><\/strong> &#8211; inte rusa snabbare \u00e4n dina skydds\u00e4nglar!<\/p>\n<p>Att lugna ner sig och bara g\u00f6ra det som verkligen beh\u00f6ver g\u00f6ras &#8211; ska bli bloggarens melodi fr\u00e5n 2017!<\/p>\n<p>Det h\u00e4r kan bloggaren redan: <img loading=\"lazy\" class=\"alignnone size-medium wp-image-67985\" src=\"http:\/\/www.filindeblogg.nu\/wp-content\/uploads\/2016\/12\/079-225x300.jpg\" alt=\"079\" width=\"225\" height=\"300\" srcset=\"http:\/\/www.filindeblogg.nu\/wp-content\/uploads\/2016\/12\/079-225x300.jpg 225w, http:\/\/www.filindeblogg.nu\/wp-content\/uploads\/2016\/12\/079.jpg 450w\" sizes=\"(max-width: 225px) 100vw, 225px\" \/> Att ge med hj\u00e4rtat utan att f\u00f6rv\u00e4nta sig n\u00e5got tillbaka. Givandets gl\u00e4dje! S\u00e5 h\u00e4rligt!<br \/>\nN\u00e5got att t\u00e4nka p\u00e5 och ta till sig f\u00f6r den som \u00e4r av annan \u00e5sikt.<\/p>\n<p>Och varf\u00f6r d\u00e5 d\u00e5? Varf\u00f6r t\u00e4nka p\u00e5 allt det h\u00e4r?? Se h\u00e4r, julklappen som bloggaren fick av sin dotter: <img loading=\"lazy\" class=\"alignnone size-medium wp-image-67986\" src=\"http:\/\/www.filindeblogg.nu\/wp-content\/uploads\/2016\/12\/026-225x300.jpg\" alt=\"026\" width=\"225\" height=\"300\" srcset=\"http:\/\/www.filindeblogg.nu\/wp-content\/uploads\/2016\/12\/026-225x300.jpg 225w, http:\/\/www.filindeblogg.nu\/wp-content\/uploads\/2016\/12\/026.jpg 450w\" sizes=\"(max-width: 225px) 100vw, 225px\" \/> Den fina brickan har f\u00f6ljande text:<br \/>\n<strong><em>&#8221;Life is too short to wake up with regrets, so love the people who treat you right, forget about those who don&#8217;t.<br \/>\nBelieve everything happens for a reason.<br \/>\nIf you get a chance &#8211; take it. If it changes your life &#8211; let it.<br \/>\nNobody said life would be easy. They just promised it would most likely be worth it.&#8221;<\/em><\/strong><\/p>\n<p>Ungef\u00e4r s\u00e5 h\u00e4r p\u00e5 svenska: <strong><em>&#8221;<br \/>\nLivet \u00e4r f\u00f6r kort f\u00f6r att vakna upp och \u00e5ngra sig &#8211; s\u00e5 \u00e4lska de m\u00e4nniskor som behandlar dig v\u00e4l, gl\u00f6m de som inte g\u00f6r det.<br \/>\nTro p\u00e5 att allt h\u00e4nder av en orsak.<br \/>\nOm du f\u00e5r chansen &#8211; ta den. Om det f\u00f6r\u00e4ndrar ditt liv &#8211; l\u00e5t det g\u00f6ra det.<br \/>\nIngen sa att livet skulle vara enkelt. De lovade bara att det mest troligt skulle vara v\u00e4rt det.&#8221;<\/em><\/strong><\/p>\n<p>Och deviser liknande detta finns f\u00f6rst\u00e5s redan i bloggarens bostad&#8230; <img loading=\"lazy\" class=\"alignnone size-medium wp-image-67987\" src=\"http:\/\/www.filindeblogg.nu\/wp-content\/uploads\/2016\/12\/031-300x231.jpg\" alt=\"031\" width=\"300\" height=\"231\" srcset=\"http:\/\/www.filindeblogg.nu\/wp-content\/uploads\/2016\/12\/031-300x231.jpg 300w, http:\/\/www.filindeblogg.nu\/wp-content\/uploads\/2016\/12\/031.jpg 584w\" sizes=\"(max-width: 300px) 100vw, 300px\" \/><\/p>\n<p>Och h\u00e4r: <img loading=\"lazy\" class=\"alignnone size-medium wp-image-67988\" src=\"http:\/\/www.filindeblogg.nu\/wp-content\/uploads\/2016\/12\/021-1-271x300.jpg\" alt=\"021\" width=\"271\" height=\"300\" srcset=\"http:\/\/www.filindeblogg.nu\/wp-content\/uploads\/2016\/12\/021-1-271x300.jpg 271w, http:\/\/www.filindeblogg.nu\/wp-content\/uploads\/2016\/12\/021-1.jpg 450w\" sizes=\"(max-width: 271px) 100vw, 271px\" \/><\/p>\n<p>Gl\u00f6m aldrig det h\u00e4r: <img loading=\"lazy\" class=\"alignnone size-medium wp-image-67989\" src=\"http:\/\/www.filindeblogg.nu\/wp-content\/uploads\/2016\/12\/022-300x225.jpg\" alt=\"022\" width=\"300\" height=\"225\" srcset=\"http:\/\/www.filindeblogg.nu\/wp-content\/uploads\/2016\/12\/022-300x225.jpg 300w, http:\/\/www.filindeblogg.nu\/wp-content\/uploads\/2016\/12\/022.jpg 600w\" sizes=\"(max-width: 300px) 100vw, 300px\" \/><br \/>\neller det h\u00e4r: <img loading=\"lazy\" class=\"alignnone size-medium wp-image-67990\" src=\"http:\/\/www.filindeblogg.nu\/wp-content\/uploads\/2016\/12\/023-225x300.jpg\" alt=\"023\" width=\"225\" height=\"300\" srcset=\"http:\/\/www.filindeblogg.nu\/wp-content\/uploads\/2016\/12\/023-225x300.jpg 225w, http:\/\/www.filindeblogg.nu\/wp-content\/uploads\/2016\/12\/023.jpg 450w\" sizes=\"(max-width: 225px) 100vw, 225px\" \/> F\u00f6r \u00e4ven om det \u00e4r bra att ta tillvara l\u00e4rdomar fr\u00e5n f\u00f6rr &#8211; s\u00e5 t\u00e4nk p\u00e5 att l\u00e4mna det gamla bakom dig! L\u00e4r av misstagen men g\u00e5 vidare och LEV I NUET!<\/p>\n<p><img loading=\"lazy\" class=\"alignnone  wp-image-67991\" src=\"http:\/\/www.filindeblogg.nu\/wp-content\/uploads\/2016\/12\/Nu-\u00e4r-goda-r\u00e5d-dyra-Wigglers-300x300.jpg\" alt=\"nu-ar-goda-rad-dyra-wigglers\" width=\"234\" height=\"234\" srcset=\"http:\/\/www.filindeblogg.nu\/wp-content\/uploads\/2016\/12\/Nu-\u00e4r-goda-r\u00e5d-dyra-Wigglers-300x300.jpg 300w, http:\/\/www.filindeblogg.nu\/wp-content\/uploads\/2016\/12\/Nu-\u00e4r-goda-r\u00e5d-dyra-Wigglers-150x150.jpg 150w, http:\/\/www.filindeblogg.nu\/wp-content\/uploads\/2016\/12\/Nu-\u00e4r-goda-r\u00e5d-dyra-Wigglers-144x144.jpg 144w, http:\/\/www.filindeblogg.nu\/wp-content\/uploads\/2016\/12\/Nu-\u00e4r-goda-r\u00e5d-dyra-Wigglers.jpg 400w\" sizes=\"(max-width: 234px) 100vw, 234px\" \/> <strong><em>&#8221;Svara mej &#8211; nu \u00e4r goda r\u00e5d dyra&#8221;!<\/em><\/strong> \ud83d\ude00<br \/>\nDet h\u00e4r dansbandet fr\u00e5n typ 60-talet d\u00f6k upp n\u00e4r bloggaren googlade p\u00e5 &#8221;goda r\u00e5d&#8221;.<br \/>\nMen goda r\u00e5d \u00e4r ju inte alls dyra! Se bara h\u00e4r p\u00e5 alla goda r\u00e5d som bloggaren f\u00f6rser er med! \ud83d\ude00 Och ordspr\u00e5ket s\u00e4ger s\u00e5 h\u00e4r: &#8221;<em>Den r\u00e5d lyder \u00e4r vis, men or\u00e5d ska ingen lyda.&#8221;<br \/>\n<\/em>Fler ordspr\u00e5k hittar du <a href=\"https:\/\/sv.wikipedia.org\/wiki\/Lista_%C3%B6ver_svenska_ordspr%C3%A5k\"><strong>H\u00c4R!<\/strong><\/a><\/p>\n<p>Bloggaren t\u00e4nker allts\u00e5 lyda en m\u00e4ngd goda r\u00e5d och f\u00f6rmaningar som hon f\u00e5tt under Nyheternas \u00e5r respektive Njutningens \u00e5r &#8211; s\u00e5 att 2017 blir ett L\u00e4randets \u00e5r. Att l\u00e4ra sig bli b\u00e4ttre b\u00e5de mot sig sj\u00e4lv och mot andra. Guld!<br \/>\nEtt alldeles s\u00e4rskilt TACK till den person som f\u00f6rsett mig med s\u00e5v\u00e4l nyheter, njutningar som l\u00e4rdomar under snart tv\u00e5 \u00e5r. <img loading=\"lazy\" class=\"alignnone  wp-image-68015\" src=\"http:\/\/www.filindeblogg.nu\/wp-content\/uploads\/2016\/12\/hj\u00e4rta-med-hj\u00e4rtan-1.png\" alt=\"hjarta-med-hjartan\" width=\"71\" height=\"68\" \/><\/p>\n<p>Men sen ska man inte gl\u00f6mma att vara lite sn\u00e4ll mot sig sj\u00e4lv ocks\u00e5! Varje morgon s\u00e4ga till sig sj\u00e4lv i spegeln:<br \/>\n<strong>&#8211; Gud, vad snygg du \u00e4r! Och b\u00e4st \u00e4r du ocks\u00e5!!<\/strong> <img loading=\"lazy\" class=\"alignnone  wp-image-68019\" src=\"http:\/\/www.filindeblogg.nu\/wp-content\/uploads\/2016\/12\/051-Kopia-2-212x300.jpg\" alt=\"051-kopia-2\" width=\"171\" height=\"242\" srcset=\"http:\/\/www.filindeblogg.nu\/wp-content\/uploads\/2016\/12\/051-Kopia-2-212x300.jpg 212w, http:\/\/www.filindeblogg.nu\/wp-content\/uploads\/2016\/12\/051-Kopia-2.jpg 349w\" sizes=\"(max-width: 171px) 100vw, 171px\" \/><br \/>\nHj\u00e4rnan tror p\u00e5 allt du s\u00e4ger! \ud83d\ude09<\/p>\n<p>Och gl\u00f6m inte att ta det lugnt! \u00a0 <img loading=\"lazy\" class=\"alignnone  wp-image-67993\" src=\"http:\/\/www.filindeblogg.nu\/wp-content\/uploads\/2016\/12\/060-300x225.jpg\" alt=\"060\" width=\"244\" height=\"183\" srcset=\"http:\/\/www.filindeblogg.nu\/wp-content\/uploads\/2016\/12\/060-300x225.jpg 300w, http:\/\/www.filindeblogg.nu\/wp-content\/uploads\/2016\/12\/060.jpg 600w\" sizes=\"(max-width: 244px) 100vw, 244px\" \/><br \/>\n<img loading=\"lazy\" class=\"alignnone  wp-image-67994\" src=\"http:\/\/www.filindeblogg.nu\/wp-content\/uploads\/2016\/12\/020-232x300.jpg\" alt=\"020\" width=\"183\" height=\"237\" srcset=\"http:\/\/www.filindeblogg.nu\/wp-content\/uploads\/2016\/12\/020-232x300.jpg 232w, http:\/\/www.filindeblogg.nu\/wp-content\/uploads\/2016\/12\/020.jpg 450w\" sizes=\"(max-width: 183px) 100vw, 183px\" \/> <strong><em>&#8221;Keep calm and live your dreams&#8221;<\/em><\/strong> &#8211; den lappen finns ocks\u00e5 p\u00e5 en v\u00e4gg hos bloggaren. Ta det lugnt och lev din dr\u00f6m!<\/p>\n<p>Gl\u00f6m heller inte att ha koll p\u00e5 n\u00e4r de rosa molnen \u00e4r p\u00e5 v\u00e4g in!! \ud83d\ude09 F\u00e5r ni chansen &#8211; ta den!!<\/p>\n<p><img loading=\"lazy\" class=\"size-medium wp-image-67995 aligncenter\" src=\"http:\/\/www.filindeblogg.nu\/wp-content\/uploads\/2016\/12\/070-Rosa-moln-300x225.jpg\" alt=\"070-rosa-moln\" width=\"300\" height=\"225\" srcset=\"http:\/\/www.filindeblogg.nu\/wp-content\/uploads\/2016\/12\/070-Rosa-moln-300x225.jpg 300w, http:\/\/www.filindeblogg.nu\/wp-content\/uploads\/2016\/12\/070-Rosa-moln.jpg 600w\" sizes=\"(max-width: 300px) 100vw, 300px\" \/><\/p>\n<p>Dagens ord i evighetskalendern st\u00e4mmer s\u00e5 bra!<\/p>\n<p><img loading=\"lazy\" class=\"aligncenter size-medium wp-image-67996\" src=\"http:\/\/www.filindeblogg.nu\/wp-content\/uploads\/2016\/12\/039-300x225.jpg\" alt=\"039\" width=\"300\" height=\"225\" srcset=\"http:\/\/www.filindeblogg.nu\/wp-content\/uploads\/2016\/12\/039-300x225.jpg 300w, http:\/\/www.filindeblogg.nu\/wp-content\/uploads\/2016\/12\/039.jpg 600w\" sizes=\"(max-width: 300px) 100vw, 300px\" \/><\/p>\n<p style=\"text-align: center;\"><strong><em>&#8221;Din inre styrka \u00e4r starkare \u00e4n du tror.&#8221;<\/em><\/strong><\/p>\n<p style=\"text-align: left;\">Ta till er det ni vill men lev livet varligt.<br \/>\nVill ni s\u00e5 ses vi igen efter ny\u00e5r och KANSKE avsl\u00f6jar bloggaren d\u00e5 n\u00e5gra av de h\u00e4rligaste h\u00e4ndelserna som hon upplevde under 2016! \ud83d\ude09 <img loading=\"lazy\" class=\"alignnone  wp-image-67997\" src=\"http:\/\/www.filindeblogg.nu\/wp-content\/uploads\/2016\/12\/070-Kopia-172x300.jpg\" alt=\"070-kopia\" width=\"104\" height=\"181\" srcset=\"http:\/\/www.filindeblogg.nu\/wp-content\/uploads\/2016\/12\/070-Kopia-172x300.jpg 172w, http:\/\/www.filindeblogg.nu\/wp-content\/uploads\/2016\/12\/070-Kopia.jpg 288w\" sizes=\"(max-width: 104px) 100vw, 104px\" \/><\/p>\n<p style=\"text-align: left;\">Ett gott slut p\u00e5 2016 till\u00f6nskas er alla och ett riktigt GOTT NYTT \u00c5R 2017!! L\u00e5t det nya \u00e5ret bli ett \u00e5r som lyser och blomstrar f\u00f6r dig och f\u00f6r mig &#8211; f\u00f6r oss alla.<\/p>\n<p style=\"text-align: left;\"><img loading=\"lazy\" class=\"aligncenter size-medium wp-image-67998\" src=\"http:\/\/www.filindeblogg.nu\/wp-content\/uploads\/2016\/12\/058-225x300.jpg\" alt=\"058\" width=\"225\" height=\"300\" srcset=\"http:\/\/www.filindeblogg.nu\/wp-content\/uploads\/2016\/12\/058-225x300.jpg 225w, http:\/\/www.filindeblogg.nu\/wp-content\/uploads\/2016\/12\/058.jpg 450w\" sizes=\"(max-width: 225px) 100vw, 225px\" \/><\/p>\n<p>&nbsp;<\/p>\n<p>&nbsp;<\/p>\n","protected":false},"excerpt":{"rendered":"<p>Dags att summera &#8211; och att r\u00e4kna ner! Det kan handla om livet och att det \u00e4r dags f\u00f6r nedr\u00e4kning &#8211; vilket man kan f\u00e5 f\u00f6r sig ibland n\u00e4r man k\u00e4nner sig krasslig och p\u00e5minns om att livet en g\u00e5ng har ett slut. Ett slut som n\u00e4rmar sig allt hastigare med \u00e5ren. Ett bes\u00f6k p\u00e5 [&hellip;]<\/p>\n","protected":false},"author":1,"featured_media":0,"comment_status":"open","ping_status":"open","sticky":false,"template":"","format":"standard","meta":[],"categories":[196,161,203,100,191,132,101],"tags":[],"_links":{"self":[{"href":"http:\/\/www.filindeblogg.nu\/index.php?rest_route=\/wp\/v2\/posts\/67968"}],"collection":[{"href":"http:\/\/www.filindeblogg.nu\/index.php?rest_route=\/wp\/v2\/posts"}],"about":[{"href":"http:\/\/www.filindeblogg.nu\/index.php?rest_route=\/wp\/v2\/types\/post"}],"author":[{"embeddable":true,"href":"http:\/\/www.filindeblogg.nu\/index.php?rest_route=\/wp\/v2\/users\/1"}],"replies":[{"embeddable":true,"href":"http:\/\/www.filindeblogg.nu\/index.php?rest_route=%2Fwp%2Fv2%2Fcomments&post=67968"}],"version-history":[{"count":27,"href":"http:\/\/www.filindeblogg.nu\/index.php?rest_route=\/wp\/v2\/posts\/67968\/revisions"}],"predecessor-version":[{"id":68029,"href":"http:\/\/www.filindeblogg.nu\/index.php?rest_route=\/wp\/v2\/posts\/67968\/revisions\/68029"}],"wp:attachment":[{"href":"http:\/\/www.filindeblogg.nu\/index.php?rest_route=%2Fwp%2Fv2%2Fmedia&parent=67968"}],"wp:term":[{"taxonomy":"category","embeddable":true,"href":"http:\/\/www.filindeblogg.nu\/index.php?rest_route=%2Fwp%2Fv2%2Fcategories&post=67968"},{"taxonomy":"post_tag","embeddable":true,"href":"http:\/\/www.filindeblogg.nu\/index.php?rest_route=%2Fwp%2Fv2%2Ftags&post=67968"}],"curies":[{"name":"wp","href":"https:\/\/api.w.org\/{rel}","templated":true}]}}