{"id":67943,"date":"2016-12-08T10:07:44","date_gmt":"2016-12-08T09:07:44","guid":{"rendered":"http:\/\/www.filindeblogg.nu\/?p=67943"},"modified":"2016-12-08T10:07:44","modified_gmt":"2016-12-08T09:07:44","slug":"om-sorg-och-lycka-om-livet","status":"publish","type":"post","link":"http:\/\/www.filindeblogg.nu\/?p=67943","title":{"rendered":"Om sorg och lycka &#8211; om livet&#8230;"},"content":{"rendered":"<p><img loading=\"lazy\" class=\"alignnone  wp-image-67944\" src=\"http:\/\/www.filindeblogg.nu\/wp-content\/uploads\/2016\/12\/Mina-tankar.jpg\" alt=\"mina-tankar\" width=\"166\" height=\"119\" \/> Bloggaren har en speciell k\u00e4nsla f\u00f6r morgnar. P\u00e5 morgnarna kommer tankarna, minnena och funderingar. Ibland utvecklas de till dikter, ibland till en blogg.<img loading=\"lazy\" class=\"alignnone  wp-image-67945\" src=\"http:\/\/www.filindeblogg.nu\/wp-content\/uploads\/2016\/12\/M\u00e5nga-tankar.jpg\" alt=\"manga-tankar\" width=\"221\" height=\"134\" \/><\/p>\n<p>Mina tankar&#8230;Den h\u00e4r morgonen kom tankar p\u00e5 mina f\u00f6r\u00e4ldrar. <img loading=\"lazy\" class=\"alignnone  wp-image-67946\" src=\"http:\/\/www.filindeblogg.nu\/wp-content\/uploads\/2016\/12\/IMG_6347-225x300.jpg\" alt=\"img_6347\" width=\"134\" height=\"179\" srcset=\"http:\/\/www.filindeblogg.nu\/wp-content\/uploads\/2016\/12\/IMG_6347-225x300.jpg 225w, http:\/\/www.filindeblogg.nu\/wp-content\/uploads\/2016\/12\/IMG_6347.jpg 346w\" sizes=\"(max-width: 134px) 100vw, 134px\" \/> De tv\u00e5 som gav mig livet en g\u00e5ng. Vad de t\u00e4nkte, hur de ville att allt skulle bli. Deras omsorger om mig och hur jag f\u00f6rvaltat dem.<\/p>\n<p><img loading=\"lazy\" class=\"alignnone  wp-image-67947\" src=\"http:\/\/www.filindeblogg.nu\/wp-content\/uploads\/2016\/12\/N\u00e4rbild-av-baby-Susanne.jpg\" alt=\"narbild-av-baby-susanne\" width=\"145\" height=\"139\" \/>&#8230;&#8230;.<img loading=\"lazy\" class=\"alignnone  wp-image-67948\" src=\"http:\/\/www.filindeblogg.nu\/wp-content\/uploads\/2016\/12\/IMG_1642-2-225x300.jpg\" alt=\"img_1642-2\" width=\"108\" height=\"144\" srcset=\"http:\/\/www.filindeblogg.nu\/wp-content\/uploads\/2016\/12\/IMG_1642-2-225x300.jpg 225w, http:\/\/www.filindeblogg.nu\/wp-content\/uploads\/2016\/12\/IMG_1642-2.jpg 346w\" sizes=\"(max-width: 108px) 100vw, 108px\" \/>&#8230;&#8230;<img loading=\"lazy\" class=\"alignnone  wp-image-67949\" src=\"http:\/\/www.filindeblogg.nu\/wp-content\/uploads\/2016\/12\/IMG_0545-300x242.jpg\" alt=\"img_0545\" width=\"186\" height=\"150\" srcset=\"http:\/\/www.filindeblogg.nu\/wp-content\/uploads\/2016\/12\/IMG_0545-300x242.jpg 300w, http:\/\/www.filindeblogg.nu\/wp-content\/uploads\/2016\/12\/IMG_0545.jpg 642w\" sizes=\"(max-width: 186px) 100vw, 186px\" \/><\/p>\n<p>Lycka &#8211; <img loading=\"lazy\" class=\"alignnone size-medium wp-image-67950\" src=\"http:\/\/www.filindeblogg.nu\/wp-content\/uploads\/2016\/12\/Suss-och-Doktorn-ihop-med-morfar-f\u00f6r-l\u00e4nge-sen-300x225.jpg\" alt=\"suss-och-doktorn-ihop-med-morfar-for-lange-sen\" width=\"300\" height=\"225\" srcset=\"http:\/\/www.filindeblogg.nu\/wp-content\/uploads\/2016\/12\/Suss-och-Doktorn-ihop-med-morfar-f\u00f6r-l\u00e4nge-sen-300x225.jpg 300w, http:\/\/www.filindeblogg.nu\/wp-content\/uploads\/2016\/12\/Suss-och-Doktorn-ihop-med-morfar-f\u00f6r-l\u00e4nge-sen.jpg 600w\" sizes=\"(max-width: 300px) 100vw, 300px\" \/> och sorg&#8230; <img loading=\"lazy\" class=\"alignnone  wp-image-67951\" src=\"http:\/\/www.filindeblogg.nu\/wp-content\/uploads\/2016\/12\/Susanne-i-t\u00e5rar-juni-2011-225x300.jpg\" alt=\"susanne-i-tarar-juni-2011\" width=\"172\" height=\"229\" srcset=\"http:\/\/www.filindeblogg.nu\/wp-content\/uploads\/2016\/12\/Susanne-i-t\u00e5rar-juni-2011-225x300.jpg 225w, http:\/\/www.filindeblogg.nu\/wp-content\/uploads\/2016\/12\/Susanne-i-t\u00e5rar-juni-2011.jpg 346w\" sizes=\"(max-width: 172px) 100vw, 172px\" \/><\/p>\n<p>Hur vi behandlar varandra och hur vi g\u00e5r vidare. Varf\u00f6r det blev som det blev och hur det kan bli b\u00e4ttre.<\/p>\n<p><img loading=\"lazy\" class=\"alignnone  wp-image-67952\" src=\"http:\/\/www.filindeblogg.nu\/wp-content\/uploads\/2016\/12\/Gamla-fotoalbum.jpg\" alt=\"gamla-fotoalbum\" width=\"165\" height=\"109\" \/> Att bl\u00e4ddra i gamla fotoalbum, se bilder och minnas vad som ber\u00e4ttades om dem, kan ge ord p\u00e5 v\u00e4gen. <img loading=\"lazy\" class=\"alignnone  wp-image-67953\" src=\"http:\/\/www.filindeblogg.nu\/wp-content\/uploads\/2016\/12\/Gamla-fotoalbum-inuti.jpg\" alt=\"gamla-fotoalbum-inuti\" width=\"167\" height=\"112\" \/><\/p>\n<p><img loading=\"lazy\" class=\"alignnone size-medium wp-image-67954\" src=\"http:\/\/www.filindeblogg.nu\/wp-content\/uploads\/2016\/12\/196-300x210.jpg\" alt=\"196\" width=\"300\" height=\"210\" srcset=\"http:\/\/www.filindeblogg.nu\/wp-content\/uploads\/2016\/12\/196-300x210.jpg 300w, http:\/\/www.filindeblogg.nu\/wp-content\/uploads\/2016\/12\/196.jpg 600w\" sizes=\"(max-width: 300px) 100vw, 300px\" \/> Min mammas mormor och morfar. Ett k\u00e4rleksfullt par. B\u00f6nder p\u00e5 en g\u00e5rd i \u00d6sterg\u00f6tland.<\/p>\n<p>H\u00e4r en bild fr\u00e5n mina f\u00f6r\u00e4ldrars br\u00f6llop. <img loading=\"lazy\" class=\"alignnone size-medium wp-image-67955\" src=\"http:\/\/www.filindeblogg.nu\/wp-content\/uploads\/2016\/12\/Mammas-morfar-och-pappas-mormor-och-morfar-300x225.jpg\" alt=\"mammas-morfar-och-pappas-mormor-och-morfar\" width=\"300\" height=\"225\" srcset=\"http:\/\/www.filindeblogg.nu\/wp-content\/uploads\/2016\/12\/Mammas-morfar-och-pappas-mormor-och-morfar-300x225.jpg 300w, http:\/\/www.filindeblogg.nu\/wp-content\/uploads\/2016\/12\/Mammas-morfar-och-pappas-mormor-och-morfar.jpg 600w\" sizes=\"(max-width: 300px) 100vw, 300px\" \/> Platsen \u00e4r Lugnet i Regna &#8211; min mormors och morfars hus. P\u00e5 bilden ses i mitten min pappas morfar Emil och mormor Ida, ett str\u00e4vsamt par med m\u00e5nga barn, fr\u00e5n Eskilstuna.<\/p>\n<p>Och h\u00e4r &#8211; en bild fr\u00e5n juletid f\u00f6r m\u00e5nga \u00e5r sedan: <img loading=\"lazy\" class=\"alignnone size-medium wp-image-67956\" src=\"http:\/\/www.filindeblogg.nu\/wp-content\/uploads\/2016\/12\/Familjen-Landerholm-en-g\u00e5ng-300x225.jpg\" alt=\"familjen-landerholm-en-gang\" width=\"300\" height=\"225\" srcset=\"http:\/\/www.filindeblogg.nu\/wp-content\/uploads\/2016\/12\/Familjen-Landerholm-en-g\u00e5ng-300x225.jpg 300w, http:\/\/www.filindeblogg.nu\/wp-content\/uploads\/2016\/12\/Familjen-Landerholm-en-g\u00e5ng.jpg 600w\" sizes=\"(max-width: 300px) 100vw, 300px\" \/> L\u00e4ngst bak &#8211; min mormor Edith och min morfar Edvin. Framf\u00f6r dem de tre flickorna de fick &#8211; Karna, yngst, Doris, \u00e4ldst och s\u00e5 Hj\u00f6rdis, min mamma.<\/p>\n<p>Alla dessa m\u00e4nniskor b\u00e4r jag med mig &#8211; om inte alltid via minnen &#8211; s\u00e5 faktiskt genom DNA.<\/p>\n<p>Hur t\u00e4nker jag d\u00e5 en morgon som denna. Jo, p\u00e5 de anf\u00f6rvanter som jag faktiskt har minnen av.<br \/>\nKanske fick jag gl\u00e4djen och skratten fr\u00e5n min morfar Edvin? Alldeles s\u00e4kert fick jag allt j\u00e4vlaranamma fr\u00e5n min starka mormor Edith!<br \/>\nJag fick v\u00e4rme och omsorg av min farmor Svea och de lugna tankarna fr\u00e5n farfar Bror.<br \/>\nFr\u00e5n mamma Hj\u00f6rdis fick jag \u00f6msinthet, givmildhet och v\u00e4rme och pappa G\u00f6te gav mig r\u00e4ttr\u00e5dighet, ansvar och redbarhet. Och fr\u00e5n dem alla fick jag k\u00e4rleken.<\/p>\n<p>En mycket k\u00e4r v\u00e4n till mig ger mig ofta goda r\u00e5d och ett av de senaste \u00e4r:<\/p>\n<p style=\"text-align: center;\"><em><strong>Ig\u00e5r var ig\u00e5r och borta nu!<br \/>\nTa bara med dig misstagen du kan l\u00e4ra av &#8211;<br \/>\noch lev sen h\u00e4r och nu.<\/strong><\/em><\/p>\n<p style=\"text-align: left;\">S\u00e5 f\u00f6rs\u00f6ker jag leva och jag t\u00e4nker p\u00e5 att min mamma nog skulle ha sagt: <em>&#8211; Forts\u00e4tt att v\u00e5ga s\u00e5 mycket mer \u00e4n jag gjorde! Men var alltid v\u00e4ldigt r\u00e4dd om dig!<\/em><br \/>\nMin pappa skulle s\u00e4kert ge mig de h\u00e4r r\u00e5den: <em>&#8211; Sl\u00f6sa mer och var mer givmild mot dig sj\u00e4lv och andra \u00e4n vad jag var! Men se till att ha en god ekonomi \u00e4nd\u00e5!<\/em><\/p>\n<p style=\"text-align: left;\">Sorg och lycka &#8211; livet. <img loading=\"lazy\" class=\"alignnone  wp-image-67951\" src=\"http:\/\/www.filindeblogg.nu\/wp-content\/uploads\/2016\/12\/Susanne-i-t\u00e5rar-juni-2011-225x300.jpg\" alt=\"susanne-i-tarar-juni-2011\" width=\"109\" height=\"145\" srcset=\"http:\/\/www.filindeblogg.nu\/wp-content\/uploads\/2016\/12\/Susanne-i-t\u00e5rar-juni-2011-225x300.jpg 225w, http:\/\/www.filindeblogg.nu\/wp-content\/uploads\/2016\/12\/Susanne-i-t\u00e5rar-juni-2011.jpg 346w\" sizes=\"(max-width: 109px) 100vw, 109px\" \/> Nedbrytande sorg tar faktiskt slut och lyckan kan le igen. <img loading=\"lazy\" class=\"alignnone  wp-image-67957\" src=\"http:\/\/www.filindeblogg.nu\/wp-content\/uploads\/2016\/12\/7-Juli-2016-300x225.jpg\" alt=\"7-juli-2016\" width=\"228\" height=\"171\" srcset=\"http:\/\/www.filindeblogg.nu\/wp-content\/uploads\/2016\/12\/7-Juli-2016-300x225.jpg 300w, http:\/\/www.filindeblogg.nu\/wp-content\/uploads\/2016\/12\/7-Juli-2016.jpg 600w\" sizes=\"(max-width: 228px) 100vw, 228px\" \/> Tro mig, jag vet! \ud83d\ude09<\/p>\n<p style=\"text-align: left;\">Du tr\u00e4ffar m\u00e4nniskor, en del blir dina v\u00e4nner och kanske mer, t\u00e4nk p\u00e5 detta:<br \/>\nAlla har s\u00e5dana h\u00e4r ber\u00e4ttelser i sin DNA. Alla har sorg och lycka i sin ryggs\u00e4ck. S\u00e5 var \u00f6msint och \u00f6dmjuk mot dem du m\u00f6ter.<\/p>\n<p style=\"text-align: left;\">Livet \u00e4r ett fantastiskt \u00e4ventyr om du bara ger det chansen!<br \/>\nMen det \u00e4r fort \u00f6ver &#8211; s\u00e5 <strong>LEV NU!<\/strong><\/p>\n<p style=\"text-align: left;\">Och nej, det \u00e4r inte korkat, \u00e4ckligt eller dumt att ber\u00e4tta om sina tankar och k\u00e4nslor! Jag g\u00f6r det g\u00e4rna i bloggform och f\u00f6rs\u00f6ker att h\u00e5lla mig s\u00e5 etiskt riktigt som m\u00f6jligt. Inte l\u00e4mna ut n\u00e5gon s\u00e5 den far illa.<br \/>\nNi som inte orkar med mina innersta tankar, min djupaste sorg eller min sprittande lycka &#8211; SLUTA L\u00c4S! Enkelt! \ud83d\ude42<\/p>\n<p style=\"text-align: left;\"><img loading=\"lazy\" class=\"aligncenter size-full wp-image-67958\" src=\"http:\/\/www.filindeblogg.nu\/wp-content\/uploads\/2016\/12\/Susanne.jpg\" alt=\"susanne\" width=\"177\" height=\"173\" \/><\/p>\n","protected":false},"excerpt":{"rendered":"<p>Bloggaren har en speciell k\u00e4nsla f\u00f6r morgnar. P\u00e5 morgnarna kommer tankarna, minnena och funderingar. Ibland utvecklas de till dikter, ibland till en blogg. Mina tankar&#8230;Den h\u00e4r morgonen kom tankar p\u00e5 mina f\u00f6r\u00e4ldrar. De tv\u00e5 som gav mig livet en g\u00e5ng. Vad de t\u00e4nkte, hur de ville att allt skulle bli. Deras omsorger om mig och [&hellip;]<\/p>\n","protected":false},"author":1,"featured_media":0,"comment_status":"open","ping_status":"open","sticky":false,"template":"","format":"standard","meta":[],"categories":[185,196,161,100,132,101,134],"tags":[],"_links":{"self":[{"href":"http:\/\/www.filindeblogg.nu\/index.php?rest_route=\/wp\/v2\/posts\/67943"}],"collection":[{"href":"http:\/\/www.filindeblogg.nu\/index.php?rest_route=\/wp\/v2\/posts"}],"about":[{"href":"http:\/\/www.filindeblogg.nu\/index.php?rest_route=\/wp\/v2\/types\/post"}],"author":[{"embeddable":true,"href":"http:\/\/www.filindeblogg.nu\/index.php?rest_route=\/wp\/v2\/users\/1"}],"replies":[{"embeddable":true,"href":"http:\/\/www.filindeblogg.nu\/index.php?rest_route=%2Fwp%2Fv2%2Fcomments&post=67943"}],"version-history":[{"count":8,"href":"http:\/\/www.filindeblogg.nu\/index.php?rest_route=\/wp\/v2\/posts\/67943\/revisions"}],"predecessor-version":[{"id":67966,"href":"http:\/\/www.filindeblogg.nu\/index.php?rest_route=\/wp\/v2\/posts\/67943\/revisions\/67966"}],"wp:attachment":[{"href":"http:\/\/www.filindeblogg.nu\/index.php?rest_route=%2Fwp%2Fv2%2Fmedia&parent=67943"}],"wp:term":[{"taxonomy":"category","embeddable":true,"href":"http:\/\/www.filindeblogg.nu\/index.php?rest_route=%2Fwp%2Fv2%2Fcategories&post=67943"},{"taxonomy":"post_tag","embeddable":true,"href":"http:\/\/www.filindeblogg.nu\/index.php?rest_route=%2Fwp%2Fv2%2Ftags&post=67943"}],"curies":[{"name":"wp","href":"https:\/\/api.w.org\/{rel}","templated":true}]}}