{"id":67818,"date":"2016-11-16T17:39:29","date_gmt":"2016-11-16T16:39:29","guid":{"rendered":"http:\/\/www.filindeblogg.nu\/?p=67818"},"modified":"2016-11-16T17:39:29","modified_gmt":"2016-11-16T16:39:29","slug":"ar-du-trumpen-lille-van","status":"publish","type":"post","link":"http:\/\/www.filindeblogg.nu\/?p=67818","title":{"rendered":"\u00c4r du trumpen lille v\u00e4n!?"},"content":{"rendered":"<p><img loading=\"lazy\" class=\"alignnone  wp-image-67821\" src=\"http:\/\/www.filindeblogg.nu\/wp-content\/uploads\/2016\/11\/Gr\u00e5tande-kvinna.jpg\" alt=\"gratande-kvinna\" width=\"81\" height=\"121\" \/> K\u00e4nns allting pl\u00f6tsligt s\u00e5 h\u00e4r? <img loading=\"lazy\" class=\"alignnone  wp-image-67822\" src=\"http:\/\/www.filindeblogg.nu\/wp-content\/uploads\/2016\/11\/Sorgsen.jpg\" alt=\"sorgsen\" width=\"200\" height=\"133\" \/><\/p>\n<p>Dystert&#8230; <img loading=\"lazy\" class=\"alignnone  wp-image-67825\" src=\"http:\/\/www.filindeblogg.nu\/wp-content\/uploads\/2016\/11\/009-225x300.jpg\" alt=\"009\" width=\"137\" height=\"183\" srcset=\"http:\/\/www.filindeblogg.nu\/wp-content\/uploads\/2016\/11\/009-225x300.jpg 225w, http:\/\/www.filindeblogg.nu\/wp-content\/uploads\/2016\/11\/009.jpg 450w\" sizes=\"(max-width: 137px) 100vw, 137px\" \/> Ingenting \u00e4r roligt l\u00e4ngre. Alla m\u00e5sten tynger ner en till kn\u00e4na. Och s\u00e5 regn&#8230; <img loading=\"lazy\" class=\"alignnone  wp-image-67823\" src=\"http:\/\/www.filindeblogg.nu\/wp-content\/uploads\/2016\/11\/Regn.jpg\" alt=\"regn\" width=\"231\" height=\"144\" \/><br \/>\nOch m\u00f6rker&#8230;<img loading=\"lazy\" class=\"alignnone size-full wp-image-67824\" src=\"http:\/\/www.filindeblogg.nu\/wp-content\/uploads\/2016\/11\/Regn-i-m\u00f6rker.jpg\" alt=\"regn-i-morker\" width=\"259\" height=\"194\" \/> L\u00e4gg sen till alla v\u00e4rldsproblem som pl\u00f6tsligt h\u00e4lsar p\u00e5 en genom media&#8230; <img loading=\"lazy\" class=\"alignnone  wp-image-67826\" src=\"http:\/\/www.filindeblogg.nu\/wp-content\/uploads\/2016\/11\/Trump-h\u00e5nflinar-300x166.jpg\" alt=\"trump-hanflinar\" width=\"184\" height=\"102\" srcset=\"http:\/\/www.filindeblogg.nu\/wp-content\/uploads\/2016\/11\/Trump-h\u00e5nflinar-300x166.jpg 300w, http:\/\/www.filindeblogg.nu\/wp-content\/uploads\/2016\/11\/Trump-h\u00e5nflinar.jpg 301w\" sizes=\"(max-width: 184px) 100vw, 184px\" \/><br \/>\n&#8211; \u00c4r du trumpen lille v\u00e4n&#8230; \ud83d\ude41 <img loading=\"lazy\" class=\"alignnone  wp-image-67827\" src=\"http:\/\/www.filindeblogg.nu\/wp-content\/uploads\/2016\/11\/Trump-wont-listen-300x168.jpg\" alt=\"trump-wont-listen\" width=\"245\" height=\"137\" \/><\/p>\n<p>Ja, vad g\u00f6r man?? N\u00e4r depressionen g\u00f6r sig p\u00e5mind&#8230; <img loading=\"lazy\" class=\"alignnone  wp-image-67828\" src=\"http:\/\/www.filindeblogg.nu\/wp-content\/uploads\/2016\/11\/Utbr\u00e4nd-kvinna-300x168.jpg\" alt=\"utbrand-kvinna\" width=\"214\" height=\"120\" \/><br \/>\noch \u00e5ngesten kommer krypande&#8230; <img loading=\"lazy\" class=\"alignnone  wp-image-67829\" src=\"http:\/\/www.filindeblogg.nu\/wp-content\/uploads\/2016\/11\/Utbr\u00e4nd-man.jpg\" alt=\"utbrand-man\" width=\"200\" height=\"133\" \/> N\u00e4r man pl\u00f6tsligt k\u00e4nner att nu orkar jag inte l\u00e4ngre&#8230; <img loading=\"lazy\" class=\"alignnone size-full wp-image-67830\" src=\"http:\/\/www.filindeblogg.nu\/wp-content\/uploads\/2016\/11\/Burned-out-1.jpg\" alt=\"burned-out\" width=\"275\" height=\"183\" \/><\/p>\n<p><img loading=\"lazy\" class=\"alignnone  wp-image-67831\" src=\"http:\/\/www.filindeblogg.nu\/wp-content\/uploads\/2016\/11\/071-225x300.jpg\" alt=\"071\" width=\"167\" height=\"223\" srcset=\"http:\/\/www.filindeblogg.nu\/wp-content\/uploads\/2016\/11\/071-225x300.jpg 225w, http:\/\/www.filindeblogg.nu\/wp-content\/uploads\/2016\/11\/071.jpg 450w\" sizes=\"(max-width: 167px) 100vw, 167px\" \/>\u00a0Man drar ner persiennerna om sig sj\u00e4lv och kryper ihop till en v\u00e4rkande liten boll.<\/p>\n<p>Ja, s\u00e5 g\u00f6r man kanske. L\u00e5ser in sig. Gr\u00e5ter \u00f6gonen ur sig. Blir den absolut mest sorgsna m\u00e4nniskan i v\u00e4rlden &#8211; s\u00e5 k\u00e4nns det.<\/p>\n<p>MEN &#8211; l\u00e5sa in sig \u00e4r inte svaret! Bloggaren vet f\u00f6r hon har varit d\u00e4r och alldeles nyss. Har man ingen hemma att prata med s\u00e5 f\u00e5r man lyfta sig sj\u00e4lv i h\u00e5ret, dra upp persiennerna, sn\u00f6ra p\u00e5 sig skorna och g\u00e5 ut!<\/p>\n<p>F\u00f6r att ta sig ut &#8211; det \u00e4r l\u00f6sningen! Frisk luft, r\u00f6ra p\u00e5 sig, tr\u00e4ffa andra m\u00e4nniskor &#8211; hur sv\u00e5rt det \u00e4n k\u00e4nns att ta det f\u00f6rsta steget. Den 4:e november hade kalendern det h\u00e4r budskapet: <img loading=\"lazy\" class=\"alignnone size-medium wp-image-67832\" src=\"http:\/\/www.filindeblogg.nu\/wp-content\/uploads\/2016\/11\/051-300x225.jpg\" alt=\"051\" width=\"300\" height=\"225\" srcset=\"http:\/\/www.filindeblogg.nu\/wp-content\/uploads\/2016\/11\/051-300x225.jpg 300w, http:\/\/www.filindeblogg.nu\/wp-content\/uploads\/2016\/11\/051.jpg 600w\" sizes=\"(max-width: 300px) 100vw, 300px\" \/> <strong><em>&#8221;Bara du kan f\u00f6r\u00e4ndra ditt liv&#8221;<\/em><\/strong> &#8211; och det \u00e4r sant.<\/p>\n<p>Barndomen, uppv\u00e4xten, v\u00e4rdel\u00f6sa l\u00e4rare i lika v\u00e4rdel\u00f6sa skolor, taskiga chefer p\u00e5 jobbet, elak sambo, dumma grannar &#8211; allt detta kan du inte g\u00f6ra s\u00e5 mycket \u00e5t &#8211; men du kan \u00e4ndra dig sj\u00e4lv! V\u00e4lja alternativ. Bryta upp. Ta dig ut.<\/p>\n<p>Tyv\u00e4rr \u00e4r det ju s\u00e5 h\u00e4r &#8211; som<strong> DN<\/strong> skrev h\u00e4r om veckan: <img loading=\"lazy\" class=\"alignnone size-medium wp-image-67833\" src=\"http:\/\/www.filindeblogg.nu\/wp-content\/uploads\/2016\/11\/035-300x225.jpg\" alt=\"035\" width=\"300\" height=\"225\" srcset=\"http:\/\/www.filindeblogg.nu\/wp-content\/uploads\/2016\/11\/035-300x225.jpg 300w, http:\/\/www.filindeblogg.nu\/wp-content\/uploads\/2016\/11\/035.jpg 600w\" sizes=\"(max-width: 300px) 100vw, 300px\" \/> <em>&#8221;Hur barndomen blev vet man aldrig f\u00f6rr\u00e4n det \u00e4r f\u00f6r sent&#8221;<\/em>.<br \/>\nDet \u00e4r sant och d\u00e4r ligger f\u00f6rst\u00e5s en viktig uppgift hos f\u00f6r\u00e4ldrar och anh\u00f6riga &#8211; att fixa, reparera och lysa upp barndomen f\u00f6r sina barn f\u00f6r att de ska m\u00e5 bra i framtiden &#8211; som vuxna.<\/p>\n<p>Lysa upp kan man g\u00f6ra p\u00e5 andra s\u00e4tt ocks\u00e5 &#8211; fast barndomen \u00e4r \u00f6ver!<br \/>\nGenom att fr\u00e5ga hur v\u00e4nnerna m\u00e5r? Men d\u00e5 g\u00e4ller dagens visdomsord: <img loading=\"lazy\" class=\"alignnone size-medium wp-image-67834\" src=\"http:\/\/www.filindeblogg.nu\/wp-content\/uploads\/2016\/11\/006-300x225.jpg\" alt=\"006\" width=\"300\" height=\"225\" srcset=\"http:\/\/www.filindeblogg.nu\/wp-content\/uploads\/2016\/11\/006-300x225.jpg 300w, http:\/\/www.filindeblogg.nu\/wp-content\/uploads\/2016\/11\/006.jpg 600w\" sizes=\"(max-width: 300px) 100vw, 300px\" \/> <strong><em>&#8221;Ju b\u00e4ttre man sj\u00e4lv m\u00e5r &#8211; desto mer kraft har man att hj\u00e4lpa andra&#8221;<\/em><\/strong>.<br \/>\nMan m\u00e5ste ta hand om sig sj\u00e4lv f\u00f6rst &#8211; f\u00f6r att kunna ta hand om andra. Viktigt!<\/p>\n<p>Man kan ocks\u00e5 t\u00e4nka p\u00e5 hur bra man faktiskt har det. Om man t\u00e4nker efter finns det alltid n\u00e5gon som har det s\u00e4mre \u00e4n man sj\u00e4lv. Gl\u00e4djas \u00f6ver det positiva man faktiskt har!<\/p>\n<p>Man kan skriva av sig &#8211; det g\u00f6r bloggaren! <img loading=\"lazy\" class=\"alignnone  wp-image-67835\" src=\"http:\/\/www.filindeblogg.nu\/wp-content\/uploads\/2016\/11\/Skriva-av-sig.jpg\" alt=\"skriva-av-sig\" width=\"179\" height=\"120\" \/><br \/>\nMan kan baka bullar! \ud83d\ude00 <img loading=\"lazy\" class=\"alignnone  wp-image-67836\" src=\"http:\/\/www.filindeblogg.nu\/wp-content\/uploads\/2016\/11\/025-300x225.jpg\" alt=\"025\" width=\"255\" height=\"191\" srcset=\"http:\/\/www.filindeblogg.nu\/wp-content\/uploads\/2016\/11\/025-300x225.jpg 300w, http:\/\/www.filindeblogg.nu\/wp-content\/uploads\/2016\/11\/025.jpg 600w\" sizes=\"(max-width: 255px) 100vw, 255px\" \/> Man kan gl\u00e4djas \u00e5t en s\u00e5 enkel sak som att krukv\u00e4xterna fr\u00e5n i somras blommar f\u00f6r fullt i tv\u00e4ttstugan, r\u00e4ddade in undan frost och sn\u00f6! <img loading=\"lazy\" class=\"alignnone  wp-image-67837\" src=\"http:\/\/www.filindeblogg.nu\/wp-content\/uploads\/2016\/11\/016-300x225.jpg\" alt=\"016\" width=\"227\" height=\"170\" srcset=\"http:\/\/www.filindeblogg.nu\/wp-content\/uploads\/2016\/11\/016-300x225.jpg 300w, http:\/\/www.filindeblogg.nu\/wp-content\/uploads\/2016\/11\/016.jpg 600w\" sizes=\"(max-width: 227px) 100vw, 227px\" \/><\/p>\n<p>Lita skoj fr\u00e5n <strong>DN<\/strong> ocks\u00e5 &#8211; med viss lokal anknytning! \ud83d\ude09 <img loading=\"lazy\" class=\"alignnone size-medium wp-image-67838\" src=\"http:\/\/www.filindeblogg.nu\/wp-content\/uploads\/2016\/11\/Strip-225x300.jpg\" alt=\"strip\" width=\"225\" height=\"300\" srcset=\"http:\/\/www.filindeblogg.nu\/wp-content\/uploads\/2016\/11\/Strip-225x300.jpg 225w, http:\/\/www.filindeblogg.nu\/wp-content\/uploads\/2016\/11\/Strip.jpg 450w\" sizes=\"(max-width: 225px) 100vw, 225px\" \/><br \/>\nDet h\u00e4r: <img loading=\"lazy\" class=\"alignnone  wp-image-67839\" src=\"http:\/\/www.filindeblogg.nu\/wp-content\/uploads\/2016\/11\/010-300x225.jpg\" alt=\"010\" width=\"220\" height=\"165\" srcset=\"http:\/\/www.filindeblogg.nu\/wp-content\/uploads\/2016\/11\/010-300x225.jpg 300w, http:\/\/www.filindeblogg.nu\/wp-content\/uploads\/2016\/11\/010.jpg 600w\" sizes=\"(max-width: 220px) 100vw, 220px\" \/><\/p>\n<p>Man kan ge bort saker ocks\u00e5 &#8211; f\u00f6r att det \u00e4r s\u00e5 roligt att ge! <img loading=\"lazy\" class=\"alignnone size-medium wp-image-67840\" src=\"http:\/\/www.filindeblogg.nu\/wp-content\/uploads\/2016\/11\/038-300x225.jpg\" alt=\"038\" width=\"300\" height=\"225\" srcset=\"http:\/\/www.filindeblogg.nu\/wp-content\/uploads\/2016\/11\/038-300x225.jpg 300w, http:\/\/www.filindeblogg.nu\/wp-content\/uploads\/2016\/11\/038.jpg 600w\" sizes=\"(max-width: 300px) 100vw, 300px\" \/> Och f\u00f6r att den man ger presenten till ska m\u00e5 bra och l\u00e4nge! <img loading=\"lazy\" class=\"alignnone size-medium wp-image-67841\" src=\"http:\/\/www.filindeblogg.nu\/wp-content\/uploads\/2016\/11\/044-300x225.jpg\" alt=\"044\" width=\"300\" height=\"225\" srcset=\"http:\/\/www.filindeblogg.nu\/wp-content\/uploads\/2016\/11\/044-300x225.jpg 300w, http:\/\/www.filindeblogg.nu\/wp-content\/uploads\/2016\/11\/044.jpg 600w\" sizes=\"(max-width: 300px) 100vw, 300px\" \/><br \/>\nBloggaren har k\u00f6pt <strong>Pinuppkalendern<\/strong> genom<strong> Cia Sandell<\/strong> och<strong> Nordiska Pinuppo<\/strong>r p\u00e5 <strong>Facebook<\/strong> och \u00f6verskottet g\u00e5r till <strong>Prostatacancerf\u00f6reningen<\/strong>!<\/p>\n<p>Man kan gn\u00e4lla p\u00e5 <strong>Posten<\/strong> som har postl\u00e5dor som alltid \u00e4r \u00f6verfulla! Postl\u00e5dan vid<strong> Arboga Station<\/strong> \u00e4r en s\u00e5dan. Hur l\u00e4tt som helst att plocka med sig andras postade f\u00f6rs\u00e4ndelser om man skulle ha o\u00e4rliga avsikter! <img loading=\"lazy\" class=\"alignnone  wp-image-67842\" src=\"http:\/\/www.filindeblogg.nu\/wp-content\/uploads\/2016\/11\/007-225x300.jpg\" alt=\"007\" width=\"177\" height=\"236\" srcset=\"http:\/\/www.filindeblogg.nu\/wp-content\/uploads\/2016\/11\/007-225x300.jpg 225w, http:\/\/www.filindeblogg.nu\/wp-content\/uploads\/2016\/11\/007.jpg 450w\" sizes=\"(max-width: 177px) 100vw, 177px\" \/><\/p>\n<p>Och s\u00e5 kan man gl\u00e4djas \u00e5t <strong>Br\u00f6derna Brothers<\/strong> som fyllde 11 \u00e5r nu i november! <img loading=\"lazy\" class=\"alignnone  wp-image-67843\" src=\"http:\/\/www.filindeblogg.nu\/wp-content\/uploads\/2016\/11\/047-225x300.jpg\" alt=\"047\" width=\"194\" height=\"259\" srcset=\"http:\/\/www.filindeblogg.nu\/wp-content\/uploads\/2016\/11\/047-225x300.jpg 225w, http:\/\/www.filindeblogg.nu\/wp-content\/uploads\/2016\/11\/047.jpg 450w\" sizes=\"(max-width: 194px) 100vw, 194px\" \/> <strong>Curry<\/strong> till v\u00e4nster, <strong>Felix<\/strong> till h\u00f6ger!<\/p>\n<p><img loading=\"lazy\" class=\"alignnone  wp-image-67844\" src=\"http:\/\/www.filindeblogg.nu\/wp-content\/uploads\/2016\/11\/022-1-225x300.jpg\" alt=\"022\" width=\"182\" height=\"243\" srcset=\"http:\/\/www.filindeblogg.nu\/wp-content\/uploads\/2016\/11\/022-1-225x300.jpg 225w, http:\/\/www.filindeblogg.nu\/wp-content\/uploads\/2016\/11\/022-1.jpg 450w\" sizes=\"(max-width: 182px) 100vw, 182px\" \/> Allt l\u00f6ser sig! T\u00e4nk bara p\u00e5 det h\u00e4r!! <img loading=\"lazy\" class=\"alignnone size-medium wp-image-67845\" src=\"http:\/\/www.filindeblogg.nu\/wp-content\/uploads\/2016\/11\/Never-run-263x300.jpg\" alt=\"never-run\" width=\"263\" height=\"300\" srcset=\"http:\/\/www.filindeblogg.nu\/wp-content\/uploads\/2016\/11\/Never-run-263x300.jpg 263w, http:\/\/www.filindeblogg.nu\/wp-content\/uploads\/2016\/11\/Never-run.jpg 346w\" sizes=\"(max-width: 263px) 100vw, 263px\" \/> <strong>Spring aldrig fortare \u00e4n dina skydds\u00e4nglar kan flyga!<\/strong><\/p>\n<p style=\"text-align: center;\"><img loading=\"lazy\" class=\"aligncenter size-medium wp-image-67846\" src=\"http:\/\/www.filindeblogg.nu\/wp-content\/uploads\/2016\/11\/041-225x300.jpg\" alt=\"041\" width=\"225\" height=\"300\" srcset=\"http:\/\/www.filindeblogg.nu\/wp-content\/uploads\/2016\/11\/041-225x300.jpg 225w, http:\/\/www.filindeblogg.nu\/wp-content\/uploads\/2016\/11\/041.jpg 450w\" sizes=\"(max-width: 225px) 100vw, 225px\" \/>September m\u00e5nads pinuppa<br \/>\nur Pinuppkalendern 2017!<br \/>\nSeptember \u00e4r bloggarens m\u00e5nad! \ud83d\ude42<\/p>\n<p style=\"text-align: center;\"><strong>VAR R\u00c4DDA OM ER NU! <\/strong><br \/>\n<strong>KRAM!<\/strong><\/p>\n<p>&nbsp;<\/p>\n<p>&nbsp;<\/p>\n","protected":false},"excerpt":{"rendered":"<p>K\u00e4nns allting pl\u00f6tsligt s\u00e5 h\u00e4r? Dystert&#8230; Ingenting \u00e4r roligt l\u00e4ngre. Alla m\u00e5sten tynger ner en till kn\u00e4na. Och s\u00e5 regn&#8230; Och m\u00f6rker&#8230; L\u00e4gg sen till alla v\u00e4rldsproblem som pl\u00f6tsligt h\u00e4lsar p\u00e5 en genom media&#8230; &#8211; \u00c4r du trumpen lille v\u00e4n&#8230; \ud83d\ude41 Ja, vad g\u00f6r man?? N\u00e4r depressionen g\u00f6r sig p\u00e5mind&#8230; och \u00e5ngesten kommer krypande&#8230; N\u00e4r [&hellip;]<\/p>\n","protected":false},"author":1,"featured_media":0,"comment_status":"open","ping_status":"open","sticky":false,"template":"","format":"standard","meta":[],"categories":[127,188,100,101,198],"tags":[],"_links":{"self":[{"href":"http:\/\/www.filindeblogg.nu\/index.php?rest_route=\/wp\/v2\/posts\/67818"}],"collection":[{"href":"http:\/\/www.filindeblogg.nu\/index.php?rest_route=\/wp\/v2\/posts"}],"about":[{"href":"http:\/\/www.filindeblogg.nu\/index.php?rest_route=\/wp\/v2\/types\/post"}],"author":[{"embeddable":true,"href":"http:\/\/www.filindeblogg.nu\/index.php?rest_route=\/wp\/v2\/users\/1"}],"replies":[{"embeddable":true,"href":"http:\/\/www.filindeblogg.nu\/index.php?rest_route=%2Fwp%2Fv2%2Fcomments&post=67818"}],"version-history":[{"count":8,"href":"http:\/\/www.filindeblogg.nu\/index.php?rest_route=\/wp\/v2\/posts\/67818\/revisions"}],"predecessor-version":[{"id":67854,"href":"http:\/\/www.filindeblogg.nu\/index.php?rest_route=\/wp\/v2\/posts\/67818\/revisions\/67854"}],"wp:attachment":[{"href":"http:\/\/www.filindeblogg.nu\/index.php?rest_route=%2Fwp%2Fv2%2Fmedia&parent=67818"}],"wp:term":[{"taxonomy":"category","embeddable":true,"href":"http:\/\/www.filindeblogg.nu\/index.php?rest_route=%2Fwp%2Fv2%2Fcategories&post=67818"},{"taxonomy":"post_tag","embeddable":true,"href":"http:\/\/www.filindeblogg.nu\/index.php?rest_route=%2Fwp%2Fv2%2Ftags&post=67818"}],"curies":[{"name":"wp","href":"https:\/\/api.w.org\/{rel}","templated":true}]}}