{"id":67425,"date":"2016-08-31T19:43:41","date_gmt":"2016-08-31T18:43:41","guid":{"rendered":"http:\/\/www.filindeblogg.nu\/?p=67425"},"modified":"2016-08-31T19:43:41","modified_gmt":"2016-08-31T18:43:41","slug":"sommaren-lider-mot-sitt-slut-sa-ock-s-i-arboga-eller","status":"publish","type":"post","link":"http:\/\/www.filindeblogg.nu\/?p=67425","title":{"rendered":"Sommaren lider mot sitt slut &#8211; s\u00e5 ock (s) i Arboga eller??"},"content":{"rendered":"<p><img loading=\"lazy\" class=\"alignnone  wp-image-67426\" src=\"http:\/\/www.filindeblogg.nu\/wp-content\/uploads\/2016\/08\/042-225x300.jpg\" alt=\"042\" width=\"166\" height=\"221\" srcset=\"http:\/\/www.filindeblogg.nu\/wp-content\/uploads\/2016\/08\/042-225x300.jpg 225w, http:\/\/www.filindeblogg.nu\/wp-content\/uploads\/2016\/08\/042.jpg 450w\" sizes=\"(max-width: 166px) 100vw, 166px\" \/> Sommaren 2016 b\u00f6rjar lida mot sitt slut &#8211; det \u00e4r den sista dagen i augusti just idag. Men trots lite chockande h\u00f6stvindar i mitten av m\u00e5naden med b\u00e5de kyla och stormvindar s\u00e5 blev helgen som gick v\u00e4ldigt solig och varm. <img loading=\"lazy\" class=\"alignnone  wp-image-67427\" src=\"http:\/\/www.filindeblogg.nu\/wp-content\/uploads\/2016\/08\/039-300x225.jpg\" alt=\"039\" width=\"188\" height=\"141\" srcset=\"http:\/\/www.filindeblogg.nu\/wp-content\/uploads\/2016\/08\/039-300x225.jpg 300w, http:\/\/www.filindeblogg.nu\/wp-content\/uploads\/2016\/08\/039.jpg 600w\" sizes=\"(max-width: 188px) 100vw, 188px\" \/> Den gamla termometern p\u00e5 stugan i norra <strong>\u00d6sterg\u00f6tland<\/strong> m\u00e5 vara lite suddig och skruttig men sina Celsius visar den r\u00e4tt! +30 i fredags och riktigt h\u00e4rligt badv\u00e4der! <img loading=\"lazy\" class=\"alignnone size-medium wp-image-67428\" src=\"http:\/\/www.filindeblogg.nu\/wp-content\/uploads\/2016\/08\/064-225x300.jpg\" alt=\"064\" width=\"225\" height=\"300\" srcset=\"http:\/\/www.filindeblogg.nu\/wp-content\/uploads\/2016\/08\/064-225x300.jpg 225w, http:\/\/www.filindeblogg.nu\/wp-content\/uploads\/2016\/08\/064.jpg 450w\" sizes=\"(max-width: 225px) 100vw, 225px\" \/><\/p>\n<p>Men hur var det d\u00e5 med (s) i Arboga &#8211; lider partiet mot sitt definitiva slut det ocks\u00e5!? Nja, en som t\u00e4nker se till att ge de styrande en match \u00e4r <strong>Andreas Silversten<\/strong>!\u00a0\u00a0<img loading=\"lazy\" class=\"alignnone size-medium wp-image-67430\" src=\"http:\/\/www.filindeblogg.nu\/wp-content\/uploads\/2016\/08\/071-300x169.jpg\" alt=\"071\" width=\"300\" height=\"169\" srcset=\"http:\/\/www.filindeblogg.nu\/wp-content\/uploads\/2016\/08\/071-300x169.jpg 300w, http:\/\/www.filindeblogg.nu\/wp-content\/uploads\/2016\/08\/071.jpg 600w\" sizes=\"(max-width: 300px) 100vw, 300px\" \/><\/p>\n<p><img loading=\"lazy\" class=\"alignnone  wp-image-67429\" src=\"http:\/\/www.filindeblogg.nu\/wp-content\/uploads\/2016\/08\/072-297x300.jpg\" alt=\"072\" width=\"214\" height=\"216\" srcset=\"http:\/\/www.filindeblogg.nu\/wp-content\/uploads\/2016\/08\/072-297x300.jpg 297w, http:\/\/www.filindeblogg.nu\/wp-content\/uploads\/2016\/08\/072-150x150.jpg 150w, http:\/\/www.filindeblogg.nu\/wp-content\/uploads\/2016\/08\/072-144x144.jpg 144w, http:\/\/www.filindeblogg.nu\/wp-content\/uploads\/2016\/08\/072.jpg 428w\" sizes=\"(max-width: 214px) 100vw, 214px\" \/>Bloggaren \u00e4r inte f\u00f6rv\u00e5nad! Redan n\u00e4r <strong>Andreas<\/strong> gick i sm\u00e5skolan f\u00f6rutsp\u00e5dde bloggaren hans karri\u00e4r!<br \/>\nAndreas var skolkamrat med en av bloggarens s\u00f6ner och ofta p\u00e5 bes\u00f6k. Andreas var s\u00e5 klok, vetgirig och fram\u00e5t att bloggaren sa:&#8221; <em>&#8211; Du kommer alldeles s\u00e4kert att leda Arboga kommun en dag!&#8221;<br \/>\n<\/em>Vem vet &#8211; s\u00e5 kanske det blir? Dock har Andreas Silversten ett betydande jobb framf\u00f6r sig, b\u00e5de som nytt oppositionsr\u00e5d men ocks\u00e5 att ena sossarna i Arboga och f\u00e5 partiet att framst\u00e5 som seri\u00f6st &#8211; n\u00e5got som inte varit fallet den senaste tiden.<\/p>\n<p>Bloggaren \u00f6nskar Andreas lycka till och kanske f\u00e5r hon en dag utbrista: &#8221;<em><strong>&#8211; Vad var det jag sa!!&#8221;<\/strong><\/em> \ud83d\ude42<\/p>\n<p>Annars g\u00e5r det fram\u00e5t f\u00f6r de nya ledarna. <strong>Tornet, Jehovas vittne<\/strong>s l\u00e4mnade huvudkontor, blir hemvist f\u00f6r m\u00e4nniskor som har det sv\u00e5rt. <img loading=\"lazy\" class=\"alignnone size-medium wp-image-67431\" src=\"http:\/\/www.filindeblogg.nu\/wp-content\/uploads\/2016\/08\/Tornet-1-Foto-BblAT-300x200.jpg\" alt=\"Tornet 1 Foto BblAT\" width=\"300\" height=\"200\" srcset=\"http:\/\/www.filindeblogg.nu\/wp-content\/uploads\/2016\/08\/Tornet-1-Foto-BblAT-300x200.jpg 300w, http:\/\/www.filindeblogg.nu\/wp-content\/uploads\/2016\/08\/Tornet-1-Foto-BblAT-768x513.jpg 768w, http:\/\/www.filindeblogg.nu\/wp-content\/uploads\/2016\/08\/Tornet-1-Foto-BblAT.jpg 860w\" sizes=\"(max-width: 300px) 100vw, 300px\" \/> (Foto Bbl\/AT)<\/p>\n<p>Tornet kommer bland annat att \u00f6ppnas f\u00f6r heml\u00f6sa samt bli HBV-hem, ber\u00e4ttar <strong>Socialn\u00e4mndens ordf\u00f6rande Dan Avdic Karlsson (v<\/strong>). L\u00e4s mera<a href=\"http:\/\/bblat.se\/nyheter\/arboga\/1.4207030-tornet-oppnas-for-hemlosa\" target=\"_blank\"><strong> H\u00c4R<\/strong><\/a> i <strong>Arboga Tidning<\/strong>.<br \/>\nDet tycker bloggaren \u00e4r ett alldeles utm\u00e4rkt s\u00e4tt att f\u00f6rvalta en tidigare religi\u00f6s boning!<\/p>\n<p>Mord och mordf\u00f6rs\u00f6k verkar vardagsmat i Arboga, tyv\u00e4rr &#8211; men nu \u00e4ven suspekt ekonomisk hantering. <img loading=\"lazy\" class=\"alignnone size-medium wp-image-67432\" src=\"http:\/\/www.filindeblogg.nu\/wp-content\/uploads\/2016\/08\/081-234x300.jpg\" alt=\"081\" width=\"234\" height=\"300\" srcset=\"http:\/\/www.filindeblogg.nu\/wp-content\/uploads\/2016\/08\/081-234x300.jpg 234w, http:\/\/www.filindeblogg.nu\/wp-content\/uploads\/2016\/08\/081.jpg 450w\" sizes=\"(max-width: 234px) 100vw, 234px\" \/> <strong>Arbogakarnevalen<\/strong> st\u00e4lldes in i \u00e5r p\u00e5 grund av att n\u00e5gon i styrelsen inte kunde skilja p\u00e5 mitt och ditt, vad det verkar. <img loading=\"lazy\" class=\"alignnone size-medium wp-image-67433\" src=\"http:\/\/www.filindeblogg.nu\/wp-content\/uploads\/2016\/08\/082-300x225.jpg\" alt=\"082\" width=\"300\" height=\"225\" srcset=\"http:\/\/www.filindeblogg.nu\/wp-content\/uploads\/2016\/08\/082-300x225.jpg 300w, http:\/\/www.filindeblogg.nu\/wp-content\/uploads\/2016\/08\/082.jpg 600w\" sizes=\"(max-width: 300px) 100vw, 300px\" \/> Vi f\u00e5r v\u00e4l se om det blir n\u00e5gon ordning till n\u00e4sta \u00e5r. Bloggaren tycker personligen att om Arbogakarnevalen ska \u00e5teruppst\u00e5 igen s\u00e5 b\u00f6r det till lite f\u00f6rnyelse, lite mer av nyt\u00e4nkande. Inte bara rulla p\u00e5 i samma gamla karnevalshjul \u00e5r efter \u00e5r.<\/p>\n<p>Tji blev det f\u00f6r v\u00e5rdboende i<strong> Vasastan i Arboga<\/strong>, l\u00e4ser bloggaren i <strong>Bbl\/AT:<\/strong>s n\u00e4tupplaga. <img loading=\"lazy\" class=\"alignnone size-medium wp-image-67434\" src=\"http:\/\/www.filindeblogg.nu\/wp-content\/uploads\/2016\/08\/IMG_3873-nej-Vasastan-169x300.png\" alt=\"IMG_3873 nej Vasastan\" width=\"169\" height=\"300\" srcset=\"http:\/\/www.filindeblogg.nu\/wp-content\/uploads\/2016\/08\/IMG_3873-nej-Vasastan-169x300.png 169w, http:\/\/www.filindeblogg.nu\/wp-content\/uploads\/2016\/08\/IMG_3873-nej-Vasastan.png 360w\" sizes=\"(max-width: 169px) 100vw, 169px\" \/>Omr\u00e5det \u00e4r tydligen f\u00f6r litet. L\u00e4s <strong><a href=\"http:\/\/bblat.se\/nyheter\/nyheter\/1.4228530-vardboende-vid-vasastan-doms-ut\" target=\"_blank\">H\u00c4R!<\/a><\/strong><\/p>\n<p><img loading=\"lazy\" class=\"alignnone size-medium wp-image-67446\" src=\"http:\/\/www.filindeblogg.nu\/wp-content\/uploads\/2016\/08\/Mord-och-mordf\u00f6rs\u00f6k-foto-BBlat-300x169.jpg\" alt=\"Mord och mordf\u00f6rs\u00f6k foto BBlat\" width=\"300\" height=\"169\" srcset=\"http:\/\/www.filindeblogg.nu\/wp-content\/uploads\/2016\/08\/Mord-och-mordf\u00f6rs\u00f6k-foto-BBlat-300x169.jpg 300w, http:\/\/www.filindeblogg.nu\/wp-content\/uploads\/2016\/08\/Mord-och-mordf\u00f6rs\u00f6k-foto-BBlat-768x432.jpg 768w, http:\/\/www.filindeblogg.nu\/wp-content\/uploads\/2016\/08\/Mord-och-mordf\u00f6rs\u00f6k-foto-BBlat.jpg 860w\" sizes=\"(max-width: 300px) 100vw, 300px\" \/>\u00a0Precis nu s\u00e5g bloggaren ocks\u00e5 att de tidigare misst\u00e4nkta f\u00f6r mordet och mordf\u00f6rs\u00f6ket i Arboga, som sl\u00e4pptes, har gripits igen! L\u00e4s mera <strong><a href=\"http:\/\/bblat.se\/nyheter\/nyheter\/1.4225978-tva-gripna-for-sommarstugemordet\" target=\"_blank\">H\u00c4R!<\/a><\/strong><\/p>\n<p>Njut nu det sista som sommaren har att bjuda p\u00e5! <img loading=\"lazy\" class=\"alignnone size-medium wp-image-67435\" src=\"http:\/\/www.filindeblogg.nu\/wp-content\/uploads\/2016\/08\/076-300x225.jpg\" alt=\"076\" width=\"300\" height=\"225\" srcset=\"http:\/\/www.filindeblogg.nu\/wp-content\/uploads\/2016\/08\/076-300x225.jpg 300w, http:\/\/www.filindeblogg.nu\/wp-content\/uploads\/2016\/08\/076.jpg 600w\" sizes=\"(max-width: 300px) 100vw, 300px\" \/> \u00c4ven om vi vid midnatt glider \u00f6ver i september s\u00e5 kan vi v\u00e4l hoppas p\u00e5 sol och v\u00e4rme ett tag till. G\u00e4rna lite vind ocks\u00e5 s\u00e5 de nytv\u00e4ttade mattorna torkar! <img loading=\"lazy\" class=\"alignnone  wp-image-67436\" src=\"http:\/\/www.filindeblogg.nu\/wp-content\/uploads\/2016\/08\/078-225x300.jpg\" alt=\"078\" width=\"135\" height=\"180\" srcset=\"http:\/\/www.filindeblogg.nu\/wp-content\/uploads\/2016\/08\/078-225x300.jpg 225w, http:\/\/www.filindeblogg.nu\/wp-content\/uploads\/2016\/08\/078.jpg 450w\" sizes=\"(max-width: 135px) 100vw, 135px\" \/><\/p>\n<p>Det kan vara bra att plocka fram jackan i alla fall! <img loading=\"lazy\" class=\"alignnone size-medium wp-image-67438\" src=\"http:\/\/www.filindeblogg.nu\/wp-content\/uploads\/2016\/08\/033-Kopia-212x300.jpg\" alt=\"033 - Kopia\" width=\"212\" height=\"300\" srcset=\"http:\/\/www.filindeblogg.nu\/wp-content\/uploads\/2016\/08\/033-Kopia-212x300.jpg 212w, http:\/\/www.filindeblogg.nu\/wp-content\/uploads\/2016\/08\/033-Kopia.jpg 401w\" sizes=\"(max-width: 212px) 100vw, 212px\" \/> Och sen \u00e4r ju kramar alltid v\u00e4rmande &#8211; eller hur!! \ud83d\ude09 <img loading=\"lazy\" class=\"alignnone size-medium wp-image-67439\" src=\"http:\/\/www.filindeblogg.nu\/wp-content\/uploads\/2016\/08\/001-1-300x225.jpg\" alt=\"001\" width=\"300\" height=\"225\" srcset=\"http:\/\/www.filindeblogg.nu\/wp-content\/uploads\/2016\/08\/001-1-300x225.jpg 300w, http:\/\/www.filindeblogg.nu\/wp-content\/uploads\/2016\/08\/001-1.jpg 600w\" sizes=\"(max-width: 300px) 100vw, 300px\" \/> Att schemal\u00e4gga kramandet kanske inte \u00e4r s\u00e5 dumt! \ud83d\ude00<\/p>\n<p>Ha det bra och njut som <strong>katten Felix<\/strong> av solskenet &#8211; som ju \u00e4ven kan levereras inombords!<\/p>\n<p><img loading=\"lazy\" class=\"aligncenter size-medium wp-image-67440\" src=\"http:\/\/www.filindeblogg.nu\/wp-content\/uploads\/2016\/08\/IMG_3827-Felix-i-f\u00f6nstret-191x300.jpg\" alt=\"IMG_3827 Felix i f\u00f6nstret\" width=\"191\" height=\"300\" srcset=\"http:\/\/www.filindeblogg.nu\/wp-content\/uploads\/2016\/08\/IMG_3827-Felix-i-f\u00f6nstret-191x300.jpg 191w, http:\/\/www.filindeblogg.nu\/wp-content\/uploads\/2016\/08\/IMG_3827-Felix-i-f\u00f6nstret.jpg 407w\" sizes=\"(max-width: 191px) 100vw, 191px\" \/><\/p>\n<p><img loading=\"lazy\" class=\"aligncenter size-medium wp-image-67441\" src=\"http:\/\/www.filindeblogg.nu\/wp-content\/uploads\/2016\/08\/toner-300x158.jpg\" alt=\"toner\" width=\"300\" height=\"158\" srcset=\"http:\/\/www.filindeblogg.nu\/wp-content\/uploads\/2016\/08\/toner-300x158.jpg 300w, http:\/\/www.filindeblogg.nu\/wp-content\/uploads\/2016\/08\/toner.jpg 310w\" sizes=\"(max-width: 300px) 100vw, 300px\" \/><\/p>\n<p class=\"verse\" style=\"text-align: center;\"><em>&#8221;You are the sunshine of my life<\/em><br \/>\n<em> That&#8217;s why I&#8217;ll always be around,<\/em><br \/>\n<em> You are the apple of my eye,<\/em><br \/>\n<em> Forever you&#8217;ll stay in my heart&#8230;.&#8221;<\/em><\/p>\n<p class=\"verse\" style=\"text-align: center;\"><img loading=\"lazy\" class=\"aligncenter size-medium wp-image-67442\" src=\"http:\/\/www.filindeblogg.nu\/wp-content\/uploads\/2016\/08\/Toner-2-300x145.jpg\" alt=\"Toner 2\" width=\"300\" height=\"145\" srcset=\"http:\/\/www.filindeblogg.nu\/wp-content\/uploads\/2016\/08\/Toner-2-300x145.jpg 300w, http:\/\/www.filindeblogg.nu\/wp-content\/uploads\/2016\/08\/Toner-2.jpg 323w\" sizes=\"(max-width: 300px) 100vw, 300px\" \/><\/p>\n<p class=\"verse\">\n<p>&nbsp;<\/p>\n<div>\n<\/div>\n","protected":false},"excerpt":{"rendered":"<p>Sommaren 2016 b\u00f6rjar lida mot sitt slut &#8211; det \u00e4r den sista dagen i augusti just idag. Men trots lite chockande h\u00f6stvindar i mitten av m\u00e5naden med b\u00e5de kyla och stormvindar s\u00e5 blev helgen som gick v\u00e4ldigt solig och varm. Den gamla termometern p\u00e5 stugan i norra \u00d6sterg\u00f6tland m\u00e5 vara lite suddig och skruttig men [&hellip;]<\/p>\n","protected":false},"author":1,"featured_media":0,"comment_status":"open","ping_status":"open","sticky":false,"template":"","format":"standard","meta":[],"categories":[127,206,188,41,174,100,132,119,101,124],"tags":[],"_links":{"self":[{"href":"http:\/\/www.filindeblogg.nu\/index.php?rest_route=\/wp\/v2\/posts\/67425"}],"collection":[{"href":"http:\/\/www.filindeblogg.nu\/index.php?rest_route=\/wp\/v2\/posts"}],"about":[{"href":"http:\/\/www.filindeblogg.nu\/index.php?rest_route=\/wp\/v2\/types\/post"}],"author":[{"embeddable":true,"href":"http:\/\/www.filindeblogg.nu\/index.php?rest_route=\/wp\/v2\/users\/1"}],"replies":[{"embeddable":true,"href":"http:\/\/www.filindeblogg.nu\/index.php?rest_route=%2Fwp%2Fv2%2Fcomments&post=67425"}],"version-history":[{"count":6,"href":"http:\/\/www.filindeblogg.nu\/index.php?rest_route=\/wp\/v2\/posts\/67425\/revisions"}],"predecessor-version":[{"id":67449,"href":"http:\/\/www.filindeblogg.nu\/index.php?rest_route=\/wp\/v2\/posts\/67425\/revisions\/67449"}],"wp:attachment":[{"href":"http:\/\/www.filindeblogg.nu\/index.php?rest_route=%2Fwp%2Fv2%2Fmedia&parent=67425"}],"wp:term":[{"taxonomy":"category","embeddable":true,"href":"http:\/\/www.filindeblogg.nu\/index.php?rest_route=%2Fwp%2Fv2%2Fcategories&post=67425"},{"taxonomy":"post_tag","embeddable":true,"href":"http:\/\/www.filindeblogg.nu\/index.php?rest_route=%2Fwp%2Fv2%2Ftags&post=67425"}],"curies":[{"name":"wp","href":"https:\/\/api.w.org\/{rel}","templated":true}]}}