{"id":67356,"date":"2016-08-17T19:37:39","date_gmt":"2016-08-17T18:37:39","guid":{"rendered":"http:\/\/www.filindeblogg.nu\/?p=67356"},"modified":"2016-08-17T19:37:39","modified_gmt":"2016-08-17T18:37:39","slug":"sapor-och-metaforer-del-1-av-dagens-blogg-sapor","status":"publish","type":"post","link":"http:\/\/www.filindeblogg.nu\/?p=67356","title":{"rendered":"S\u00e5por och metaforer! Del 1 av dagens blogg! S\u00e5por&#8230;"},"content":{"rendered":"<p><img loading=\"lazy\" class=\"alignnone size-medium wp-image-67357\" src=\"http:\/\/www.filindeblogg.nu\/wp-content\/uploads\/2016\/08\/018-97x300.jpg\" alt=\"018\" width=\"97\" height=\"300\" srcset=\"http:\/\/www.filindeblogg.nu\/wp-content\/uploads\/2016\/08\/018-97x300.jpg 97w, http:\/\/www.filindeblogg.nu\/wp-content\/uploads\/2016\/08\/018.jpg 188w\" sizes=\"(max-width: 97px) 100vw, 97px\" \/> Dra p\u00e5 trissor &#8211;<br \/>\n&#8211; idag sl\u00e5r bloggaren till med en dubbelblogg! <img loading=\"lazy\" class=\"alignnone size-full wp-image-67358\" src=\"http:\/\/www.filindeblogg.nu\/wp-content\/uploads\/2016\/08\/Smiley-wow.jpg\" alt=\"Smiley wow\" width=\"217\" height=\"203\" \/><\/p>\n<p>Det fanns redan en blogg som l\u00e5g p\u00e5 lur men s\u00e5 slog ju <strong>Arbogas\u00e5pan<\/strong> till igen&#8230; <img loading=\"lazy\" class=\"alignnone size-full wp-image-67360\" src=\"http:\/\/www.filindeblogg.nu\/wp-content\/uploads\/2016\/08\/S\u00e5pa-1.jpg\" alt=\"S\u00e5pa\" width=\"103\" height=\"109\" \/><\/p>\n<p><img loading=\"lazy\" class=\"alignnone size-medium wp-image-67361\" src=\"http:\/\/www.filindeblogg.nu\/wp-content\/uploads\/2016\/08\/009-300x198.jpg\" alt=\"009\" width=\"300\" height=\"198\" srcset=\"http:\/\/www.filindeblogg.nu\/wp-content\/uploads\/2016\/08\/009-300x198.jpg 300w, http:\/\/www.filindeblogg.nu\/wp-content\/uploads\/2016\/08\/009.jpg 576w\" sizes=\"(max-width: 300px) 100vw, 300px\" \/> F\u00f6rstasidan idag, onsdag 17 augusti 2016, <strong>Arboga Tidning<\/strong>.<br \/>\nOch mer inuti f\u00f6rst\u00e5s: <img loading=\"lazy\" class=\"alignnone size-medium wp-image-67362\" src=\"http:\/\/www.filindeblogg.nu\/wp-content\/uploads\/2016\/08\/010-1-113x300.jpg\" alt=\"010\" width=\"113\" height=\"300\" srcset=\"http:\/\/www.filindeblogg.nu\/wp-content\/uploads\/2016\/08\/010-1-113x300.jpg 113w, http:\/\/www.filindeblogg.nu\/wp-content\/uploads\/2016\/08\/010-1.jpg 225w\" sizes=\"(max-width: 113px) 100vw, 113px\" \/><br \/>\nNu har <strong>&#8221;Rosenkvistg\u00e4nget&#8221;<\/strong> slagit till igen &#8211; eller ifr\u00e5n, ska man v\u00e4l kanske s\u00e4ga&#8230; <strong>Pia Adamsson<\/strong> &#8211; socialdemokratiskt oppositionsr\u00e5d i<strong> Arboga<\/strong> &#8211; hoppar av allt vad politik heter och det efter bara n\u00e5gra m\u00e5nader p\u00e5 posten som r\u00e5d!<\/p>\n<p>Trots att sossarna h\u00f6ll styrelsem\u00f6te i m\u00e5ndags s\u00e5 kom tydligen avhoppet som en chock. Ingen fick n\u00e5gon information p\u00e5 m\u00e5ndagens m\u00f6te.<br \/>\nAdamsson l\u00e4mnade in ett avg\u00e5ngsbrev till kommunen under m\u00e5ndagen daterat med tisdagens datum. Utan kommentarer eller anledning till avhoppet.<\/p>\n<p>Tidningen fick senare detta via e-post: <img loading=\"lazy\" class=\"alignnone size-medium wp-image-67363\" src=\"http:\/\/www.filindeblogg.nu\/wp-content\/uploads\/2016\/08\/011-300x292.jpg\" alt=\"011\" width=\"300\" height=\"292\" srcset=\"http:\/\/www.filindeblogg.nu\/wp-content\/uploads\/2016\/08\/011-300x292.jpg 300w, http:\/\/www.filindeblogg.nu\/wp-content\/uploads\/2016\/08\/011.jpg 450w\" sizes=\"(max-width: 300px) 100vw, 300px\" \/><\/p>\n<p>Bloggaren kommer som tidigare vad g\u00e4ller <strong>Arbogas\u00e5pan<\/strong> att t\u00e4nka p\u00e5 det h\u00e4r: <img loading=\"lazy\" class=\"alignnone size-full wp-image-67364\" src=\"http:\/\/www.filindeblogg.nu\/wp-content\/uploads\/2016\/08\/Cirkus.jpg\" alt=\"Cirkus\" width=\"120\" height=\"107\" \/> <strong>CIRKUS!<\/strong><\/p>\n<p>Och det h\u00e4r: <img loading=\"lazy\" class=\"alignnone size-full wp-image-67365\" src=\"http:\/\/www.filindeblogg.nu\/wp-content\/uploads\/2016\/08\/Lekstuga.jpg\" alt=\"Lekstuga\" width=\"144\" height=\"144\" \/><strong>LEKSTUGA!<\/strong><\/p>\n<p>Det verkar som om &#8221;Rosenkvistsg\u00e4nget&#8221; inte riktigt f\u00f6rst\u00e5tt inneb\u00f6rden av att vara politiker. Det \u00e4r sannerligen ingen lekstuga utan blodigt allvar och h\u00e5rt jobb! N\u00e5gra m\u00e4rkliga cirkuskonster g\u00e5r inte hem utan h\u00e4r g\u00e4ller det att vara p\u00e5l\u00e4st, seri\u00f6s och m\u00e5lmedveten.<\/p>\n<p>Det ser verkligen illa ut f\u00f6r socialdemokraterna i Arboga. <img loading=\"lazy\" class=\"alignnone size-medium wp-image-67366\" src=\"http:\/\/www.filindeblogg.nu\/wp-content\/uploads\/2016\/08\/012-300x120.jpg\" alt=\"012\" width=\"300\" height=\"120\" srcset=\"http:\/\/www.filindeblogg.nu\/wp-content\/uploads\/2016\/08\/012-300x120.jpg 300w, http:\/\/www.filindeblogg.nu\/wp-content\/uploads\/2016\/08\/012.jpg 600w\" sizes=\"(max-width: 300px) 100vw, 300px\" \/> Tunga avhopp tidigare &#8211; <strong>Liisa Pettersson<\/strong> och <strong>Ingrid Noord-Silversten <\/strong>efter att <strong>Agneta Bode<\/strong>, kommunalr\u00e5d, tvingats bort av &#8221;g\u00e4nget&#8221;.<\/p>\n<p>Framtiden f\u00e5r utvisa vad som komma skall och det \u00e4r med b\u00e5de b\u00e4van och sp\u00e4nning man inv\u00e4ntar forts\u00e4ttningen av denna l\u00f6ddriga Arbogas\u00e5pa. <img loading=\"lazy\" class=\"alignnone size-full wp-image-67359\" src=\"http:\/\/www.filindeblogg.nu\/wp-content\/uploads\/2016\/08\/S\u00e5pa.jpg\" alt=\"S\u00e5pa\" width=\"161\" height=\"117\" \/><\/p>\n<p><strong>Arboga Tidning <\/strong>hittar du<strong> <a href=\"http:\/\/bblat.se\/\" target=\"_blank\">H\u00c4R!<\/a><\/strong><\/p>\n<p>Del 2 av dagens blogg kommer strax&#8230;\u00a0<img loading=\"lazy\" class=\"alignnone  wp-image-67375\" src=\"http:\/\/www.filindeblogg.nu\/wp-content\/uploads\/2016\/08\/Blinksmiley.jpg\" alt=\"Blinksmiley\" width=\"69\" height=\"69\" srcset=\"http:\/\/www.filindeblogg.nu\/wp-content\/uploads\/2016\/08\/Blinksmiley.jpg 225w, http:\/\/www.filindeblogg.nu\/wp-content\/uploads\/2016\/08\/Blinksmiley-150x150.jpg 150w, http:\/\/www.filindeblogg.nu\/wp-content\/uploads\/2016\/08\/Blinksmiley-144x144.jpg 144w\" sizes=\"(max-width: 69px) 100vw, 69px\" \/> <img loading=\"lazy\" class=\"alignnone  wp-image-67367\" src=\"http:\/\/www.filindeblogg.nu\/wp-content\/uploads\/2016\/08\/008-300x225.jpg\" alt=\"008\" width=\"144\" height=\"108\" srcset=\"http:\/\/www.filindeblogg.nu\/wp-content\/uploads\/2016\/08\/008-300x225.jpg 300w, http:\/\/www.filindeblogg.nu\/wp-content\/uploads\/2016\/08\/008.jpg 600w\" sizes=\"(max-width: 144px) 100vw, 144px\" \/><\/p>\n<p>&nbsp;<\/p>\n","protected":false},"excerpt":{"rendered":"<p>Dra p\u00e5 trissor &#8211; &#8211; idag sl\u00e5r bloggaren till med en dubbelblogg! Det fanns redan en blogg som l\u00e5g p\u00e5 lur men s\u00e5 slog ju Arbogas\u00e5pan till igen&#8230; F\u00f6rstasidan idag, onsdag 17 augusti 2016, Arboga Tidning. Och mer inuti f\u00f6rst\u00e5s: Nu har &#8221;Rosenkvistg\u00e4nget&#8221; slagit till igen &#8211; eller ifr\u00e5n, ska man v\u00e4l kanske s\u00e4ga&#8230; Pia [&hellip;]<\/p>\n","protected":false},"author":1,"featured_media":0,"comment_status":"open","ping_status":"open","sticky":false,"template":"","format":"standard","meta":[],"categories":[1,127,206,100,119,101],"tags":[],"_links":{"self":[{"href":"http:\/\/www.filindeblogg.nu\/index.php?rest_route=\/wp\/v2\/posts\/67356"}],"collection":[{"href":"http:\/\/www.filindeblogg.nu\/index.php?rest_route=\/wp\/v2\/posts"}],"about":[{"href":"http:\/\/www.filindeblogg.nu\/index.php?rest_route=\/wp\/v2\/types\/post"}],"author":[{"embeddable":true,"href":"http:\/\/www.filindeblogg.nu\/index.php?rest_route=\/wp\/v2\/users\/1"}],"replies":[{"embeddable":true,"href":"http:\/\/www.filindeblogg.nu\/index.php?rest_route=%2Fwp%2Fv2%2Fcomments&post=67356"}],"version-history":[{"count":8,"href":"http:\/\/www.filindeblogg.nu\/index.php?rest_route=\/wp\/v2\/posts\/67356\/revisions"}],"predecessor-version":[{"id":67377,"href":"http:\/\/www.filindeblogg.nu\/index.php?rest_route=\/wp\/v2\/posts\/67356\/revisions\/67377"}],"wp:attachment":[{"href":"http:\/\/www.filindeblogg.nu\/index.php?rest_route=%2Fwp%2Fv2%2Fmedia&parent=67356"}],"wp:term":[{"taxonomy":"category","embeddable":true,"href":"http:\/\/www.filindeblogg.nu\/index.php?rest_route=%2Fwp%2Fv2%2Fcategories&post=67356"},{"taxonomy":"post_tag","embeddable":true,"href":"http:\/\/www.filindeblogg.nu\/index.php?rest_route=%2Fwp%2Fv2%2Ftags&post=67356"}],"curies":[{"name":"wp","href":"https:\/\/api.w.org\/{rel}","templated":true}]}}