{"id":66987,"date":"2016-06-23T16:40:48","date_gmt":"2016-06-23T15:40:48","guid":{"rendered":"http:\/\/www.filindeblogg.nu\/?p=66987"},"modified":"2016-06-23T16:40:48","modified_gmt":"2016-06-23T15:40:48","slug":"rora-om-sa-bill-omrorning-sa-bull-gredelin-arbogasapans-nya-farg","status":"publish","type":"post","link":"http:\/\/www.filindeblogg.nu\/?p=66987","title":{"rendered":"R\u00f6ra om, sa Bill! Omr\u00f6rning, sa Bull! Gredelin &#8211; Arbogas\u00e5pans nya f\u00e4rg!"},"content":{"rendered":"<p><img loading=\"lazy\" class=\"alignnone size-full wp-image-66988\" src=\"http:\/\/www.filindeblogg.nu\/wp-content\/uploads\/2016\/06\/Bill-och-Bull.jpg\" alt=\"Bill och Bull\" width=\"100\" height=\"92\" \/> &#8211; R\u00f6ra om, sa Bill! Omr\u00f6rning, sa Bull!<\/p>\n<p>T\u00e4nk s\u00e5 mycket det h\u00e4nder n\u00e4r det b\u00f6rjar r\u00f6ras om lite i grytan! <img loading=\"lazy\" class=\"alignnone size-full wp-image-66989\" src=\"http:\/\/www.filindeblogg.nu\/wp-content\/uploads\/2016\/06\/R\u00f6ra-om-i-gryta-1.jpg\" alt=\"R\u00f6ra om i gryta\" width=\"104\" height=\"76\" \/>Nu talar inte bloggaren om mat utan politik &#8211; den politiska grytan \u00e1 la <strong>Arbogas\u00e5pan<\/strong>.<\/p>\n<p>D\u00e5 kan r\u00f6tt b\u00f6rja n\u00e4rma sig bl\u00e5tt! <img loading=\"lazy\" class=\"alignnone  wp-image-66990\" src=\"http:\/\/www.filindeblogg.nu\/wp-content\/uploads\/2016\/06\/R\u00f6tt-och-bl\u00e5tt-1-300x137.jpg\" alt=\"R\u00f6tt och bl\u00e5tt 1\" width=\"221\" height=\"101\" srcset=\"http:\/\/www.filindeblogg.nu\/wp-content\/uploads\/2016\/06\/R\u00f6tt-och-bl\u00e5tt-1-300x137.jpg 300w, http:\/\/www.filindeblogg.nu\/wp-content\/uploads\/2016\/06\/R\u00f6tt-och-bl\u00e5tt-1.jpg 332w\" sizes=\"(max-width: 221px) 100vw, 221px\" \/>Liksom flyta ihop i varandra! <img loading=\"lazy\" class=\"alignnone  wp-image-66991\" src=\"http:\/\/www.filindeblogg.nu\/wp-content\/uploads\/2016\/06\/R\u00f6tt-och-bl\u00e5tt-flyter-ihop.jpg\" alt=\"R\u00f6tt och bl\u00e5tt flyter ihop\" width=\"179\" height=\"134\" \/><\/p>\n<p><img loading=\"lazy\" class=\"alignnone size-full wp-image-67021\" src=\"http:\/\/www.filindeblogg.nu\/wp-content\/uploads\/2016\/06\/R\u00f6tt-och-bl\u00e5tt-\u00e4r-lila.jpg\" alt=\"R\u00f6tt och bl\u00e5tt \u00e4r lila\" width=\"131\" height=\"41\" \/> Det kallas v\u00e4l lila &#8211; eller gredelin. Arbogas\u00e5pans nya f\u00e4rg har blivit gredelin! <img loading=\"lazy\" class=\"alignnone  wp-image-66992\" src=\"http:\/\/www.filindeblogg.nu\/wp-content\/uploads\/2016\/06\/Lila.png\" alt=\"Lila\" width=\"182\" height=\"182\" srcset=\"http:\/\/www.filindeblogg.nu\/wp-content\/uploads\/2016\/06\/Lila.png 225w, http:\/\/www.filindeblogg.nu\/wp-content\/uploads\/2016\/06\/Lila-150x150.png 150w, http:\/\/www.filindeblogg.nu\/wp-content\/uploads\/2016\/06\/Lila-144x144.png 144w\" sizes=\"(max-width: 182px) 100vw, 182px\" \/><\/p>\n<p>F\u00f6r vad ska man tro? <img loading=\"lazy\" class=\"alignnone size-medium wp-image-66996\" src=\"http:\/\/www.filindeblogg.nu\/wp-content\/uploads\/2016\/06\/010-1-225x300.jpg\" alt=\"010\" width=\"225\" height=\"300\" srcset=\"http:\/\/www.filindeblogg.nu\/wp-content\/uploads\/2016\/06\/010-1-225x300.jpg 225w, http:\/\/www.filindeblogg.nu\/wp-content\/uploads\/2016\/06\/010-1.jpg 450w\" sizes=\"(max-width: 225px) 100vw, 225px\" \/><br \/>\n<img loading=\"lazy\" class=\"alignnone  wp-image-66993\" src=\"http:\/\/www.filindeblogg.nu\/wp-content\/uploads\/2016\/06\/007-2-225x300.jpg\" alt=\"007\" width=\"182\" height=\"243\" srcset=\"http:\/\/www.filindeblogg.nu\/wp-content\/uploads\/2016\/06\/007-2-225x300.jpg 225w, http:\/\/www.filindeblogg.nu\/wp-content\/uploads\/2016\/06\/007-2.jpg 450w\" sizes=\"(max-width: 182px) 100vw, 182px\" \/> Socialdemokraterna, numera i opposition, g\u00e5r emot dyrare hemtj\u00e4nst! Men f\u00e5r smisk p\u00e5 fingrarna av en annan r\u00f6ding och tidigare kompanjon! <img loading=\"lazy\" class=\"alignnone size-medium wp-image-66994\" src=\"http:\/\/www.filindeblogg.nu\/wp-content\/uploads\/2016\/06\/008-2-300x208.jpg\" alt=\"008\" width=\"300\" height=\"208\" srcset=\"http:\/\/www.filindeblogg.nu\/wp-content\/uploads\/2016\/06\/008-2-300x208.jpg 300w, http:\/\/www.filindeblogg.nu\/wp-content\/uploads\/2016\/06\/008-2.jpg 544w\" sizes=\"(max-width: 300px) 100vw, 300px\" \/><br \/>\n<em>&#8211; Den h\u00f6jda taxan drabbar ingen fattig<\/em>,\u00a0 s\u00e4ger <strong>V\u00e4nsterns Dan Avdic Karlsson<\/strong>. <img loading=\"lazy\" class=\"alignnone size-medium wp-image-66995\" src=\"http:\/\/www.filindeblogg.nu\/wp-content\/uploads\/2016\/06\/009-1-224x300.jpg\" alt=\"009\" width=\"224\" height=\"300\" srcset=\"http:\/\/www.filindeblogg.nu\/wp-content\/uploads\/2016\/06\/009-1-224x300.jpg 224w, http:\/\/www.filindeblogg.nu\/wp-content\/uploads\/2016\/06\/009-1.jpg 447w\" sizes=\"(max-width: 224px) 100vw, 224px\" \/> Med k\u00e4nnedom om hur sossarna i Arboga jobbar konstaterar Dan att hade S varit i ledande st\u00e4llning hade de k\u00f6pt konceptet om h\u00f6jd taxa&#8230;<\/p>\n<p>Det finns mer som blivit gredelint &#8211; d v s r\u00f6tt glider ihop med bl\u00e5tt. Budgeten! <img loading=\"lazy\" class=\"alignnone size-medium wp-image-66997\" src=\"http:\/\/www.filindeblogg.nu\/wp-content\/uploads\/2016\/06\/025-2-300x225.jpg\" alt=\"025\" width=\"300\" height=\"225\" srcset=\"http:\/\/www.filindeblogg.nu\/wp-content\/uploads\/2016\/06\/025-2-300x225.jpg 300w, http:\/\/www.filindeblogg.nu\/wp-content\/uploads\/2016\/06\/025-2.jpg 600w\" sizes=\"(max-width: 300px) 100vw, 300px\" \/> F d kommunalr\u00e5det <strong>Agneta Bode (s)<\/strong> g\u00e5r till attack mot den nya ledningens budgetf\u00f6rslag men f\u00e5r p\u00e5 nytt se sig \u00f6vergiven av den tidigare bundsf\u00f6rvanten i V\u00e4nsterpartiet&#8230;<br \/>\n<img loading=\"lazy\" class=\"alignnone size-medium wp-image-66998\" src=\"http:\/\/www.filindeblogg.nu\/wp-content\/uploads\/2016\/06\/014-225x300.jpg\" alt=\"014\" width=\"225\" height=\"300\" srcset=\"http:\/\/www.filindeblogg.nu\/wp-content\/uploads\/2016\/06\/014-225x300.jpg 225w, http:\/\/www.filindeblogg.nu\/wp-content\/uploads\/2016\/06\/014.jpg 450w\" sizes=\"(max-width: 225px) 100vw, 225px\" \/> Dan Avdic Karlsson, citat ur <strong>Bbl\/AT:<\/strong>s artikel: &#8221;-<em> Jag m\u00e5ste med att det k\u00e4nns lite konstigt att ta debatten med dig, men jag k\u00e4nde mig tr\u00e4ffad eftersom Socialn\u00e4mnden \u00e4r min n\u00e4mnd. <strong>Som litet parti m\u00e5ste man hela tiden kompromissa och ska jag vara \u00e4rlig f\u00f6ll aldrig f\u00f6rslaget om Tornet mig riktigt i smaken n\u00e4r vi samarbetade.&#8221;<\/strong><\/em><\/p>\n<p>Nej, det \u00e4r inte l\u00e4tt att vara ett litet parti och f\u00f6rs\u00f6ka samarbeta med bj\u00e4ssarna utan att tubba p\u00e5 den egna ideologin. Bloggaren hoppas att det politiska vispandet i grytan kan ge mer av &#8221;riktigt V\u00e4nsterparti&#8221; trots den gredelina f\u00e4rgen men ocks\u00e5 mer av det som \u00e4r av godo f\u00f6r Arboga.<br \/>\nDet beh\u00f6vs vispande och det har dr\u00f6jt alldeles f\u00f6r l\u00e4nge med den saken n\u00e4r sega slevar sj\u00e4lvsv\u00e5ldigt f\u00e5tt m\u00e4stra grytan! <img loading=\"lazy\" class=\"alignnone size-full wp-image-66999\" src=\"http:\/\/www.filindeblogg.nu\/wp-content\/uploads\/2016\/06\/Slev-i-seg-gryta.jpg\" alt=\"Slev i seg gryta\" width=\"275\" height=\"157\" \/><\/p>\n<p>Sen \u00e4r det ju s\u00e5 trevligt att vara i opposition ocks\u00e5! Kunna piska p\u00e5 de styrande ordentligt utan att sj\u00e4lva riktigt beh\u00f6va ta konsekvenserna! <img loading=\"lazy\" class=\"alignnone size-medium wp-image-66910\" src=\"http:\/\/www.filindeblogg.nu\/wp-content\/uploads\/2016\/06\/045-225x300.jpg\" alt=\"045\" width=\"225\" height=\"300\" srcset=\"http:\/\/www.filindeblogg.nu\/wp-content\/uploads\/2016\/06\/045-225x300.jpg 225w, http:\/\/www.filindeblogg.nu\/wp-content\/uploads\/2016\/06\/045.jpg 450w\" sizes=\"(max-width: 225px) 100vw, 225px\" \/><img loading=\"lazy\" class=\"alignnone size-medium wp-image-66911\" src=\"http:\/\/www.filindeblogg.nu\/wp-content\/uploads\/2016\/06\/046-1-300x225.jpg\" alt=\"046\" width=\"300\" height=\"225\" srcset=\"http:\/\/www.filindeblogg.nu\/wp-content\/uploads\/2016\/06\/046-1-300x225.jpg 300w, http:\/\/www.filindeblogg.nu\/wp-content\/uploads\/2016\/06\/046-1.jpg 600w\" sizes=\"(max-width: 300px) 100vw, 300px\" \/> Nyligen publicerade ins\u00e4ndare i <strong>Arboga Tidning, <\/strong>signerade Socialdemokraterna i Arboga.<br \/>\nOch murvlarna p\u00e5 tidningen h\u00e4nger p\u00e5 n\u00e4r de ser en m\u00f6jlighet till uppsving av l\u00f6snummerk\u00f6p och prenumerationer i d\u00e5liga tider&#8230;<br \/>\nArbogas\u00e5pan halkar vidare&#8230; <img loading=\"lazy\" class=\"alignnone  wp-image-65926\" src=\"http:\/\/www.filindeblogg.nu\/wp-content\/uploads\/2016\/03\/S\u00e5pa-1.jpg\" alt=\"S\u00e5pa\" width=\"126\" height=\"91\" \/><br \/>\n<img loading=\"lazy\" class=\"alignnone size-medium wp-image-67001\" src=\"http:\/\/www.filindeblogg.nu\/wp-content\/uploads\/2016\/06\/011-1-225x300.jpg\" alt=\"011\" width=\"225\" height=\"300\" srcset=\"http:\/\/www.filindeblogg.nu\/wp-content\/uploads\/2016\/06\/011-1-225x300.jpg 225w, http:\/\/www.filindeblogg.nu\/wp-content\/uploads\/2016\/06\/011-1.jpg 450w\" sizes=\"(max-width: 225px) 100vw, 225px\" \/> Vilka f\u00f6rstasidor!<br \/>\nStort ska det vara! <img loading=\"lazy\" class=\"alignnone  wp-image-67002\" src=\"http:\/\/www.filindeblogg.nu\/wp-content\/uploads\/2016\/06\/012-2-300x291.jpg\" alt=\"012\" width=\"278\" height=\"270\" srcset=\"http:\/\/www.filindeblogg.nu\/wp-content\/uploads\/2016\/06\/012-2-300x291.jpg 300w, http:\/\/www.filindeblogg.nu\/wp-content\/uploads\/2016\/06\/012-2.jpg 450w\" sizes=\"(max-width: 278px) 100vw, 278px\" \/> Kanske ligger<a href=\"http:\/\/bblat.se\/\" target=\"_blank\"> <strong>B\u00e4rgslagsbladet\/Arboga Tidning<\/strong> <\/a>b\u00e4ttre till \u00e4n Magazinet och g\u00e4rna hj\u00e4lper sossarna lite p\u00e5 traven?<br \/>\nF\u00f6r<a href=\"http:\/\/magazin24.se\/\" target=\"_blank\"><strong> Magazin24<\/strong> <\/a>har inte alltid setts med blida \u00f6gon av tidigare Socialdemokratiska f\u00f6rgrundsfigurer i <strong>Arboga <\/strong>vet bloggaren&#8230;<\/p>\n<p><img loading=\"lazy\" class=\"alignnone  wp-image-67010\" src=\"http:\/\/www.filindeblogg.nu\/wp-content\/uploads\/2016\/06\/F\u00e4rgskala.jpg\" alt=\"F\u00e4rgskala\" width=\"79\" height=\"79\" srcset=\"http:\/\/www.filindeblogg.nu\/wp-content\/uploads\/2016\/06\/F\u00e4rgskala.jpg 225w, http:\/\/www.filindeblogg.nu\/wp-content\/uploads\/2016\/06\/F\u00e4rgskala-150x150.jpg 150w, http:\/\/www.filindeblogg.nu\/wp-content\/uploads\/2016\/06\/F\u00e4rgskala-144x144.jpg 144w\" sizes=\"(max-width: 79px) 100vw, 79px\" \/>Ja, t\u00e4nk s\u00e5 f\u00e4rggrant allt pl\u00f6tsligt kan bli &#8211; bara s\u00e5 d\u00e4r!! <img loading=\"lazy\" class=\"alignnone  wp-image-67011\" src=\"http:\/\/www.filindeblogg.nu\/wp-content\/uploads\/2016\/06\/F\u00e4rger-ihop.jpg\" alt=\"F\u00e4rger ihop\" width=\"82\" height=\"76\" \/><\/p>\n<p>Vojne, vojne, denna s\u00e5pa&#8230; <img loading=\"lazy\" class=\"alignnone  wp-image-67003\" src=\"http:\/\/www.filindeblogg.nu\/wp-content\/uploads\/2016\/06\/Sur-smiley.jpg\" alt=\"Sur smiley\" width=\"137\" height=\"137\" srcset=\"http:\/\/www.filindeblogg.nu\/wp-content\/uploads\/2016\/06\/Sur-smiley.jpg 225w, http:\/\/www.filindeblogg.nu\/wp-content\/uploads\/2016\/06\/Sur-smiley-150x150.jpg 150w, http:\/\/www.filindeblogg.nu\/wp-content\/uploads\/2016\/06\/Sur-smiley-144x144.jpg 144w\" sizes=\"(max-width: 137px) 100vw, 137px\" \/><\/p>\n<p>Mycket ur lokalbladet blev det idag och vi plockar lite mer och lite trevligare saker.\u00a0<img loading=\"lazy\" class=\"alignnone  wp-image-67004\" src=\"http:\/\/www.filindeblogg.nu\/wp-content\/uploads\/2016\/06\/017-1-225x300.jpg\" alt=\"017\" width=\"186\" height=\"248\" srcset=\"http:\/\/www.filindeblogg.nu\/wp-content\/uploads\/2016\/06\/017-1-225x300.jpg 225w, http:\/\/www.filindeblogg.nu\/wp-content\/uploads\/2016\/06\/017-1.jpg 450w\" sizes=\"(max-width: 186px) 100vw, 186px\" \/> Midsommartider stundar och <strong>VAR<\/strong> kan man d\u00e5 dansa runt st\u00e5ngen i trakten!?<br \/>\nJo, se det finner man ocks\u00e5 i tidningen! <img loading=\"lazy\" class=\"alignnone size-medium wp-image-67006\" src=\"http:\/\/www.filindeblogg.nu\/wp-content\/uploads\/2016\/06\/018-1-225x300.jpg\" alt=\"018\" width=\"225\" height=\"300\" srcset=\"http:\/\/www.filindeblogg.nu\/wp-content\/uploads\/2016\/06\/018-1-225x300.jpg 225w, http:\/\/www.filindeblogg.nu\/wp-content\/uploads\/2016\/06\/018-1.jpg 450w\" sizes=\"(max-width: 225px) 100vw, 225px\" \/><br \/>\nLiksom evenemangstips f\u00f6r hela sommaren faktiskt! <img loading=\"lazy\" class=\"alignnone size-medium wp-image-67007\" src=\"http:\/\/www.filindeblogg.nu\/wp-content\/uploads\/2016\/06\/019-2-225x300.jpg\" alt=\"019\" width=\"225\" height=\"300\" srcset=\"http:\/\/www.filindeblogg.nu\/wp-content\/uploads\/2016\/06\/019-2-225x300.jpg 225w, http:\/\/www.filindeblogg.nu\/wp-content\/uploads\/2016\/06\/019-2.jpg 450w\" sizes=\"(max-width: 225px) 100vw, 225px\" \/> Guidade turer efter tycke och smak finns ocks\u00e5: <img loading=\"lazy\" class=\"alignnone size-medium wp-image-67008\" src=\"http:\/\/www.filindeblogg.nu\/wp-content\/uploads\/2016\/06\/015-2-225x300.jpg\" alt=\"015\" width=\"225\" height=\"300\" srcset=\"http:\/\/www.filindeblogg.nu\/wp-content\/uploads\/2016\/06\/015-2-225x300.jpg 225w, http:\/\/www.filindeblogg.nu\/wp-content\/uploads\/2016\/06\/015-2.jpg 450w\" sizes=\"(max-width: 225px) 100vw, 225px\" \/><\/p>\n<p><img loading=\"lazy\" class=\"alignnone size-medium wp-image-67009\" src=\"http:\/\/www.filindeblogg.nu\/wp-content\/uploads\/2016\/06\/016-300x92.jpg\" alt=\"016\" width=\"300\" height=\"92\" srcset=\"http:\/\/www.filindeblogg.nu\/wp-content\/uploads\/2016\/06\/016-300x92.jpg 300w, http:\/\/www.filindeblogg.nu\/wp-content\/uploads\/2016\/06\/016.jpg 600w\" sizes=\"(max-width: 300px) 100vw, 300px\" \/> F\u00f6r den som inte har<a href=\"http:\/\/bblat\" target=\"_blank\"> bladet<\/a> &#8211; ring 0589-87151, <strong>Arboga Turistbyr\u00e5<\/strong>, eller g\u00e5 in p\u00e5 sidan <a href=\"http:\/\/www.arboga.se\/\" target=\"_blank\"><strong>www.arboga.se<\/strong><\/a><\/p>\n<p><img loading=\"lazy\" class=\"alignnone  wp-image-67012\" src=\"http:\/\/www.filindeblogg.nu\/wp-content\/uploads\/2016\/06\/026-1-300x225.jpg\" alt=\"026\" width=\"101\" height=\"76\" srcset=\"http:\/\/www.filindeblogg.nu\/wp-content\/uploads\/2016\/06\/026-1-300x225.jpg 300w, http:\/\/www.filindeblogg.nu\/wp-content\/uploads\/2016\/06\/026-1.jpg 600w\" sizes=\"(max-width: 101px) 100vw, 101px\" \/> Ha nu en riktigt fin midsommar allesammans! <img loading=\"lazy\" class=\"alignnone  wp-image-67013\" src=\"http:\/\/www.filindeblogg.nu\/wp-content\/uploads\/2016\/06\/027-1-300x225.jpg\" alt=\"027\" width=\"102\" height=\"76\" srcset=\"http:\/\/www.filindeblogg.nu\/wp-content\/uploads\/2016\/06\/027-1-300x225.jpg 300w, http:\/\/www.filindeblogg.nu\/wp-content\/uploads\/2016\/06\/027-1.jpg 600w\" sizes=\"(max-width: 102px) 100vw, 102px\" \/><br \/>\nG\u00f6r ingenting som inte bloggaren skulle ha gjort! Nej, l\u00e5t bli allt s\u00e5nt f\u00f6rresten&#8230; \ud83d\ude00<\/p>\n<p style=\"text-align: center;\"><strong>GLAD MIDSOMMAR!<\/strong><\/p>\n<p style=\"text-align: center;\"><img loading=\"lazy\" class=\"aligncenter size-medium wp-image-67014\" src=\"http:\/\/www.filindeblogg.nu\/wp-content\/uploads\/2016\/06\/022-1-225x300.jpg\" alt=\"022\" width=\"225\" height=\"300\" srcset=\"http:\/\/www.filindeblogg.nu\/wp-content\/uploads\/2016\/06\/022-1-225x300.jpg 225w, http:\/\/www.filindeblogg.nu\/wp-content\/uploads\/2016\/06\/022-1.jpg 450w\" sizes=\"(max-width: 225px) 100vw, 225px\" \/><\/p>\n<p>&nbsp;<\/p>\n","protected":false},"excerpt":{"rendered":"<p>&#8211; R\u00f6ra om, sa Bill! Omr\u00f6rning, sa Bull! T\u00e4nk s\u00e5 mycket det h\u00e4nder n\u00e4r det b\u00f6rjar r\u00f6ras om lite i grytan! Nu talar inte bloggaren om mat utan politik &#8211; den politiska grytan \u00e1 la Arbogas\u00e5pan. D\u00e5 kan r\u00f6tt b\u00f6rja n\u00e4rma sig bl\u00e5tt! Liksom flyta ihop i varandra! Det kallas v\u00e4l lila &#8211; eller gredelin. [&hellip;]<\/p>\n","protected":false},"author":1,"featured_media":0,"comment_status":"open","ping_status":"open","sticky":false,"template":"","format":"standard","meta":[],"categories":[127,206,188,174,178,100,119,101],"tags":[],"_links":{"self":[{"href":"http:\/\/www.filindeblogg.nu\/index.php?rest_route=\/wp\/v2\/posts\/66987"}],"collection":[{"href":"http:\/\/www.filindeblogg.nu\/index.php?rest_route=\/wp\/v2\/posts"}],"about":[{"href":"http:\/\/www.filindeblogg.nu\/index.php?rest_route=\/wp\/v2\/types\/post"}],"author":[{"embeddable":true,"href":"http:\/\/www.filindeblogg.nu\/index.php?rest_route=\/wp\/v2\/users\/1"}],"replies":[{"embeddable":true,"href":"http:\/\/www.filindeblogg.nu\/index.php?rest_route=%2Fwp%2Fv2%2Fcomments&post=66987"}],"version-history":[{"count":34,"href":"http:\/\/www.filindeblogg.nu\/index.php?rest_route=\/wp\/v2\/posts\/66987\/revisions"}],"predecessor-version":[{"id":67049,"href":"http:\/\/www.filindeblogg.nu\/index.php?rest_route=\/wp\/v2\/posts\/66987\/revisions\/67049"}],"wp:attachment":[{"href":"http:\/\/www.filindeblogg.nu\/index.php?rest_route=%2Fwp%2Fv2%2Fmedia&parent=66987"}],"wp:term":[{"taxonomy":"category","embeddable":true,"href":"http:\/\/www.filindeblogg.nu\/index.php?rest_route=%2Fwp%2Fv2%2Fcategories&post=66987"},{"taxonomy":"post_tag","embeddable":true,"href":"http:\/\/www.filindeblogg.nu\/index.php?rest_route=%2Fwp%2Fv2%2Ftags&post=66987"}],"curies":[{"name":"wp","href":"https:\/\/api.w.org\/{rel}","templated":true}]}}