{"id":66640,"date":"2016-05-26T13:07:11","date_gmt":"2016-05-26T12:07:11","guid":{"rendered":"http:\/\/www.filindeblogg.nu\/?p=66640"},"modified":"2016-05-26T13:07:11","modified_gmt":"2016-05-26T12:07:11","slug":"oprovocerade-pahopp-pa-s-i-arboga","status":"publish","type":"post","link":"http:\/\/www.filindeblogg.nu\/?p=66640","title":{"rendered":"&#8221;Oprovocerade p\u00e5hopp&#8221; p\u00e5 S i Arboga"},"content":{"rendered":"<p><img loading=\"lazy\" class=\"alignnone size-medium wp-image-66641\" src=\"http:\/\/www.filindeblogg.nu\/wp-content\/uploads\/2016\/05\/019-2-229x300.jpg\" alt=\"019\" width=\"229\" height=\"300\" srcset=\"http:\/\/www.filindeblogg.nu\/wp-content\/uploads\/2016\/05\/019-2-229x300.jpg 229w, http:\/\/www.filindeblogg.nu\/wp-content\/uploads\/2016\/05\/019-2.jpg 431w\" sizes=\"(max-width: 229px) 100vw, 229px\" \/> Den h\u00e4r ins\u00e4ndare finns i dagens <a href=\"http:\/\/bblat.se\/\" target=\"_blank\"><strong>Arboga Tidning.<\/strong><\/a> Tre indignerade gamla socialdemokrater \u00e4r uppr\u00f6rda \u00f6ver ifr\u00e5gas\u00e4ttanden.<\/p>\n<p><strong>P-O Nilsson, Elsy Harrysson och Berit Oscarsson<\/strong> f\u00e5r acceptera ordet &#8221;gamla&#8221; h\u00e4r &#8211; f\u00f6r de har varit med l\u00e5ng tid i partiet. &#8221;Gammal&#8221; \u00e4r annars n\u00e5got som uppr\u00f6rt ins\u00e4ndarskribenterna.<br \/>\nL\u00e4s ins\u00e4ndaren p\u00e5 n\u00e4tet <strong><a href=\"http:\/\/bblat.se\/insandare\/1.3909896-ett-oprovocerat-pahopp-pa-s-i-arboga\" target=\"_blank\">H\u00c4R!<\/a><\/strong><\/p>\n<p>S\u00e5 h\u00e4r har bloggaren kommenterat &#8211; och, kors i taket, ocks\u00e5 skickat in som ins\u00e4ndare till n\u00e4mnda tidning! Detta trots att hon &#8221;gjorde slut&#8221; med tidningen efter p\u00e5hoppet f\u00f6rra sommaren som slutade med att bladet f\u00e4lldes av <strong>PO\/PON<\/strong>.<\/p>\n<p>&nbsp;<\/p>\n<p><strong><em>&#8221;Trots att jag numera ventilerar det mesta i min egen blogg g\u00f6r jag ett inhopp h\u00e4r igen. Anledningen \u00e4r ins\u00e4ndaren \u201dEtt oprovocerat p\u00e5hopp p\u00e5 S i Arboga\u201d, undertecknad av P-O Nilsson, Elsy Harrysson och Berit Oscarsson i Bbl\/AT 26\/5.<\/em><\/strong><\/p>\n<p><strong><em>Trion anser att signaturen \u201dF\u00f6rtroendevald, Arboga\u201d i en tidigare ins\u00e4ndare, citat \u2013 \u201dondg\u00f6r sig \u00f6ver att S-politiker vill f\u00f6rkovra sig inf\u00f6r de nya roller man ska verka i\u201d.<\/em><\/strong><\/p>\n<p><strong><em>Undertecknad tror inte att \u201dF\u00f6rtroendevald, Arboga\u201d har n\u00e5got emot mer utbildade och erfarna S-politiker, tv\u00e4rtom. D\u00e4remot kanske skribenten m\u00e5h\u00e4nda \u00f6nskar lite mer av nytt blod i kunskaps\u00f6verf\u00f6randet.<\/em><\/strong><\/p>\n<p><strong><em>F\u00f6r v\u00e4rst tycker Nilsson, Harrysson och Oscarsson att \u201dnestorn i Arboga\u201d Olle G\u00f6ransson behandlas i ins\u00e4ndaren och framh\u00e5ller bland annat G\u00f6ranssons l\u00e5nga erfarenhet i riksdagen.\u00a0 Olle G\u00f6ransson \u00e4r 86 \u00e5r. <\/em><\/strong><br \/>\n<strong><em> Trion skriver att G\u00f6ransson \u00e4r v\u00e4rd all aktning \u2013 vilket undertecknad sj\u00e4lvklart inst\u00e4mmer i. Samtidigt kan man fundera lite kring om hans kunskap i \u00e4mnet, citat: \u201dhur man ska arbeta f\u00f6r att h\u00e5lla ihop inom partiet\u201d kanske borde ha implementerats lite tidigare?<\/em><\/strong><\/p>\n<p><strong><em>Trion avslutar med att tycka att den enda positiva med \u201dF\u00f6rtroendevald, Arboga\u201d ins\u00e4ndare \u00e4r att den visar, citat \u201dden m\u00e4nniskosyn som \u00e4r huvudorsaken till att det blivit om\u00f6jligt att forts\u00e4tta att samarbeta\u201d.<br \/>\nEn, enligt mitt tyckte, mycket m\u00e4rklig men kanske inte helt f\u00f6rv\u00e5nande slutkommentar. Samarbete handlar om att just<\/em> <em>arbeta tillsammans \u2013 alla. Ist\u00e4llet f\u00f6r att g\u00e5 i f\u00f6rsvarsst\u00e4llning och f\u00f6rlita sig till det gamla, som kanske \u00e4r en av orsakerna till att det till slut gick som det gick f\u00f6r S i Arboga \u2013 borde trion v\u00e4lkomna reaktioner och nya id\u00e9er. Ta dem tillvara och \u00f6ppna upp f\u00f6r allas \u00e5sikter.<\/em><\/strong><\/p>\n<p><strong><em>Maktfullkomlighet och att stelbent leva p\u00e5 gamla lagrar har Arboga sett alldeles f\u00f6r mycket av alldeles f\u00f6r l\u00e4nge.&#8221;<\/em><\/strong><\/p>\n<p>&nbsp;<\/p>\n<p>Sen kan man v\u00e4l knappast kalla reaktioner p\u00e5 socialdemokraternas utspel den senaste tide &#8221;oprovocerade&#8221;. Provokation \u00e4r v\u00e4l verkligen det sossarna h\u00e4r i Arboga sysslat med &#8211; b\u00e5de ut\u00e5t och internt. N\u00e5got som dessutom blev deras fall.<\/p>\n<p>Tidigare i veckan fanns roligare saker i lokaltidningen: <img loading=\"lazy\" class=\"alignnone size-medium wp-image-66642\" src=\"http:\/\/www.filindeblogg.nu\/wp-content\/uploads\/2016\/05\/018-2-225x300.jpg\" alt=\"018\" width=\"225\" height=\"300\" srcset=\"http:\/\/www.filindeblogg.nu\/wp-content\/uploads\/2016\/05\/018-2-225x300.jpg 225w, http:\/\/www.filindeblogg.nu\/wp-content\/uploads\/2016\/05\/018-2.jpg 450w\" sizes=\"(max-width: 225px) 100vw, 225px\" \/> Nya jobb till <strong>Arboga<\/strong> och ett nytt, stort bageri med invandrat br\u00f6d, kan man v\u00e4l kalla det. <img loading=\"lazy\" class=\"alignnone size-medium wp-image-66643\" src=\"http:\/\/www.filindeblogg.nu\/wp-content\/uploads\/2016\/05\/017-300x284.jpg\" alt=\"017\" width=\"300\" height=\"284\" srcset=\"http:\/\/www.filindeblogg.nu\/wp-content\/uploads\/2016\/05\/017-300x284.jpg 300w, http:\/\/www.filindeblogg.nu\/wp-content\/uploads\/2016\/05\/017.jpg 475w\" sizes=\"(max-width: 300px) 100vw, 300px\" \/><\/p>\n<p><em>&#8221;<strong>Bageriet inriktar sig<\/strong> helt p\u00e5 br\u00f6d fr\u00e5n Mellan\u00f6stern. En marknad som \u00e4garen anser har f\u00f6r smalt urval av produkter i Sverige i dag. <\/em><br \/>\n<em>\u2013 Det finns bagerier i hela Sverige som g\u00f6r br\u00f6d fr\u00e5n Mellan\u00f6stern. Men de tillverkar oftast bara tv\u00e5 olika br\u00f6d. Det \u00e4r n\u00e4stan bara pita. Vi kommer att ha 17 olika br\u00f6d, varav 12-13 inte ens finns i Europa sedan tidigare, s\u00e4ger Abbas.&#8221; <\/em>(Citat ur tidningen).<\/p>\n<p><strong>Abbas Salehzadeh<\/strong> heter entrepren\u00f6ren, kommer fr\u00e5n <strong>Iran<\/strong> och bloggaren ser fram emot att f\u00e5 prova nya sorters br\u00f6d!<img loading=\"lazy\" class=\"alignnone  wp-image-66644\" src=\"http:\/\/www.filindeblogg.nu\/wp-content\/uploads\/2016\/05\/Br\u00f6d-fr\u00e5n-Iran-300x200.jpg\" alt=\"Br\u00f6d fr\u00e5n Iran\" width=\"209\" height=\"139\" srcset=\"http:\/\/www.filindeblogg.nu\/wp-content\/uploads\/2016\/05\/Br\u00f6d-fr\u00e5n-Iran-300x200.jpg 300w, http:\/\/www.filindeblogg.nu\/wp-content\/uploads\/2016\/05\/Br\u00f6d-fr\u00e5n-Iran.jpg 500w\" sizes=\"(max-width: 209px) 100vw, 209px\" \/><br \/>\nL\u00e4s artikeln <a href=\"http:\/\/bblat.se\/nyheter\/nyheter\/1.3903467-unikt-bageri-ger-13-nya-jobb\" target=\"_blank\"><strong>H\u00c4R<\/strong><\/a> i <strong>Bbl\/AT<\/strong> om <strong>Sweden Arboga classic bageri AB<\/strong>!<\/p>\n<p>Urban hade namnsdag ig\u00e5r och <strong>Bondepraktikan<\/strong> s\u00e4ger att &#8221;<em>Urbanus ska sommaren s\u00e4nda&#8221;<\/em>. Nja, det f\u00e5r vi v\u00e4l \u00e4nd\u00e5 hoppas inte \u00e4r riktigt sant. F\u00f6r s\u00e5dan h\u00e4r sommar vill vi inte ha: <img loading=\"lazy\" class=\"alignnone size-medium wp-image-66645\" src=\"http:\/\/www.filindeblogg.nu\/wp-content\/uploads\/2016\/05\/020-1-300x225.jpg\" alt=\"020\" width=\"300\" height=\"225\" srcset=\"http:\/\/www.filindeblogg.nu\/wp-content\/uploads\/2016\/05\/020-1-300x225.jpg 300w, http:\/\/www.filindeblogg.nu\/wp-content\/uploads\/2016\/05\/020-1.jpg 600w\" sizes=\"(max-width: 300px) 100vw, 300px\" \/> Gr\u00e5v\u00e4der idag, regn och bl\u00e5sigt. Inte kul alls!<\/p>\n<p>D\u00e5 kan man stanna inne &#8211; g\u00f6ra som katten <strong>Curry<\/strong> och krypa ihop i sin egen lilla vr\u00e5. <img loading=\"lazy\" class=\"alignnone size-medium wp-image-66646\" src=\"http:\/\/www.filindeblogg.nu\/wp-content\/uploads\/2016\/05\/002-1-300x236.jpg\" alt=\"002\" width=\"300\" height=\"236\" srcset=\"http:\/\/www.filindeblogg.nu\/wp-content\/uploads\/2016\/05\/002-1-300x236.jpg 300w, http:\/\/www.filindeblogg.nu\/wp-content\/uploads\/2016\/05\/002-1.jpg 573w\" sizes=\"(max-width: 300px) 100vw, 300px\" \/><\/p>\n<p>Eller varf\u00f6r inte baka, p\u00e5 tal om Iranskt br\u00f6d!? N\u00e5got riktigt hj\u00e4rtev\u00e4rmande i regnrusket! <img loading=\"lazy\" class=\"alignnone size-medium wp-image-66647\" src=\"http:\/\/www.filindeblogg.nu\/wp-content\/uploads\/2016\/05\/015-300x225.jpg\" alt=\"015\" width=\"300\" height=\"225\" srcset=\"http:\/\/www.filindeblogg.nu\/wp-content\/uploads\/2016\/05\/015-300x225.jpg 300w, http:\/\/www.filindeblogg.nu\/wp-content\/uploads\/2016\/05\/015.jpg 600w\" sizes=\"(max-width: 300px) 100vw, 300px\" \/> Var nu goa och glada och sn\u00e4lla mot varandra s\u00e5 lyser snart solen igen b\u00e5de ute och inne! Kram p\u00e5 er!<\/p>\n","protected":false},"excerpt":{"rendered":"<p>Den h\u00e4r ins\u00e4ndare finns i dagens Arboga Tidning. Tre indignerade gamla socialdemokrater \u00e4r uppr\u00f6rda \u00f6ver ifr\u00e5gas\u00e4ttanden. P-O Nilsson, Elsy Harrysson och Berit Oscarsson f\u00e5r acceptera ordet &#8221;gamla&#8221; h\u00e4r &#8211; f\u00f6r de har varit med l\u00e5ng tid i partiet. &#8221;Gammal&#8221; \u00e4r annars n\u00e5got som uppr\u00f6rt ins\u00e4ndarskribenterna. L\u00e4s ins\u00e4ndaren p\u00e5 n\u00e4tet H\u00c4R! S\u00e5 h\u00e4r har bloggaren kommenterat [&hellip;]<\/p>\n","protected":false},"author":1,"featured_media":0,"comment_status":"open","ping_status":"open","sticky":false,"template":"","format":"standard","meta":[],"categories":[127,206,41,100,132,119,200,101],"tags":[],"_links":{"self":[{"href":"http:\/\/www.filindeblogg.nu\/index.php?rest_route=\/wp\/v2\/posts\/66640"}],"collection":[{"href":"http:\/\/www.filindeblogg.nu\/index.php?rest_route=\/wp\/v2\/posts"}],"about":[{"href":"http:\/\/www.filindeblogg.nu\/index.php?rest_route=\/wp\/v2\/types\/post"}],"author":[{"embeddable":true,"href":"http:\/\/www.filindeblogg.nu\/index.php?rest_route=\/wp\/v2\/users\/1"}],"replies":[{"embeddable":true,"href":"http:\/\/www.filindeblogg.nu\/index.php?rest_route=%2Fwp%2Fv2%2Fcomments&post=66640"}],"version-history":[{"count":10,"href":"http:\/\/www.filindeblogg.nu\/index.php?rest_route=\/wp\/v2\/posts\/66640\/revisions"}],"predecessor-version":[{"id":66657,"href":"http:\/\/www.filindeblogg.nu\/index.php?rest_route=\/wp\/v2\/posts\/66640\/revisions\/66657"}],"wp:attachment":[{"href":"http:\/\/www.filindeblogg.nu\/index.php?rest_route=%2Fwp%2Fv2%2Fmedia&parent=66640"}],"wp:term":[{"taxonomy":"category","embeddable":true,"href":"http:\/\/www.filindeblogg.nu\/index.php?rest_route=%2Fwp%2Fv2%2Fcategories&post=66640"},{"taxonomy":"post_tag","embeddable":true,"href":"http:\/\/www.filindeblogg.nu\/index.php?rest_route=%2Fwp%2Fv2%2Ftags&post=66640"}],"curies":[{"name":"wp","href":"https:\/\/api.w.org\/{rel}","templated":true}]}}