{"id":66578,"date":"2016-05-20T16:58:36","date_gmt":"2016-05-20T15:58:36","guid":{"rendered":"http:\/\/www.filindeblogg.nu\/?p=66578"},"modified":"2016-05-20T17:03:54","modified_gmt":"2016-05-20T16:03:54","slug":"om-dinosauriernas-kamp-i-sapastaden-arboga-andy-warhol-och-den-ljuva-forsommaren","status":"publish","type":"post","link":"http:\/\/www.filindeblogg.nu\/?p=66578","title":{"rendered":"Om dinosauriernas kamp i S\u00e5pastaden Arboga, Andy Warhol och den ljuva f\u00f6rsommaren!"},"content":{"rendered":"<p><img loading=\"lazy\" class=\"alignnone size-full wp-image-65926\" src=\"http:\/\/www.filindeblogg.nu\/wp-content\/uploads\/2016\/03\/S\u00e5pa-1.jpg\" alt=\"S\u00e5pa\" width=\"200\" height=\"144\" \/> Lite s\u00e5pa blir det idag ocks\u00e5.<\/p>\n<p><img loading=\"lazy\" class=\"alignnone  wp-image-66610\" src=\"http:\/\/www.filindeblogg.nu\/wp-content\/uploads\/2016\/05\/Trex-300x178.jpg\" alt=\"Trex\" width=\"207\" height=\"123\" srcset=\"http:\/\/www.filindeblogg.nu\/wp-content\/uploads\/2016\/05\/Trex-300x178.jpg 300w, http:\/\/www.filindeblogg.nu\/wp-content\/uploads\/2016\/05\/Trex.jpg 630w\" sizes=\"(max-width: 207px) 100vw, 207px\" \/>\u00a0F\u00f6r nu b\u00f6rjar dinosauriernas &#8211; f\u00f6rl\u00e5t, veteranernas kamp!\u00a0<img loading=\"lazy\" class=\"alignnone wp-image-66579\" src=\"http:\/\/www.filindeblogg.nu\/wp-content\/uploads\/2016\/05\/043-1-225x300.jpg\" alt=\"043\" width=\"196\" height=\"261\" srcset=\"http:\/\/www.filindeblogg.nu\/wp-content\/uploads\/2016\/05\/043-1-225x300.jpg 225w, http:\/\/www.filindeblogg.nu\/wp-content\/uploads\/2016\/05\/043-1.jpg 450w\" sizes=\"(max-width: 196px) 100vw, 196px\" \/> Kampen om den f\u00f6rlorade makten! Ett g\u00e4ng giriga partikamrater som ju s\u00e5g till att de sina fick kliva ner fr\u00e5n tronen efter 97 \u00e5r. Det m\u00e5ste g\u00f6ras n\u00e5got \u00e5t.<\/p>\n<p>Dinosaurier, ja &#8211; fast S\u00c5 gamla \u00e4r ju inte de sossar som ska l\u00e4ra de nya och giriga att veta hut! <img loading=\"lazy\" class=\"alignnone wp-image-65806\" src=\"http:\/\/www.filindeblogg.nu\/wp-content\/uploads\/2016\/03\/003-2-300x241.jpg\" alt=\"003\" width=\"193\" height=\"155\" srcset=\"http:\/\/www.filindeblogg.nu\/wp-content\/uploads\/2016\/03\/003-2-300x241.jpg 300w, http:\/\/www.filindeblogg.nu\/wp-content\/uploads\/2016\/03\/003-2.jpg 560w\" sizes=\"(max-width: 193px) 100vw, 193px\" \/><strong>Olle G\u00f6ransson<\/strong> \u00e4r 86, <strong>Berit Oscarsson<\/strong> 75 medan <strong>Elsy Harrysson<\/strong> och <strong>P-O Nilsson<\/strong> bara \u00e4r 73&#8230;<\/p>\n<p>Ja ja, vi f\u00e5r se hur det g\u00e5r&#8230; Bloggaren tror att det kan ta sin lilla tid innan f\u00f6rtroendet v\u00e4nder \u00e5ter f\u00f6r socialdemokraterna i Arboga.<\/p>\n<p><strong>Andy Warhol<\/strong> d\u00e5? Jo, bloggaren bes\u00f6kte <a href=\"http:\/\/www.artipelag.se\/\" target=\"_blank\"><strong>Artipelag<\/strong> <\/a>p\u00e5<strong> V\u00e4rmd\u00f6<\/strong> och utst\u00e4llningen<strong><em> &#8221;Arvet efter Andy Warhol&#8221;<\/em> <\/strong>h\u00e4r om dagen. <img loading=\"lazy\" class=\"alignnone wp-image-66580\" src=\"http:\/\/www.filindeblogg.nu\/wp-content\/uploads\/2016\/05\/Andy-Warhol.jpg\" alt=\"Andy Warhol\" width=\"186\" height=\"185\" srcset=\"http:\/\/www.filindeblogg.nu\/wp-content\/uploads\/2016\/05\/Andy-Warhol.jpg 225w, http:\/\/www.filindeblogg.nu\/wp-content\/uploads\/2016\/05\/Andy-Warhol-150x150.jpg 150w, http:\/\/www.filindeblogg.nu\/wp-content\/uploads\/2016\/05\/Andy-Warhol-144x144.jpg 144w\" sizes=\"(max-width: 186px) 100vw, 186px\" \/><\/p>\n<p><img loading=\"lazy\" class=\"alignnone wp-image-66601\" src=\"http:\/\/www.filindeblogg.nu\/wp-content\/uploads\/2016\/05\/Normal-1-300x294.jpg\" alt=\"Normal\" width=\"187\" height=\"183\" srcset=\"http:\/\/www.filindeblogg.nu\/wp-content\/uploads\/2016\/05\/Normal-1-300x294.jpg 300w, http:\/\/www.filindeblogg.nu\/wp-content\/uploads\/2016\/05\/Normal-1.jpg 364w\" sizes=\"(max-width: 187px) 100vw, 187px\" \/>\u00a0Mycket intressant utst\u00e4llning med b\u00e5de bild och ljud.<br \/>\n<img loading=\"lazy\" class=\"alignnone wp-image-66583\" src=\"http:\/\/www.filindeblogg.nu\/wp-content\/uploads\/2016\/05\/Andy-och-Suss-225x300.jpg\" alt=\"Andy och Suss\" width=\"174\" height=\"232\" srcset=\"http:\/\/www.filindeblogg.nu\/wp-content\/uploads\/2016\/05\/Andy-och-Suss-225x300.jpg 225w, http:\/\/www.filindeblogg.nu\/wp-content\/uploads\/2016\/05\/Andy-och-Suss.jpg 720w\" sizes=\"(max-width: 174px) 100vw, 174px\" \/> Och fotof\u00f6rbud&#8230; Fick bloggaren och kompisen tillsagt sig av en indignerad \u00e4ldre herre! D\u00e5 var det redan f\u00f6rsent&#8230;<br \/>\n(Och nej, det \u00e4r inte den \u00e4ldre mannen som ligger nerslagen p\u00e5 golvet. \ud83d\ude00 Dockan med surfingbr\u00e4dan tillh\u00f6r utst\u00e4llningen!)<\/p>\n<p>Foton blev det en hel del \u00e4nd\u00e5! <img loading=\"lazy\" class=\"alignnone size-medium wp-image-66581\" src=\"http:\/\/www.filindeblogg.nu\/wp-content\/uploads\/2016\/05\/Hela-kartan-225x300.jpg\" alt=\"Hela kartan\" width=\"225\" height=\"300\" srcset=\"http:\/\/www.filindeblogg.nu\/wp-content\/uploads\/2016\/05\/Hela-kartan-225x300.jpg 225w, http:\/\/www.filindeblogg.nu\/wp-content\/uploads\/2016\/05\/Hela-kartan.jpg 450w\" sizes=\"(max-width: 225px) 100vw, 225px\" \/> Via en rolig fotoapparat som fanns i utst\u00e4llningslokalen! 1 karta foton var det nog t\u00e4nkt att man skulle f\u00e5 ta. Bloggaren tog 6 stycken! \ud83d\ude00 <img loading=\"lazy\" class=\"alignnone size-medium wp-image-66584\" src=\"http:\/\/www.filindeblogg.nu\/wp-content\/uploads\/2016\/05\/Coola-kartan-225x300.jpg\" alt=\"Coola kartan\" width=\"225\" height=\"300\" srcset=\"http:\/\/www.filindeblogg.nu\/wp-content\/uploads\/2016\/05\/Coola-kartan-225x300.jpg 225w, http:\/\/www.filindeblogg.nu\/wp-content\/uploads\/2016\/05\/Coola-kartan.jpg 450w\" sizes=\"(max-width: 225px) 100vw, 225px\" \/><\/p>\n<p>N\u00e5gra av dessa bilder kommer att &#8221;f\u00f6rgylla&#8221; bloggen emellan\u00e5t h\u00e4r fram\u00f6ver&#8230; <img loading=\"lazy\" class=\"alignnone size-full wp-image-66585\" src=\"http:\/\/www.filindeblogg.nu\/wp-content\/uploads\/2016\/05\/Tunga-2.jpg\" alt=\"Tunga 2\" width=\"214\" height=\"216\" srcset=\"http:\/\/www.filindeblogg.nu\/wp-content\/uploads\/2016\/05\/Tunga-2.jpg 214w, http:\/\/www.filindeblogg.nu\/wp-content\/uploads\/2016\/05\/Tunga-2-150x150.jpg 150w, http:\/\/www.filindeblogg.nu\/wp-content\/uploads\/2016\/05\/Tunga-2-144x144.jpg 144w\" sizes=\"(max-width: 214px) 100vw, 214px\" \/> Lite beroende p\u00e5 bloggarens sinnestillst\u00e5nd. \ud83d\ude09<\/p>\n<p>Klicka <a href=\"http:\/\/www.artipelag.se\/utstallning\/arvet-efter-andy-warhol\/\" target=\"_blank\"><strong>H\u00c4R<\/strong><\/a> f\u00f6r att komma till Andy Warhols utst\u00e4llning p\u00e5 Artipelag!<\/p>\n<p>Vackert var det p\u00e5 V\u00e4rmd\u00f6! <img loading=\"lazy\" class=\"alignnone size-medium wp-image-66586\" src=\"http:\/\/www.filindeblogg.nu\/wp-content\/uploads\/2016\/05\/014-300x225.jpg\" alt=\"014\" width=\"300\" height=\"225\" srcset=\"http:\/\/www.filindeblogg.nu\/wp-content\/uploads\/2016\/05\/014-300x225.jpg 300w, http:\/\/www.filindeblogg.nu\/wp-content\/uploads\/2016\/05\/014.jpg 600w\" sizes=\"(max-width: 300px) 100vw, 300px\" \/><br \/>\nLite oskyldigt h\u00e5ngel kunde man skaffa sig i parken intill Artipelag ocks\u00e5! <img loading=\"lazy\" class=\"alignnone size-medium wp-image-66587\" src=\"http:\/\/www.filindeblogg.nu\/wp-content\/uploads\/2016\/05\/H\u00e5ngel-i-parken-225x300.jpg\" alt=\"H\u00e5ngel i parken\" width=\"225\" height=\"300\" srcset=\"http:\/\/www.filindeblogg.nu\/wp-content\/uploads\/2016\/05\/H\u00e5ngel-i-parken-225x300.jpg 225w, http:\/\/www.filindeblogg.nu\/wp-content\/uploads\/2016\/05\/H\u00e5ngel-i-parken.jpg 296w\" sizes=\"(max-width: 225px) 100vw, 225px\" \/><\/p>\n<p><img loading=\"lazy\" class=\"alignnone size-medium wp-image-66588\" src=\"http:\/\/www.filindeblogg.nu\/wp-content\/uploads\/2016\/05\/029-113x300.jpg\" alt=\"029\" width=\"113\" height=\"300\" srcset=\"http:\/\/www.filindeblogg.nu\/wp-content\/uploads\/2016\/05\/029-113x300.jpg 113w, http:\/\/www.filindeblogg.nu\/wp-content\/uploads\/2016\/05\/029.jpg 213w\" sizes=\"(max-width: 113px) 100vw, 113px\" \/> Hemma igen &#8211;<br \/>\noch vackert \u00e4r det i <strong>Arboga<\/strong> ocks\u00e5! <img loading=\"lazy\" class=\"alignnone wp-image-66589\" src=\"http:\/\/www.filindeblogg.nu\/wp-content\/uploads\/2016\/05\/010-300x225.jpg\" alt=\"010\" width=\"240\" height=\"180\" srcset=\"http:\/\/www.filindeblogg.nu\/wp-content\/uploads\/2016\/05\/010-300x225.jpg 300w, http:\/\/www.filindeblogg.nu\/wp-content\/uploads\/2016\/05\/010.jpg 600w\" sizes=\"(max-width: 240px) 100vw, 240px\" \/><br \/>\nLite mer v\u00e4rme och lite mer sol, lite b\u00e4ttre v\u00e4der &#8211; s\u00e5 sl\u00e5r s\u00e5dana h\u00e4r vackra saker ut i omgivningen! <img loading=\"lazy\" class=\"alignnone size-medium wp-image-66590\" src=\"http:\/\/www.filindeblogg.nu\/wp-content\/uploads\/2016\/05\/008-300x225.jpg\" alt=\"008\" width=\"300\" height=\"225\" srcset=\"http:\/\/www.filindeblogg.nu\/wp-content\/uploads\/2016\/05\/008-300x225.jpg 300w, http:\/\/www.filindeblogg.nu\/wp-content\/uploads\/2016\/05\/008.jpg 600w\" sizes=\"(max-width: 300px) 100vw, 300px\" \/> Broder <strong>Mats<\/strong> klappar p\u00e5 sin \u00f6gonsten &#8211; en <strong>Corvette<\/strong>!<\/p>\n<p>Och visst sl\u00e5r det ut! Bilar s\u00e5v\u00e4l som gr\u00f6nskan och blommorna &#8211; maj och f\u00f6rsommaren \u00e4r v\u00e4l kanske den ljuvligaste tiden p\u00e5 \u00e5ret! <img loading=\"lazy\" class=\"alignnone size-medium wp-image-66591\" src=\"http:\/\/www.filindeblogg.nu\/wp-content\/uploads\/2016\/05\/001-225x300.jpg\" alt=\"001\" width=\"225\" height=\"300\" srcset=\"http:\/\/www.filindeblogg.nu\/wp-content\/uploads\/2016\/05\/001-225x300.jpg 225w, http:\/\/www.filindeblogg.nu\/wp-content\/uploads\/2016\/05\/001.jpg 450w\" sizes=\"(max-width: 225px) 100vw, 225px\" \/><br \/>\nS\u00e5 skir gr\u00f6nska!<\/p>\n<p>Och visst andas v\u00e4l den h\u00e4r bilden svensk f\u00f6rsommarkv\u00e4ll! <img loading=\"lazy\" class=\"alignnone size-medium wp-image-66592\" src=\"http:\/\/www.filindeblogg.nu\/wp-content\/uploads\/2016\/05\/005-1-300x225.jpg\" alt=\"005\" width=\"300\" height=\"225\" srcset=\"http:\/\/www.filindeblogg.nu\/wp-content\/uploads\/2016\/05\/005-1-300x225.jpg 300w, http:\/\/www.filindeblogg.nu\/wp-content\/uploads\/2016\/05\/005-1.jpg 600w\" sizes=\"(max-width: 300px) 100vw, 300px\" \/><\/p>\n<p>\u00c4ven inomhus prunkar det! <img loading=\"lazy\" class=\"alignnone size-medium wp-image-66593\" src=\"http:\/\/www.filindeblogg.nu\/wp-content\/uploads\/2016\/05\/031-300x225.jpg\" alt=\"031\" width=\"300\" height=\"225\" srcset=\"http:\/\/www.filindeblogg.nu\/wp-content\/uploads\/2016\/05\/031-300x225.jpg 300w, http:\/\/www.filindeblogg.nu\/wp-content\/uploads\/2016\/05\/031.jpg 600w\" sizes=\"(max-width: 300px) 100vw, 300px\" \/> Bloggarens mors fantastiska hibiskus!<\/p>\n<p>Avslutar bloggen med en f\u00f6delsedagst\u00e5rta som bloggaren fick smaka p\u00e5 ig\u00e5r! <img loading=\"lazy\" class=\"alignnone size-medium wp-image-66594\" src=\"http:\/\/www.filindeblogg.nu\/wp-content\/uploads\/2016\/05\/F\u00f6delsedagst\u00e5rtan-259x300.jpg\" alt=\"F\u00f6delsedagst\u00e5rtan\" width=\"259\" height=\"300\" srcset=\"http:\/\/www.filindeblogg.nu\/wp-content\/uploads\/2016\/05\/F\u00f6delsedagst\u00e5rtan-259x300.jpg 259w, http:\/\/www.filindeblogg.nu\/wp-content\/uploads\/2016\/05\/F\u00f6delsedagst\u00e5rtan-768x890.jpg 768w, http:\/\/www.filindeblogg.nu\/wp-content\/uploads\/2016\/05\/F\u00f6delsedagst\u00e5rtan.jpg 828w\" sizes=\"(max-width: 259px) 100vw, 259px\" \/> Lika ljuvligt god som den var fin att titta p\u00e5! Tack <strong>Birgitta<\/strong> och grattis \u00e4n en g\u00e5ng!<\/p>\n<p>Sk\u00f6t er nu i helgen! Var r\u00e4dda om er och om varandra!<br \/>\nN\u00e5gon \u00e4lskar er d\u00e4r ute &#8211; gl\u00f6m aldrig det! <img loading=\"lazy\" class=\"alignnone wp-image-66595\" src=\"http:\/\/www.filindeblogg.nu\/wp-content\/uploads\/2016\/05\/040-2-225x300.jpg\" alt=\"040\" width=\"175\" height=\"233\" srcset=\"http:\/\/www.filindeblogg.nu\/wp-content\/uploads\/2016\/05\/040-2-225x300.jpg 225w, http:\/\/www.filindeblogg.nu\/wp-content\/uploads\/2016\/05\/040-2.jpg 450w\" sizes=\"(max-width: 175px) 100vw, 175px\" \/><\/p>\n<p>&nbsp;<\/p>\n<p>&nbsp;<\/p>\n<p>&nbsp;<\/p>\n","protected":false},"excerpt":{"rendered":"<p>Lite s\u00e5pa blir det idag ocks\u00e5. \u00a0F\u00f6r nu b\u00f6rjar dinosauriernas &#8211; f\u00f6rl\u00e5t, veteranernas kamp!\u00a0 Kampen om den f\u00f6rlorade makten! Ett g\u00e4ng giriga partikamrater som ju s\u00e5g till att de sina fick kliva ner fr\u00e5n tronen efter 97 \u00e5r. Det m\u00e5ste g\u00f6ras n\u00e5got \u00e5t. Dinosaurier, ja &#8211; fast S\u00c5 gamla \u00e4r ju inte de sossar som [&hellip;]<\/p>\n","protected":false},"author":1,"featured_media":0,"comment_status":"open","ping_status":"open","sticky":false,"template":"","format":"standard","meta":[],"categories":[127,206,189,188,126,100,119,101],"tags":[],"_links":{"self":[{"href":"http:\/\/www.filindeblogg.nu\/index.php?rest_route=\/wp\/v2\/posts\/66578"}],"collection":[{"href":"http:\/\/www.filindeblogg.nu\/index.php?rest_route=\/wp\/v2\/posts"}],"about":[{"href":"http:\/\/www.filindeblogg.nu\/index.php?rest_route=\/wp\/v2\/types\/post"}],"author":[{"embeddable":true,"href":"http:\/\/www.filindeblogg.nu\/index.php?rest_route=\/wp\/v2\/users\/1"}],"replies":[{"embeddable":true,"href":"http:\/\/www.filindeblogg.nu\/index.php?rest_route=%2Fwp%2Fv2%2Fcomments&post=66578"}],"version-history":[{"count":15,"href":"http:\/\/www.filindeblogg.nu\/index.php?rest_route=\/wp\/v2\/posts\/66578\/revisions"}],"predecessor-version":[{"id":66612,"href":"http:\/\/www.filindeblogg.nu\/index.php?rest_route=\/wp\/v2\/posts\/66578\/revisions\/66612"}],"wp:attachment":[{"href":"http:\/\/www.filindeblogg.nu\/index.php?rest_route=%2Fwp%2Fv2%2Fmedia&parent=66578"}],"wp:term":[{"taxonomy":"category","embeddable":true,"href":"http:\/\/www.filindeblogg.nu\/index.php?rest_route=%2Fwp%2Fv2%2Fcategories&post=66578"},{"taxonomy":"post_tag","embeddable":true,"href":"http:\/\/www.filindeblogg.nu\/index.php?rest_route=%2Fwp%2Fv2%2Ftags&post=66578"}],"curies":[{"name":"wp","href":"https:\/\/api.w.org\/{rel}","templated":true}]}}