{"id":66539,"date":"2016-05-14T15:16:23","date_gmt":"2016-05-14T14:16:23","guid":{"rendered":"http:\/\/www.filindeblogg.nu\/?p=66539"},"modified":"2016-05-14T15:16:23","modified_gmt":"2016-05-14T14:16:23","slug":"saxad-sapa-om-politikerna-och-odmjukheten-och-lite-andra-knappa-klipp","status":"publish","type":"post","link":"http:\/\/www.filindeblogg.nu\/?p=66539","title":{"rendered":"Saxad s\u00e5pa &#8211; om politikerna och \u00f6dmjukheten och lite andra kn\u00e4ppa klipp!"},"content":{"rendered":"<p><img loading=\"lazy\" class=\"alignnone  wp-image-66540\" src=\"http:\/\/www.filindeblogg.nu\/wp-content\/uploads\/2016\/05\/SAX.jpg\" alt=\"SAX\" width=\"188\" height=\"102\" \/><img loading=\"lazy\" class=\"alignnone size-full wp-image-66541\" src=\"http:\/\/www.filindeblogg.nu\/wp-content\/uploads\/2016\/05\/S\u00e5pa.jpg\" alt=\"S\u00e5pa\" width=\"128\" height=\"93\" \/> Numera verkar <a href=\"http:\/\/bblat.se\/\" target=\"_blank\"><strong>Arboga Tidning<\/strong> <\/a>vara en aldrig sinande k\u00e4lla till blogginspiration och tacka sjutton f\u00f6r det n\u00e4r s\u00e5pan bara forts\u00e4tter att fl\u00f6da i den lilla <strong>&#8221;S\u00e5pastaden Arboga&#8221;<\/strong>&#8230; <img loading=\"lazy\" class=\"alignnone size-medium wp-image-66542\" src=\"http:\/\/www.filindeblogg.nu\/wp-content\/uploads\/2016\/05\/018-1-225x300.jpg\" alt=\"018\" width=\"225\" height=\"300\" srcset=\"http:\/\/www.filindeblogg.nu\/wp-content\/uploads\/2016\/05\/018-1-225x300.jpg 225w, http:\/\/www.filindeblogg.nu\/wp-content\/uploads\/2016\/05\/018-1.jpg 450w\" sizes=\"(max-width: 225px) 100vw, 225px\" \/><\/p>\n<p>F\u00f6r n\u00e5gra dagar sedan tyckte bloggaren n\u00e4stan lite synd om f\u00f6re detta ordf\u00f6randen i <strong>Socialn\u00e4mnden i Arboga<\/strong> &#8211; upprorsmakaren som gjorde sj\u00e4lvm\u00e5l och fick &#8221;sitt&#8221; parti att l\u00e4mna efter 97 \u00e5r vid makten.<br \/>\nMen just som man ville hoppas p\u00e5 en smula mer av sj\u00e4lvinsikt och verklighetsuppfattning hos n\u00e4mnda upprorsmakare,\u00a0 tillsammans med kanske lite mer av \u00f6dmjukhet, kommer nya rubriker i lokalbladet! <img loading=\"lazy\" class=\"alignnone size-medium wp-image-66543\" src=\"http:\/\/www.filindeblogg.nu\/wp-content\/uploads\/2016\/05\/019-1-300x189.jpg\" alt=\"019\" width=\"300\" height=\"189\" srcset=\"http:\/\/www.filindeblogg.nu\/wp-content\/uploads\/2016\/05\/019-1-300x189.jpg 300w, http:\/\/www.filindeblogg.nu\/wp-content\/uploads\/2016\/05\/019-1.jpg 579w\" sizes=\"(max-width: 300px) 100vw, 300px\" \/><\/p>\n<p><img loading=\"lazy\" class=\"alignnone size-medium wp-image-66544\" src=\"http:\/\/www.filindeblogg.nu\/wp-content\/uploads\/2016\/05\/020-225x300.jpg\" alt=\"020\" width=\"225\" height=\"300\" srcset=\"http:\/\/www.filindeblogg.nu\/wp-content\/uploads\/2016\/05\/020-225x300.jpg 225w, http:\/\/www.filindeblogg.nu\/wp-content\/uploads\/2016\/05\/020.jpg 450w\" sizes=\"(max-width: 225px) 100vw, 225px\" \/><strong> Kerstin Rosenkvist (S)<\/strong> vill ha en &#8221;fallsk\u00e4rm&#8221; motsvarande<strong> 30 332 kr<\/strong> per m\u00e5nad fr\u00e5n den f\u00f6rvaltning hon \u00e4r anst\u00e4lld vid &#8211; Socialf\u00f6rvaltningen &#8211; som redan sedan l\u00e4nge g\u00e5r p\u00e5 kn\u00e4na med sn\u00e5lt tilltagen budget och utarbetad underbetald personal!<br \/>\nRosenkvist riskerar tydligen att bli utan l\u00f6n under maj &#8211; augusti. Visst \u00e4r det tr\u00e5kigt!! <img loading=\"lazy\" class=\"alignnone size-medium wp-image-66545\" src=\"http:\/\/www.filindeblogg.nu\/wp-content\/uploads\/2016\/05\/021-225x300.jpg\" alt=\"021\" width=\"225\" height=\"300\" srcset=\"http:\/\/www.filindeblogg.nu\/wp-content\/uploads\/2016\/05\/021-225x300.jpg 225w, http:\/\/www.filindeblogg.nu\/wp-content\/uploads\/2016\/05\/021.jpg 450w\" sizes=\"(max-width: 225px) 100vw, 225px\" \/><\/p>\n<p>Men den nya kommunstyrelsen vill inte ge henne pengarna. <strong><em>&#8221;- Vi tror att det finns arbete p\u00e5 socialf\u00f6rvaltningen&#8221;<\/em><\/strong>, s\u00e4ger <strong>Anders R\u00f6hfors (M)<\/strong>, kommunstyrelsens ordf\u00f6rande.<\/p>\n<p>Och visst finns det jobb! Kerstin Rosenkvist beh\u00f6ver inte vara orolig! Hon blir s\u00e4kert v\u00e4lkomnad med \u00f6ppna armar under semesterperioden som inleds snart. Hemtj\u00e4nsten och \u00e4ldreomsorgen beh\u00f6ver alltid folk! Rosenkvist beh\u00f6ver nog inte ens bes\u00f6ka Arbetsf\u00f6rmedlingen f\u00f6r att f\u00e5 ett skift!<\/p>\n<p><img loading=\"lazy\" class=\"alignnone size-medium wp-image-66546\" src=\"http:\/\/www.filindeblogg.nu\/wp-content\/uploads\/2016\/05\/022-300x225.jpg\" alt=\"022\" width=\"300\" height=\"225\" srcset=\"http:\/\/www.filindeblogg.nu\/wp-content\/uploads\/2016\/05\/022-300x225.jpg 300w, http:\/\/www.filindeblogg.nu\/wp-content\/uploads\/2016\/05\/022.jpg 600w\" sizes=\"(max-width: 300px) 100vw, 300px\" \/> Rosenkvist verkar dock inte vara p\u00e5 hum\u00f6r och har inte s\u00e5 mycket att s\u00e4ga tidningen l\u00e4ngre&#8230;<br \/>\nS\u00e5 m\u00e4rkligt &#8211; hon som var s\u00e5 alert tidigare!?<\/p>\n<p>Andra klipp, mindre klibbiga, kommer h\u00e4r! Lite positivt om <strong>Arbogakuskarna<\/strong>! <img loading=\"lazy\" class=\"alignnone size-medium wp-image-66547\" src=\"http:\/\/www.filindeblogg.nu\/wp-content\/uploads\/2016\/05\/005-225x300.jpg\" alt=\"005\" width=\"225\" height=\"300\" srcset=\"http:\/\/www.filindeblogg.nu\/wp-content\/uploads\/2016\/05\/005-225x300.jpg 225w, http:\/\/www.filindeblogg.nu\/wp-content\/uploads\/2016\/05\/005.jpg 450w\" sizes=\"(max-width: 225px) 100vw, 225px\" \/><\/p>\n<p>Och en ins\u00e4ndare som bloggaren tyckte var riktigt bra!\u00a0<img loading=\"lazy\" class=\"alignnone size-medium wp-image-66548\" src=\"http:\/\/www.filindeblogg.nu\/wp-content\/uploads\/2016\/05\/004-1-165x300.jpg\" alt=\"004\" width=\"165\" height=\"300\" srcset=\"http:\/\/www.filindeblogg.nu\/wp-content\/uploads\/2016\/05\/004-1-165x300.jpg 165w, http:\/\/www.filindeblogg.nu\/wp-content\/uploads\/2016\/05\/004-1.jpg 330w\" sizes=\"(max-width: 165px) 100vw, 165px\" \/> Om att bygga \u00e4ldreboende p\u00e5 <strong>Sturevallen<\/strong> i Arboga ist\u00e4llet och hyra ut <strong>Tornet<\/strong> till annat f\u00f6r kommunen inkomstbringande!<br \/>\nSynd att skribenten \u00e4r s\u00e5 blyg att han\/hon inte v\u00e5gar st\u00e5 f\u00f6r s\u00e5 bra \u00e5sikter offentligt. En &#8221;Moderat i Arboga&#8221; ska det tydligen vara i alla fall!<br \/>\nTyv\u00e4rr hittar inte bloggaren den kloka ins\u00e4ndaren p\u00e5 <a href=\"http:\/\/bblat.se\/insandare\" target=\"_blank\">tidningens ins\u00e4ndarsida<\/a> &#8211; kanske den l\u00e4ggs upp senare&#8230;<\/p>\n<p>Sen \u00e4r ju djuren en stort problem&#8230; \u00c4r det inte vargar s\u00e5 \u00e4r det kaniner&#8230; <img loading=\"lazy\" class=\"alignnone  wp-image-66549\" src=\"http:\/\/www.filindeblogg.nu\/wp-content\/uploads\/2016\/05\/024-1-300x225.jpg\" alt=\"024\" width=\"219\" height=\"164\" srcset=\"http:\/\/www.filindeblogg.nu\/wp-content\/uploads\/2016\/05\/024-1-300x225.jpg 300w, http:\/\/www.filindeblogg.nu\/wp-content\/uploads\/2016\/05\/024-1.jpg 600w\" sizes=\"(max-width: 219px) 100vw, 219px\" \/>&#8230;eller vildsvin&#8230;<img loading=\"lazy\" class=\"alignnone size-medium wp-image-66550\" src=\"http:\/\/www.filindeblogg.nu\/wp-content\/uploads\/2016\/05\/025-300x225.jpg\" alt=\"025\" width=\"300\" height=\"225\" srcset=\"http:\/\/www.filindeblogg.nu\/wp-content\/uploads\/2016\/05\/025-300x225.jpg 300w, http:\/\/www.filindeblogg.nu\/wp-content\/uploads\/2016\/05\/025.jpg 600w\" sizes=\"(max-width: 300px) 100vw, 300px\" \/> Ja, bort med dom bara! Vad har dom h\u00e4r att g\u00f6ra!?<\/p>\n<p>En lite mindre klok ins\u00e4ndare tyckte bloggaren det h\u00e4r var &#8211; f\u00f6rslag p\u00e5 f\u00f6rbud mot att grilla k\u00f6tt p\u00e5 offentlig plats&#8230; <img loading=\"lazy\" class=\"alignnone size-medium wp-image-66551\" src=\"http:\/\/www.filindeblogg.nu\/wp-content\/uploads\/2016\/05\/023-1-300x225.jpg\" alt=\"023\" width=\"300\" height=\"225\" srcset=\"http:\/\/www.filindeblogg.nu\/wp-content\/uploads\/2016\/05\/023-1-300x225.jpg 300w, http:\/\/www.filindeblogg.nu\/wp-content\/uploads\/2016\/05\/023-1.jpg 600w\" sizes=\"(max-width: 300px) 100vw, 300px\" \/><\/p>\n<p>Ja ja, t\u00e4nk s\u00e5 m\u00e5nga olika \u00e5sikter det finns! <strong>Landstinget i V\u00e4stmanlands<\/strong> \u00e5sikt \u00e4r att fotof\u00f6rbud ska r\u00e5da p\u00e5 lasaretten i l\u00e4net. <img loading=\"lazy\" class=\"alignnone size-medium wp-image-66552\" src=\"http:\/\/www.filindeblogg.nu\/wp-content\/uploads\/2016\/05\/007-1-300x225.jpg\" alt=\"007\" width=\"300\" height=\"225\" srcset=\"http:\/\/www.filindeblogg.nu\/wp-content\/uploads\/2016\/05\/007-1-300x225.jpg 300w, http:\/\/www.filindeblogg.nu\/wp-content\/uploads\/2016\/05\/007-1.jpg 600w\" sizes=\"(max-width: 300px) 100vw, 300px\" \/><br \/>\nD\u00e5 f\u00e5r bloggaren passa sig som tar till kameran i tid och otid!<br \/>\nH\u00e4r \u00e4r n\u00e5gra bilder! \ud83d\ude00 <img loading=\"lazy\" class=\"alignnone  wp-image-66553\" src=\"http:\/\/www.filindeblogg.nu\/wp-content\/uploads\/2016\/05\/013-1-300x238.jpg\" alt=\"013\" width=\"233\" height=\"185\" srcset=\"http:\/\/www.filindeblogg.nu\/wp-content\/uploads\/2016\/05\/013-1-300x238.jpg 300w, http:\/\/www.filindeblogg.nu\/wp-content\/uploads\/2016\/05\/013-1.jpg 533w\" sizes=\"(max-width: 233px) 100vw, 233px\" \/><\/p>\n<p><img loading=\"lazy\" class=\"alignnone  wp-image-66556\" src=\"http:\/\/www.filindeblogg.nu\/wp-content\/uploads\/2016\/05\/016-300x225.jpg\" alt=\"016\" width=\"209\" height=\"157\" srcset=\"http:\/\/www.filindeblogg.nu\/wp-content\/uploads\/2016\/05\/016-300x225.jpg 300w, http:\/\/www.filindeblogg.nu\/wp-content\/uploads\/2016\/05\/016.jpg 600w\" sizes=\"(max-width: 209px) 100vw, 209px\" \/> Sn\u00e4lla bilder med blommor och blad och bl\u00e5 himmel! <img loading=\"lazy\" class=\"alignnone  wp-image-66554\" src=\"http:\/\/www.filindeblogg.nu\/wp-content\/uploads\/2016\/05\/002-300x210.jpg\" alt=\"002\" width=\"211\" height=\"148\" srcset=\"http:\/\/www.filindeblogg.nu\/wp-content\/uploads\/2016\/05\/002-300x210.jpg 300w, http:\/\/www.filindeblogg.nu\/wp-content\/uploads\/2016\/05\/002.jpg 600w\" sizes=\"(max-width: 211px) 100vw, 211px\" \/><br \/>\nElaka bilder p\u00e5 k\u00f6tt som ska grillas&#8230; <img loading=\"lazy\" class=\"alignnone size-medium wp-image-66555\" src=\"http:\/\/www.filindeblogg.nu\/wp-content\/uploads\/2016\/05\/Travarbos-k\u00f6tt-225x300.jpg\" alt=\"Travarbos k\u00f6tt\" width=\"225\" height=\"300\" srcset=\"http:\/\/www.filindeblogg.nu\/wp-content\/uploads\/2016\/05\/Travarbos-k\u00f6tt-225x300.jpg 225w, http:\/\/www.filindeblogg.nu\/wp-content\/uploads\/2016\/05\/Travarbos-k\u00f6tt.jpg 296w\" sizes=\"(max-width: 225px) 100vw, 225px\" \/><\/p>\n<p>Och s\u00e5 lite kul bilder p\u00e5 vad man kan ha f\u00f6r sig n\u00e4r sommaren nalkas och b\u00e4sta bilarna ska ut och luftas! <img loading=\"lazy\" class=\"alignnone size-medium wp-image-66557\" src=\"http:\/\/www.filindeblogg.nu\/wp-content\/uploads\/2016\/05\/011-264x300.jpg\" alt=\"011\" width=\"264\" height=\"300\" srcset=\"http:\/\/www.filindeblogg.nu\/wp-content\/uploads\/2016\/05\/011-264x300.jpg 264w, http:\/\/www.filindeblogg.nu\/wp-content\/uploads\/2016\/05\/011.jpg 450w\" sizes=\"(max-width: 264px) 100vw, 264px\" \/> Den fina <strong>Mercuryn<\/strong> tillh\u00f6r <strong>Kajsa Sj\u00f6dahl<\/strong>.<\/p>\n<p>Sk\u00f6t er nu och ta det lite lugnt! Grilla sn\u00e4llt! K\u00f6ttet ovan \u00e4r fr\u00e5n <strong>Travarbo G\u00e5rdsbutik i Med\u00e5ker<\/strong>, strax utanf\u00f6r Arboga. Hjortk\u00f6tt och k\u00f6tt av vildsvin p\u00e5 bilden!<br \/>\n<a href=\"http:\/\/www.travarbo.se\/\" target=\"_blank\"><strong>H\u00c4R<\/strong><\/a> hittar du deras hemsida!<\/p>\n<p style=\"text-align: center;\">GLAD PINGST!<br \/>\nKram p\u00e5 er!<img loading=\"lazy\" class=\"aligncenter size-full wp-image-66575\" src=\"http:\/\/www.filindeblogg.nu\/wp-content\/uploads\/2016\/05\/Fallsk\u00e4rm-1.jpg\" alt=\"Fallsk\u00e4rm\" width=\"217\" height=\"203\" \/><\/p>\n<p>&nbsp;<\/p>\n","protected":false},"excerpt":{"rendered":"<p>Numera verkar Arboga Tidning vara en aldrig sinande k\u00e4lla till blogginspiration och tacka sjutton f\u00f6r det n\u00e4r s\u00e5pan bara forts\u00e4tter att fl\u00f6da i den lilla &#8221;S\u00e5pastaden Arboga&#8221;&#8230; F\u00f6r n\u00e5gra dagar sedan tyckte bloggaren n\u00e4stan lite synd om f\u00f6re detta ordf\u00f6randen i Socialn\u00e4mnden i Arboga &#8211; upprorsmakaren som gjorde sj\u00e4lvm\u00e5l och fick &#8221;sitt&#8221; parti att l\u00e4mna [&hellip;]<\/p>\n","protected":false},"author":1,"featured_media":0,"comment_status":"open","ping_status":"open","sticky":false,"template":"","format":"standard","meta":[],"categories":[127,206,189,188,186,100,158,160,119,101],"tags":[],"_links":{"self":[{"href":"http:\/\/www.filindeblogg.nu\/index.php?rest_route=\/wp\/v2\/posts\/66539"}],"collection":[{"href":"http:\/\/www.filindeblogg.nu\/index.php?rest_route=\/wp\/v2\/posts"}],"about":[{"href":"http:\/\/www.filindeblogg.nu\/index.php?rest_route=\/wp\/v2\/types\/post"}],"author":[{"embeddable":true,"href":"http:\/\/www.filindeblogg.nu\/index.php?rest_route=\/wp\/v2\/users\/1"}],"replies":[{"embeddable":true,"href":"http:\/\/www.filindeblogg.nu\/index.php?rest_route=%2Fwp%2Fv2%2Fcomments&post=66539"}],"version-history":[{"count":17,"href":"http:\/\/www.filindeblogg.nu\/index.php?rest_route=\/wp\/v2\/posts\/66539\/revisions"}],"predecessor-version":[{"id":66576,"href":"http:\/\/www.filindeblogg.nu\/index.php?rest_route=\/wp\/v2\/posts\/66539\/revisions\/66576"}],"wp:attachment":[{"href":"http:\/\/www.filindeblogg.nu\/index.php?rest_route=%2Fwp%2Fv2%2Fmedia&parent=66539"}],"wp:term":[{"taxonomy":"category","embeddable":true,"href":"http:\/\/www.filindeblogg.nu\/index.php?rest_route=%2Fwp%2Fv2%2Fcategories&post=66539"},{"taxonomy":"post_tag","embeddable":true,"href":"http:\/\/www.filindeblogg.nu\/index.php?rest_route=%2Fwp%2Fv2%2Ftags&post=66539"}],"curies":[{"name":"wp","href":"https:\/\/api.w.org\/{rel}","templated":true}]}}