{"id":66506,"date":"2016-05-08T13:01:16","date_gmt":"2016-05-08T12:01:16","guid":{"rendered":"http:\/\/www.filindeblogg.nu\/?p=66506"},"modified":"2016-05-08T13:01:16","modified_gmt":"2016-05-08T12:01:16","slug":"sommar-pa-tva-dar-och-arbogas-minst-omtyckta-person-just-nu","status":"publish","type":"post","link":"http:\/\/www.filindeblogg.nu\/?p=66506","title":{"rendered":"Sommar p\u00e5 tv\u00e5 dar &#8211; och Arbogas minst omtyckta person just nu??"},"content":{"rendered":"<p>Vi b\u00f6rjar med den tr\u00e5kiga delen &#8211; <strong>Arbogas <\/strong>just nu minst omtyckta person &#8211; eller hellre minst omtyckta <strong>personer<\/strong>??<\/p>\n<p><strong>Arbogas\u00e5pan<\/strong> gled ju runt som v\u00e4rst f\u00f6r drygt en m\u00e5nad sedan och fyllde lokalbladet. <img loading=\"lazy\" class=\"alignnone  wp-image-66507\" src=\"http:\/\/www.filindeblogg.nu\/wp-content\/uploads\/2016\/05\/003-300x241.jpg\" alt=\"003\" width=\"207\" height=\"166\" srcset=\"http:\/\/www.filindeblogg.nu\/wp-content\/uploads\/2016\/05\/003-300x241.jpg 300w, http:\/\/www.filindeblogg.nu\/wp-content\/uploads\/2016\/05\/003.jpg 560w\" sizes=\"(max-width: 207px) 100vw, 207px\" \/> En kaotisk tid vars enda vinnare m\u00f6jligen var tidningen sj\u00e4lv som gjorde scoopet och som sannerligen s\u00e5g till att mj\u00f6lka ur det mesta ur s\u00e5pan.<\/p>\n<p>Vi som bor i stan vet ju hur det gick &#8211; hur kommunalr\u00e5det (s) f\u00f6rst sparkades av sina egna, men hur sossedrevet missbed\u00f6mt situationen vilket innebar att de borgerliga kunde ta \u00f6ver makten efter 97 \u00e5r av socialdemokratiskt styre och hur 1 maj-t\u00e5get sen sensationellt st\u00e4lldes in av det skamfilade socialdemokratiska partiet.<\/p>\n<p>Men bloggaren undrar lite hur sossedrevet m\u00e5r idag? <img loading=\"lazy\" class=\"alignnone size-medium wp-image-66508\" src=\"http:\/\/www.filindeblogg.nu\/wp-content\/uploads\/2016\/05\/004-225x300.jpg\" alt=\"004\" width=\"225\" height=\"300\" srcset=\"http:\/\/www.filindeblogg.nu\/wp-content\/uploads\/2016\/05\/004-225x300.jpg 225w, http:\/\/www.filindeblogg.nu\/wp-content\/uploads\/2016\/05\/004.jpg 450w\" sizes=\"(max-width: 225px) 100vw, 225px\" \/> Hur en av de mest h\u00e4rsklystna initiativtagarna till det som sen blev ett pinsamt sj\u00e4lvm\u00e5l har det?<br \/>\nDiskussionerna har g\u00e5tt h\u00f6ga i ins\u00e4ndare och p\u00e5 sociala medier s\u00e5v\u00e4l som p\u00e5 arbetsplatser och &#8221;ute p\u00e5 stan&#8221;. Det sparkade kommunalr\u00e5det <strong>Agneta Bode<\/strong> f\u00e5r n\u00e4stan bara sympatier och lovord medan det \u00e4r drevet som m\u00e5ste anses som Arbogas minst omtyckta personer just nu.<br \/>\nStyrelsen med <strong>Kerstin Rosenkvist<\/strong> i spetsen som gjorde en missbed\u00f6mning och &#8221;s\u00e5g till att socialdemokraterna f\u00f6rlorade makten&#8221; och dessutom fixade s\u00e5 att partiet f\u00f6rlorade s\u00e5 gott som allt anseende f\u00f6r tillf\u00e4llet och f\u00f6rmodligen f\u00f6r r\u00e4tt l\u00e5ng tid fram\u00f6ver.<\/p>\n<p><img loading=\"lazy\" class=\"alignnone  wp-image-66509\" src=\"http:\/\/www.filindeblogg.nu\/wp-content\/uploads\/2016\/05\/Kerstin-Rosenkvist-vuxenmobbad-160x300.jpg\" alt=\"Kerstin Rosenkvist vuxenmobbad\" width=\"117\" height=\"219\" srcset=\"http:\/\/www.filindeblogg.nu\/wp-content\/uploads\/2016\/05\/Kerstin-Rosenkvist-vuxenmobbad-160x300.jpg 160w, http:\/\/www.filindeblogg.nu\/wp-content\/uploads\/2016\/05\/Kerstin-Rosenkvist-vuxenmobbad.jpg 200w\" sizes=\"(max-width: 117px) 100vw, 117px\" \/> Hur m\u00e5r Rosenkvist och svansen idag? Bloggaren m\u00f6tte just Kerstin Rosenkvist i en av stadens aff\u00e4rer h\u00e4r om dagen. Eftersom Kerstin \u00e4r en k\u00e4nd person i Arboga, f\u00f6rtroendevald och dessutom tidigare granne och v\u00e4n till bloggaren s\u00e5 h\u00e4lsade bloggaren naturligtvis.<br \/>\nF\u00f6rem\u00e5let f\u00f6r h\u00e4lsningen var inte s\u00e5 intresserad av att h\u00e4lsa tillbaka, det m\u00e4rktes tydligt. Hon tittade bort och svarade sl\u00e4pande heeej&#8230;.<\/p>\n<p>Bloggaren tyckte faktiskt lite synd om henne. Det kan inte vara l\u00e4tt att vara vare sig Rosenkvist eller drevet just nu.<\/p>\n<p>Ja ja, det \u00e4r bara att bryta ihop och komma igen, som det s\u00e5 k\u00e4ckt heter. Slicka s\u00e5ren och l\u00e4ra sig av misstagen f\u00f6r att sen f\u00f6rs\u00f6ka bygga upp f\u00f6rtroenden igen. Bloggaren \u00f6nskar lycka till.<\/p>\n<p>Nu \u00f6ver till n\u00e5got helt annat &#8211; sommar p\u00e5 tv\u00e5 dar! <img loading=\"lazy\" class=\"alignnone  wp-image-66510\" src=\"http:\/\/www.filindeblogg.nu\/wp-content\/uploads\/2016\/05\/043-300x225.jpg\" alt=\"043\" width=\"199\" height=\"149\" srcset=\"http:\/\/www.filindeblogg.nu\/wp-content\/uploads\/2016\/05\/043-300x225.jpg 300w, http:\/\/www.filindeblogg.nu\/wp-content\/uploads\/2016\/05\/043.jpg 600w\" sizes=\"(max-width: 199px) 100vw, 199px\" \/><\/p>\n<p>Bloggaren for till <strong>Regna socken<\/strong> i norra <strong>\u00d6sterg\u00f6tland<\/strong> p\u00e5 valborgsm\u00e4ssoafton. <img loading=\"lazy\" class=\"alignnone  wp-image-66511\" src=\"http:\/\/www.filindeblogg.nu\/wp-content\/uploads\/2016\/05\/007-300x225.jpg\" alt=\"007\" width=\"236\" height=\"177\" srcset=\"http:\/\/www.filindeblogg.nu\/wp-content\/uploads\/2016\/05\/007-300x225.jpg 300w, http:\/\/www.filindeblogg.nu\/wp-content\/uploads\/2016\/05\/007.jpg 600w\" sizes=\"(max-width: 236px) 100vw, 236px\" \/> Gravar bes\u00f6ktes och smyckades och sedan gick f\u00e4rden mot stugan intill sj\u00f6n <strong>Bj\u00f6rkl\u00e5ngen<\/strong>.<br \/>\n<img loading=\"lazy\" class=\"alignnone  wp-image-66512\" src=\"http:\/\/www.filindeblogg.nu\/wp-content\/uploads\/2016\/05\/013-300x225.jpg\" alt=\"013\" width=\"241\" height=\"181\" srcset=\"http:\/\/www.filindeblogg.nu\/wp-content\/uploads\/2016\/05\/013-300x225.jpg 300w, http:\/\/www.filindeblogg.nu\/wp-content\/uploads\/2016\/05\/013.jpg 600w\" sizes=\"(max-width: 241px) 100vw, 241px\" \/> Som ni ser av bilderna s\u00e5 var det &#8221;vanlig v\u00e5r&#8221; d\u00e5.<br \/>\n<img loading=\"lazy\" class=\"alignnone  wp-image-66513\" src=\"http:\/\/www.filindeblogg.nu\/wp-content\/uploads\/2016\/05\/018-225x300.jpg\" alt=\"018\" width=\"152\" height=\"203\" srcset=\"http:\/\/www.filindeblogg.nu\/wp-content\/uploads\/2016\/05\/018-225x300.jpg 225w, http:\/\/www.filindeblogg.nu\/wp-content\/uploads\/2016\/05\/018.jpg 450w\" sizes=\"(max-width: 152px) 100vw, 152px\" \/> Fika ute&#8230;<br \/>\n&#8230;men det var inget v\u00e4der att ta av jackan p\u00e5. <img loading=\"lazy\" class=\"alignnone  wp-image-66514\" src=\"http:\/\/www.filindeblogg.nu\/wp-content\/uploads\/2016\/05\/019-225x300.jpg\" alt=\"019\" width=\"177\" height=\"236\" srcset=\"http:\/\/www.filindeblogg.nu\/wp-content\/uploads\/2016\/05\/019-225x300.jpg 225w, http:\/\/www.filindeblogg.nu\/wp-content\/uploads\/2016\/05\/019.jpg 450w\" sizes=\"(max-width: 177px) 100vw, 177px\" \/><\/p>\n<p>Sen h\u00e4nde det grejer! <img loading=\"lazy\" class=\"alignnone size-medium wp-image-66515\" src=\"http:\/\/www.filindeblogg.nu\/wp-content\/uploads\/2016\/05\/023-300x225.jpg\" alt=\"023\" width=\"300\" height=\"225\" srcset=\"http:\/\/www.filindeblogg.nu\/wp-content\/uploads\/2016\/05\/023-300x225.jpg 300w, http:\/\/www.filindeblogg.nu\/wp-content\/uploads\/2016\/05\/023.jpg 600w\" sizes=\"(max-width: 300px) 100vw, 300px\" \/> Bild fr\u00e5n <strong>Str\u00f6msn\u00e4sbron<\/strong> in \u00f6ver <strong>Arboga<\/strong> 3 maj. N\u00e5gra dagar senare b\u00f6rjade solen v\u00e4rma rej\u00e4lt. <img loading=\"lazy\" class=\"alignnone size-medium wp-image-66516\" src=\"http:\/\/www.filindeblogg.nu\/wp-content\/uploads\/2016\/05\/035-225x300.jpg\" alt=\"035\" width=\"225\" height=\"300\" srcset=\"http:\/\/www.filindeblogg.nu\/wp-content\/uploads\/2016\/05\/035-225x300.jpg 225w, http:\/\/www.filindeblogg.nu\/wp-content\/uploads\/2016\/05\/035.jpg 450w\" sizes=\"(max-width: 225px) 100vw, 225px\" \/> Bj\u00f6rkarna fick inte bara mus\u00f6ron utan rej\u00e4la blad! Det japanska k\u00f6rsb\u00e4rstr\u00e4det blommade \u00f6ver p\u00e5 ett dygn och rabatterna exploderade i blomsterprakt! <img loading=\"lazy\" class=\"alignnone size-medium wp-image-66517\" src=\"http:\/\/www.filindeblogg.nu\/wp-content\/uploads\/2016\/05\/024-300x225.jpg\" alt=\"024\" width=\"300\" height=\"225\" srcset=\"http:\/\/www.filindeblogg.nu\/wp-content\/uploads\/2016\/05\/024-300x225.jpg 300w, http:\/\/www.filindeblogg.nu\/wp-content\/uploads\/2016\/05\/024.jpg 600w\" sizes=\"(max-width: 300px) 100vw, 300px\" \/><\/p>\n<p>Den 5 maj s\u00e5g bigarr\u00e5tr\u00e4det ut s\u00e5 h\u00e4r:\u00a0<img loading=\"lazy\" class=\"alignnone size-medium wp-image-66518\" src=\"http:\/\/www.filindeblogg.nu\/wp-content\/uploads\/2016\/05\/032-300x225.jpg\" alt=\"032\" width=\"300\" height=\"225\" srcset=\"http:\/\/www.filindeblogg.nu\/wp-content\/uploads\/2016\/05\/032-300x225.jpg 300w, http:\/\/www.filindeblogg.nu\/wp-content\/uploads\/2016\/05\/032.jpg 600w\" sizes=\"(max-width: 300px) 100vw, 300px\" \/><br \/>\nTv\u00e5 dagar senare &#8211; s\u00e5 h\u00e4r!\u00a0<img loading=\"lazy\" class=\"alignnone size-medium wp-image-66519\" src=\"http:\/\/www.filindeblogg.nu\/wp-content\/uploads\/2016\/05\/037-225x300.jpg\" alt=\"037\" width=\"225\" height=\"300\" srcset=\"http:\/\/www.filindeblogg.nu\/wp-content\/uploads\/2016\/05\/037-225x300.jpg 225w, http:\/\/www.filindeblogg.nu\/wp-content\/uploads\/2016\/05\/037.jpg 450w\" sizes=\"(max-width: 225px) 100vw, 225px\" \/><\/p>\n<p>20 grader och stekande sol &#8211; sommar direkt! S\u00e5 nu g\u00e4ller det att h\u00e4nga med i sv\u00e4ngarna! Och att ta vara tiden mellan h\u00e4gg och syren, om man nu hinner&#8230;<\/p>\n<p style=\"text-align: center;\">Ha det gott, lev v\u00e4l och ta hand om er och om varandra! Vi ses!<\/p>\n<p><img loading=\"lazy\" class=\"size-medium wp-image-66521 aligncenter\" src=\"http:\/\/www.filindeblogg.nu\/wp-content\/uploads\/2016\/05\/040-1-274x300.jpg\" alt=\"040\" width=\"274\" height=\"300\" srcset=\"http:\/\/www.filindeblogg.nu\/wp-content\/uploads\/2016\/05\/040-1-274x300.jpg 274w, http:\/\/www.filindeblogg.nu\/wp-content\/uploads\/2016\/05\/040-1.jpg 396w\" sizes=\"(max-width: 274px) 100vw, 274px\" \/><\/p>\n<p>&nbsp;<\/p>\n","protected":false},"excerpt":{"rendered":"<p>Vi b\u00f6rjar med den tr\u00e5kiga delen &#8211; Arbogas just nu minst omtyckta person &#8211; eller hellre minst omtyckta personer?? Arbogas\u00e5pan gled ju runt som v\u00e4rst f\u00f6r drygt en m\u00e5nad sedan och fyllde lokalbladet. En kaotisk tid vars enda vinnare m\u00f6jligen var tidningen sj\u00e4lv som gjorde scoopet och som sannerligen s\u00e5g till att mj\u00f6lka ur det [&hellip;]<\/p>\n","protected":false},"author":1,"featured_media":0,"comment_status":"open","ping_status":"open","sticky":false,"template":"","format":"standard","meta":[],"categories":[127,206,188,137,100,119,101,179],"tags":[],"_links":{"self":[{"href":"http:\/\/www.filindeblogg.nu\/index.php?rest_route=\/wp\/v2\/posts\/66506"}],"collection":[{"href":"http:\/\/www.filindeblogg.nu\/index.php?rest_route=\/wp\/v2\/posts"}],"about":[{"href":"http:\/\/www.filindeblogg.nu\/index.php?rest_route=\/wp\/v2\/types\/post"}],"author":[{"embeddable":true,"href":"http:\/\/www.filindeblogg.nu\/index.php?rest_route=\/wp\/v2\/users\/1"}],"replies":[{"embeddable":true,"href":"http:\/\/www.filindeblogg.nu\/index.php?rest_route=%2Fwp%2Fv2%2Fcomments&post=66506"}],"version-history":[{"count":17,"href":"http:\/\/www.filindeblogg.nu\/index.php?rest_route=\/wp\/v2\/posts\/66506\/revisions"}],"predecessor-version":[{"id":66538,"href":"http:\/\/www.filindeblogg.nu\/index.php?rest_route=\/wp\/v2\/posts\/66506\/revisions\/66538"}],"wp:attachment":[{"href":"http:\/\/www.filindeblogg.nu\/index.php?rest_route=%2Fwp%2Fv2%2Fmedia&parent=66506"}],"wp:term":[{"taxonomy":"category","embeddable":true,"href":"http:\/\/www.filindeblogg.nu\/index.php?rest_route=%2Fwp%2Fv2%2Fcategories&post=66506"},{"taxonomy":"post_tag","embeddable":true,"href":"http:\/\/www.filindeblogg.nu\/index.php?rest_route=%2Fwp%2Fv2%2Ftags&post=66506"}],"curies":[{"name":"wp","href":"https:\/\/api.w.org\/{rel}","templated":true}]}}