{"id":66469,"date":"2016-05-01T08:20:58","date_gmt":"2016-05-01T07:20:58","guid":{"rendered":"http:\/\/www.filindeblogg.nu\/?p=66469"},"modified":"2016-05-01T08:20:58","modified_gmt":"2016-05-01T07:20:58","slug":"helgnyheter-fran-sapastaden","status":"publish","type":"post","link":"http:\/\/www.filindeblogg.nu\/?p=66469","title":{"rendered":"Helgnyheter fr\u00e5n S\u00e5pastaden!"},"content":{"rendered":"<p><img loading=\"lazy\" class=\"alignnone size-medium wp-image-66470\" src=\"http:\/\/www.filindeblogg.nu\/wp-content\/uploads\/2016\/04\/035-2-225x300.jpg\" alt=\"035\" width=\"225\" height=\"300\" srcset=\"http:\/\/www.filindeblogg.nu\/wp-content\/uploads\/2016\/04\/035-2-225x300.jpg 225w, http:\/\/www.filindeblogg.nu\/wp-content\/uploads\/2016\/04\/035-2.jpg 450w\" sizes=\"(max-width: 225px) 100vw, 225px\" \/> 30 april och 1 maj &#8211; b\u00e5da allm\u00e4nna flaggdagar! 30 april f\u00f6r <strong>kung Carl Gustaf<\/strong> som fyller 70 \u00e5r men bloggaren flaggar f\u00f6r mamma! <strong>Mamma Hj\u00f6rdis<\/strong> var f\u00f6dd p\u00e5 valborgsm\u00e4ssoafton 1925.<br \/>\n<strong>1 maj<\/strong> \u00e4r \u00e4r arbetarr\u00f6relsens internationella h\u00f6gtidsdag som firas sedan 1890 &#8211; fast inte i Arboga nu d\u00e5&#8230; <img loading=\"lazy\" class=\"alignnone  wp-image-66457\" src=\"http:\/\/www.filindeblogg.nu\/wp-content\/uploads\/2016\/04\/001-10-225x300.jpg\" alt=\"001\" width=\"133\" height=\"177\" srcset=\"http:\/\/www.filindeblogg.nu\/wp-content\/uploads\/2016\/04\/001-10-225x300.jpg 225w, http:\/\/www.filindeblogg.nu\/wp-content\/uploads\/2016\/04\/001-10.jpg 450w\" sizes=\"(max-width: 133px) 100vw, 133px\" \/><\/p>\n<p><img loading=\"lazy\" class=\"alignnone  wp-image-65926\" src=\"http:\/\/www.filindeblogg.nu\/wp-content\/uploads\/2016\/03\/S\u00e5pa-1.jpg\" alt=\"S\u00e5pa\" width=\"132\" height=\"95\" \/>\u00a0N\u00e4r vi \u00e4nd\u00e5 \u00e4r inne p\u00e5 politik och bloggens rubrik idag inneh\u00e5ller s\u00e5pa kommer den h\u00e4r bilden fr\u00e5n <strong><a href=\"http:\/\/bblat.se\/\" target=\"_blank\">Arboga Tidning<\/a><\/strong> i fredags! <img loading=\"lazy\" class=\"alignnone size-medium wp-image-66471\" src=\"http:\/\/www.filindeblogg.nu\/wp-content\/uploads\/2016\/04\/001-11-300x248.jpg\" alt=\"001\" width=\"300\" height=\"248\" srcset=\"http:\/\/www.filindeblogg.nu\/wp-content\/uploads\/2016\/04\/001-11-300x248.jpg 300w, http:\/\/www.filindeblogg.nu\/wp-content\/uploads\/2016\/04\/001-11.jpg 529w\" sizes=\"(max-width: 300px) 100vw, 300px\" \/> Socialdemokraternas s\u00e5paaktiga beteende genererade historiskt maktskifte i stan!<\/p>\n<p><img loading=\"lazy\" class=\"alignnone size-medium wp-image-66472\" src=\"http:\/\/www.filindeblogg.nu\/wp-content\/uploads\/2016\/04\/002-11-225x300.jpg\" alt=\"002\" width=\"225\" height=\"300\" srcset=\"http:\/\/www.filindeblogg.nu\/wp-content\/uploads\/2016\/04\/002-11-225x300.jpg 225w, http:\/\/www.filindeblogg.nu\/wp-content\/uploads\/2016\/04\/002-11.jpg 450w\" sizes=\"(max-width: 225px) 100vw, 225px\" \/> I torsdags var det hela formell klart! De borgerliga i Arboga tar \u00f6ver efter 97 \u00e5rs socialdemokratiskt styre. S\u00e5 h\u00e4r ser Arbogas nya ledning ut: <img loading=\"lazy\" class=\"alignnone size-medium wp-image-66473\" src=\"http:\/\/www.filindeblogg.nu\/wp-content\/uploads\/2016\/04\/005-8-300x211.jpg\" alt=\"005\" width=\"300\" height=\"211\" srcset=\"http:\/\/www.filindeblogg.nu\/wp-content\/uploads\/2016\/04\/005-8-300x211.jpg 300w, http:\/\/www.filindeblogg.nu\/wp-content\/uploads\/2016\/04\/005-8.jpg 574w\" sizes=\"(max-width: 300px) 100vw, 300px\" \/> Ihop med M, L, KD och MP regerar nu \u00e4ven C, V och OPA.<\/p>\n<p>Bloggaren tycker det \u00e4r synd att inte hennes pappa fick uppleva denna dag! <img loading=\"lazy\" class=\"alignnone size-medium wp-image-66474\" src=\"http:\/\/www.filindeblogg.nu\/wp-content\/uploads\/2016\/04\/G\u00f6te-och-Anders-Cargeman-valet-2010-IMG_7083-225x300.jpg\" alt=\"G\u00f6te och Anders Cargeman valet 2010 IMG_7083\" width=\"225\" height=\"300\" srcset=\"http:\/\/www.filindeblogg.nu\/wp-content\/uploads\/2016\/04\/G\u00f6te-och-Anders-Cargeman-valet-2010-IMG_7083-225x300.jpg 225w, http:\/\/www.filindeblogg.nu\/wp-content\/uploads\/2016\/04\/G\u00f6te-och-Anders-Cargeman-valet-2010-IMG_7083.jpg 346w\" sizes=\"(max-width: 225px) 100vw, 225px\" \/> Pappa <strong>G\u00f6te Wahlfeldt<\/strong> var en aktiv politiker inom d\u00e5varande <strong>Folkpartiet<\/strong> och ses p\u00e5 de h\u00e4r bilderna i samspr\u00e5k med <strong>Anders Cargerman<\/strong> inf\u00f6r valet i september 2010. <img loading=\"lazy\" class=\"alignnone size-medium wp-image-66475\" src=\"http:\/\/www.filindeblogg.nu\/wp-content\/uploads\/2016\/04\/G\u00f6te-och-Anders-Cargeman-2010-IMG_7080-225x300.jpg\" alt=\"G\u00f6te och Anders Cargeman 2010 IMG_7080\" width=\"225\" height=\"300\" srcset=\"http:\/\/www.filindeblogg.nu\/wp-content\/uploads\/2016\/04\/G\u00f6te-och-Anders-Cargeman-2010-IMG_7080-225x300.jpg 225w, http:\/\/www.filindeblogg.nu\/wp-content\/uploads\/2016\/04\/G\u00f6te-och-Anders-Cargeman-2010-IMG_7080.jpg 346w\" sizes=\"(max-width: 225px) 100vw, 225px\" \/> Som mycket intresserad av politik och med en stor \u00f6nskan om maktskifte i Arboga kommun \u00e4r bloggaren s\u00e4ker p\u00e5 att pappa G\u00f6te jublar nu i sin himmel!<\/p>\n<p>Och sossarna forts\u00e4tter att g\u00f6ra bort sig&#8230; <img loading=\"lazy\" class=\"alignnone  wp-image-66476\" src=\"http:\/\/www.filindeblogg.nu\/wp-content\/uploads\/2016\/04\/006-8-300x225.jpg\" alt=\"006\" width=\"223\" height=\"167\" srcset=\"http:\/\/www.filindeblogg.nu\/wp-content\/uploads\/2016\/04\/006-8-300x225.jpg 300w, http:\/\/www.filindeblogg.nu\/wp-content\/uploads\/2016\/04\/006-8.jpg 600w\" sizes=\"(max-width: 223px) 100vw, 223px\" \/><\/p>\n<p><img loading=\"lazy\" class=\"alignnone size-medium wp-image-66477\" src=\"http:\/\/www.filindeblogg.nu\/wp-content\/uploads\/2016\/04\/007-7-173x300.jpg\" alt=\"007\" width=\"173\" height=\"300\" srcset=\"http:\/\/www.filindeblogg.nu\/wp-content\/uploads\/2016\/04\/007-7-173x300.jpg 173w, http:\/\/www.filindeblogg.nu\/wp-content\/uploads\/2016\/04\/007-7.jpg 346w\" sizes=\"(max-width: 173px) 100vw, 173px\" \/> Kan ingen f\u00e5 tyst p\u00e5 kvinnan, kan man undra!? <img loading=\"lazy\" class=\"alignnone size-medium wp-image-66478\" src=\"http:\/\/www.filindeblogg.nu\/wp-content\/uploads\/2016\/04\/009-8-300x255.jpg\" alt=\"009\" width=\"300\" height=\"255\" srcset=\"http:\/\/www.filindeblogg.nu\/wp-content\/uploads\/2016\/04\/009-8-300x255.jpg 300w, http:\/\/www.filindeblogg.nu\/wp-content\/uploads\/2016\/04\/009-8.jpg 450w\" sizes=\"(max-width: 300px) 100vw, 300px\" \/><br \/>\nFast \u00e5 andra sidan \u00e4r det bra n\u00e4r politiker visar den r\u00e4tta ullen och kommer ut med sina r\u00e4tta jag. \ud83d\ude09<\/p>\n<p>Annat jobbigt kan det h\u00e4r tyckas: <img loading=\"lazy\" class=\"alignnone size-medium wp-image-66479\" src=\"http:\/\/www.filindeblogg.nu\/wp-content\/uploads\/2016\/04\/010-5-225x300.jpg\" alt=\"010\" width=\"225\" height=\"300\" srcset=\"http:\/\/www.filindeblogg.nu\/wp-content\/uploads\/2016\/04\/010-5-225x300.jpg 225w, http:\/\/www.filindeblogg.nu\/wp-content\/uploads\/2016\/04\/010-5.jpg 450w\" sizes=\"(max-width: 225px) 100vw, 225px\" \/> Eller inte&#8230;<br \/>\nHur m\u00e5nga har haft nytta av Arbetsf\u00f6rmedlingen?? Dags att l\u00e4gga ner hela den verksamheten, tycker bloggaren. Starta om med n\u00e5got annat, n\u00e5got nytt, som ger resultat och inte bara kostar skattebetalare en massa pengar!<\/p>\n<p>Komma ut ur garderoben med sitt r\u00e4tta jag, ja.\u00a0<img loading=\"lazy\" class=\"alignnone size-medium wp-image-66480\" src=\"http:\/\/www.filindeblogg.nu\/wp-content\/uploads\/2016\/04\/Suss-ut-ur-garderoben-eller-150x300.jpg\" alt=\"Suss ut ur garderoben eller\" width=\"150\" height=\"300\" srcset=\"http:\/\/www.filindeblogg.nu\/wp-content\/uploads\/2016\/04\/Suss-ut-ur-garderoben-eller-150x300.jpg 150w, http:\/\/www.filindeblogg.nu\/wp-content\/uploads\/2016\/04\/Suss-ut-ur-garderoben-eller.jpg 300w\" sizes=\"(max-width: 150px) 100vw, 150px\" \/> Det g\u00f6r bloggaren allt emellan\u00e5t och \u00e4ven idag blir det lite personligt snack &#8211; rumsrent denna g\u00e5ng. \ud83d\ude09<\/p>\n<p><img loading=\"lazy\" class=\"alignnone size-medium wp-image-66481\" src=\"http:\/\/www.filindeblogg.nu\/wp-content\/uploads\/2016\/04\/032-4-225x300.jpg\" alt=\"032\" width=\"225\" height=\"300\" srcset=\"http:\/\/www.filindeblogg.nu\/wp-content\/uploads\/2016\/04\/032-4-225x300.jpg 225w, http:\/\/www.filindeblogg.nu\/wp-content\/uploads\/2016\/04\/032-4.jpg 450w\" sizes=\"(max-width: 225px) 100vw, 225px\" \/> Bloggaren kom att t\u00e4nka p\u00e5 att hon har satt en personlig touch p\u00e5 sin g\u00e5rd. H\u00e4r p\u00e5 bilden ses \u00e4ppeltr\u00e4det till v\u00e4nster &#8211; den sattes n\u00e4r mellanbarnet <strong>Jakob<\/strong> f\u00f6ddes.<br \/>\nSorten \u00e4r Maglemer och kommer sig av fantastiskt goda \u00e4pplen som en arbetskamrat bj\u00f6d p\u00e5 f\u00f6r m\u00e5nga herrans \u00e5r sedan.<\/p>\n<p><img loading=\"lazy\" class=\"alignnone  wp-image-66499\" src=\"http:\/\/www.filindeblogg.nu\/wp-content\/uploads\/2016\/04\/017-3-199x300.jpg\" alt=\"017\" width=\"150\" height=\"226\" srcset=\"http:\/\/www.filindeblogg.nu\/wp-content\/uploads\/2016\/04\/017-3-199x300.jpg 199w, http:\/\/www.filindeblogg.nu\/wp-content\/uploads\/2016\/04\/017-3.jpg 355w\" sizes=\"(max-width: 150px) 100vw, 150px\" \/> Den gula forsythian sattes f\u00f6r att bloggaren s\u00e5g s\u00e5 m\u00e5nga vackra forsythiabuskar n\u00e4r hon och dottern bes\u00f6kte <strong>Drottning Silvias Barnsjukhus<\/strong> i <strong>G\u00f6teborg<\/strong> ett stort antal g\u00e5nger f\u00f6r flera \u00e5r sedan. L\u00e4ngs med sp\u00e5rvagnens v\u00e4g mot sjukhuset var det kantat med ljuvligt gul forsythia den v\u00e5ren.<\/p>\n<p><img loading=\"lazy\" class=\"alignnone  wp-image-66482\" src=\"http:\/\/www.filindeblogg.nu\/wp-content\/uploads\/2016\/04\/016-4-258x300.jpg\" alt=\"016\" width=\"187\" height=\"217\" srcset=\"http:\/\/www.filindeblogg.nu\/wp-content\/uploads\/2016\/04\/016-4-258x300.jpg 258w, http:\/\/www.filindeblogg.nu\/wp-content\/uploads\/2016\/04\/016-4.jpg 433w\" sizes=\"(max-width: 187px) 100vw, 187px\" \/> Kaprifolen som doftar underbart n\u00e4r den tiden kommer &#8211; \u00e4r fr\u00e5n mors och fars g\u00e5rd. Ett mycket k\u00e4rt minne.<\/p>\n<p>P\u00e5 baksidan finns en kastanj. <img loading=\"lazy\" class=\"alignnone  wp-image-66483\" src=\"http:\/\/www.filindeblogg.nu\/wp-content\/uploads\/2016\/04\/022-1-225x300.jpg\" alt=\"022\" width=\"177\" height=\"236\" srcset=\"http:\/\/www.filindeblogg.nu\/wp-content\/uploads\/2016\/04\/022-1-225x300.jpg 225w, http:\/\/www.filindeblogg.nu\/wp-content\/uploads\/2016\/04\/022-1.jpg 450w\" sizes=\"(max-width: 177px) 100vw, 177px\" \/> Den planterade \u00e4ldste sonen efter att som liten parvel hittat en kastanj p\u00e5 g\u00e5rden som hade grott. Och den tog sig! <img loading=\"lazy\" class=\"alignnone  wp-image-66484\" src=\"http:\/\/www.filindeblogg.nu\/wp-content\/uploads\/2016\/04\/019-3-225x300.jpg\" alt=\"019\" width=\"180\" height=\"240\" srcset=\"http:\/\/www.filindeblogg.nu\/wp-content\/uploads\/2016\/04\/019-3-225x300.jpg 225w, http:\/\/www.filindeblogg.nu\/wp-content\/uploads\/2016\/04\/019-3.jpg 450w\" sizes=\"(max-width: 180px) 100vw, 180px\" \/><\/p>\n<p>Intill kastanjen finns en ek. <img loading=\"lazy\" class=\"alignnone size-medium wp-image-66485\" src=\"http:\/\/www.filindeblogg.nu\/wp-content\/uploads\/2016\/04\/020-5-225x300.jpg\" alt=\"020\" width=\"225\" height=\"300\" srcset=\"http:\/\/www.filindeblogg.nu\/wp-content\/uploads\/2016\/04\/020-5-225x300.jpg 225w, http:\/\/www.filindeblogg.nu\/wp-content\/uploads\/2016\/04\/020-5.jpg 450w\" sizes=\"(max-width: 225px) 100vw, 225px\" \/> Bloggarens barn hade byggt en tr\u00e4dkoja i l\u00f6nnen p\u00e5 g\u00e5rden och d\u00e4r h\u00f6ll ocks\u00e5 en ekorre till. En h\u00f6st hittade dottern ett ekollon med en liten grodd. Den sattes i jorden och \u00e4r nu ett stort tr\u00e4d.<\/p>\n<p>Det japanska k\u00f6rsb\u00e4rstr\u00e4det planterades\u00a0 p\u00e5 g\u00e5rden p\u00e5 grund av dotterns stora intresse f\u00f6r Japan men ocks\u00e5 f\u00f6r att det \u00e4r s\u00e5 vackert n\u00e4r det blommar f\u00f6rst\u00e5s. <img loading=\"lazy\" class=\"alignnone size-medium wp-image-66486\" src=\"http:\/\/www.filindeblogg.nu\/wp-content\/uploads\/2016\/04\/026-2-209x300.jpg\" alt=\"026\" width=\"209\" height=\"300\" srcset=\"http:\/\/www.filindeblogg.nu\/wp-content\/uploads\/2016\/04\/026-2-209x300.jpg 209w, http:\/\/www.filindeblogg.nu\/wp-content\/uploads\/2016\/04\/026-2.jpg 418w\" sizes=\"(max-width: 209px) 100vw, 209px\" \/><\/p>\n<p>Invid huset har bloggaren l\u00e5tit en syren som sj\u00e4lvs\u00e5tt sig st\u00e5 kvar. Den blommar med vita blomklasar och doftar ljuvligt. <img loading=\"lazy\" class=\"alignnone size-medium wp-image-66487\" src=\"http:\/\/www.filindeblogg.nu\/wp-content\/uploads\/2016\/04\/031-3-242x300.jpg\" alt=\"031\" width=\"242\" height=\"300\" srcset=\"http:\/\/www.filindeblogg.nu\/wp-content\/uploads\/2016\/04\/031-3-242x300.jpg 242w, http:\/\/www.filindeblogg.nu\/wp-content\/uploads\/2016\/04\/031-3.jpg 450w\" sizes=\"(max-width: 242px) 100vw, 242px\" \/> Runt staketet och upp mot f\u00f6nstret slingrar en kl\u00e4tterhortensia &#8211; bara f\u00f6r att den \u00e4r s\u00e5 vacker och doftar s\u00e5 gott. \ud83d\ude42<\/p>\n<p><img loading=\"lazy\" class=\"alignnone size-medium wp-image-66488\" src=\"http:\/\/www.filindeblogg.nu\/wp-content\/uploads\/2016\/04\/028-1-225x300.jpg\" alt=\"028\" width=\"225\" height=\"300\" srcset=\"http:\/\/www.filindeblogg.nu\/wp-content\/uploads\/2016\/04\/028-1-225x300.jpg 225w, http:\/\/www.filindeblogg.nu\/wp-content\/uploads\/2016\/04\/028-1.jpg 450w\" sizes=\"(max-width: 225px) 100vw, 225px\" \/>\u00a0Och den h\u00e4r lilla filuren &#8211; en gargoyle &#8211; kommer fr\u00e5n <strong>Sk\u00e5ne<\/strong> och k\u00f6ptes f\u00f6r att bloggaren kom att \u00e4lska alla gargoylar p\u00e5<br \/>\n<strong>Notre Dame\u00a0<img loading=\"lazy\" class=\"alignnone  wp-image-66490\" src=\"http:\/\/www.filindeblogg.nu\/wp-content\/uploads\/2016\/04\/Notre-dame.jpg\" alt=\"Notre dame\" width=\"101\" height=\"150\" \/><\/strong> vid ett av bes\u00f6ken i<strong> Paris! <img loading=\"lazy\" class=\"alignnone  wp-image-66489\" src=\"http:\/\/www.filindeblogg.nu\/wp-content\/uploads\/2016\/04\/Gargoyles-i-Notre-dame.jpg\" alt=\"Gargoyles i Notre dame\" width=\"184\" height=\"138\" \/><\/strong><\/p>\n<p>Det finns mer personligt p\u00e5 bloggarens g\u00e5rd men det h\u00e4r f\u00e5r r\u00e4cka. Jo, den h\u00e4r lilla tjejen kan f\u00e5 vara med ocks\u00e5! <img loading=\"lazy\" class=\"alignnone size-medium wp-image-66491\" src=\"http:\/\/www.filindeblogg.nu\/wp-content\/uploads\/2016\/04\/025-225x300.jpg\" alt=\"025\" width=\"225\" height=\"300\" srcset=\"http:\/\/www.filindeblogg.nu\/wp-content\/uploads\/2016\/04\/025-225x300.jpg 225w, http:\/\/www.filindeblogg.nu\/wp-content\/uploads\/2016\/04\/025.jpg 450w\" sizes=\"(max-width: 225px) 100vw, 225px\" \/> H\u00f6gst personliga lilla <strong>Vilda Wilma<\/strong>!<\/p>\n<p>Bilderna p\u00e5 Notre Dame och gargoysarna kommer via <a href=\"http:\/\/www.google.se\/search?q=notre+dame&amp;biw=1424&amp;bih=725&amp;source=lnms&amp;tbm=isch&amp;sa=X&amp;ved=0ahUKEwjlweCo7LXMAhWqCJoKHZl6CyEQ_AUIBygB\" target=\"_blank\"><strong>Google <\/strong><\/a>men den h\u00e4r bilden har bloggaren tagit sj\u00e4lv i juni 2012 &#8211; livr\u00e4dd \u00f6ver att vara s\u00e5 h\u00f6gt upp i tornen p\u00e5 kyrkan! \ud83d\ude00 Men ett foto blev det till slut! <img loading=\"lazy\" class=\"alignnone size-medium wp-image-66492\" src=\"http:\/\/www.filindeblogg.nu\/wp-content\/uploads\/2016\/04\/Gargoyle-p\u00e5-Notre-Dame-juni-2012-300x225.jpg\" alt=\"Gargoyle-p\u00e5-Notre-Dame-juni-2012\" width=\"300\" height=\"225\" srcset=\"http:\/\/www.filindeblogg.nu\/wp-content\/uploads\/2016\/04\/Gargoyle-p\u00e5-Notre-Dame-juni-2012-300x225.jpg 300w, http:\/\/www.filindeblogg.nu\/wp-content\/uploads\/2016\/04\/Gargoyle-p\u00e5-Notre-Dame-juni-2012.jpg 700w\" sizes=\"(max-width: 300px) 100vw, 300px\" \/><\/p>\n<p style=\"text-align: center;\">Lev v\u00e4l och ta hand om er och om varandra! <img loading=\"lazy\" class=\"alignnone  wp-image-66409\" src=\"http:\/\/www.filindeblogg.nu\/wp-content\/uploads\/2016\/04\/Hj\u00e4rta.jpg\" alt=\"Hj\u00e4rta\" width=\"46\" height=\"47\" srcset=\"http:\/\/www.filindeblogg.nu\/wp-content\/uploads\/2016\/04\/Hj\u00e4rta.jpg 223w, http:\/\/www.filindeblogg.nu\/wp-content\/uploads\/2016\/04\/Hj\u00e4rta-150x150.jpg 150w, http:\/\/www.filindeblogg.nu\/wp-content\/uploads\/2016\/04\/Hj\u00e4rta-144x144.jpg 144w\" sizes=\"(max-width: 46px) 100vw, 46px\" \/><\/p>\n<p>&nbsp;<\/p>\n","protected":false},"excerpt":{"rendered":"<p>30 april och 1 maj &#8211; b\u00e5da allm\u00e4nna flaggdagar! 30 april f\u00f6r kung Carl Gustaf som fyller 70 \u00e5r men bloggaren flaggar f\u00f6r mamma! Mamma Hj\u00f6rdis var f\u00f6dd p\u00e5 valborgsm\u00e4ssoafton 1925. 1 maj \u00e4r \u00e4r arbetarr\u00f6relsens internationella h\u00f6gtidsdag som firas sedan 1890 &#8211; fast inte i Arboga nu d\u00e5&#8230; \u00a0N\u00e4r vi \u00e4nd\u00e5 \u00e4r inne p\u00e5 [&hellip;]<\/p>\n","protected":false},"author":1,"featured_media":0,"comment_status":"open","ping_status":"open","sticky":false,"template":"","format":"standard","meta":[],"categories":[127,206,188,41,186,137,100,145,160,132,119,101],"tags":[],"_links":{"self":[{"href":"http:\/\/www.filindeblogg.nu\/index.php?rest_route=\/wp\/v2\/posts\/66469"}],"collection":[{"href":"http:\/\/www.filindeblogg.nu\/index.php?rest_route=\/wp\/v2\/posts"}],"about":[{"href":"http:\/\/www.filindeblogg.nu\/index.php?rest_route=\/wp\/v2\/types\/post"}],"author":[{"embeddable":true,"href":"http:\/\/www.filindeblogg.nu\/index.php?rest_route=\/wp\/v2\/users\/1"}],"replies":[{"embeddable":true,"href":"http:\/\/www.filindeblogg.nu\/index.php?rest_route=%2Fwp%2Fv2%2Fcomments&post=66469"}],"version-history":[{"count":11,"href":"http:\/\/www.filindeblogg.nu\/index.php?rest_route=\/wp\/v2\/posts\/66469\/revisions"}],"predecessor-version":[{"id":66504,"href":"http:\/\/www.filindeblogg.nu\/index.php?rest_route=\/wp\/v2\/posts\/66469\/revisions\/66504"}],"wp:attachment":[{"href":"http:\/\/www.filindeblogg.nu\/index.php?rest_route=%2Fwp%2Fv2%2Fmedia&parent=66469"}],"wp:term":[{"taxonomy":"category","embeddable":true,"href":"http:\/\/www.filindeblogg.nu\/index.php?rest_route=%2Fwp%2Fv2%2Fcategories&post=66469"},{"taxonomy":"post_tag","embeddable":true,"href":"http:\/\/www.filindeblogg.nu\/index.php?rest_route=%2Fwp%2Fv2%2Ftags&post=66469"}],"curies":[{"name":"wp","href":"https:\/\/api.w.org\/{rel}","templated":true}]}}