{"id":66456,"date":"2016-04-28T09:04:03","date_gmt":"2016-04-28T08:04:03","guid":{"rendered":"http:\/\/www.filindeblogg.nu\/?p=66456"},"modified":"2016-04-28T09:04:03","modified_gmt":"2016-04-28T08:04:03","slug":"arboga-utan-1-maj-tag-sapan-skriver-historia-igen","status":"publish","type":"post","link":"http:\/\/www.filindeblogg.nu\/?p=66456","title":{"rendered":"Arboga utan 1 maj-t\u00e5g! S\u00e5pan skriver historia igen."},"content":{"rendered":"<p><img loading=\"lazy\" class=\"alignnone  wp-image-66457\" src=\"http:\/\/www.filindeblogg.nu\/wp-content\/uploads\/2016\/04\/001-10-225x300.jpg\" alt=\"001\" width=\"215\" height=\"287\" srcset=\"http:\/\/www.filindeblogg.nu\/wp-content\/uploads\/2016\/04\/001-10-225x300.jpg 225w, http:\/\/www.filindeblogg.nu\/wp-content\/uploads\/2016\/04\/001-10.jpg 450w\" sizes=\"(max-width: 215px) 100vw, 215px\" \/> F\u00f6rstasidan &#8211; dagens <strong>Arboga Tidning<\/strong>.<br \/>\n1 maj-t\u00e5get i Arboga inst\u00e4llt!<\/p>\n<p>Bloggaren \u00e4r inte f\u00f6rv\u00e5nad och skrev om det i bloggen ig\u00e5r. <img loading=\"lazy\" class=\"alignnone  wp-image-66448\" src=\"http:\/\/www.filindeblogg.nu\/wp-content\/uploads\/2016\/04\/019-2-300x173.jpg\" alt=\"019\" width=\"177\" height=\"102\" srcset=\"http:\/\/www.filindeblogg.nu\/wp-content\/uploads\/2016\/04\/019-2-300x173.jpg 300w, http:\/\/www.filindeblogg.nu\/wp-content\/uploads\/2016\/04\/019-2.jpg 553w\" sizes=\"(max-width: 177px) 100vw, 177px\" \/> Hur kan man g\u00e5 f\u00f6r parollen <em>&#8221;Tillsammans f\u00f6r Sverige&#8221;<\/em> n\u00e4r man inte klarar att arbeta tillsammans f\u00f6r Arboga? <img loading=\"lazy\" class=\"alignnone  wp-image-66447\" src=\"http:\/\/www.filindeblogg.nu\/wp-content\/uploads\/2016\/04\/020-4-177x300.jpg\" alt=\"020\" width=\"126\" height=\"214\" srcset=\"http:\/\/www.filindeblogg.nu\/wp-content\/uploads\/2016\/04\/020-4-177x300.jpg 177w, http:\/\/www.filindeblogg.nu\/wp-content\/uploads\/2016\/04\/020-4.jpg 353w\" sizes=\"(max-width: 126px) 100vw, 126px\" \/><\/p>\n<p>Det kunde man allts\u00e5 inte. <img loading=\"lazy\" class=\"alignnone size-medium wp-image-66458\" src=\"http:\/\/www.filindeblogg.nu\/wp-content\/uploads\/2016\/04\/002-10-225x300.jpg\" alt=\"002\" width=\"225\" height=\"300\" srcset=\"http:\/\/www.filindeblogg.nu\/wp-content\/uploads\/2016\/04\/002-10-225x300.jpg 225w, http:\/\/www.filindeblogg.nu\/wp-content\/uploads\/2016\/04\/002-10.jpg 450w\" sizes=\"(max-width: 225px) 100vw, 225px\" \/><\/p>\n<p><strong>Arbogas\u00e5pan<\/strong> skriver historia igen och bryter en hundra\u00e5rig tradition av demonstration 1 maj. Uppseendev\u00e4ckande och tragiskt.<br \/>\nDet k\u00e4nns dock sk\u00f6nt att partiet i Arboga i alla fall kommit s\u00e5 l\u00e5ngt att de inser att det inte h\u00e5ller l\u00e4ngre. Det g\u00e5r inte att l\u00e5tsas en solidaritet som inte finns. Fr\u00e5gan \u00e4r vilken &#8221;sida&#8221; av partiet som dragit i bromsen? Bloggaren \u00e4r r\u00e4dd att det inte \u00e4r h\u00e4rskartyperna som la grunden till denna s\u00e5pa. De har nog inte f\u00f6rst\u00e5tt \u00e4n&#8230;<\/p>\n<p>S\u00e5 h\u00e4r s\u00e5g det ut tidigare: <img loading=\"lazy\" class=\"alignnone  wp-image-66460\" src=\"http:\/\/www.filindeblogg.nu\/wp-content\/uploads\/2016\/04\/003-6-225x300.jpg\" alt=\"003\" width=\"181\" height=\"241\" srcset=\"http:\/\/www.filindeblogg.nu\/wp-content\/uploads\/2016\/04\/003-6-225x300.jpg 225w, http:\/\/www.filindeblogg.nu\/wp-content\/uploads\/2016\/04\/003-6.jpg 450w\" sizes=\"(max-width: 181px) 100vw, 181px\" \/> <strong>Pia Adamsson<\/strong>, nyss ordf\u00f6rande f\u00f6r Socialdemokraterna i Arboga har krav. Hon borde t\u00e4nka om &#8211; om hon har f\u00f6r avsikt att stanna kvar i toppen f\u00f6r partiet! <img loading=\"lazy\" class=\"alignnone size-medium wp-image-66459\" src=\"http:\/\/www.filindeblogg.nu\/wp-content\/uploads\/2016\/04\/003-Kopia-225x300.jpg\" alt=\"003 - Kopia\" width=\"225\" height=\"300\" srcset=\"http:\/\/www.filindeblogg.nu\/wp-content\/uploads\/2016\/04\/003-Kopia-225x300.jpg 225w, http:\/\/www.filindeblogg.nu\/wp-content\/uploads\/2016\/04\/003-Kopia.jpg 450w\" sizes=\"(max-width: 225px) 100vw, 225px\" \/><\/p>\n<p>Fokusera p\u00e5 m\u00e5let &#8211; ett b\u00e4ttre Arboga. F\u00f6r det kr\u00e4vs samarbete, solidaritet och betydligt mer \u00f6dmjukhet \u00e4n vad som visats p\u00e5 senare tid.<br \/>\nSitter man vid makten f\u00f6r l\u00e4nge blir man l\u00e4tt \u00f6vermodig och v\u00e5rdsl\u00f6s. Makten stiger en \u00e5t huvudet och girigheten tar \u00f6ver.<br \/>\nMan tappar fokus p\u00e5 sitt uppdrag och brister i vad som menas med att vara vald i f\u00f6rtroende &#8211; f\u00f6rtroendevald.<br \/>\nArrogans och \u00f6verl\u00e4gsenhet har k\u00e4nnetecknat partiet i Arboga &#8211; det minns bloggaren fr\u00e5n sin tid i kommunfullm\u00e4ktige f\u00f6r ett par \u00e5r sedan. Skr\u00e4mmande och oacceptabelt om man \u00e4r satt att arbeta i j\u00e4mlik solidaritet f\u00f6r Arbogas b\u00e4sta.<\/p>\n<p>P\u00e5 Socialdemokraternas sida hittar jag det h\u00e4r:<\/p>\n<div data-canvas-width=\"680.3664999999997\"><strong><em>&#8221;Socialdemokratin \u00e4r s\u00e5 lyckligt lottad att vi har en vision som \u00e4r tidl\u00f6s:<br \/>\nEtt samh\u00e4lle som pr\u00e4glas av r\u00e4ttvisa, solidaritet och j\u00e4mlikhet.&#8221;<\/em><\/strong><br \/>\n(G\u00f6ran Persson, 2004)<\/div>\n<div data-canvas-width=\"680.3664999999997\">\n<p>Det finns v\u00e4ldigt mycket att g\u00f6ra i Arboga f\u00f6r Socialdemokraterna&#8230;<\/p><\/div>\n<div data-canvas-width=\"680.3664999999997\">\n<\/div>\n<div data-canvas-width=\"680.3664999999997\"><a href=\"http:\/\/bblat.se\/nyheter\/arboga\/1.3811980-inget-forstamajtag-i-ar\" target=\"_blank\"><strong>H\u00c4R<\/strong><\/a> kan du g\u00e5 in p\u00e5 <strong>Bbl\/AT<\/strong>:s hemsida och l\u00e4sa artikeln om det inst\u00e4lla 1 maj-t\u00e5get i Arboga.<\/div>\n<div data-canvas-width=\"680.3664999999997\"><\/div>\n<div data-canvas-width=\"680.3664999999997\"><\/div>\n<div><\/div>\n<div style=\"text-align: center;\"><em>\u00a0Upp till kamp emot kvalen<\/em><br \/>\n<em> Sista striden det \u00e4r,<\/em><br \/>\n<em> ty Internationalen<\/em><br \/>\n<em> \u00e5t alla lycka b\u00e4r&#8230;<\/em><br \/>\n(Internationalen)<\/div>\n<div style=\"text-align: center;\"><img loading=\"lazy\" class=\"aligncenter size-medium wp-image-66461\" src=\"http:\/\/www.filindeblogg.nu\/wp-content\/uploads\/2016\/04\/1-maj-2002-i-Stockholm-300x228.jpg\" alt=\"1 maj 2002 i Stockholm\" width=\"300\" height=\"228\" srcset=\"http:\/\/www.filindeblogg.nu\/wp-content\/uploads\/2016\/04\/1-maj-2002-i-Stockholm-300x228.jpg 300w, http:\/\/www.filindeblogg.nu\/wp-content\/uploads\/2016\/04\/1-maj-2002-i-Stockholm-768x584.jpg 768w, http:\/\/www.filindeblogg.nu\/wp-content\/uploads\/2016\/04\/1-maj-2002-i-Stockholm-1024x779.jpg 1024w, http:\/\/www.filindeblogg.nu\/wp-content\/uploads\/2016\/04\/1-maj-2002-i-Stockholm.jpg 1500w\" sizes=\"(max-width: 300px) 100vw, 300px\" \/><br \/>\n1 maj 2002 i Stockholm<\/div>\n<p>&nbsp;<\/p>\n","protected":false},"excerpt":{"rendered":"<p>F\u00f6rstasidan &#8211; dagens Arboga Tidning. 1 maj-t\u00e5get i Arboga inst\u00e4llt! Bloggaren \u00e4r inte f\u00f6rv\u00e5nad och skrev om det i bloggen ig\u00e5r. Hur kan man g\u00e5 f\u00f6r parollen &#8221;Tillsammans f\u00f6r Sverige&#8221; n\u00e4r man inte klarar att arbeta tillsammans f\u00f6r Arboga? Det kunde man allts\u00e5 inte. Arbogas\u00e5pan skriver historia igen och bryter en hundra\u00e5rig tradition av demonstration [&hellip;]<\/p>\n","protected":false},"author":1,"featured_media":0,"comment_status":"open","ping_status":"open","sticky":false,"template":"","format":"standard","meta":[],"categories":[127,206,100,119,101],"tags":[],"_links":{"self":[{"href":"http:\/\/www.filindeblogg.nu\/index.php?rest_route=\/wp\/v2\/posts\/66456"}],"collection":[{"href":"http:\/\/www.filindeblogg.nu\/index.php?rest_route=\/wp\/v2\/posts"}],"about":[{"href":"http:\/\/www.filindeblogg.nu\/index.php?rest_route=\/wp\/v2\/types\/post"}],"author":[{"embeddable":true,"href":"http:\/\/www.filindeblogg.nu\/index.php?rest_route=\/wp\/v2\/users\/1"}],"replies":[{"embeddable":true,"href":"http:\/\/www.filindeblogg.nu\/index.php?rest_route=%2Fwp%2Fv2%2Fcomments&post=66456"}],"version-history":[{"count":7,"href":"http:\/\/www.filindeblogg.nu\/index.php?rest_route=\/wp\/v2\/posts\/66456\/revisions"}],"predecessor-version":[{"id":66468,"href":"http:\/\/www.filindeblogg.nu\/index.php?rest_route=\/wp\/v2\/posts\/66456\/revisions\/66468"}],"wp:attachment":[{"href":"http:\/\/www.filindeblogg.nu\/index.php?rest_route=%2Fwp%2Fv2%2Fmedia&parent=66456"}],"wp:term":[{"taxonomy":"category","embeddable":true,"href":"http:\/\/www.filindeblogg.nu\/index.php?rest_route=%2Fwp%2Fv2%2Fcategories&post=66456"},{"taxonomy":"post_tag","embeddable":true,"href":"http:\/\/www.filindeblogg.nu\/index.php?rest_route=%2Fwp%2Fv2%2Ftags&post=66456"}],"curies":[{"name":"wp","href":"https:\/\/api.w.org\/{rel}","templated":true}]}}