{"id":66445,"date":"2016-04-27T18:45:20","date_gmt":"2016-04-27T17:45:20","guid":{"rendered":"http:\/\/www.filindeblogg.nu\/?p=66445"},"modified":"2016-04-27T18:59:03","modified_gmt":"2016-04-27T17:59:03","slug":"ansvarig-politiker-sov-nar-15-aring-rymde-arbogasapan-fortsatter","status":"publish","type":"post","link":"http:\/\/www.filindeblogg.nu\/?p=66445","title":{"rendered":"&#8221;Ansvarig politiker sov n\u00e4r 15-\u00e5ring rymde&#8221; &#8211; Arbogas\u00e5pan forts\u00e4tter!"},"content":{"rendered":"<p><img loading=\"lazy\" class=\"alignnone size-full wp-image-66446\" src=\"http:\/\/www.filindeblogg.nu\/wp-content\/uploads\/2016\/04\/Rosenkvistan-kass.jpg\" alt=\"Rosenkvistan kass\" width=\"298\" height=\"169\" \/><\/p>\n<h1 class=\"svtH1-THEMED\">Ansvarig politiker sov n\u00e4r 15-\u00e5ring rymde<\/h1>\n<p><strong><em>&#8221;\u2013 Jag l\u00e5g och sov och missade samtalen. Man m\u00e5ste f\u00e5 sova, s\u00e4ger Kerstin Rosenkvist (S)&#8221;<\/em><\/strong><\/p>\n<p>Se och h\u00f6r det senaste om <strong>Kerstin Rosenkvist<\/strong> &#8211; den som la grunden till <strong>Arbogas\u00e5pan<\/strong> &#8211; <a href=\"http:\/\/www.svt.se\/nyhetsklipp\/lokalt\/vastmanland\/15-aring-omhandertogs-inte\" target=\"_blank\"><strong>H\u00c4R<\/strong><\/a> hos SVT!<\/p>\n<p>Men Rosenkvist \u00e4r inte sj\u00e4lvkritisk. <em><strong>&#8221;- Absolut inte.&#8221;<br \/>\n<\/strong><\/em>Lyssna p\u00e5 inslaget!<\/p>\n<p>Sakta men s\u00e4kert decimerar <strong>Socialdemokraterna <\/strong>sig sj\u00e4lva i Arboga. Den ena fad\u00e4sen efter den andra.<br \/>\nTyv\u00e4rr har de inte f\u00f6rst\u00e5nd nog att sj\u00e4lva avg\u00e5 och st\u00e4lla sina platser till f\u00f6rfogande. De saknar tydligen sj\u00e4lvinsikt helt och har ingen f\u00f6rst\u00e5else alls f\u00f6r vad uppdraget som f\u00f6rtroendevald handlar om &#8211; fokuserade som de \u00e4r p\u00e5 sig sj\u00e4lva, den egna makten och pengarna det genererar.<\/p>\n<p><em>&#8211; Vilket stolpskott hon \u00e4r<\/em>, sa n\u00e5gon om Kerstin Rosenkvist n\u00e4r den h\u00e4r nyheten d\u00f6k upp.<br \/>\n<em>&#8211; Redan&#8230;??<\/em> suckade bloggaren&#8230;<\/p>\n<p><img loading=\"lazy\" class=\"alignnone size-medium wp-image-66447\" src=\"http:\/\/www.filindeblogg.nu\/wp-content\/uploads\/2016\/04\/020-4-177x300.jpg\" alt=\"020\" width=\"177\" height=\"300\" srcset=\"http:\/\/www.filindeblogg.nu\/wp-content\/uploads\/2016\/04\/020-4-177x300.jpg 177w, http:\/\/www.filindeblogg.nu\/wp-content\/uploads\/2016\/04\/020-4.jpg 353w\" sizes=\"(max-width: 177px) 100vw, 177px\" \/> P\u00e5 s\u00f6ndag \u00e4r det<strong> 1 maj<\/strong>. Hur kommer 1 maj-t\u00e5get i Arboga att se ut?? <img loading=\"lazy\" class=\"alignnone size-medium wp-image-66448\" src=\"http:\/\/www.filindeblogg.nu\/wp-content\/uploads\/2016\/04\/019-2-300x173.jpg\" alt=\"019\" width=\"300\" height=\"173\" srcset=\"http:\/\/www.filindeblogg.nu\/wp-content\/uploads\/2016\/04\/019-2-300x173.jpg 300w, http:\/\/www.filindeblogg.nu\/wp-content\/uploads\/2016\/04\/019-2.jpg 553w\" sizes=\"(max-width: 300px) 100vw, 300px\" \/> <strong><em>&#8221;Tillsammans f\u00f6r Sverige&#8221;<\/em><\/strong>??<\/p>\n<p>Ja, inte \u00e4r det tillsammans f\u00f6r Arboga i alla fall! Tragiskt och pinsamt \u00e4r bara f\u00f6rnamnet!<\/p>\n<p>Till sist ett <strong>GRATTIS<\/strong> till alla ni som fyller \u00e5r idag.<br \/>\nBloggaren har en mycket god v\u00e4n som f\u00e5r en s\u00e4rskild kram! <img loading=\"lazy\" class=\"alignnone size-medium wp-image-66454\" src=\"http:\/\/www.filindeblogg.nu\/wp-content\/uploads\/2016\/04\/016-3-145x300.jpg\" alt=\"016\" width=\"145\" height=\"300\" srcset=\"http:\/\/www.filindeblogg.nu\/wp-content\/uploads\/2016\/04\/016-3-145x300.jpg 145w, http:\/\/www.filindeblogg.nu\/wp-content\/uploads\/2016\/04\/016-3.jpg 289w\" sizes=\"(max-width: 145px) 100vw, 145px\" \/><\/p>\n","protected":false},"excerpt":{"rendered":"<p>Ansvarig politiker sov n\u00e4r 15-\u00e5ring rymde &#8221;\u2013 Jag l\u00e5g och sov och missade samtalen. Man m\u00e5ste f\u00e5 sova, s\u00e4ger Kerstin Rosenkvist (S)&#8221; Se och h\u00f6r det senaste om Kerstin Rosenkvist &#8211; den som la grunden till Arbogas\u00e5pan &#8211; H\u00c4R hos SVT! Men Rosenkvist \u00e4r inte sj\u00e4lvkritisk. &#8221;- Absolut inte.&#8221; Lyssna p\u00e5 inslaget! Sakta men s\u00e4kert [&hellip;]<\/p>\n","protected":false},"author":1,"featured_media":0,"comment_status":"open","ping_status":"open","sticky":false,"template":"","format":"standard","meta":[],"categories":[127,206,100,160,119,101],"tags":[],"_links":{"self":[{"href":"http:\/\/www.filindeblogg.nu\/index.php?rest_route=\/wp\/v2\/posts\/66445"}],"collection":[{"href":"http:\/\/www.filindeblogg.nu\/index.php?rest_route=\/wp\/v2\/posts"}],"about":[{"href":"http:\/\/www.filindeblogg.nu\/index.php?rest_route=\/wp\/v2\/types\/post"}],"author":[{"embeddable":true,"href":"http:\/\/www.filindeblogg.nu\/index.php?rest_route=\/wp\/v2\/users\/1"}],"replies":[{"embeddable":true,"href":"http:\/\/www.filindeblogg.nu\/index.php?rest_route=%2Fwp%2Fv2%2Fcomments&post=66445"}],"version-history":[{"count":6,"href":"http:\/\/www.filindeblogg.nu\/index.php?rest_route=\/wp\/v2\/posts\/66445\/revisions"}],"predecessor-version":[{"id":66455,"href":"http:\/\/www.filindeblogg.nu\/index.php?rest_route=\/wp\/v2\/posts\/66445\/revisions\/66455"}],"wp:attachment":[{"href":"http:\/\/www.filindeblogg.nu\/index.php?rest_route=%2Fwp%2Fv2%2Fmedia&parent=66445"}],"wp:term":[{"taxonomy":"category","embeddable":true,"href":"http:\/\/www.filindeblogg.nu\/index.php?rest_route=%2Fwp%2Fv2%2Fcategories&post=66445"},{"taxonomy":"post_tag","embeddable":true,"href":"http:\/\/www.filindeblogg.nu\/index.php?rest_route=%2Fwp%2Fv2%2Ftags&post=66445"}],"curies":[{"name":"wp","href":"https:\/\/api.w.org\/{rel}","templated":true}]}}