{"id":66347,"date":"2016-04-24T14:48:54","date_gmt":"2016-04-24T13:48:54","guid":{"rendered":"http:\/\/www.filindeblogg.nu\/?p=66347"},"modified":"2016-04-24T14:48:54","modified_gmt":"2016-04-24T13:48:54","slug":"besok-i-storstan-och-sa-lite-elandes-elande-som-vanligt","status":"publish","type":"post","link":"http:\/\/www.filindeblogg.nu\/?p=66347","title":{"rendered":"Bes\u00f6k i storstan och s\u00e5 lite el\u00e4ndes el\u00e4nde som vanligt&#8230;"},"content":{"rendered":"<p><img loading=\"lazy\" class=\"alignnone  wp-image-66348\" src=\"http:\/\/www.filindeblogg.nu\/wp-content\/uploads\/2016\/04\/011-4-300x225.jpg\" alt=\"011\" width=\"199\" height=\"149\" srcset=\"http:\/\/www.filindeblogg.nu\/wp-content\/uploads\/2016\/04\/011-4-300x225.jpg 300w, http:\/\/www.filindeblogg.nu\/wp-content\/uploads\/2016\/04\/011-4.jpg 600w\" sizes=\"(max-width: 199px) 100vw, 199px\" \/> I veckan som gick bes\u00f6kte bloggaren <strong>Stockholm<\/strong>. Den fr\u00e4msta anledningen var det h\u00e4r: <img loading=\"lazy\" class=\"alignnone size-full wp-image-66349\" src=\"http:\/\/www.filindeblogg.nu\/wp-content\/uploads\/2016\/04\/Mamma-Mia-The-Party.jpg\" alt=\"Mamma Mia The Party\" width=\"294\" height=\"171\" \/> <strong>&#8221;Mamma Mia &#8211; The Party&#8221;<\/strong> p\u00e5 <strong>Tyrol, Gr\u00f6na Lund<\/strong>! <img loading=\"lazy\" class=\"alignnone  wp-image-66350\" src=\"http:\/\/www.filindeblogg.nu\/wp-content\/uploads\/2016\/04\/020-3-300x225.jpg\" alt=\"020\" width=\"147\" height=\"110\" srcset=\"http:\/\/www.filindeblogg.nu\/wp-content\/uploads\/2016\/04\/020-3-300x225.jpg 300w, http:\/\/www.filindeblogg.nu\/wp-content\/uploads\/2016\/04\/020-3.jpg 600w\" sizes=\"(max-width: 147px) 100vw, 147px\" \/><\/p>\n<p>Det blev en j\u00e4tteh\u00e4rlig helkv\u00e4ll!\u00a0<img loading=\"lazy\" class=\"alignnone  wp-image-66351\" src=\"http:\/\/www.filindeblogg.nu\/wp-content\/uploads\/2016\/04\/019-1-300x225.jpg\" alt=\"019\" width=\"219\" height=\"164\" srcset=\"http:\/\/www.filindeblogg.nu\/wp-content\/uploads\/2016\/04\/019-1-300x225.jpg 300w, http:\/\/www.filindeblogg.nu\/wp-content\/uploads\/2016\/04\/019-1.jpg 600w\" sizes=\"(max-width: 219px) 100vw, 219px\" \/><\/p>\n<p><img loading=\"lazy\" class=\"alignnone  wp-image-66352\" src=\"http:\/\/www.filindeblogg.nu\/wp-content\/uploads\/2016\/04\/014-4-300x225.jpg\" alt=\"014\" width=\"199\" height=\"149\" srcset=\"http:\/\/www.filindeblogg.nu\/wp-content\/uploads\/2016\/04\/014-4-300x225.jpg 300w, http:\/\/www.filindeblogg.nu\/wp-content\/uploads\/2016\/04\/014-4.jpg 600w\" sizes=\"(max-width: 199px) 100vw, 199px\" \/> Folk b\u00f6rjade str\u00f6mma in efter 18.30. Snart var det alldeles fullsatt. <img loading=\"lazy\" class=\"alignnone  wp-image-66353\" src=\"http:\/\/www.filindeblogg.nu\/wp-content\/uploads\/2016\/04\/016-2-300x225.jpg\" alt=\"016\" width=\"210\" height=\"158\" srcset=\"http:\/\/www.filindeblogg.nu\/wp-content\/uploads\/2016\/04\/016-2-300x225.jpg 300w, http:\/\/www.filindeblogg.nu\/wp-content\/uploads\/2016\/04\/016-2.jpg 600w\" sizes=\"(max-width: 210px) 100vw, 210px\" \/><br \/>\n<strong>Nikos<\/strong> h\u00e4lsade v\u00e4lkommen till sin taverna! <img loading=\"lazy\" class=\"alignnone size-medium wp-image-66354\" src=\"http:\/\/www.filindeblogg.nu\/wp-content\/uploads\/2016\/04\/024-3-225x300.jpg\" alt=\"024\" width=\"225\" height=\"300\" srcset=\"http:\/\/www.filindeblogg.nu\/wp-content\/uploads\/2016\/04\/024-3-225x300.jpg 225w, http:\/\/www.filindeblogg.nu\/wp-content\/uploads\/2016\/04\/024-3.jpg 450w\" sizes=\"(max-width: 225px) 100vw, 225px\" \/> Nikos spelas av <span class=\"st\"><strong>Michalis Koutsogiannakis<\/strong>. En fantastisk kv\u00e4ll d\u00e4r vi alla var en del av showen &#8211; s\u00e5 k\u00e4ndes det. <img loading=\"lazy\" class=\"alignnone size-medium wp-image-66355\" src=\"http:\/\/www.filindeblogg.nu\/wp-content\/uploads\/2016\/04\/021-3-300x225.jpg\" alt=\"021\" width=\"300\" height=\"225\" srcset=\"http:\/\/www.filindeblogg.nu\/wp-content\/uploads\/2016\/04\/021-3-300x225.jpg 300w, http:\/\/www.filindeblogg.nu\/wp-content\/uploads\/2016\/04\/021-3.jpg 600w\" sizes=\"(max-width: 300px) 100vw, 300px\" \/><br \/>\nMassor av h\u00e4rlig ABBA-musik f\u00f6rst\u00e5s, proffsiga upptr\u00e4danden, verkligt god mat och en h\u00e4rlig st\u00e4mning rakt igenom. Kv\u00e4llen avslutades med att alla vara uppe p\u00e5 dansgolvet! Underbart! Vilket h\u00e5llig\u00e5ng! <\/span><\/p>\n<p>Bloggaren kan verkligen rekommendera en bes\u00f6k p\u00e5 Nikos Taverna! Klicka <a href=\"http:\/\/www.mammamiatheparty.com\/\" target=\"_blank\"><strong>H\u00c4R<\/strong><\/a> f\u00f6r att l\u00e4sa mera om <strong>Mamma Mia &#8211; The Party! <\/strong>D\u00e4r kan du boka biljetter ocks\u00e5 om du vill.<\/p>\n<p>Vi hann med annat ocks\u00e5. F\u00f6rsta bilden i bloggen visar utsikten fr\u00e5n <strong>Fotografiska Museet<\/strong> som vi bes\u00f6kte. V\u00e4dret h\u00f6ll sig riktigt bra och en dramatisk himmel utan regn \u00e4r ju bara vacker att titta p\u00e5! <img loading=\"lazy\" class=\"alignnone size-medium wp-image-66356\" src=\"http:\/\/www.filindeblogg.nu\/wp-content\/uploads\/2016\/04\/013-2-300x191.jpg\" alt=\"013\" width=\"300\" height=\"191\" srcset=\"http:\/\/www.filindeblogg.nu\/wp-content\/uploads\/2016\/04\/013-2-300x191.jpg 300w, http:\/\/www.filindeblogg.nu\/wp-content\/uploads\/2016\/04\/013-2.jpg 600w\" sizes=\"(max-width: 300px) 100vw, 300px\" \/><\/p>\n<p>H\u00e4r n\u00e5gra bilder fr\u00e5n Fotografiska: <img loading=\"lazy\" class=\"alignnone size-medium wp-image-66357\" src=\"http:\/\/www.filindeblogg.nu\/wp-content\/uploads\/2016\/04\/009-6-225x300.jpg\" alt=\"009\" width=\"225\" height=\"300\" srcset=\"http:\/\/www.filindeblogg.nu\/wp-content\/uploads\/2016\/04\/009-6-225x300.jpg 225w, http:\/\/www.filindeblogg.nu\/wp-content\/uploads\/2016\/04\/009-6.jpg 450w\" sizes=\"(max-width: 225px) 100vw, 225px\" \/><\/p>\n<p>Flera utst\u00e4llningar och den som ber\u00f6rde mycket var <strong>&#8221;Ikoner &#8211; en utst\u00e4llning om att f\u00e5 finnas&#8221;<\/strong>.<img loading=\"lazy\" class=\"alignnone size-medium wp-image-66358\" src=\"http:\/\/www.filindeblogg.nu\/wp-content\/uploads\/2016\/04\/008-6-300x225.jpg\" alt=\"008\" width=\"300\" height=\"225\" srcset=\"http:\/\/www.filindeblogg.nu\/wp-content\/uploads\/2016\/04\/008-6-300x225.jpg 300w, http:\/\/www.filindeblogg.nu\/wp-content\/uploads\/2016\/04\/008-6.jpg 600w\" sizes=\"(max-width: 300px) 100vw, 300px\" \/> S\u00e5 h\u00e4r skriver Fotografiska om utst\u00e4llningen, citat:<br \/>\n<em>&#8221;Genom 21 portr\u00e4tt tar modellerna sin plats i konsten, i samh\u00e4llet och i historien f\u00f6r alltid. P\u00e5 detta s\u00e4tt inkluderar vi genuint en grupp som annars s\u00e4llan f\u00e5r synas och som aldrig synts i historien. Fast de alltid funnit d\u00e4r, vi tror p\u00e5 allas r\u00e4tt att f\u00e5 finnas.&#8221;<\/em><\/p>\n<p><img loading=\"lazy\" class=\"alignnone size-medium wp-image-66359\" src=\"http:\/\/www.filindeblogg.nu\/wp-content\/uploads\/2016\/04\/005-6-300x225.jpg\" alt=\"005\" width=\"300\" height=\"225\" srcset=\"http:\/\/www.filindeblogg.nu\/wp-content\/uploads\/2016\/04\/005-6-300x225.jpg 300w, http:\/\/www.filindeblogg.nu\/wp-content\/uploads\/2016\/04\/005-6.jpg 600w\" sizes=\"(max-width: 300px) 100vw, 300px\" \/> *** <img loading=\"lazy\" class=\"alignnone size-medium wp-image-66360\" src=\"http:\/\/www.filindeblogg.nu\/wp-content\/uploads\/2016\/04\/006-7-300x225.jpg\" alt=\"006\" width=\"300\" height=\"225\" srcset=\"http:\/\/www.filindeblogg.nu\/wp-content\/uploads\/2016\/04\/006-7-300x225.jpg 300w, http:\/\/www.filindeblogg.nu\/wp-content\/uploads\/2016\/04\/006-7.jpg 600w\" sizes=\"(max-width: 300px) 100vw, 300px\" \/><\/p>\n<p><img loading=\"lazy\" class=\"aligncenter size-medium wp-image-66361\" src=\"http:\/\/www.filindeblogg.nu\/wp-content\/uploads\/2016\/04\/007-5-225x300.jpg\" alt=\"007\" width=\"225\" height=\"300\" srcset=\"http:\/\/www.filindeblogg.nu\/wp-content\/uploads\/2016\/04\/007-5-225x300.jpg 225w, http:\/\/www.filindeblogg.nu\/wp-content\/uploads\/2016\/04\/007-5.jpg 450w\" sizes=\"(max-width: 225px) 100vw, 225px\" \/><\/p>\n<p>Klicka <a href=\"http:\/\/ikoner.fotografiska.eu\/\" target=\"_blank\"><strong>H\u00c4R<\/strong> <\/a>f\u00f6r att se film och bilder fr\u00e5n fotograferingen! <img loading=\"lazy\" class=\"alignnone size-medium wp-image-66362\" src=\"http:\/\/www.filindeblogg.nu\/wp-content\/uploads\/2016\/04\/Rebellen-Jon-20-\u00e5r-200x300.jpg\" alt=\"Rebellen Jon 20 \u00e5r\" width=\"200\" height=\"300\" srcset=\"http:\/\/www.filindeblogg.nu\/wp-content\/uploads\/2016\/04\/Rebellen-Jon-20-\u00e5r-200x300.jpg 200w, http:\/\/www.filindeblogg.nu\/wp-content\/uploads\/2016\/04\/Rebellen-Jon-20-\u00e5r-768x1152.jpg 768w, http:\/\/www.filindeblogg.nu\/wp-content\/uploads\/2016\/04\/Rebellen-Jon-20-\u00e5r-682x1024.jpg 682w, http:\/\/www.filindeblogg.nu\/wp-content\/uploads\/2016\/04\/Rebellen-Jon-20-\u00e5r.jpg 933w\" sizes=\"(max-width: 200px) 100vw, 200px\" \/> <strong>&#8221;Rebellen &#8211; Jon, 20 \u00e5r&#8221;<\/strong>.<br \/>\n(Det sista fotot \u00e4r fr\u00e5n Fotografiskas hemsida.)<br \/>\n<a href=\"http:\/\/fotografiska.eu\/\" target=\"_blank\"><strong>H\u00c4R<\/strong><\/a> kommer du till Fotografiska Museets f\u00f6rsta sida!<\/p>\n<p>Har man lust f\u00f6r lust kan man ta sig till <strong>Bondegatan<\/strong> och slinka in p\u00e5 <strong>Love Store<\/strong>! \ud83d\ude00 <img loading=\"lazy\" class=\"alignnone size-medium wp-image-66363\" src=\"http:\/\/www.filindeblogg.nu\/wp-content\/uploads\/2016\/04\/004-8-225x300.jpg\" alt=\"004\" width=\"225\" height=\"300\" srcset=\"http:\/\/www.filindeblogg.nu\/wp-content\/uploads\/2016\/04\/004-8-225x300.jpg 225w, http:\/\/www.filindeblogg.nu\/wp-content\/uploads\/2016\/04\/004-8.jpg 450w\" sizes=\"(max-width: 225px) 100vw, 225px\" \/> Klicka <a href=\"http:\/\/lovestore.se\/\" target=\"_blank\"><strong>H\u00c4R<\/strong> <\/a>f\u00f6r att komma till Love Store&#8217;s hemsida!<\/p>\n<p><img loading=\"lazy\" class=\"alignnone size-medium wp-image-66364\" src=\"http:\/\/www.filindeblogg.nu\/wp-content\/uploads\/2016\/04\/031-2-300x225.jpg\" alt=\"031\" width=\"300\" height=\"225\" srcset=\"http:\/\/www.filindeblogg.nu\/wp-content\/uploads\/2016\/04\/031-2-300x225.jpg 300w, http:\/\/www.filindeblogg.nu\/wp-content\/uploads\/2016\/04\/031-2.jpg 600w\" sizes=\"(max-width: 300px) 100vw, 300px\" \/>\u00a0K\u00f6rsb\u00e4rsblommans dag har firats i Stockholm och s\u00e5 h\u00e4r vackert var det i Kungstr\u00e4dg\u00e5rden! <img loading=\"lazy\" class=\"alignnone size-medium wp-image-66365\" src=\"http:\/\/www.filindeblogg.nu\/wp-content\/uploads\/2016\/04\/027-300x225.jpg\" alt=\"027\" width=\"300\" height=\"225\" srcset=\"http:\/\/www.filindeblogg.nu\/wp-content\/uploads\/2016\/04\/027-300x225.jpg 300w, http:\/\/www.filindeblogg.nu\/wp-content\/uploads\/2016\/04\/027.jpg 600w\" sizes=\"(max-width: 300px) 100vw, 300px\" \/><\/p>\n<p><img loading=\"lazy\" class=\"aligncenter size-medium wp-image-66366\" src=\"http:\/\/www.filindeblogg.nu\/wp-content\/uploads\/2016\/04\/035-1-300x225.jpg\" alt=\"035\" width=\"300\" height=\"225\" srcset=\"http:\/\/www.filindeblogg.nu\/wp-content\/uploads\/2016\/04\/035-1-300x225.jpg 300w, http:\/\/www.filindeblogg.nu\/wp-content\/uploads\/2016\/04\/035-1.jpg 600w\" sizes=\"(max-width: 300px) 100vw, 300px\" \/><\/p>\n<p>Ett par h\u00e4rliga dagar som ocks\u00e5 inneh\u00f6ll bes\u00f6k p\u00e5<a href=\"http:\/\/mallofscandinavia.se\/\" target=\"_blank\"><strong> Mall of Scandinavia<\/strong><\/a> i <strong>Solna<\/strong> och shopping! Det blev till att skriva ner alla roligheter och stoppa i burken \u00f6ver <strong>&#8221;H\u00e4rliga h\u00e4ndelser 2016&#8221;<\/strong>! \ud83d\ude42 <img loading=\"lazy\" class=\"alignnone size-full wp-image-66367\" src=\"http:\/\/www.filindeblogg.nu\/wp-content\/uploads\/2016\/04\/H\u00e4rliga-h\u00e4ndelser-en-av-dem.png\" alt=\"H\u00e4rliga h\u00e4ndelser en av dem\" width=\"160\" height=\"213\" \/><\/p>\n<p>Hemma i Arboga \u00e4r v\u00e4dret s\u00e5 d\u00e4r&#8230; <img loading=\"lazy\" class=\"alignnone  wp-image-66368\" src=\"http:\/\/www.filindeblogg.nu\/wp-content\/uploads\/2016\/04\/045-1-300x225.jpg\" alt=\"045\" width=\"254\" height=\"191\" srcset=\"http:\/\/www.filindeblogg.nu\/wp-content\/uploads\/2016\/04\/045-1-300x225.jpg 300w, http:\/\/www.filindeblogg.nu\/wp-content\/uploads\/2016\/04\/045-1.jpg 600w\" sizes=\"(max-width: 254px) 100vw, 254px\" \/><br \/>\nMen inne gr\u00f6nskar det! <img loading=\"lazy\" class=\"alignnone size-medium wp-image-66369\" src=\"http:\/\/www.filindeblogg.nu\/wp-content\/uploads\/2016\/04\/052-300x225.jpg\" alt=\"052\" width=\"300\" height=\"225\" srcset=\"http:\/\/www.filindeblogg.nu\/wp-content\/uploads\/2016\/04\/052-300x225.jpg 300w, http:\/\/www.filindeblogg.nu\/wp-content\/uploads\/2016\/04\/052.jpg 600w\" sizes=\"(max-width: 300px) 100vw, 300px\" \/> De d\u00e4r sm\u00e5 gr\u00f6na ska bli doftande lukt\u00e4rter n\u00e4r de blir stora! \ud83d\ude09<\/p>\n<p>Lite el\u00e4ndes el\u00e4nde ocks\u00e5&#8230; Det \u00e4r ju tyv\u00e4rr en hel del s\u00e5dant nu och bloggaren tar \u00e4nd\u00e5 bara upp en br\u00e5kdel av el\u00e4ndet.<br \/>\n<img loading=\"lazy\" class=\"alignnone  wp-image-65926\" src=\"http:\/\/www.filindeblogg.nu\/wp-content\/uploads\/2016\/03\/S\u00e5pa-1.jpg\" alt=\"S\u00e5pa\" width=\"92\" height=\"66\" \/> <strong>Arbogas\u00e5pan<\/strong> \u00e4r ju lokalt st\u00e4ndigt \u00e5terkommande tyv\u00e4rr och en ins\u00e4ndare i <a href=\"http:\/\/bblat.se\/\" target=\"_blank\"><strong>Arboga Tidning<\/strong><\/a> s\u00e4ger s\u00e5 h\u00e4r, citat:<br \/>\n<em><strong>&#8221;Socialdemokraternas medlemsm\u00f6te den 18 april kan bara beskrivas som ett d\u00e5ligt sk\u00e4mt. Partiet har f\u00f6rlorat majoriteten i kommunen vilket \u00e4r det st\u00f6rsta som h\u00e4nt p\u00e5 100 \u00e5r. Den fr\u00e5gan fick inte ens diskuteras!&#8221;<\/strong><br \/>\n<\/em>L\u00e4s hela ins\u00e4ndaren skriven av <em>&#8221;Fritidspolitiker&#8221;<\/em> <strong><a href=\"http:\/\/bblat.se\/insandare\/1.3789482-medlemsmotet-var-ett-daligt-skamt\" target=\"_blank\">H\u00c4R!<\/a> <\/strong><\/p>\n<p><strong>Bloggaren tror att Socialdemokraterna i Arboga f\u00e5r det mycket sv\u00e5rt fram\u00f6ver. F\u00f6r att r\u00e4dda partiet till valet 2018 borde alla ber\u00f6rda sossar som deltagit i denna pinsamma s\u00e5pa avg\u00e5 fr\u00e5n sina poster. <\/strong><br \/>\n<strong>Men det sorgliga \u00e4r v\u00e4l att girigheten och of\u00f6rst\u00e5ndet fortfarande \u00e4r det allena f\u00f6rh\u00e4rskande. Det egna vinningen ist\u00e4llet f\u00f6r partiets b\u00e4sta. Tragiskt!<\/strong><\/p>\n<p>Annat lokalt el\u00e4nde finns i <strong>K\u00f6ping<\/strong>: <img loading=\"lazy\" class=\"alignnone size-medium wp-image-66372\" src=\"http:\/\/www.filindeblogg.nu\/wp-content\/uploads\/2016\/04\/001-9-300x225.jpg\" alt=\"001\" width=\"300\" height=\"225\" srcset=\"http:\/\/www.filindeblogg.nu\/wp-content\/uploads\/2016\/04\/001-9-300x225.jpg 300w, http:\/\/www.filindeblogg.nu\/wp-content\/uploads\/2016\/04\/001-9.jpg 600w\" sizes=\"(max-width: 300px) 100vw, 300px\" \/> En blind man l\u00e4mnades \u00e5t sitt \u00f6de i grannstaden. Socialf\u00f6rvaltningen ville inte hj\u00e4lpa till&#8230; Hemskt!<br \/>\nMen signifikativt f\u00f6r social omv\u00e5rdnad i <strong>Sverige<\/strong>. Vem bryr sig om den som redan ligger?? \ud83d\ude41<br \/>\nNu blev det polisen som gav en hj\u00e4lpande hand. L\u00e4s artikeln p\u00e5 n\u00e4tet <strong><a href=\"http:\/\/bblat.se\/nyheter\/koping\/1.3788559-blind-abraham-lamnad-i-sticket\" target=\"_blank\">H\u00c4R!<\/a><\/strong><\/p>\n<p>P\u00e5 tal om politik &#8211; vad tycker ni om <strong>Liberalernas<\/strong> nya logga&#8230; <img loading=\"lazy\" class=\"alignnone size-medium wp-image-66370\" src=\"http:\/\/www.filindeblogg.nu\/wp-content\/uploads\/2016\/04\/047-300x248.jpg\" alt=\"047\" width=\"300\" height=\"248\" srcset=\"http:\/\/www.filindeblogg.nu\/wp-content\/uploads\/2016\/04\/047-300x248.jpg 300w, http:\/\/www.filindeblogg.nu\/wp-content\/uploads\/2016\/04\/047.jpg 478w\" sizes=\"(max-width: 300px) 100vw, 300px\" \/> Pinsamt, tycker bloggaren &#8211; eller signifikativt det ocks\u00e5 kanske. Manslemmen \u00e4r ju fortfarande det som avg\u00f6r din framtid &#8211; karri\u00e4r, l\u00f6n, st\u00e4llning i samh\u00e4llet o s v.<br \/>\nS\u00e5 har du en s\u00e5dan dinglande mellan benen och dessutom st\u00e5fr\u00e4s som hos Liberalerna s\u00e5 \u00e4r din lycka gjord&#8230; \ud83d\ude41<\/p>\n<p>Annat ur<a href=\"http:\/\/www.dn.se\/\" target=\"_blank\"><strong> DN<\/strong><\/a> \u00e4r det h\u00e4r &#8211; som bloggaren tycker \u00e4r mycket skumt: <img loading=\"lazy\" class=\"alignnone size-medium wp-image-66371\" src=\"http:\/\/www.filindeblogg.nu\/wp-content\/uploads\/2016\/04\/046-233x300.jpg\" alt=\"046\" width=\"233\" height=\"300\" srcset=\"http:\/\/www.filindeblogg.nu\/wp-content\/uploads\/2016\/04\/046-233x300.jpg 233w, http:\/\/www.filindeblogg.nu\/wp-content\/uploads\/2016\/04\/046.jpg 450w\" sizes=\"(max-width: 233px) 100vw, 233px\" \/> En ny DN-serie under namnet <em><strong>&#8221;Vem vinner p\u00e5 invandringen &#8211; och vem f\u00f6rlorar?&#8221;<\/strong><\/em><\/p>\n<p>??? Vad menar DN? Vinna eller f\u00f6rlora? Vad?<br \/>\nFinns det n\u00e5got val&#8230; <img loading=\"lazy\" class=\"alignnone size-full wp-image-66373\" src=\"http:\/\/www.filindeblogg.nu\/wp-content\/uploads\/2016\/04\/Being-a-refugee.png\" alt=\"Being a refugee\" width=\"160\" height=\"160\" srcset=\"http:\/\/www.filindeblogg.nu\/wp-content\/uploads\/2016\/04\/Being-a-refugee.png 160w, http:\/\/www.filindeblogg.nu\/wp-content\/uploads\/2016\/04\/Being-a-refugee-150x150.png 150w, http:\/\/www.filindeblogg.nu\/wp-content\/uploads\/2016\/04\/Being-a-refugee-144x144.png 144w\" sizes=\"(max-width: 160px) 100vw, 160px\" \/> Bilden h\u00e4r \u00e4r fr\u00e5n en v\u00e4ns sida p\u00e5 <strong>Facebook<\/strong>.<\/p>\n<p>Jaha, vad ska vi avsluta det hela med nu d\u00e5? <strong>Katten Felix<\/strong> kanske? <img loading=\"lazy\" class=\"alignnone size-medium wp-image-66374\" src=\"http:\/\/www.filindeblogg.nu\/wp-content\/uploads\/2016\/04\/051-1-300x225.jpg\" alt=\"051\" width=\"300\" height=\"225\" srcset=\"http:\/\/www.filindeblogg.nu\/wp-content\/uploads\/2016\/04\/051-1-300x225.jpg 300w, http:\/\/www.filindeblogg.nu\/wp-content\/uploads\/2016\/04\/051-1.jpg 600w\" sizes=\"(max-width: 300px) 100vw, 300px\" \/> Han ser bekymrad ut av allt el\u00e4ndes el\u00e4nde &#8211; s\u00e5 vi sl\u00e5r v\u00e4l till med en &#8221;Tuula&#8221; fr\u00e5n DN ocks\u00e5. <img loading=\"lazy\" class=\"alignnone size-medium wp-image-66375\" src=\"http:\/\/www.filindeblogg.nu\/wp-content\/uploads\/2016\/04\/049-253x300.jpg\" alt=\"049\" width=\"253\" height=\"300\" srcset=\"http:\/\/www.filindeblogg.nu\/wp-content\/uploads\/2016\/04\/049-253x300.jpg 253w, http:\/\/www.filindeblogg.nu\/wp-content\/uploads\/2016\/04\/049.jpg 379w\" sizes=\"(max-width: 253px) 100vw, 253px\" \/> Inte s\u00e5 upplyftande det heller kanske&#8230; P\u00e5 tal om politik och manslemmar&#8230;<\/p>\n<p>Nej, sista bilden f\u00e5r allt bli lite vacker k\u00f6rsb\u00e4rsblom fr\u00e5n Kungstr\u00e4dg\u00e5rden i Stockholm i fredags! <img loading=\"lazy\" class=\"alignnone size-medium wp-image-66376\" src=\"http:\/\/www.filindeblogg.nu\/wp-content\/uploads\/2016\/04\/032-3-300x225.jpg\" alt=\"032\" width=\"300\" height=\"225\" srcset=\"http:\/\/www.filindeblogg.nu\/wp-content\/uploads\/2016\/04\/032-3-300x225.jpg 300w, http:\/\/www.filindeblogg.nu\/wp-content\/uploads\/2016\/04\/032-3.jpg 600w\" sizes=\"(max-width: 300px) 100vw, 300px\" \/> Sk\u00f6t er nu och var r\u00e4dda om er!<\/p>\n<p>&nbsp;<\/p>\n<p>&nbsp;<\/p>\n","protected":false},"excerpt":{"rendered":"<p>I veckan som gick bes\u00f6kte bloggaren Stockholm. Den fr\u00e4msta anledningen var det h\u00e4r: &#8221;Mamma Mia &#8211; The Party&#8221; p\u00e5 Tyrol, Gr\u00f6na Lund! Det blev en j\u00e4tteh\u00e4rlig helkv\u00e4ll!\u00a0 Folk b\u00f6rjade str\u00f6mma in efter 18.30. Snart var det alldeles fullsatt. Nikos h\u00e4lsade v\u00e4lkommen till sin taverna! Nikos spelas av Michalis Koutsogiannakis. En fantastisk kv\u00e4ll d\u00e4r vi alla [&hellip;]<\/p>\n","protected":false},"author":1,"featured_media":0,"comment_status":"open","ping_status":"open","sticky":false,"template":"","format":"standard","meta":[],"categories":[206,188,41,174,100,119,151,123],"tags":[],"_links":{"self":[{"href":"http:\/\/www.filindeblogg.nu\/index.php?rest_route=\/wp\/v2\/posts\/66347"}],"collection":[{"href":"http:\/\/www.filindeblogg.nu\/index.php?rest_route=\/wp\/v2\/posts"}],"about":[{"href":"http:\/\/www.filindeblogg.nu\/index.php?rest_route=\/wp\/v2\/types\/post"}],"author":[{"embeddable":true,"href":"http:\/\/www.filindeblogg.nu\/index.php?rest_route=\/wp\/v2\/users\/1"}],"replies":[{"embeddable":true,"href":"http:\/\/www.filindeblogg.nu\/index.php?rest_route=%2Fwp%2Fv2%2Fcomments&post=66347"}],"version-history":[{"count":18,"href":"http:\/\/www.filindeblogg.nu\/index.php?rest_route=\/wp\/v2\/posts\/66347\/revisions"}],"predecessor-version":[{"id":66394,"href":"http:\/\/www.filindeblogg.nu\/index.php?rest_route=\/wp\/v2\/posts\/66347\/revisions\/66394"}],"wp:attachment":[{"href":"http:\/\/www.filindeblogg.nu\/index.php?rest_route=%2Fwp%2Fv2%2Fmedia&parent=66347"}],"wp:term":[{"taxonomy":"category","embeddable":true,"href":"http:\/\/www.filindeblogg.nu\/index.php?rest_route=%2Fwp%2Fv2%2Fcategories&post=66347"},{"taxonomy":"post_tag","embeddable":true,"href":"http:\/\/www.filindeblogg.nu\/index.php?rest_route=%2Fwp%2Fv2%2Ftags&post=66347"}],"curies":[{"name":"wp","href":"https:\/\/api.w.org\/{rel}","templated":true}]}}