{"id":66322,"date":"2016-04-20T18:02:45","date_gmt":"2016-04-20T17:02:45","guid":{"rendered":"http:\/\/www.filindeblogg.nu\/?p=66322"},"modified":"2016-04-20T18:03:20","modified_gmt":"2016-04-20T17:03:20","slug":"hemskheter-blommor-och-denim","status":"publish","type":"post","link":"http:\/\/www.filindeblogg.nu\/?p=66322","title":{"rendered":"Hemskheter, blommor och denim"},"content":{"rendered":"<p><img loading=\"lazy\" class=\"alignnone size-medium wp-image-66323\" src=\"http:\/\/www.filindeblogg.nu\/wp-content\/uploads\/2016\/04\/001-8-225x300.jpg\" alt=\"001\" width=\"225\" height=\"300\" srcset=\"http:\/\/www.filindeblogg.nu\/wp-content\/uploads\/2016\/04\/001-8-225x300.jpg 225w, http:\/\/www.filindeblogg.nu\/wp-content\/uploads\/2016\/04\/001-8.jpg 450w\" sizes=\"(max-width: 225px) 100vw, 225px\" \/> Nej, ni kommer inte undan <strong>Ar<\/strong><strong>bogas\u00e5pan<\/strong> idag heller.<\/p>\n<p>Efter 10 \u00e5r som <strong>Arbogas fullm\u00e4ktigeordf\u00f6rande<\/strong> m\u00e5ste nu <strong>Liisa Pettersson<\/strong> l\u00e4mna sitt jobb.<br \/>\n&#8221;Tack vare&#8221; sina partikamrater. <img loading=\"lazy\" class=\"alignnone size-medium wp-image-66324\" src=\"http:\/\/www.filindeblogg.nu\/wp-content\/uploads\/2016\/04\/002-8-300x225.jpg\" alt=\"002\" width=\"300\" height=\"225\" srcset=\"http:\/\/www.filindeblogg.nu\/wp-content\/uploads\/2016\/04\/002-8-300x225.jpg 300w, http:\/\/www.filindeblogg.nu\/wp-content\/uploads\/2016\/04\/002-8.jpg 600w\" sizes=\"(max-width: 300px) 100vw, 300px\" \/><\/p>\n<p>&#8221;Tack vare&#8221; partikamraterna har Arboga mist n\u00e4stan hundra \u00e5r av socialdemokratiskt styre. Och det k\u00e4nns. <img loading=\"lazy\" class=\"alignnone size-medium wp-image-66325\" src=\"http:\/\/www.filindeblogg.nu\/wp-content\/uploads\/2016\/04\/003-5-300x225.jpg\" alt=\"003\" width=\"300\" height=\"225\" srcset=\"http:\/\/www.filindeblogg.nu\/wp-content\/uploads\/2016\/04\/003-5-300x225.jpg 300w, http:\/\/www.filindeblogg.nu\/wp-content\/uploads\/2016\/04\/003-5.jpg 600w\" sizes=\"(max-width: 300px) 100vw, 300px\" \/><em> &#8221;Striderna har satt djupa s\u00e5r i mig&#8221;<\/em>, s\u00e4ger Liisa Pettersson.<br \/>\nOch det g\u00e4ller inte bara Liisa. Bloggaren har tr\u00e4ffat flera \u00e4ldre socialdemokrater i <strong>Arboga<\/strong> som \u00e4r arga, ledsna och totalt bedr\u00f6vade. Som t\u00e4nker l\u00e4mna partiet &#8211; eller redan har gjort det. Som har gett upp, \u00e4r besvikna, uppr\u00f6rda och rent ut sagt f\u00f6rbannade.<\/p>\n<p><strong>F\u00f6r visst \u00e4r det det sorgligt n\u00e4r makten stiger \u00e5t huvudet. N\u00e4r man tappar fokus p\u00e5 m\u00e5let f\u00f6r egen status och vinnings skull. Borta \u00e4r allt som troget byggts upp under n\u00e4ra hundra \u00e5r. Borta \u00e4r hederlig arbetarpolitik.<\/strong><\/p>\n<p><em>&#8221;K\u00e4rringtr\u00e4ta! &#8221;Kvinnor kan inte h\u00e5lla sams!&#8221; &#8221;Det m\u00e5ste vara en karl vid rodret!&#8221;<\/em> &#8211; dessa tong\u00e5ngar f\u00f6ljer i s\u00e5pans fotsp\u00e5r.<br \/>\nLiisa Pettersson i<strong> Arboga Tidning<\/strong>: <img loading=\"lazy\" class=\"alignnone size-medium wp-image-66326\" src=\"http:\/\/www.filindeblogg.nu\/wp-content\/uploads\/2016\/04\/004-7-300x225.jpg\" alt=\"004\" width=\"300\" height=\"225\" srcset=\"http:\/\/www.filindeblogg.nu\/wp-content\/uploads\/2016\/04\/004-7-300x225.jpg 300w, http:\/\/www.filindeblogg.nu\/wp-content\/uploads\/2016\/04\/004-7.jpg 600w\" sizes=\"(max-width: 300px) 100vw, 300px\" \/> <em>&#8221;Hennes analys av det som intr\u00e4ffade \u00e4r att partiet inte klarade av en ledare som var tuff, som s\u00e4ger vad man tycker och som v\u00e5gar s\u00e4ga det obehagliga ocks\u00e5, som hon menar att Agneta Bode gjort.&#8221;<\/em><br \/>\nP\u00e5 journalistens fr\u00e5ga om det faktum att<strong> Agneta Bode<\/strong> \u00e4r kvinna har spelat roll p\u00e5 s\u00e4ttet hon behandlats, svara Liisa: <em>&#8211; &#8221;Ja, jag \u00e4r r\u00e4dd f\u00f6r det&#8221;.<\/em><\/p>\n<p>Bedr\u00f6vligt \u00e4r bara f\u00f6rnamnet! Det kommer att ta m\u00e5nga, m\u00e5nga \u00e5r innan socialdemokraterna i Arboga har \u00e5tervunnit folks f\u00f6rtroende, det \u00e4r bloggaren t\u00e4mligen \u00f6vertygad om.<\/p>\n<p><strong>Bbl\/AT<\/strong> med reportaget om Liisa Pettersson hittar du <strong><a href=\"http:\/\/bblat.se\/nyheter\/arboga\/1.3782841-liisa-mister-sitt-uppdrag\" target=\"_blank\">H\u00c4R!<\/a><\/strong><\/p>\n<p><img loading=\"lazy\" class=\"alignnone wp-image-66327\" src=\"http:\/\/www.filindeblogg.nu\/wp-content\/uploads\/2016\/04\/005-5-300x225.jpg\" alt=\"005\" width=\"199\" height=\"149\" srcset=\"http:\/\/www.filindeblogg.nu\/wp-content\/uploads\/2016\/04\/005-5-300x225.jpg 300w, http:\/\/www.filindeblogg.nu\/wp-content\/uploads\/2016\/04\/005-5.jpg 600w\" sizes=\"(max-width: 199px) 100vw, 199px\" \/>\u00a0Blommor ist\u00e4llet! <img loading=\"lazy\" class=\"alignnone size-medium wp-image-66328\" src=\"http:\/\/www.filindeblogg.nu\/wp-content\/uploads\/2016\/04\/006-6-300x225.jpg\" alt=\"006\" width=\"300\" height=\"225\" srcset=\"http:\/\/www.filindeblogg.nu\/wp-content\/uploads\/2016\/04\/006-6-300x225.jpg 300w, http:\/\/www.filindeblogg.nu\/wp-content\/uploads\/2016\/04\/006-6.jpg 600w\" sizes=\"(max-width: 300px) 100vw, 300px\" \/><\/p>\n<p><img loading=\"lazy\" class=\"alignnone size-medium wp-image-66329\" src=\"http:\/\/www.filindeblogg.nu\/wp-content\/uploads\/2016\/04\/010-3-300x225.jpg\" alt=\"010\" width=\"300\" height=\"225\" srcset=\"http:\/\/www.filindeblogg.nu\/wp-content\/uploads\/2016\/04\/010-3-300x225.jpg 300w, http:\/\/www.filindeblogg.nu\/wp-content\/uploads\/2016\/04\/010-3.jpg 600w\" sizes=\"(max-width: 300px) 100vw, 300px\" \/> De h\u00e4r vackra krukv\u00e4xterna f\u00f6r utplantering k\u00f6pte bloggaren i G\u00f6teborg i f\u00f6rra veckan. <img loading=\"lazy\" class=\"alignnone size-medium wp-image-66330\" src=\"http:\/\/www.filindeblogg.nu\/wp-content\/uploads\/2016\/04\/008-5-300x225.jpg\" alt=\"008\" width=\"300\" height=\"225\" srcset=\"http:\/\/www.filindeblogg.nu\/wp-content\/uploads\/2016\/04\/008-5-300x225.jpg 300w, http:\/\/www.filindeblogg.nu\/wp-content\/uploads\/2016\/04\/008-5.jpg 600w\" sizes=\"(max-width: 300px) 100vw, 300px\" \/><\/p>\n<p>En sort som b\u00e5de \u00e4r vacker och t\u00e5l lite torka om bloggaren gl\u00f6mmer att vattna. \ud83d\ude09 <img loading=\"lazy\" class=\"alignnone size-medium wp-image-66331\" src=\"http:\/\/www.filindeblogg.nu\/wp-content\/uploads\/2016\/04\/009-5-225x300.jpg\" alt=\"009\" width=\"225\" height=\"300\" srcset=\"http:\/\/www.filindeblogg.nu\/wp-content\/uploads\/2016\/04\/009-5-225x300.jpg 225w, http:\/\/www.filindeblogg.nu\/wp-content\/uploads\/2016\/04\/009-5.jpg 450w\" sizes=\"(max-width: 225px) 100vw, 225px\" \/> &#8221;Porslinsblomma&#8221; st\u00e5r det p\u00e5 plastkrukan och det latinska namnet \u00e4r Lewisia Eldora.<\/p>\n<p>Denim d\u00e5!? Jo &#8211; den h\u00e4r ursnygga jackan blev bloggaren bara tvungen att k\u00f6pa via n\u00e4tet hos<strong> Rocky Denim<\/strong>! <img loading=\"lazy\" class=\"alignnone size-medium wp-image-66332\" src=\"http:\/\/www.filindeblogg.nu\/wp-content\/uploads\/2016\/04\/024-Kopia-173x300.jpg\" alt=\"024 - Kopia\" width=\"173\" height=\"300\" srcset=\"http:\/\/www.filindeblogg.nu\/wp-content\/uploads\/2016\/04\/024-Kopia-173x300.jpg 173w, http:\/\/www.filindeblogg.nu\/wp-content\/uploads\/2016\/04\/024-Kopia.jpg 252w\" sizes=\"(max-width: 173px) 100vw, 173px\" \/> Klicka <a href=\"http:\/\/rockdenim.com\/klader\/jackor\/rocky-denim-jeansjacka-3.html\"><strong>H\u00c4R<\/strong> <\/a>f\u00f6r att komma till Rocky Denim! <img loading=\"lazy\" class=\"alignnone wp-image-66333\" src=\"http:\/\/www.filindeblogg.nu\/wp-content\/uploads\/2016\/04\/Rocky-Denim-herr-225x300.jpg\" alt=\"Rocky Denim herr\" width=\"190\" height=\"253\" srcset=\"http:\/\/www.filindeblogg.nu\/wp-content\/uploads\/2016\/04\/Rocky-Denim-herr-225x300.jpg 225w, http:\/\/www.filindeblogg.nu\/wp-content\/uploads\/2016\/04\/Rocky-Denim-herr.jpg 600w\" sizes=\"(max-width: 190px) 100vw, 190px\" \/><img loading=\"lazy\" class=\"alignnone size-full wp-image-66345\" src=\"http:\/\/www.filindeblogg.nu\/wp-content\/uploads\/2016\/04\/logo.png\" alt=\"logo\" width=\"252\" height=\"107\" \/><\/p>\n<p>Bloggaren best\u00e4llde i s\u00f6ndags och p\u00e5 tisdagen kom brevb\u00e4raren med paket under armen och l\u00e4mnade hemma hos bloggaren! S\u00c5 snabb leverans och vilken service! Man tackar!<\/p>\n<p>Avslutningsvis lite extramaterial! \ud83d\ude09 Bloggarens katter! <img loading=\"lazy\" class=\"alignnone size-medium wp-image-66334\" src=\"http:\/\/www.filindeblogg.nu\/wp-content\/uploads\/2016\/04\/Katterna-300x225.jpg\" alt=\"Katterna\" width=\"300\" height=\"225\" srcset=\"http:\/\/www.filindeblogg.nu\/wp-content\/uploads\/2016\/04\/Katterna-300x225.jpg 300w, http:\/\/www.filindeblogg.nu\/wp-content\/uploads\/2016\/04\/Katterna.jpg 600w\" sizes=\"(max-width: 300px) 100vw, 300px\" \/> <strong>Felix<\/strong> till v\u00e4nster och <strong>Curry<\/strong> och <strong>Vilda Wilma<\/strong> till h\u00f6ger.<\/p>\n<p>Och s\u00e5 boken som bloggaren blivit rekommenderad att l\u00e4sa. <img loading=\"lazy\" class=\"alignnone size-medium wp-image-66335\" src=\"http:\/\/www.filindeblogg.nu\/wp-content\/uploads\/2016\/04\/019-225x300.jpg\" alt=\"019\" width=\"225\" height=\"300\" srcset=\"http:\/\/www.filindeblogg.nu\/wp-content\/uploads\/2016\/04\/019-225x300.jpg 225w, http:\/\/www.filindeblogg.nu\/wp-content\/uploads\/2016\/04\/019.jpg 450w\" sizes=\"(max-width: 225px) 100vw, 225px\" \/><strong><em> &#8221;Mod att vara s\u00e5rbar&#8221;<\/em><\/strong> &#8211; kan l\u00e5ta konstigt men det betyder att det \u00e4r helt OK att inte vara b\u00e4st eller perfekt. Du beh\u00f6ver inte gardera dig till t\u00e4nderna f\u00f6r att passa in &#8211; det r\u00e4cker att vara som du \u00e4r. V\u00e5ga!<\/p>\n<p>En som v\u00e5gar \u00e4r<strong> Emma Jangestig<\/strong> &#8211; v\u00e5gar \u00f6verleva!\u00a0<img loading=\"lazy\" class=\"alignnone size-full wp-image-66337\" src=\"http:\/\/www.filindeblogg.nu\/wp-content\/uploads\/2016\/04\/N\u00e4r-livet-v\u00e4nder.jpg\" alt=\"N\u00e4r livet v\u00e4nder\" width=\"161\" height=\"91\" \/><br \/>\nSe <strong><em>&#8221;N\u00e4r livet v\u00e4nder&#8221;<\/em><\/strong> i SVT2 ikv\u00e4ll kl 20! Klicka <a href=\"http:\/\/www.svt.se\/nar-livet-vander\/sag-kvinnan-som-mordat-hennes-barn-brot-ihop-totalt\" target=\"_blank\"><strong>H\u00c4R<\/strong> <\/a>f\u00f6r att l\u00e4sa om programmet!<\/p>\n<p><img loading=\"lazy\" class=\"aligncenter size-medium wp-image-66336\" src=\"http:\/\/www.filindeblogg.nu\/wp-content\/uploads\/2016\/04\/007-4-300x225.jpg\" alt=\"007\" width=\"300\" height=\"225\" srcset=\"http:\/\/www.filindeblogg.nu\/wp-content\/uploads\/2016\/04\/007-4-300x225.jpg 300w, http:\/\/www.filindeblogg.nu\/wp-content\/uploads\/2016\/04\/007-4.jpg 600w\" sizes=\"(max-width: 300px) 100vw, 300px\" \/><\/p>\n","protected":false},"excerpt":{"rendered":"<p>Nej, ni kommer inte undan Arbogas\u00e5pan idag heller. Efter 10 \u00e5r som Arbogas fullm\u00e4ktigeordf\u00f6rande m\u00e5ste nu Liisa Pettersson l\u00e4mna sitt jobb. &#8221;Tack vare&#8221; sina partikamrater. &#8221;Tack vare&#8221; partikamraterna har Arboga mist n\u00e4stan hundra \u00e5r av socialdemokratiskt styre. Och det k\u00e4nns. &#8221;Striderna har satt djupa s\u00e5r i mig&#8221;, s\u00e4ger Liisa Pettersson. Och det g\u00e4ller inte bara [&hellip;]<\/p>\n","protected":false},"author":1,"featured_media":0,"comment_status":"open","ping_status":"open","sticky":false,"template":"","format":"standard","meta":[],"categories":[127,206,188,41,196,100,164,119,146,101,167],"tags":[],"_links":{"self":[{"href":"http:\/\/www.filindeblogg.nu\/index.php?rest_route=\/wp\/v2\/posts\/66322"}],"collection":[{"href":"http:\/\/www.filindeblogg.nu\/index.php?rest_route=\/wp\/v2\/posts"}],"about":[{"href":"http:\/\/www.filindeblogg.nu\/index.php?rest_route=\/wp\/v2\/types\/post"}],"author":[{"embeddable":true,"href":"http:\/\/www.filindeblogg.nu\/index.php?rest_route=\/wp\/v2\/users\/1"}],"replies":[{"embeddable":true,"href":"http:\/\/www.filindeblogg.nu\/index.php?rest_route=%2Fwp%2Fv2%2Fcomments&post=66322"}],"version-history":[{"count":8,"href":"http:\/\/www.filindeblogg.nu\/index.php?rest_route=\/wp\/v2\/posts\/66322\/revisions"}],"predecessor-version":[{"id":66346,"href":"http:\/\/www.filindeblogg.nu\/index.php?rest_route=\/wp\/v2\/posts\/66322\/revisions\/66346"}],"wp:attachment":[{"href":"http:\/\/www.filindeblogg.nu\/index.php?rest_route=%2Fwp%2Fv2%2Fmedia&parent=66322"}],"wp:term":[{"taxonomy":"category","embeddable":true,"href":"http:\/\/www.filindeblogg.nu\/index.php?rest_route=%2Fwp%2Fv2%2Fcategories&post=66322"},{"taxonomy":"post_tag","embeddable":true,"href":"http:\/\/www.filindeblogg.nu\/index.php?rest_route=%2Fwp%2Fv2%2Ftags&post=66322"}],"curies":[{"name":"wp","href":"https:\/\/api.w.org\/{rel}","templated":true}]}}