{"id":66231,"date":"2016-04-18T11:24:09","date_gmt":"2016-04-18T10:24:09","guid":{"rendered":"http:\/\/www.filindeblogg.nu\/?p=66231"},"modified":"2016-04-18T11:24:09","modified_gmt":"2016-04-18T10:24:09","slug":"smaplock-latt-nedsapat","status":"publish","type":"post","link":"http:\/\/www.filindeblogg.nu\/?p=66231","title":{"rendered":"Sm\u00e5plock &#8211; l\u00e4tt neds\u00e5pat&#8230;"},"content":{"rendered":"<p><img loading=\"lazy\" class=\"alignnone  wp-image-66232\" src=\"http:\/\/www.filindeblogg.nu\/wp-content\/uploads\/2016\/04\/004-6-300x225.jpg\" alt=\"004\" width=\"237\" height=\"178\" srcset=\"http:\/\/www.filindeblogg.nu\/wp-content\/uploads\/2016\/04\/004-6-300x225.jpg 300w, http:\/\/www.filindeblogg.nu\/wp-content\/uploads\/2016\/04\/004-6.jpg 600w\" sizes=\"(max-width: 237px) 100vw, 237px\" \/> Lite sm\u00e5plock som bloggaren samlat p\u00e5 sig kommer nu. Bl\u00e5sippor och r\u00f6dsippor lyser f\u00f6r fullt i backarna just nu &#8211; liksom vitsipporna! <img loading=\"lazy\" class=\"alignnone size-medium wp-image-66233\" src=\"http:\/\/www.filindeblogg.nu\/wp-content\/uploads\/2016\/04\/005-3-300x225.jpg\" alt=\"005\" width=\"300\" height=\"225\" srcset=\"http:\/\/www.filindeblogg.nu\/wp-content\/uploads\/2016\/04\/005-3-300x225.jpg 300w, http:\/\/www.filindeblogg.nu\/wp-content\/uploads\/2016\/04\/005-3.jpg 600w\" sizes=\"(max-width: 300px) 100vw, 300px\" \/><\/p>\n<p>Det s\u00e5g bloggaren p\u00e5 promenad f\u00f6r dryga veckan sedan. N\u00e5got annat hon s\u00e5g i b\u00f6rjan av promenaden var detta! <img loading=\"lazy\" class=\"alignnone size-medium wp-image-66234\" src=\"http:\/\/www.filindeblogg.nu\/wp-content\/uploads\/2016\/04\/001-6-300x225.jpg\" alt=\"001\" width=\"300\" height=\"225\" srcset=\"http:\/\/www.filindeblogg.nu\/wp-content\/uploads\/2016\/04\/001-6-300x225.jpg 300w, http:\/\/www.filindeblogg.nu\/wp-content\/uploads\/2016\/04\/001-6.jpg 600w\" sizes=\"(max-width: 300px) 100vw, 300px\" \/><br \/>\nEn \u00f6verfull postl\u00e5da vid <strong>Arboga Station<\/strong>! Det var s\u00e5 fullt i l\u00e5dan att man fick b\u00e4nda upp locket! Sen var det f\u00f6rst\u00e5s om\u00f6jligt att f\u00e5 ner n\u00e5gra brev &#8211; men det gick l\u00e4tt att plocka upp andras post&#8230; <img loading=\"lazy\" class=\"alignnone size-medium wp-image-66235\" src=\"http:\/\/www.filindeblogg.nu\/wp-content\/uploads\/2016\/04\/002-6-300x225.jpg\" alt=\"002\" width=\"300\" height=\"225\" srcset=\"http:\/\/www.filindeblogg.nu\/wp-content\/uploads\/2016\/04\/002-6-300x225.jpg 300w, http:\/\/www.filindeblogg.nu\/wp-content\/uploads\/2016\/04\/002-6.jpg 600w\" sizes=\"(max-width: 300px) 100vw, 300px\" \/><br \/>\nDet h\u00e4r var en s\u00f6ndagsf\u00f6rmiddag och l\u00e5dan skulle t\u00f6mmas kl 13.00. Det \u00e4r endast den h\u00e4r postl\u00e5dan och ytterligare en som t\u00f6ms p\u00e5 helgen. Alla andra postl\u00e5dor t\u00f6ms bara vardagar.<br \/>\nBloggaren fick h\u00e4nvisa en \u00e4ldre kvinna till l\u00e5dan utanf\u00f6r ICA en bit ifr\u00e5n. Hon visste inte att hon hade en andra chans att f\u00e5 brevet vidarebefordrat en s\u00f6ndag &#8211; och hur m\u00e5nga vet det??<br \/>\nS\u00e5 d\u00e5ligt! Bloggaren har p\u00e5talat problemet f\u00f6r n\u00e5got \u00e5r sedan men inget har allts\u00e5 h\u00e4nt. Det handlar ju om s\u00e4kerhet f\u00f6r kunden!<br \/>\nBloggaren har nu ringt<strong> Postnord<\/strong> centralt &#8211; kanske det blir \u00e4ndring nu?? \u00c4n har det dock inte h\u00e4nt n\u00e5got&#8230;<\/p>\n<p>Promenaden gick \u00f6ver <strong>Brattberget i Arboga<\/strong> och bloggaren hade l\u00e4st detta i <strong>Naturskyddsf\u00f6reningen<\/strong>s medlemstidskrift:\u00a0<img loading=\"lazy\" class=\"alignnone size-medium wp-image-66237\" src=\"http:\/\/www.filindeblogg.nu\/wp-content\/uploads\/2016\/04\/029-1-300x181.jpg\" alt=\"029\" width=\"300\" height=\"181\" srcset=\"http:\/\/www.filindeblogg.nu\/wp-content\/uploads\/2016\/04\/029-1-300x181.jpg 300w, http:\/\/www.filindeblogg.nu\/wp-content\/uploads\/2016\/04\/029-1.jpg 558w\" sizes=\"(max-width: 300px) 100vw, 300px\" \/> <em>&#8221;H\u00e5ll utkik efter \u00e5rets f\u00f6rsta fj\u00e4rilar som dyker upp n\u00e4r v\u00e5rsolen v\u00e4rmer. <\/em><br \/>\n<em>Det handlar om \u00f6vervintrare som kl\u00e4ckts sent p\u00e5 h\u00f6sten, \u00f6verlevt i dvala och nu ger sig ut p\u00e5 sin f\u00f6rsta flygtur. <\/em><br \/>\n<em>Citronfj\u00e4ril, sorgmantel och p\u00e5f\u00e5gel\u00f6ga h\u00f6r till v\u00e5rflygarna.&#8221;<\/em><br \/>\nOch visst hade vi turen att se en &#8221;\u00f6vervintrare&#8221; &#8211; en vacker <a href=\"https:\/\/sv.wikipedia.org\/wiki\/Sorgmantel\" target=\"_blank\"><strong>sorgmantel<\/strong><\/a>. <img loading=\"lazy\" class=\"alignnone size-medium wp-image-66236\" src=\"http:\/\/www.filindeblogg.nu\/wp-content\/uploads\/2016\/04\/008-4-300x225.jpg\" alt=\"008\" width=\"300\" height=\"225\" srcset=\"http:\/\/www.filindeblogg.nu\/wp-content\/uploads\/2016\/04\/008-4-300x225.jpg 300w, http:\/\/www.filindeblogg.nu\/wp-content\/uploads\/2016\/04\/008-4.jpg 600w\" sizes=\"(max-width: 300px) 100vw, 300px\" \/><\/p>\n<p>Fr\u00e5n <a href=\"http:\/\/magazin24.se\/\" target=\"_blank\"><strong>Magazin24<\/strong> <\/a>snappade bloggaren upp det h\u00e4r som hon tyckte var v\u00e4ldigt bra: <img loading=\"lazy\" class=\"alignnone size-medium wp-image-66238\" src=\"http:\/\/www.filindeblogg.nu\/wp-content\/uploads\/2016\/04\/030-2-225x300.jpg\" alt=\"030\" width=\"225\" height=\"300\" srcset=\"http:\/\/www.filindeblogg.nu\/wp-content\/uploads\/2016\/04\/030-2-225x300.jpg 225w, http:\/\/www.filindeblogg.nu\/wp-content\/uploads\/2016\/04\/030-2.jpg 450w\" sizes=\"(max-width: 225px) 100vw, 225px\" \/> <strong>Harry Holm<\/strong> skriver i sin kr\u00f6nika om misstaget Arboga \u00e4r p\u00e5 v\u00e4g att g\u00f6ra &#8211; ta bort h\u00f6stmarknaden!<br \/>\nPl\u00f6tsligt ska det vara s\u00e5 otroligt m\u00e5nga marknader av olika slag &#8211; men den hundra\u00e5riga traditionen av tv\u00e5 marknader om \u00e5ret i Arboga ska tydligen f\u00e5 stryka p\u00e5 foten. Inte bra! Bloggaren h\u00e5ller helt med: <img loading=\"lazy\" class=\"alignnone size-medium wp-image-66239\" src=\"http:\/\/www.filindeblogg.nu\/wp-content\/uploads\/2016\/04\/031-1-300x189.jpg\" alt=\"031\" width=\"300\" height=\"189\" srcset=\"http:\/\/www.filindeblogg.nu\/wp-content\/uploads\/2016\/04\/031-1-300x189.jpg 300w, http:\/\/www.filindeblogg.nu\/wp-content\/uploads\/2016\/04\/031-1.jpg 583w\" sizes=\"(max-width: 300px) 100vw, 300px\" \/><\/p>\n<p><img loading=\"lazy\" class=\"alignnone size-medium wp-image-66240\" src=\"http:\/\/www.filindeblogg.nu\/wp-content\/uploads\/2016\/04\/032-2-300x114.jpg\" alt=\"032\" width=\"300\" height=\"114\" srcset=\"http:\/\/www.filindeblogg.nu\/wp-content\/uploads\/2016\/04\/032-2-300x114.jpg 300w, http:\/\/www.filindeblogg.nu\/wp-content\/uploads\/2016\/04\/032-2.jpg 587w\" sizes=\"(max-width: 300px) 100vw, 300px\" \/> Under Holms kr\u00f6nika ses Arbogas nya ledning: <img loading=\"lazy\" class=\"alignnone size-medium wp-image-66241\" src=\"http:\/\/www.filindeblogg.nu\/wp-content\/uploads\/2016\/04\/033-300x181.jpg\" alt=\"033\" width=\"300\" height=\"181\" srcset=\"http:\/\/www.filindeblogg.nu\/wp-content\/uploads\/2016\/04\/033-300x181.jpg 300w, http:\/\/www.filindeblogg.nu\/wp-content\/uploads\/2016\/04\/033.jpg 588w\" sizes=\"(max-width: 300px) 100vw, 300px\" \/><\/p>\n<p>Nu n\u00e4rmar vi oss s\u00e5pan&#8230; <img loading=\"lazy\" class=\"alignnone  wp-image-65926\" src=\"http:\/\/www.filindeblogg.nu\/wp-content\/uploads\/2016\/03\/S\u00e5pa-1.jpg\" alt=\"S\u00e5pa\" width=\"146\" height=\"105\" \/> L\u00e4tt neds\u00e5pad blogg var ju utlovad. H\u00e4r: <img loading=\"lazy\" class=\"alignnone size-medium wp-image-66242\" src=\"http:\/\/www.filindeblogg.nu\/wp-content\/uploads\/2016\/04\/045-300x183.jpg\" alt=\"045\" width=\"300\" height=\"183\" srcset=\"http:\/\/www.filindeblogg.nu\/wp-content\/uploads\/2016\/04\/045-300x183.jpg 300w, http:\/\/www.filindeblogg.nu\/wp-content\/uploads\/2016\/04\/045.jpg 600w\" sizes=\"(max-width: 300px) 100vw, 300px\" \/> I en mycket bra ins\u00e4ndare skriven av <strong>G\u00f6ran Harring<\/strong> i dagens Arboga Tidning kr\u00e4vs fakta vid det m\u00f6te som Socialdemokraterna i Arboga ska h\u00e5lla ikv\u00e4ll, m\u00e5ndag.<br \/>\n<strong><em>&#8221;Jag kr\u00e4ver att alla socialdemokrater som uttalat sig i media den senaste m\u00e5naden deltar i detta m\u00f6te och i klartext redovisar vilka fakta de har till grund f\u00f6r sina olika uttalanden.&#8221;<\/em><\/strong><\/p>\n<p>Ord och inga visor &#8211; och naturligtvis helt r\u00e4tt! Bloggaren v\u00e4ntar med sp\u00e4nning p\u00e5 vad <strong>Arboga Tidning<\/strong> har att redovisa fr\u00e5n m\u00f6tet i morgondagens tidning.<br \/>\nH\u00e4r en av personerna som bloggaren v\u00e4ntar svar fr\u00e5n: <img loading=\"lazy\" class=\"alignnone size-medium wp-image-66243\" src=\"http:\/\/www.filindeblogg.nu\/wp-content\/uploads\/2016\/04\/Rosenkvist-225x300.jpg\" alt=\"Rosenkvist\" width=\"225\" height=\"300\" srcset=\"http:\/\/www.filindeblogg.nu\/wp-content\/uploads\/2016\/04\/Rosenkvist-225x300.jpg 225w, http:\/\/www.filindeblogg.nu\/wp-content\/uploads\/2016\/04\/Rosenkvist.jpg 450w\" sizes=\"(max-width: 225px) 100vw, 225px\" \/> <strong>Kerstin Rosenkvist<\/strong> som ihop med svansen stod f\u00f6r merparten av den mediek\u00e5ta s\u00e5pan.<\/p>\n<p>Tyv\u00e4rr hittar inte bloggaren ins\u00e4ndaren p\u00e5 n\u00e4tet &#8211; \u00e4nnu. Kanske finns den <a href=\"http:\/\/bblat.se\/insandare\" target=\"_blank\"><strong>H\u00c4R<\/strong> <\/a>senare. Bbl\/AT:s f\u00f6rsta sida hittar du <strong><a href=\"http:\/\/bblat.se\/\" target=\"_blank\">H\u00c4R!<\/a><\/strong><\/p>\n<p>Kanske \u00e4r fakta och r\u00e4ttvisa bara n\u00e5got vi kan dr\u00f6mma om? P\u00e5 tal om dr\u00f6mmar s\u00e5 sa <strong>Assar<\/strong> s\u00e5 h\u00e4r i <strong>DN<\/strong> f\u00f6r n\u00e5gra helger sedan:<\/p>\n<p><img loading=\"lazy\" class=\"aligncenter size-medium wp-image-66244\" src=\"http:\/\/www.filindeblogg.nu\/wp-content\/uploads\/2016\/04\/014-3-225x300.jpg\" alt=\"014\" width=\"225\" height=\"300\" srcset=\"http:\/\/www.filindeblogg.nu\/wp-content\/uploads\/2016\/04\/014-3-225x300.jpg 225w, http:\/\/www.filindeblogg.nu\/wp-content\/uploads\/2016\/04\/014-3.jpg 450w\" sizes=\"(max-width: 225px) 100vw, 225px\" \/><\/p>\n<p>Med den h\u00e4r bilden fr\u00e5n caf\u00e9et <strong>Kaffebubblan i M\u00f6lndal<\/strong> avslutas bloggen idag! <img loading=\"lazy\" class=\"alignnone size-medium wp-image-66245\" src=\"http:\/\/www.filindeblogg.nu\/wp-content\/uploads\/2016\/04\/035-225x300.jpg\" alt=\"035\" width=\"225\" height=\"300\" srcset=\"http:\/\/www.filindeblogg.nu\/wp-content\/uploads\/2016\/04\/035-225x300.jpg 225w, http:\/\/www.filindeblogg.nu\/wp-content\/uploads\/2016\/04\/035.jpg 450w\" sizes=\"(max-width: 225px) 100vw, 225px\" \/> <strong><em>&#8221;Never run faster than your guardian angel can fly<\/em><\/strong>&#8221; s\u00e4ger tavlan som h\u00e4nger i caf\u00e9ets f\u00f6nster.<br \/>\nS\u00c5 bra visdomsord, tycker bloggaren, som genast har best\u00e4llt en likadan via n\u00e4tet &#8211; och som f\u00f6rs\u00f6ker springa lite saktare nu&#8230; \ud83d\ude09<\/p>\n","protected":false},"excerpt":{"rendered":"<p>Lite sm\u00e5plock som bloggaren samlat p\u00e5 sig kommer nu. Bl\u00e5sippor och r\u00f6dsippor lyser f\u00f6r fullt i backarna just nu &#8211; liksom vitsipporna! Det s\u00e5g bloggaren p\u00e5 promenad f\u00f6r dryga veckan sedan. N\u00e5got annat hon s\u00e5g i b\u00f6rjan av promenaden var detta! En \u00f6verfull postl\u00e5da vid Arboga Station! Det var s\u00e5 fullt i l\u00e5dan att man [&hellip;]<\/p>\n","protected":false},"author":1,"featured_media":0,"comment_status":"open","ping_status":"open","sticky":false,"template":"","format":"standard","meta":[],"categories":[127,206,188,156,100,119,101],"tags":[],"_links":{"self":[{"href":"http:\/\/www.filindeblogg.nu\/index.php?rest_route=\/wp\/v2\/posts\/66231"}],"collection":[{"href":"http:\/\/www.filindeblogg.nu\/index.php?rest_route=\/wp\/v2\/posts"}],"about":[{"href":"http:\/\/www.filindeblogg.nu\/index.php?rest_route=\/wp\/v2\/types\/post"}],"author":[{"embeddable":true,"href":"http:\/\/www.filindeblogg.nu\/index.php?rest_route=\/wp\/v2\/users\/1"}],"replies":[{"embeddable":true,"href":"http:\/\/www.filindeblogg.nu\/index.php?rest_route=%2Fwp%2Fv2%2Fcomments&post=66231"}],"version-history":[{"count":11,"href":"http:\/\/www.filindeblogg.nu\/index.php?rest_route=\/wp\/v2\/posts\/66231\/revisions"}],"predecessor-version":[{"id":66256,"href":"http:\/\/www.filindeblogg.nu\/index.php?rest_route=\/wp\/v2\/posts\/66231\/revisions\/66256"}],"wp:attachment":[{"href":"http:\/\/www.filindeblogg.nu\/index.php?rest_route=%2Fwp%2Fv2%2Fmedia&parent=66231"}],"wp:term":[{"taxonomy":"category","embeddable":true,"href":"http:\/\/www.filindeblogg.nu\/index.php?rest_route=%2Fwp%2Fv2%2Fcategories&post=66231"},{"taxonomy":"post_tag","embeddable":true,"href":"http:\/\/www.filindeblogg.nu\/index.php?rest_route=%2Fwp%2Fv2%2Ftags&post=66231"}],"curies":[{"name":"wp","href":"https:\/\/api.w.org\/{rel}","templated":true}]}}