{"id":66146,"date":"2016-04-08T13:24:16","date_gmt":"2016-04-08T12:24:16","guid":{"rendered":"http:\/\/www.filindeblogg.nu\/?p=66146"},"modified":"2016-04-08T13:24:16","modified_gmt":"2016-04-08T12:24:16","slug":"kattskit-och-gudomlig-rattvisa","status":"publish","type":"post","link":"http:\/\/www.filindeblogg.nu\/?p=66146","title":{"rendered":"Kattskit och gudomlig r\u00e4ttvisa."},"content":{"rendered":"<p><img loading=\"lazy\" class=\"alignnone  wp-image-66147\" src=\"http:\/\/www.filindeblogg.nu\/wp-content\/uploads\/2016\/04\/015-2-225x300.jpg\" alt=\"015\" width=\"161\" height=\"215\" srcset=\"http:\/\/www.filindeblogg.nu\/wp-content\/uploads\/2016\/04\/015-2-225x300.jpg 225w, http:\/\/www.filindeblogg.nu\/wp-content\/uploads\/2016\/04\/015-2.jpg 450w\" sizes=\"(max-width: 161px) 100vw, 161px\" \/> Sista <a href=\"http:\/\/bblat.se\/\" target=\"_blank\"><strong>Arboga Tidning<\/strong> <\/a>f\u00f6r veckan<br \/>\n&#8211; vecka 3 av <strong>Arbogas\u00e5pan<\/strong>.<br \/>\nBloggaren har veckornas tidningar travade i bokhyllan.<\/p>\n<p><img loading=\"lazy\" class=\"alignnone  wp-image-66148\" src=\"http:\/\/www.filindeblogg.nu\/wp-content\/uploads\/2016\/04\/010-1-300x276.jpg\" alt=\"010\" width=\"165\" height=\"152\" srcset=\"http:\/\/www.filindeblogg.nu\/wp-content\/uploads\/2016\/04\/010-1-300x276.jpg 300w, http:\/\/www.filindeblogg.nu\/wp-content\/uploads\/2016\/04\/010-1.jpg 489w\" sizes=\"(max-width: 165px) 100vw, 165px\" \/> <em>&#8211; Kattskit<\/em>, tycker <strong>Vilda Wilma<\/strong>! <img loading=\"lazy\" class=\"alignnone  wp-image-66149\" src=\"http:\/\/www.filindeblogg.nu\/wp-content\/uploads\/2016\/04\/012-3-300x225.jpg\" alt=\"012\" width=\"196\" height=\"147\" srcset=\"http:\/\/www.filindeblogg.nu\/wp-content\/uploads\/2016\/04\/012-3-300x225.jpg 300w, http:\/\/www.filindeblogg.nu\/wp-content\/uploads\/2016\/04\/012-3.jpg 600w\" sizes=\"(max-width: 196px) 100vw, 196px\" \/> Bloggaren kan nog h\u00e5lla med&#8230; <img loading=\"lazy\" class=\"alignnone  wp-image-66150\" src=\"http:\/\/www.filindeblogg.nu\/wp-content\/uploads\/2016\/04\/013-1-300x208.jpg\" alt=\"013\" width=\"244\" height=\"169\" srcset=\"http:\/\/www.filindeblogg.nu\/wp-content\/uploads\/2016\/04\/013-1-300x208.jpg 300w, http:\/\/www.filindeblogg.nu\/wp-content\/uploads\/2016\/04\/013-1.jpg 600w\" sizes=\"(max-width: 244px) 100vw, 244px\" \/> Dag efter dag med det ena klavertrampet efter det andra bland Arbogas styrande sossar (f\u00f6re detta styrande, ska man kanske s\u00e4ga!) <img loading=\"lazy\" class=\"alignnone size-medium wp-image-66151\" src=\"http:\/\/www.filindeblogg.nu\/wp-content\/uploads\/2016\/04\/009-3-300x225.jpg\" alt=\"009\" width=\"300\" height=\"225\" srcset=\"http:\/\/www.filindeblogg.nu\/wp-content\/uploads\/2016\/04\/009-3-300x225.jpg 300w, http:\/\/www.filindeblogg.nu\/wp-content\/uploads\/2016\/04\/009-3.jpg 600w\" sizes=\"(max-width: 300px) 100vw, 300px\" \/><\/p>\n<p>D\u00e5 k\u00e4nns det n\u00e4stan lite som sjukt gudomlig r\u00e4ttvisa p\u00e5 n\u00e5got s\u00e4tt att i fredagens tidning f\u00e5r <strong>K\u00f6ping<\/strong> sin besk\u00e4rda del av el\u00e4nde &#8211; eller som kan komma att bli el\u00e4nde &#8211; kanske eller kanske inte&#8230; <img loading=\"lazy\" class=\"alignnone size-medium wp-image-66152\" src=\"http:\/\/www.filindeblogg.nu\/wp-content\/uploads\/2016\/04\/001-4-255x300.jpg\" alt=\"001\" width=\"255\" height=\"300\" srcset=\"http:\/\/www.filindeblogg.nu\/wp-content\/uploads\/2016\/04\/001-4-255x300.jpg 255w, http:\/\/www.filindeblogg.nu\/wp-content\/uploads\/2016\/04\/001-4.jpg 450w\" sizes=\"(max-width: 255px) 100vw, 255px\" \/><br \/>\n<strong><br \/>\n&#8211; Voil\u00e0! En gryningspyroman till grannstaden!<\/strong><br \/>\nKampen kanske b\u00f6rjar j\u00e4mna ut sig mellan st\u00e4derna i t\u00e4vlingen <strong><em>&#8221;\u00c5rets s\u00e4msta stad att bo i&#8221;<\/em>.<\/strong>.. Fy, nu \u00e4r bloggaren elak!<\/p>\n<p>Lite positivt blir det kanske om <strong>Arbogarevyn<\/strong> uppst\u00e5r, f\u00f6reslog <strong>Anneli p\u00e5 Granng\u00e5rden<\/strong>. Ja, det finns det ju sannerligen material f\u00f6r en riktig saftig ny\u00e5rsrevy! Och t\u00e4nk vi \u00e4r ju bara i april \u00e4n!<br \/>\nVad s\u00e4ger revyg\u00e4nget? <strong>P\u00e4r-Erik Modigh<\/strong>, finns det hopp om revy igen?<\/p>\n<p>Bloggaren brukar finnas med i revyn \u00e5r efter \u00e5r av n\u00e5gon anledning. Inte som sk\u00e5dis d\u00e5 utan som material&#8230; Kanske i \u00e5r igen d\u00e5 &#8211; om revyn \u00e5teruppst\u00e5r? <img loading=\"lazy\" class=\"alignnone size-medium wp-image-66153\" src=\"http:\/\/www.filindeblogg.nu\/wp-content\/uploads\/2016\/04\/M24-1-april-2016-1-300x168.jpg\" alt=\"M24 1 april 2016\" width=\"300\" height=\"168\" srcset=\"http:\/\/www.filindeblogg.nu\/wp-content\/uploads\/2016\/04\/M24-1-april-2016-1-300x168.jpg 300w, http:\/\/www.filindeblogg.nu\/wp-content\/uploads\/2016\/04\/M24-1-april-2016-1.jpg 720w\" sizes=\"(max-width: 300px) 100vw, 300px\" \/> Ett av<strong> <a href=\"http:\/\/magazin24.se\/\" target=\"_blank\">Magazin24<\/a>:s<\/strong> aprilsk\u00e4mt i \u00e5r var ju att bloggaren blir nytt kommunalr\u00e5d i Arboga.<br \/>\nP\u00e5 stan idag blev bloggaren b\u00e5de p\u00e5hejad, klappad och kramad inf\u00f6r uppdraget!<br \/>\nMen, det var ett aprilsk\u00e4mt. Bloggaren har ingen avsikt alls att ge sig in i politiken igen. Aldrig i livet!! S\u00e5 k\u00e4nns det alldeles s\u00e4rskilt n\u00e4r man bor i <strong>Arboga<\/strong>&#8230;<\/p>\n<p><img loading=\"lazy\" class=\"alignnone  wp-image-66154\" src=\"http:\/\/www.filindeblogg.nu\/wp-content\/uploads\/2016\/04\/003-3-225x300.jpg\" alt=\"003\" width=\"176\" height=\"235\" srcset=\"http:\/\/www.filindeblogg.nu\/wp-content\/uploads\/2016\/04\/003-3-225x300.jpg 225w, http:\/\/www.filindeblogg.nu\/wp-content\/uploads\/2016\/04\/003-3.jpg 450w\" sizes=\"(max-width: 176px) 100vw, 176px\" \/> Men p\u00e5 tal om taskiga sossar &#8211; bloggaren funderar n\u00e4r hon ser en artikel inuti dagens Bbl\/AT: <em>&#8211; Har inte socialdemokraterna i Arboga kontakt med dom i K\u00f6ping?\u00a0 <\/em><\/p>\n<p>\u00c4r inte <strong>Agneta och Elizabeth<\/strong> kompisar? <img loading=\"lazy\" class=\"alignnone size-medium wp-image-66155\" src=\"http:\/\/www.filindeblogg.nu\/wp-content\/uploads\/2016\/04\/004-4-186x300.jpg\" alt=\"004\" width=\"186\" height=\"300\" srcset=\"http:\/\/www.filindeblogg.nu\/wp-content\/uploads\/2016\/04\/004-4-186x300.jpg 186w, http:\/\/www.filindeblogg.nu\/wp-content\/uploads\/2016\/04\/004-4.jpg 335w\" sizes=\"(max-width: 186px) 100vw, 186px\" \/> Kunde inte Elizabeth ha hj\u00e4lpt de taffliga Arbogasossarna vad g\u00e4ller hantering av bidrag? Eller \u00e4r det kanske dags att granska \u00e4ven K\u00f6pingspolitikernas f\u00f6rehavanden??<br \/>\nBloggaren funderar bara helt kort p\u00e5 detta uppslag, l\u00e4gger det snabbt \u00e5t sidan!<br \/>\n&#8211; ORKA, som man s\u00e4ger!<\/p>\n<p><img loading=\"lazy\" class=\"alignnone  wp-image-66156\" src=\"http:\/\/www.filindeblogg.nu\/wp-content\/uploads\/2016\/04\/002-4-225x300.jpg\" alt=\"002\" width=\"61\" height=\"82\" srcset=\"http:\/\/www.filindeblogg.nu\/wp-content\/uploads\/2016\/04\/002-4-225x300.jpg 225w, http:\/\/www.filindeblogg.nu\/wp-content\/uploads\/2016\/04\/002-4.jpg 450w\" sizes=\"(max-width: 61px) 100vw, 61px\" \/> 8 april idag och <strong><em>&#8221;Romernas nationaldag&#8221;<\/em><\/strong>!\u00a0<img loading=\"lazy\" class=\"alignnone  wp-image-66179\" src=\"http:\/\/www.filindeblogg.nu\/wp-content\/uploads\/2016\/04\/Romernas-flagga.png\" alt=\"Romernas flagga\" width=\"153\" height=\"102\" \/><br \/>\nDet uppm\u00e4rksammas i tidningen idag. <img loading=\"lazy\" class=\"alignnone  wp-image-66158\" src=\"http:\/\/www.filindeblogg.nu\/wp-content\/uploads\/2016\/04\/006-4-225x300.jpg\" alt=\"006\" width=\"154\" height=\"205\" srcset=\"http:\/\/www.filindeblogg.nu\/wp-content\/uploads\/2016\/04\/006-4-225x300.jpg 225w, http:\/\/www.filindeblogg.nu\/wp-content\/uploads\/2016\/04\/006-4.jpg 450w\" sizes=\"(max-width: 154px) 100vw, 154px\" \/> Men \u00e4ven ig\u00e5r fanns den h\u00e4r artikeln om romer i tidningen: <img loading=\"lazy\" class=\"alignnone  wp-image-66159\" src=\"http:\/\/www.filindeblogg.nu\/wp-content\/uploads\/2016\/04\/011-1-225x300.jpg\" alt=\"011\" width=\"161\" height=\"214\" srcset=\"http:\/\/www.filindeblogg.nu\/wp-content\/uploads\/2016\/04\/011-1-225x300.jpg 225w, http:\/\/www.filindeblogg.nu\/wp-content\/uploads\/2016\/04\/011-1.jpg 450w\" sizes=\"(max-width: 161px) 100vw, 161px\" \/><\/p>\n<p>Klicka <a href=\"http:\/\/www.romernashistoria.se\/\" target=\"_blank\"><strong>H\u00c4R<\/strong><\/a> f\u00f6r att komma till sidan <em><strong>&#8221;Romernas historia&#8221;<\/strong><\/em>!<a href=\"https:\/\/sv.wikipedia.org\/wiki\/Romer\" target=\"_blank\"><strong> H\u00c4R<\/strong> <\/a>kan du l\u00e4sa p\u00e5 <strong>Wikipedia<\/strong> om romer.<br \/>\n<strong><br \/>\n-Vila i frid<\/strong>, t\u00e4nker bloggaren n\u00e4r hon ser den h\u00e4r annonsen i tidningen. <img loading=\"lazy\" class=\"alignnone size-medium wp-image-66160\" src=\"http:\/\/www.filindeblogg.nu\/wp-content\/uploads\/2016\/04\/007-3-138x300.jpg\" alt=\"007\" width=\"138\" height=\"300\" srcset=\"http:\/\/www.filindeblogg.nu\/wp-content\/uploads\/2016\/04\/007-3-138x300.jpg 138w, http:\/\/www.filindeblogg.nu\/wp-content\/uploads\/2016\/04\/007-3.jpg 267w\" sizes=\"(max-width: 138px) 100vw, 138px\" \/> <strong>Palle Knuhtsen<\/strong> f\u00f6rs till sista vilan den 15 april.<\/p>\n<p>Lite v\u00e5rnyheter ocks\u00e5 efter kattskit och el\u00e4nde. <img loading=\"lazy\" class=\"alignnone size-medium wp-image-66161\" src=\"http:\/\/www.filindeblogg.nu\/wp-content\/uploads\/2016\/04\/014-2-225x300.jpg\" alt=\"014\" width=\"225\" height=\"300\" srcset=\"http:\/\/www.filindeblogg.nu\/wp-content\/uploads\/2016\/04\/014-2-225x300.jpg 225w, http:\/\/www.filindeblogg.nu\/wp-content\/uploads\/2016\/04\/014-2.jpg 450w\" sizes=\"(max-width: 225px) 100vw, 225px\" \/> Nu b\u00f6rjar en h\u00e4rlig tid!<\/p>\n<p>De h\u00e4r hittade bloggaren i sin k\u00e4llare! <img loading=\"lazy\" class=\"alignnone  wp-image-66162\" src=\"http:\/\/www.filindeblogg.nu\/wp-content\/uploads\/2016\/04\/054-225x300.jpg\" alt=\"054\" width=\"142\" height=\"189\" srcset=\"http:\/\/www.filindeblogg.nu\/wp-content\/uploads\/2016\/04\/054-225x300.jpg 225w, http:\/\/www.filindeblogg.nu\/wp-content\/uploads\/2016\/04\/054.jpg 450w\" sizes=\"(max-width: 142px) 100vw, 142px\" \/> Blev s\u00e5 h\u00e4r n\u00e4r de blev ansade lite. <img loading=\"lazy\" class=\"alignnone  wp-image-66163\" src=\"http:\/\/www.filindeblogg.nu\/wp-content\/uploads\/2016\/04\/061-300x225.jpg\" alt=\"061\" width=\"207\" height=\"155\" srcset=\"http:\/\/www.filindeblogg.nu\/wp-content\/uploads\/2016\/04\/061-300x225.jpg 300w, http:\/\/www.filindeblogg.nu\/wp-content\/uploads\/2016\/04\/061.jpg 600w\" sizes=\"(max-width: 207px) 100vw, 207px\" \/><br \/>\nBloggaren f\u00f6rgror s\u00e4ttpotatis av sorten <strong>Bl\u00e5 kongo<\/strong>. Potatisarna kommer fr\u00e5n mamma som sparat exemplar fr\u00e5n sin pappa, bloggarens morfar.<br \/>\nS\u00e5 h\u00e4r kan man l\u00e4sa p\u00e5 Wikipedia, citat: <em>&#8221;<b>Bl\u00e5 kongo<\/b> eller <b>congo<\/b> \u00e4r en potatissort som k\u00e4nnetecknas av en m\u00f6rkt bl\u00e5 f\u00e4rg, speciellt i skalet. Sorten odlas sedan 1930-talet i Sverige och s\u00e4ljs i mindre m\u00e4ngder.<\/em><br \/>\n<em>Potatisen blev \u00e5rets potatis 2006 i Tyskland. Tyska namnet p\u00e5 den \u00e4r Blauer Schwede (bl\u00e5 svensk).&#8221;<\/em><\/p>\n<p>Alla bloggarens orkid\u00e9er blommar om nu!\u00a0<img loading=\"lazy\" class=\"alignnone size-medium wp-image-66164\" src=\"http:\/\/www.filindeblogg.nu\/wp-content\/uploads\/2016\/04\/056-225x300.jpg\" alt=\"056\" width=\"225\" height=\"300\" srcset=\"http:\/\/www.filindeblogg.nu\/wp-content\/uploads\/2016\/04\/056-225x300.jpg 225w, http:\/\/www.filindeblogg.nu\/wp-content\/uploads\/2016\/04\/056.jpg 450w\" sizes=\"(max-width: 225px) 100vw, 225px\" \/> H\u00e4rligt!<\/p>\n<p>Och inte kunde bloggaren l\u00e5ta bli den h\u00e4r buketten n\u00e4r hon handlade! Bara f\u00f6r att g\u00f6ra sig sj\u00e4lv glad! \ud83d\ude42<\/p>\n<p><img loading=\"lazy\" class=\"alignnone size-medium wp-image-66165\" src=\"http:\/\/www.filindeblogg.nu\/wp-content\/uploads\/2016\/04\/008-2-300x225.jpg\" alt=\"008\" width=\"300\" height=\"225\" srcset=\"http:\/\/www.filindeblogg.nu\/wp-content\/uploads\/2016\/04\/008-2-300x225.jpg 300w, http:\/\/www.filindeblogg.nu\/wp-content\/uploads\/2016\/04\/008-2.jpg 600w\" sizes=\"(max-width: 300px) 100vw, 300px\" \/><\/p>\n<p>Mer av v\u00e5r och trevligheter! Mindre av kattskit och el\u00e4nde! Det hoppas vi pr\u00e4glar n\u00e4sta vecka &#8211; eller hur!?<\/p>\n<p>&nbsp;<\/p>\n<p>&nbsp;<\/p>\n","protected":false},"excerpt":{"rendered":"<p>Sista Arboga Tidning f\u00f6r veckan &#8211; vecka 3 av Arbogas\u00e5pan. Bloggaren har veckornas tidningar travade i bokhyllan. &#8211; Kattskit, tycker Vilda Wilma! Bloggaren kan nog h\u00e5lla med&#8230; Dag efter dag med det ena klavertrampet efter det andra bland Arbogas styrande sossar (f\u00f6re detta styrande, ska man kanske s\u00e4ga!) D\u00e5 k\u00e4nns det n\u00e4stan lite som sjukt [&hellip;]<\/p>\n","protected":false},"author":1,"featured_media":0,"comment_status":"open","ping_status":"open","sticky":false,"template":"","format":"standard","meta":[],"categories":[127,206,188,41,100,119,101],"tags":[],"_links":{"self":[{"href":"http:\/\/www.filindeblogg.nu\/index.php?rest_route=\/wp\/v2\/posts\/66146"}],"collection":[{"href":"http:\/\/www.filindeblogg.nu\/index.php?rest_route=\/wp\/v2\/posts"}],"about":[{"href":"http:\/\/www.filindeblogg.nu\/index.php?rest_route=\/wp\/v2\/types\/post"}],"author":[{"embeddable":true,"href":"http:\/\/www.filindeblogg.nu\/index.php?rest_route=\/wp\/v2\/users\/1"}],"replies":[{"embeddable":true,"href":"http:\/\/www.filindeblogg.nu\/index.php?rest_route=%2Fwp%2Fv2%2Fcomments&post=66146"}],"version-history":[{"count":20,"href":"http:\/\/www.filindeblogg.nu\/index.php?rest_route=\/wp\/v2\/posts\/66146\/revisions"}],"predecessor-version":[{"id":66186,"href":"http:\/\/www.filindeblogg.nu\/index.php?rest_route=\/wp\/v2\/posts\/66146\/revisions\/66186"}],"wp:attachment":[{"href":"http:\/\/www.filindeblogg.nu\/index.php?rest_route=%2Fwp%2Fv2%2Fmedia&parent=66146"}],"wp:term":[{"taxonomy":"category","embeddable":true,"href":"http:\/\/www.filindeblogg.nu\/index.php?rest_route=%2Fwp%2Fv2%2Fcategories&post=66146"},{"taxonomy":"post_tag","embeddable":true,"href":"http:\/\/www.filindeblogg.nu\/index.php?rest_route=%2Fwp%2Fv2%2Ftags&post=66146"}],"curies":[{"name":"wp","href":"https:\/\/api.w.org\/{rel}","templated":true}]}}