{"id":66098,"date":"2016-04-07T12:04:51","date_gmt":"2016-04-07T11:04:51","guid":{"rendered":"http:\/\/www.filindeblogg.nu\/?p=66098"},"modified":"2016-04-07T12:04:51","modified_gmt":"2016-04-07T11:04:51","slug":"det-varas","status":"publish","type":"post","link":"http:\/\/www.filindeblogg.nu\/?p=66098","title":{"rendered":"Det v\u00e5ras!"},"content":{"rendered":"<p><img loading=\"lazy\" class=\"alignnone size-full wp-image-66099\" src=\"http:\/\/www.filindeblogg.nu\/wp-content\/uploads\/2016\/04\/Det-v\u00e5ras-filmerna.jpg\" alt=\"Det v\u00e5ras filmerna\" width=\"294\" height=\"172\" \/> Minns ni <strong><em>&#8221;Det v\u00e5ras-filmerna&#8221;<\/em><\/strong>?<br \/>\nNu v\u00e5ras det i<strong> Arboga<\/strong> p\u00e5 flera s\u00e4tt.<br \/>\nInom politiken till exempel&#8230;<br \/>\nDet \u00e4r med viss skr\u00e4ckblandad f\u00f6rtjusning bloggaren n\u00e4rmar sig ytterd\u00f6rren om morgnarna. <img loading=\"lazy\" class=\"alignnone  wp-image-66100\" src=\"http:\/\/www.filindeblogg.nu\/wp-content\/uploads\/2016\/04\/002-3-225x300.jpg\" alt=\"002\" width=\"144\" height=\"192\" srcset=\"http:\/\/www.filindeblogg.nu\/wp-content\/uploads\/2016\/04\/002-3-225x300.jpg 225w, http:\/\/www.filindeblogg.nu\/wp-content\/uploads\/2016\/04\/002-3.jpg 450w\" sizes=\"(max-width: 144px) 100vw, 144px\" \/><br \/>\nVad ska det st\u00e5 i tidningen den h\u00e4r dagen d\u00e5&#8230;?? Tredje veckan med <strong>Arbogas\u00e5pan<\/strong>&#8230;<\/p>\n<p>S\u00e5 h\u00e4r ser det ut idag! <img loading=\"lazy\" class=\"alignnone size-medium wp-image-66101\" src=\"http:\/\/www.filindeblogg.nu\/wp-content\/uploads\/2016\/04\/003-2-225x300.jpg\" alt=\"003\" width=\"225\" height=\"300\" srcset=\"http:\/\/www.filindeblogg.nu\/wp-content\/uploads\/2016\/04\/003-2-225x300.jpg 225w, http:\/\/www.filindeblogg.nu\/wp-content\/uploads\/2016\/04\/003-2.jpg 450w\" sizes=\"(max-width: 225px) 100vw, 225px\" \/><br \/>\nF\u00f6r er som l\u00e4ste bloggen ig\u00e5r s\u00e5 blir dagens tidnings pappersnyheter g\u00e5rdagens nyheter. Allt finns ju s\u00e5 snabbt p\u00e5 n\u00e4tet numera. <strong>Arboga Tidning<\/strong> hittar du <strong><a href=\"http:\/\/bblat.se\/\" target=\"_blank\">H\u00c4R!<\/a><\/strong><\/p>\n<p><img loading=\"lazy\" class=\"alignnone  wp-image-66102\" src=\"http:\/\/www.filindeblogg.nu\/wp-content\/uploads\/2016\/04\/005-1-225x300.jpg\" alt=\"005\" width=\"146\" height=\"195\" srcset=\"http:\/\/www.filindeblogg.nu\/wp-content\/uploads\/2016\/04\/005-1-225x300.jpg 225w, http:\/\/www.filindeblogg.nu\/wp-content\/uploads\/2016\/04\/005-1.jpg 450w\" sizes=\"(max-width: 146px) 100vw, 146px\" \/>\u00a0Politikernas ers\u00e4ttningar ska nu granskas av oberoende revisorer. <img loading=\"lazy\" class=\"alignnone size-medium wp-image-66103\" src=\"http:\/\/www.filindeblogg.nu\/wp-content\/uploads\/2016\/04\/008-1-300x225.jpg\" alt=\"008\" width=\"300\" height=\"225\" srcset=\"http:\/\/www.filindeblogg.nu\/wp-content\/uploads\/2016\/04\/008-1-300x225.jpg 300w, http:\/\/www.filindeblogg.nu\/wp-content\/uploads\/2016\/04\/008-1.jpg 600w\" sizes=\"(max-width: 300px) 100vw, 300px\" \/><br \/>\nDet k\u00e4nns v\u00e4ldigt bra, tycker bloggaren och s\u00e4kert fler med henne.<\/p>\n<p><img loading=\"lazy\" class=\"alignnone size-medium wp-image-66104\" src=\"http:\/\/www.filindeblogg.nu\/wp-content\/uploads\/2016\/04\/009-2-300x225.jpg\" alt=\"009\" width=\"300\" height=\"225\" srcset=\"http:\/\/www.filindeblogg.nu\/wp-content\/uploads\/2016\/04\/009-2-300x225.jpg 300w, http:\/\/www.filindeblogg.nu\/wp-content\/uploads\/2016\/04\/009-2.jpg 600w\" sizes=\"(max-width: 300px) 100vw, 300px\" \/> Citat ur tidningen: <em>&#8221;Anklagelserna om felaktiga ers\u00e4ttningar g\u00e5r bland annat ut p\u00e5 att flera deltidsarvoderade politiker, bland annat ordf\u00f6rande i politiska n\u00e4mnder, ska ha tagit ut ers\u00e4ttning f\u00f6r f\u00f6rlorad arbetsinkomst trots att de varit tj\u00e4nstlediga fr\u00e5n sina ordinarie arbeten.&#8221;<\/em><\/p>\n<p><em><img loading=\"lazy\" class=\"alignnone size-medium wp-image-66105\" src=\"http:\/\/www.filindeblogg.nu\/wp-content\/uploads\/2016\/04\/004-3-300x263.jpg\" alt=\"004\" width=\"300\" height=\"263\" srcset=\"http:\/\/www.filindeblogg.nu\/wp-content\/uploads\/2016\/04\/004-3-300x263.jpg 300w, http:\/\/www.filindeblogg.nu\/wp-content\/uploads\/2016\/04\/004-3.jpg 457w\" sizes=\"(max-width: 300px) 100vw, 300px\" \/><\/em><em> &#8221;- Alla gjorde s\u00e5,<br \/>\nuppgav <strong>ordf\u00f6randen i Socialn\u00e4mnden, Kerstin Rosenkvist (s)<\/strong> i en intervju.&#8221;.<br \/>\n<\/em>M\u00e4rklig kommentar, tycker bloggaren. Den inst\u00e4llningen att om alla skulle fuska skulle det g\u00f6ra fusket mer OK&#8230;??<em> <img loading=\"lazy\" class=\"alignnone  wp-image-66106\" src=\"http:\/\/www.filindeblogg.nu\/wp-content\/uploads\/2016\/04\/067-300x225.jpg\" alt=\"067\" width=\"221\" height=\"166\" srcset=\"http:\/\/www.filindeblogg.nu\/wp-content\/uploads\/2016\/04\/067-300x225.jpg 300w, http:\/\/www.filindeblogg.nu\/wp-content\/uploads\/2016\/04\/067.jpg 600w\" sizes=\"(max-width: 221px) 100vw, 221px\" \/> <\/em><\/p>\n<p>Artikeln kan l\u00e4sas<strong> <a href=\"http:\/\/bblat.se\/nyheter\/arboga\/1.3733648-arbogapolitiker-granskas\" target=\"_blank\">H\u00c4R<\/a> <\/strong>p\u00e5 n\u00e4tet.<\/p>\n<p>I papperstidningen idag finns ocks\u00e5 <strong>f d kommunalr\u00e5det Agneta Bodes<\/strong> replik p\u00e5 den kr\u00e4nkande ins\u00e4ndaren fr\u00e5n de socialdemokratiska partikamraterna fr\u00e5n g\u00e5rdagens tidning. <img loading=\"lazy\" class=\"alignnone size-medium wp-image-66107\" src=\"http:\/\/www.filindeblogg.nu\/wp-content\/uploads\/2016\/04\/006-3-225x300.jpg\" alt=\"006\" width=\"225\" height=\"300\" srcset=\"http:\/\/www.filindeblogg.nu\/wp-content\/uploads\/2016\/04\/006-3-225x300.jpg 225w, http:\/\/www.filindeblogg.nu\/wp-content\/uploads\/2016\/04\/006-3.jpg 450w\" sizes=\"(max-width: 225px) 100vw, 225px\" \/><br \/>\nKan l\u00e4sas p\u00e5 n\u00e4tsidan <strong><a href=\"http:\/\/bblat.se\/insandare\/1.3733617-varfor-sa-ni-inget-\" target=\"_blank\">H\u00c4R!<\/a><\/strong><\/p>\n<p>En liten del av Agneta Bodes svar har bloggaren plockat ut h\u00e4r: <img loading=\"lazy\" class=\"alignnone size-medium wp-image-66108\" src=\"http:\/\/www.filindeblogg.nu\/wp-content\/uploads\/2016\/04\/007-2-300x225.jpg\" alt=\"007\" width=\"300\" height=\"225\" srcset=\"http:\/\/www.filindeblogg.nu\/wp-content\/uploads\/2016\/04\/007-2-300x225.jpg 300w, http:\/\/www.filindeblogg.nu\/wp-content\/uploads\/2016\/04\/007-2.jpg 600w\" sizes=\"(max-width: 300px) 100vw, 300px\" \/> Hur hon blev <em>&#8221;kallad till en ren avr\u00e4ttning med <strong>tre skrikande damer<\/strong>&#8230;&#8221;<\/p>\n<p><\/em>Det d\u00e4r med skrikande damer, tror bloggaren p\u00e5! F\u00f6r bloggaren har \u00e4ven hon upplevt dessa skrikande damer.<br \/>\nOch n\u00e4r ins\u00e4ndaren fr\u00e5n &#8221;partikamraterna&#8221; talar om att Agneta Bode skulle ha till\u00e4mpat h\u00e4rskartekniker d\u00e5 himlar bloggaren med \u00f6gonen. Bloggaren har sj\u00e4lv bli utsatt f\u00f6r just h\u00e4rskartekniker och fr\u00e5n just de damer som har skrikit v\u00e4rst en tid.<br \/>\nKanske \u00e4r h\u00e4rskartekniker en samarbetsform som till\u00e4mpas inom Socialdemokratin i Arboga?? <img loading=\"lazy\" class=\"alignnone  wp-image-66132\" src=\"http:\/\/www.filindeblogg.nu\/wp-content\/uploads\/2016\/04\/R\u00e4dd-smiley.jpg\" alt=\"R\u00e4dd smiley\" width=\"58\" height=\"58\" srcset=\"http:\/\/www.filindeblogg.nu\/wp-content\/uploads\/2016\/04\/R\u00e4dd-smiley.jpg 204w, http:\/\/www.filindeblogg.nu\/wp-content\/uploads\/2016\/04\/R\u00e4dd-smiley-150x150.jpg 150w, http:\/\/www.filindeblogg.nu\/wp-content\/uploads\/2016\/04\/R\u00e4dd-smiley-144x144.jpg 144w\" sizes=\"(max-width: 58px) 100vw, 58px\" \/><\/p>\n<p>Det v\u00e5ras-filmerna ja!\u00a0 Jo, nu v\u00e5ras det f\u00f6r Arboga och det politiska livet. <img loading=\"lazy\" class=\"alignnone  wp-image-66099\" src=\"http:\/\/www.filindeblogg.nu\/wp-content\/uploads\/2016\/04\/Det-v\u00e5ras-filmerna.jpg\" alt=\"Det v\u00e5ras filmerna\" width=\"140\" height=\"82\" \/><br \/>\nUpprensning sker och faktiskt genom f\u00f6rsorg av den grupp som skjutit sig sj\u00e4lva i foten! Sj\u00e4lvm\u00e5l &#8211; lite komiskt faktiskt.<br \/>\nNy politisk styrning och med f\u00f6rtroendevalda som s\u00e4ger sig vilja fokusera p\u00e5 Arbogas b\u00e4sta! L\u00e5ter positivt och bra som alternativ till nuvarande el\u00e4ndes el\u00e4nde.<\/p>\n<p><img loading=\"lazy\" class=\"alignnone  wp-image-66110\" src=\"http:\/\/www.filindeblogg.nu\/wp-content\/uploads\/2016\/04\/015-1-300x225.jpg\" alt=\"015\" width=\"220\" height=\"165\" srcset=\"http:\/\/www.filindeblogg.nu\/wp-content\/uploads\/2016\/04\/015-1-300x225.jpg 300w, http:\/\/www.filindeblogg.nu\/wp-content\/uploads\/2016\/04\/015-1.jpg 600w\" sizes=\"(max-width: 220px) 100vw, 220px\" \/>\u00a0Och s\u00e5 v\u00e5ras det ju p\u00e5 riktigt ocks\u00e5 &#8211; i naturen, menar bloggaren! <img loading=\"lazy\" class=\"alignnone size-medium wp-image-66109\" src=\"http:\/\/www.filindeblogg.nu\/wp-content\/uploads\/2016\/04\/014-1-300x225.jpg\" alt=\"014\" width=\"300\" height=\"225\" srcset=\"http:\/\/www.filindeblogg.nu\/wp-content\/uploads\/2016\/04\/014-1-300x225.jpg 300w, http:\/\/www.filindeblogg.nu\/wp-content\/uploads\/2016\/04\/014-1.jpg 600w\" sizes=\"(max-width: 300px) 100vw, 300px\" \/> Underbart! Bloggaren var ute och arbetade p\u00e5 sin g\u00e5rd i \u00f6sregn p\u00e5 f\u00f6rmiddagen och det var hur h\u00e4rligt som helst!\u00a0 <img loading=\"lazy\" class=\"alignnone  wp-image-66112\" src=\"http:\/\/www.filindeblogg.nu\/wp-content\/uploads\/2016\/04\/032-225x300.jpg\" alt=\"032\" width=\"192\" height=\"256\" srcset=\"http:\/\/www.filindeblogg.nu\/wp-content\/uploads\/2016\/04\/032-225x300.jpg 225w, http:\/\/www.filindeblogg.nu\/wp-content\/uploads\/2016\/04\/032.jpg 450w\" sizes=\"(max-width: 192px) 100vw, 192px\" \/> Men liiite bl\u00f6tt var det allt! \ud83d\ude00<\/p>\n<p><img loading=\"lazy\" class=\"alignnone size-medium wp-image-66113\" src=\"http:\/\/www.filindeblogg.nu\/wp-content\/uploads\/2016\/04\/051-225x300.jpg\" alt=\"051\" width=\"225\" height=\"300\" srcset=\"http:\/\/www.filindeblogg.nu\/wp-content\/uploads\/2016\/04\/051-225x300.jpg 225w, http:\/\/www.filindeblogg.nu\/wp-content\/uploads\/2016\/04\/051.jpg 450w\" sizes=\"(max-width: 225px) 100vw, 225px\" \/> <strong>Vilda Wilma<\/strong> blev f\u00f6rskr\u00e4ckt n\u00e4r bloggaren bokstavligen droppade in! <img loading=\"lazy\" class=\"alignnone  wp-image-66111\" src=\"http:\/\/www.filindeblogg.nu\/wp-content\/uploads\/2016\/04\/030-225x300.jpg\" alt=\"030\" width=\"124\" height=\"165\" srcset=\"http:\/\/www.filindeblogg.nu\/wp-content\/uploads\/2016\/04\/030-225x300.jpg 225w, http:\/\/www.filindeblogg.nu\/wp-content\/uploads\/2016\/04\/030.jpg 450w\" sizes=\"(max-width: 124px) 100vw, 124px\" \/><\/p>\n<p>Det var bara att dra av sig kl\u00e4derna! <img loading=\"lazy\" class=\"alignnone size-medium wp-image-66114\" src=\"http:\/\/www.filindeblogg.nu\/wp-content\/uploads\/2016\/04\/039-225x300.jpg\" alt=\"039\" width=\"225\" height=\"300\" srcset=\"http:\/\/www.filindeblogg.nu\/wp-content\/uploads\/2016\/04\/039-225x300.jpg 225w, http:\/\/www.filindeblogg.nu\/wp-content\/uploads\/2016\/04\/039.jpg 450w\" sizes=\"(max-width: 225px) 100vw, 225px\" \/> Dripp-dropp i badrummet!<\/p>\n<p>Och jeansen p\u00e5 elementet! <img loading=\"lazy\" class=\"alignnone size-medium wp-image-66115\" src=\"http:\/\/www.filindeblogg.nu\/wp-content\/uploads\/2016\/04\/044-225x300.jpg\" alt=\"044\" width=\"225\" height=\"300\" srcset=\"http:\/\/www.filindeblogg.nu\/wp-content\/uploads\/2016\/04\/044-225x300.jpg 225w, http:\/\/www.filindeblogg.nu\/wp-content\/uploads\/2016\/04\/044.jpg 450w\" sizes=\"(max-width: 225px) 100vw, 225px\" \/><\/p>\n<p>Sen kaffe! <img loading=\"lazy\" class=\"alignnone size-medium wp-image-66116\" src=\"http:\/\/www.filindeblogg.nu\/wp-content\/uploads\/2016\/04\/057-300x225.jpg\" alt=\"057\" width=\"300\" height=\"225\" srcset=\"http:\/\/www.filindeblogg.nu\/wp-content\/uploads\/2016\/04\/057-300x225.jpg 300w, http:\/\/www.filindeblogg.nu\/wp-content\/uploads\/2016\/04\/057.jpg 600w\" sizes=\"(max-width: 300px) 100vw, 300px\" \/><br \/>\nOch s\u00e5 lite Wilma-gos! <img loading=\"lazy\" class=\"alignnone  wp-image-66117\" src=\"http:\/\/www.filindeblogg.nu\/wp-content\/uploads\/2016\/04\/064-225x300.jpg\" alt=\"064\" width=\"124\" height=\"165\" srcset=\"http:\/\/www.filindeblogg.nu\/wp-content\/uploads\/2016\/04\/064-225x300.jpg 225w, http:\/\/www.filindeblogg.nu\/wp-content\/uploads\/2016\/04\/064.jpg 450w\" sizes=\"(max-width: 124px) 100vw, 124px\" \/> Kan det bli b\u00e4ttre!? <img loading=\"lazy\" class=\"alignnone  wp-image-66143\" src=\"http:\/\/www.filindeblogg.nu\/wp-content\/uploads\/2016\/04\/Glad-smiley.jpg\" alt=\"Glad smiley\" width=\"35\" height=\"35\" srcset=\"http:\/\/www.filindeblogg.nu\/wp-content\/uploads\/2016\/04\/Glad-smiley.jpg 225w, http:\/\/www.filindeblogg.nu\/wp-content\/uploads\/2016\/04\/Glad-smiley-150x150.jpg 150w, http:\/\/www.filindeblogg.nu\/wp-content\/uploads\/2016\/04\/Glad-smiley-144x144.jpg 144w\" sizes=\"(max-width: 35px) 100vw, 35px\" \/><\/p>\n<p style=\"text-align: center;\">Det v\u00e5ras!!<img loading=\"lazy\" class=\"alignnone  wp-image-66143\" src=\"http:\/\/www.filindeblogg.nu\/wp-content\/uploads\/2016\/04\/Glad-smiley.jpg\" alt=\"Glad smiley\" width=\"34\" height=\"34\" srcset=\"http:\/\/www.filindeblogg.nu\/wp-content\/uploads\/2016\/04\/Glad-smiley.jpg 225w, http:\/\/www.filindeblogg.nu\/wp-content\/uploads\/2016\/04\/Glad-smiley-150x150.jpg 150w, http:\/\/www.filindeblogg.nu\/wp-content\/uploads\/2016\/04\/Glad-smiley-144x144.jpg 144w\" sizes=\"(max-width: 34px) 100vw, 34px\" \/><\/p>\n<p style=\"text-align: center;\">Sk\u00f6t er! Som omv\u00e4xling. <img loading=\"lazy\" class=\"alignnone  wp-image-66144\" src=\"http:\/\/www.filindeblogg.nu\/wp-content\/uploads\/2016\/04\/Blinkande-smiley.png\" alt=\"Blinkande smiley\" width=\"62\" height=\"61\" \/><\/p>\n<p style=\"text-align: center;\"><img loading=\"lazy\" class=\"aligncenter size-medium wp-image-66118\" src=\"http:\/\/www.filindeblogg.nu\/wp-content\/uploads\/2016\/04\/020-225x300.jpg\" alt=\"020\" width=\"225\" height=\"300\" srcset=\"http:\/\/www.filindeblogg.nu\/wp-content\/uploads\/2016\/04\/020-225x300.jpg 225w, http:\/\/www.filindeblogg.nu\/wp-content\/uploads\/2016\/04\/020.jpg 450w\" sizes=\"(max-width: 225px) 100vw, 225px\" \/><\/p>\n<p>&nbsp;<\/p>\n","protected":false},"excerpt":{"rendered":"<p>Minns ni &#8221;Det v\u00e5ras-filmerna&#8221;? Nu v\u00e5ras det i Arboga p\u00e5 flera s\u00e4tt. Inom politiken till exempel&#8230; Det \u00e4r med viss skr\u00e4ckblandad f\u00f6rtjusning bloggaren n\u00e4rmar sig ytterd\u00f6rren om morgnarna. Vad ska det st\u00e5 i tidningen den h\u00e4r dagen d\u00e5&#8230;?? Tredje veckan med Arbogas\u00e5pan&#8230; S\u00e5 h\u00e4r ser det ut idag! F\u00f6r er som l\u00e4ste bloggen ig\u00e5r s\u00e5 [&hellip;]<\/p>\n","protected":false},"author":1,"featured_media":0,"comment_status":"open","ping_status":"open","sticky":false,"template":"","format":"standard","meta":[],"categories":[127,206,188,41,100,145,119,101],"tags":[],"_links":{"self":[{"href":"http:\/\/www.filindeblogg.nu\/index.php?rest_route=\/wp\/v2\/posts\/66098"}],"collection":[{"href":"http:\/\/www.filindeblogg.nu\/index.php?rest_route=\/wp\/v2\/posts"}],"about":[{"href":"http:\/\/www.filindeblogg.nu\/index.php?rest_route=\/wp\/v2\/types\/post"}],"author":[{"embeddable":true,"href":"http:\/\/www.filindeblogg.nu\/index.php?rest_route=\/wp\/v2\/users\/1"}],"replies":[{"embeddable":true,"href":"http:\/\/www.filindeblogg.nu\/index.php?rest_route=%2Fwp%2Fv2%2Fcomments&post=66098"}],"version-history":[{"count":24,"href":"http:\/\/www.filindeblogg.nu\/index.php?rest_route=\/wp\/v2\/posts\/66098\/revisions"}],"predecessor-version":[{"id":66145,"href":"http:\/\/www.filindeblogg.nu\/index.php?rest_route=\/wp\/v2\/posts\/66098\/revisions\/66145"}],"wp:attachment":[{"href":"http:\/\/www.filindeblogg.nu\/index.php?rest_route=%2Fwp%2Fv2%2Fmedia&parent=66098"}],"wp:term":[{"taxonomy":"category","embeddable":true,"href":"http:\/\/www.filindeblogg.nu\/index.php?rest_route=%2Fwp%2Fv2%2Fcategories&post=66098"},{"taxonomy":"post_tag","embeddable":true,"href":"http:\/\/www.filindeblogg.nu\/index.php?rest_route=%2Fwp%2Fv2%2Ftags&post=66098"}],"curies":[{"name":"wp","href":"https:\/\/api.w.org\/{rel}","templated":true}]}}