{"id":66078,"date":"2016-04-06T18:20:54","date_gmt":"2016-04-06T17:20:54","guid":{"rendered":"http:\/\/www.filindeblogg.nu\/?p=66078"},"modified":"2016-04-06T18:20:54","modified_gmt":"2016-04-06T17:20:54","slug":"varsta-sandladan-men-glada-gummigubbar","status":"publish","type":"post","link":"http:\/\/www.filindeblogg.nu\/?p=66078","title":{"rendered":"V\u00e4rsta sandl\u00e5dan! Men glada gummigubbar!"},"content":{"rendered":"<p>Dagens <strong>Arboga Tidning<\/strong> ser ut s\u00e5 h\u00e4r: <img loading=\"lazy\" class=\"alignnone size-medium wp-image-66079\" src=\"http:\/\/www.filindeblogg.nu\/wp-content\/uploads\/2016\/04\/001-3-225x300.jpg\" alt=\"001\" width=\"225\" height=\"300\" srcset=\"http:\/\/www.filindeblogg.nu\/wp-content\/uploads\/2016\/04\/001-3-225x300.jpg 225w, http:\/\/www.filindeblogg.nu\/wp-content\/uploads\/2016\/04\/001-3.jpg 450w\" sizes=\"(max-width: 225px) 100vw, 225px\" \/><br \/>\nTack och lov, f\u00e5r man v\u00e4l \u00e4nd\u00e5 s\u00e4ga! Bloggaren syftar p\u00e5 rubriken <strong><em>&#8221;Ny majoritet redo att ta \u00f6ver Arboga&#8221;<\/em><\/strong>.<\/p>\n<p><img loading=\"lazy\" class=\"alignnone size-medium wp-image-66080\" src=\"http:\/\/www.filindeblogg.nu\/wp-content\/uploads\/2016\/04\/De-sju-i-Arboga-300x169.jpg\" alt=\"De sju i Arboga\" width=\"300\" height=\"169\" srcset=\"http:\/\/www.filindeblogg.nu\/wp-content\/uploads\/2016\/04\/De-sju-i-Arboga-300x169.jpg 300w, http:\/\/www.filindeblogg.nu\/wp-content\/uploads\/2016\/04\/De-sju-i-Arboga-768x432.jpg 768w, http:\/\/www.filindeblogg.nu\/wp-content\/uploads\/2016\/04\/De-sju-i-Arboga.jpg 860w\" sizes=\"(max-width: 300px) 100vw, 300px\" \/>\u00a0Inne i tidningen kan ni l\u00e4sa om presskonferensen ig\u00e5r d\u00e5 de sju partierna ber\u00e4ttade om sitt gemensamma beslut om att \u00f6verta makten i Arboga. (Foto: Bbl\/AT)\u00a0 Klicka <strong><a href=\"http:\/\/bblat.se\/nyheter\/arboga\/1.3730357-de-ska-styra-arboga\" target=\"_blank\">H\u00c4R!<\/a><\/strong><\/p>\n<p>Tack och lov, ja &#8211; f\u00f6r n\u00e4r man trodde botten var n\u00e5dd &#8211; g\u00f6r <strong>Socialdemokraternas f\u00f6rtroendevalda<\/strong> bort sig igen och det \u00e5 det gr\u00f6vsta!<br \/>\n<img loading=\"lazy\" class=\"alignnone size-medium wp-image-66081\" src=\"http:\/\/www.filindeblogg.nu\/wp-content\/uploads\/2016\/04\/002-2-225x300.jpg\" alt=\"002\" width=\"225\" height=\"300\" srcset=\"http:\/\/www.filindeblogg.nu\/wp-content\/uploads\/2016\/04\/002-2-225x300.jpg 225w, http:\/\/www.filindeblogg.nu\/wp-content\/uploads\/2016\/04\/002-2.jpg 450w\" sizes=\"(max-width: 225px) 100vw, 225px\" \/>\u00a0Den h\u00e4r ins\u00e4ndaren finns i dagens tidning och bloggaren \u00e4r m\u00e4kta f\u00f6rv\u00e5nad \u00f6ver hur den \u00f6ver huvud taget kunde publiceras p\u00e5 grund av alla personangrepp och kr\u00e4nkningar mot partikamraten, det f d kommunalr\u00e5det <strong>Agneta Bode<\/strong>.<\/p>\n<p>S\u00e5 h\u00e4r skriver<strong> socialdemokraterna Mikael Hedberg, Lena H\u00e5kansson och B\u00f6rje Blomkvist,<\/strong> citat:<\/p>\n<p><em>&#8221;Vi kan f\u00f6rst\u00e5 att Arbogaborna med flera kan tycka att det \u00e4r politik p\u00e5 sandl\u00e5deniv\u00e5, vilket det tyv\u00e4rr ocks\u00e5 blev.<\/em><\/p>\n<p><em>Vi vill klarg\u00f6ra n\u00e5gra saker som i princip inte kommit utanf\u00f6r Arbetarkommunens styrelse tidigare. Delar kom upp p\u00e5 medlemsm\u00f6tet. Grunden \u00e4r allts\u00e5 den, att det har varit stora samarbetsproblem med Agneta inom partiet under en l\u00e4ngre tid.<\/em><\/p>\n<p><em>Det hade under l\u00e5ng tid p\u00e5talats kritik till den d\u00e5varande S-styrelsen, g\u00e4llande Agneta, fr\u00e5n flertalet f\u00f6rtroendevalda och andra medlemmar, att de inte tycker det \u00e4r roligt i partiet l\u00e4ngre och att man tycker att det m\u00e5nga g\u00e5nger \u00e4r rent olustigt att vara med p\u00e5 medlemsm\u00f6ten, n\u00e4mnder med mera.<\/em><\/p>\n<p><em>Om man inte tycker som Agneta eller st\u00e4ller en \u201ddum\u201d fr\u00e5ga eller p\u00e5st\u00e5ende k\u00e4nner man sig f\u00f6rl\u00f6jligad d\u00e5 hon ofta anv\u00e4nder sig av h\u00e4rskarteknik, upptr\u00e4der maktfullkomligt och \u00e4ven osynligg\u00f6r personen. Vilket Agneta sj\u00e4lv tydligen inte alls har uppfattat det som.<\/em><\/p>\n<p><em>M\u00e5nga k\u00e4nner inte heller igen sig i det Socialdemokratiska partiet l\u00e4ngre.<\/em><\/p>\n<p><em>En enad styrelse best\u00e4mde sig f\u00f6r att n\u00e5got m\u00e5ste g\u00f6ras \u00e5t saken men att det skulle ske p\u00e5 ett v\u00e4rdigt s\u00e4tt.<\/em><\/p>\n<p><em>Agneta ombads att komma till ett m\u00f6te d\u00e4r fyra ur styrelsen ber\u00e4ttade sakligt f\u00f6r Agneta varf\u00f6r styrelsen inte hade f\u00f6rtroende f\u00f6r henne l\u00e4ngre.<\/em><\/p>\n<p><em>Hon besvarade p\u00e5st\u00e5endena och efter cirka en timme avslutades m\u00f6tet. Senare fick Agneta allt skriftligt och \u00e4ven bem\u00f6tte det skriftligt, vilket hon hela tiden f\u00f6rnekat.<\/em><\/p>\n<p><em>Att sen Agneta s\u00e4tter p\u00e5 sig \u201dofferkoftan\u201d och p\u00e5st\u00e5r att hon blev avr\u00e4ttad och att hon inte alls f\u00f6rst\u00e5r och inte heller har f\u00e5tt reda p\u00e5 varf\u00f6r hon inte har f\u00f6rtroendet kvar \u00e4r ju helt bef\u00e4ngt.<\/em><\/p>\n<p><em>Agneta har r\u00e4tt till en omst\u00e4llningsers\u00e4ttning p\u00e5 47 700 kronor i m\u00e5naden fram till sin pension i slutet p\u00e5 \u00e5ret men i st\u00e4llet kr\u00e4vde hon full ers\u00e4ttning p\u00e5 56 000 kronor i m\u00e5naden.<\/em><\/p>\n<p><em>Agnetas egna ord om hon ska avg\u00e5: \u201dd\u00e5 ska jag personligen dra med mig socialdemokraterna i Arboga ner i skiten\u201d.<\/em><\/p>\n<p><em>Vilket ocks\u00e5 blev fallet.<\/em><\/p>\n<p><em>Det hade kanske g\u00e5tt att sopa konflikterna under mattan av partitaktiska sk\u00e4l. Men det hade v\u00e4l knappast gynnat partidemokratin eller Arbogaborna.&#8221;<\/em><\/p>\n<p><a href=\"http:\/\/bblat.se\/insandare\/1.3731360-darfor-blev-det-politik-pa-sandladeniva\" target=\"_blank\"><strong>H\u00c4R<\/strong><\/a> finns ins\u00e4ndaren p\u00e5 n\u00e4tet.<\/p>\n<p>Det h\u00e4r \u00e4r den kommentar bloggaren k\u00e4nner f\u00f6r: <img loading=\"lazy\" class=\"alignnone size-full wp-image-66082\" src=\"http:\/\/www.filindeblogg.nu\/wp-content\/uploads\/2016\/04\/Kr\u00e4kas.jpg\" alt=\"Kr\u00e4kas\" width=\"113\" height=\"125\" \/><\/p>\n<p>Sandl\u00e5da,var det ja&#8230; <img loading=\"lazy\" class=\"alignnone size-full wp-image-66083\" src=\"http:\/\/www.filindeblogg.nu\/wp-content\/uploads\/2016\/04\/Br\u00e5k-i-sandl\u00e5da.jpg\" alt=\"Br\u00e5k i sandl\u00e5da\" width=\"236\" height=\"171\" \/> Det hela \u00e4r s\u00e5 pinsamt skamligt f\u00f6r det socialdemokratiska partiet att det finns inte ord!<br \/>\nBara det h\u00e4r: <img loading=\"lazy\" class=\"alignnone size-full wp-image-66082\" src=\"http:\/\/www.filindeblogg.nu\/wp-content\/uploads\/2016\/04\/Kr\u00e4kas.jpg\" alt=\"Kr\u00e4kas\" width=\"113\" height=\"125\" \/><\/p>\n<p>Bloggaren kontaktade Agneta Bode direkt imorse och beklagade. Inte f\u00f6r att bloggaren \u00e4r sosse men f\u00f6r att hon f\u00f6rst\u00e5r hur man hanterar interna stridigheter, hur man uttalar sig i media och framf\u00f6r allt f\u00f6r att bloggaren har empati, \u00e4r en medm\u00e4nniska, f\u00f6rst\u00e5r hur det kan k\u00e4nnas! S\u00e5 h\u00e4r beter man sig inte! <strong>SK\u00c4MS!!<\/strong><\/p>\n<p>Men forts\u00e4tt s\u00e5! D\u00e5 har vi garanterat en fortsatt borgerlig styrning \u00e4ven efter valet 2018. Ja, f\u00f6r VEM skulle kunna t\u00e4nka sig att r\u00f6sta p\u00e5 det h\u00e4r l\u00e5tsaspartiet!? <strong>VEM??<\/strong><\/p>\n<p>Agneta Bode skulle ha h\u00e5llit sig f\u00f6r god att svara p\u00e5 skamligheterna men bloggaren f\u00f6rst\u00e5r henne ocks\u00e5. Man klarar inte att ta hur mycket skit som helst utan att reagera, protestera.<br \/>\n<a href=\"http:\/\/bblat.se\/insandare\/1.3733617-varfor-sa-ni-inget-\" target=\"_blank\"><strong>H\u00c4R<\/strong> <\/a>kommer hennes replik som finns p\u00e5 n\u00e4tsidan av <strong><a href=\"http:\/\/bblat.se\/\" target=\"_blank\">Bbl\/AT<\/a><\/strong>. <img loading=\"lazy\" class=\"alignnone size-medium wp-image-66084\" src=\"http:\/\/www.filindeblogg.nu\/wp-content\/uploads\/2016\/04\/Agneta-Bode-Foto-BblAT-300x200.jpg\" alt=\"Agneta Bode Foto BblAT\" width=\"300\" height=\"200\" srcset=\"http:\/\/www.filindeblogg.nu\/wp-content\/uploads\/2016\/04\/Agneta-Bode-Foto-BblAT-300x200.jpg 300w, http:\/\/www.filindeblogg.nu\/wp-content\/uploads\/2016\/04\/Agneta-Bode-Foto-BblAT-768x513.jpg 768w, http:\/\/www.filindeblogg.nu\/wp-content\/uploads\/2016\/04\/Agneta-Bode-Foto-BblAT.jpg 860w\" sizes=\"(max-width: 300px) 100vw, 300px\" \/> (Foto Bbl\/AT)<\/p>\n<p><img loading=\"lazy\" class=\"alignnone  wp-image-66093\" src=\"http:\/\/www.filindeblogg.nu\/wp-content\/uploads\/2016\/04\/Granskning-2.jpg\" alt=\"Granskning 2\" width=\"184\" height=\"184\" srcset=\"http:\/\/www.filindeblogg.nu\/wp-content\/uploads\/2016\/04\/Granskning-2.jpg 225w, http:\/\/www.filindeblogg.nu\/wp-content\/uploads\/2016\/04\/Granskning-2-150x150.jpg 150w, http:\/\/www.filindeblogg.nu\/wp-content\/uploads\/2016\/04\/Granskning-2-144x144.jpg 144w\" sizes=\"(max-width: 184px) 100vw, 184px\" \/>\u00a0F\u00f6r \u00f6vrigt kommer 10 \u00e5rs ers\u00e4ttningar till Arbogapolitiker nu att granskas av oberoende revisorer! Tack f\u00f6r det!<br \/>\nL\u00e4s mera <strong><a href=\"http:\/\/bblat.se\/nyheter\/arboga\/1.3733648-arbogapolitiker-granskas\" target=\"_blank\">H\u00c4R!<\/a> <\/strong><\/p>\n<p>Fy, vilka hemska h\u00e4ndelser i <strong>Arboga<\/strong>!! D\u00e4rf\u00f6r tar vi lite trevliga saker i bloggen idag ocks\u00e5 &#8211;<strong> Arboga D\u00e4ck &amp; Gummiservice!<\/strong><br \/>\nDet \u00e4r ju dags att plocka av dubbd\u00e4cken och det g\u00f6r <strong>Marcus och Mattias med personal<\/strong> s\u00e5 g\u00e4rna p\u00e5 gummiverkstan!<\/p>\n<p><img loading=\"lazy\" class=\"alignnone size-medium wp-image-66085\" src=\"http:\/\/www.filindeblogg.nu\/wp-content\/uploads\/2016\/04\/Sommard\u00e4ck-p\u00e5-300x300.jpg\" alt=\"Sommard\u00e4ck p\u00e5\" width=\"300\" height=\"300\" srcset=\"http:\/\/www.filindeblogg.nu\/wp-content\/uploads\/2016\/04\/Sommard\u00e4ck-p\u00e5-300x300.jpg 300w, http:\/\/www.filindeblogg.nu\/wp-content\/uploads\/2016\/04\/Sommard\u00e4ck-p\u00e5-150x150.jpg 150w, http:\/\/www.filindeblogg.nu\/wp-content\/uploads\/2016\/04\/Sommard\u00e4ck-p\u00e5-144x144.jpg 144w, http:\/\/www.filindeblogg.nu\/wp-content\/uploads\/2016\/04\/Sommard\u00e4ck-p\u00e5.jpg 526w\" sizes=\"(max-width: 300px) 100vw, 300px\" \/> H\u00e4r f\u00e5r bloggarens p\u00e4rla sommard\u00e4cken p\u00e5 genom <strong>Mattias Larsson<\/strong>s f\u00f6rsorg!<br \/>\n<strong>Br\u00f6derna Larsson<\/strong> hade fullt upp idag. F\u00f6rutom att byta d\u00e4ck ringde telefonerna hela tiden! <img loading=\"lazy\" class=\"alignnone size-full wp-image-66086\" src=\"http:\/\/www.filindeblogg.nu\/wp-content\/uploads\/2016\/04\/Mattias-Larsson.jpg\" alt=\"Mattias Larsson\" width=\"247\" height=\"247\" srcset=\"http:\/\/www.filindeblogg.nu\/wp-content\/uploads\/2016\/04\/Mattias-Larsson.jpg 247w, http:\/\/www.filindeblogg.nu\/wp-content\/uploads\/2016\/04\/Mattias-Larsson-150x150.jpg 150w, http:\/\/www.filindeblogg.nu\/wp-content\/uploads\/2016\/04\/Mattias-Larsson-144x144.jpg 144w\" sizes=\"(max-width: 247px) 100vw, 247px\" \/> <strong>Mattias<\/strong> v\u00e4lkomnar \u00e4nnu en kund f\u00f6r d\u00e4ckbyte.<\/p>\n<p>Du har 9 dagar p\u00e5 dig att f\u00e5 av dubbd\u00e4cken! Dubbd\u00e4ck f\u00e5r k\u00f6ras till och med den 15 april! L\u00e4s<a href=\"http:\/\/www.transportstyrelsen.se\/vinterdack\" target=\"_blank\"><strong> H\u00c4R<\/strong><\/a> p\u00e5 <strong>Transportstyrelsens<\/strong> hemsida vad som g\u00e4ller.<\/p>\n<p>F\u00f6rutom att man snabbt, l\u00e4tt och billigt f\u00e5r sina d\u00e4ck bytta s\u00e5 \u00e4r det alltid v\u00e4ldigt trevligt att bes\u00f6ka gummiverkstan och sl\u00e4nga lite k\u00e4ft med grabbarna! <img loading=\"lazy\" class=\"alignnone size-medium wp-image-66087\" src=\"http:\/\/www.filindeblogg.nu\/wp-content\/uploads\/2016\/04\/Marcus-Larsson-300x300.jpg\" alt=\"Marcus Larsson\" width=\"300\" height=\"300\" srcset=\"http:\/\/www.filindeblogg.nu\/wp-content\/uploads\/2016\/04\/Marcus-Larsson-300x300.jpg 300w, http:\/\/www.filindeblogg.nu\/wp-content\/uploads\/2016\/04\/Marcus-Larsson-150x150.jpg 150w, http:\/\/www.filindeblogg.nu\/wp-content\/uploads\/2016\/04\/Marcus-Larsson-768x768.jpg 768w, http:\/\/www.filindeblogg.nu\/wp-content\/uploads\/2016\/04\/Marcus-Larsson-144x144.jpg 144w, http:\/\/www.filindeblogg.nu\/wp-content\/uploads\/2016\/04\/Marcus-Larsson.jpg 960w\" sizes=\"(max-width: 300px) 100vw, 300px\" \/> Marcus hade tid f\u00f6r en bild ocks\u00e5 trots mycket jobb! \ud83d\ude42<\/p>\n<p>Arboga D\u00e4ck &amp; Gummi hittar du <a href=\"http:\/\/arboga.dackpartner.se\/\" target=\"_blank\"><strong>H\u00c4R!<\/strong><\/a> Telefon till <strong>GummiElons s\u00f6ner<\/strong> \u00e4r 0589-146 75 eller 070-661 75 78. Sl\u00e5 en signal f\u00f6re &#8211; grabbarna \u00e4r \u00f6verhopade med jobb de h\u00e4r veckorna. Ring s\u00e5 f\u00e5r du veta b\u00e4sta tiden f\u00f6r att slippa k\u00f6a!<\/p>\n<p><img loading=\"lazy\" class=\"aligncenter size-full wp-image-66088\" src=\"http:\/\/www.filindeblogg.nu\/wp-content\/uploads\/2016\/04\/D\u00e4ck.jpg\" alt=\"D\u00e4ck\" width=\"285\" height=\"177\" \/><\/p>\n<p>Regntung dag idag men v\u00e5ren \u00e4r h\u00e4r &#8211; var glad f\u00f6r det! \ud83d\ude42 <img loading=\"lazy\" class=\"alignnone  wp-image-66089\" src=\"http:\/\/www.filindeblogg.nu\/wp-content\/uploads\/2016\/04\/Pense-300x300.jpg\" alt=\"Pense\" width=\"127\" height=\"127\" srcset=\"http:\/\/www.filindeblogg.nu\/wp-content\/uploads\/2016\/04\/Pense-300x300.jpg 300w, http:\/\/www.filindeblogg.nu\/wp-content\/uploads\/2016\/04\/Pense-150x150.jpg 150w, http:\/\/www.filindeblogg.nu\/wp-content\/uploads\/2016\/04\/Pense-144x144.jpg 144w, http:\/\/www.filindeblogg.nu\/wp-content\/uploads\/2016\/04\/Pense.jpg 526w\" sizes=\"(max-width: 127px) 100vw, 127px\" \/><\/p>\n<p>&nbsp;<\/p>\n","protected":false},"excerpt":{"rendered":"<p>Dagens Arboga Tidning ser ut s\u00e5 h\u00e4r: Tack och lov, f\u00e5r man v\u00e4l \u00e4nd\u00e5 s\u00e4ga! Bloggaren syftar p\u00e5 rubriken &#8221;Ny majoritet redo att ta \u00f6ver Arboga&#8221;. \u00a0Inne i tidningen kan ni l\u00e4sa om presskonferensen ig\u00e5r d\u00e5 de sju partierna ber\u00e4ttade om sitt gemensamma beslut om att \u00f6verta makten i Arboga. (Foto: Bbl\/AT)\u00a0 Klicka H\u00c4R! Tack [&hellip;]<\/p>\n","protected":false},"author":1,"featured_media":0,"comment_status":"open","ping_status":"open","sticky":false,"template":"","format":"standard","meta":[],"categories":[127,206,189,100,119,101],"tags":[],"_links":{"self":[{"href":"http:\/\/www.filindeblogg.nu\/index.php?rest_route=\/wp\/v2\/posts\/66078"}],"collection":[{"href":"http:\/\/www.filindeblogg.nu\/index.php?rest_route=\/wp\/v2\/posts"}],"about":[{"href":"http:\/\/www.filindeblogg.nu\/index.php?rest_route=\/wp\/v2\/types\/post"}],"author":[{"embeddable":true,"href":"http:\/\/www.filindeblogg.nu\/index.php?rest_route=\/wp\/v2\/users\/1"}],"replies":[{"embeddable":true,"href":"http:\/\/www.filindeblogg.nu\/index.php?rest_route=%2Fwp%2Fv2%2Fcomments&post=66078"}],"version-history":[{"count":7,"href":"http:\/\/www.filindeblogg.nu\/index.php?rest_route=\/wp\/v2\/posts\/66078\/revisions"}],"predecessor-version":[{"id":66097,"href":"http:\/\/www.filindeblogg.nu\/index.php?rest_route=\/wp\/v2\/posts\/66078\/revisions\/66097"}],"wp:attachment":[{"href":"http:\/\/www.filindeblogg.nu\/index.php?rest_route=%2Fwp%2Fv2%2Fmedia&parent=66078"}],"wp:term":[{"taxonomy":"category","embeddable":true,"href":"http:\/\/www.filindeblogg.nu\/index.php?rest_route=%2Fwp%2Fv2%2Fcategories&post=66078"},{"taxonomy":"post_tag","embeddable":true,"href":"http:\/\/www.filindeblogg.nu\/index.php?rest_route=%2Fwp%2Fv2%2Ftags&post=66078"}],"curies":[{"name":"wp","href":"https:\/\/api.w.org\/{rel}","templated":true}]}}