{"id":66039,"date":"2016-04-05T13:35:47","date_gmt":"2016-04-05T12:35:47","guid":{"rendered":"http:\/\/www.filindeblogg.nu\/?p=66039"},"modified":"2016-04-05T13:39:13","modified_gmt":"2016-04-05T12:39:13","slug":"vad-tycker-du","status":"publish","type":"post","link":"http:\/\/www.filindeblogg.nu\/?p=66039","title":{"rendered":"Vad tycker du? Sanning eller skitsnack??"},"content":{"rendered":"<p>Ja, och vad tycker Arbogaborna om <strong>Arbogas\u00e5pan<\/strong>? <img loading=\"lazy\" class=\"alignnone wp-image-65926\" src=\"http:\/\/www.filindeblogg.nu\/wp-content\/uploads\/2016\/03\/S\u00e5pa-1.jpg\" alt=\"S\u00e5pa\" width=\"118\" height=\"85\" \/> <img loading=\"lazy\" class=\"alignnone wp-image-66058\" src=\"http:\/\/www.filindeblogg.nu\/wp-content\/uploads\/2016\/04\/Sanning-eller-l\u00f6gn-1.jpg\" alt=\"Sanning eller l\u00f6gn\" width=\"213\" height=\"117\" \/>Vad \u00e4r sanning och vad \u00e4r l\u00f6gn? Hur tycker man egentligen?<\/p>\n<p>Ja, det tycks v\u00e4ldigt mycket och det tycks v\u00e4ldigt illa om det som h\u00e4nt! <img loading=\"lazy\" class=\"alignnone size-medium wp-image-66050\" src=\"http:\/\/www.filindeblogg.nu\/wp-content\/uploads\/2016\/04\/013-300x221.jpg\" alt=\"013\" width=\"300\" height=\"221\" srcset=\"http:\/\/www.filindeblogg.nu\/wp-content\/uploads\/2016\/04\/013-300x221.jpg 300w, http:\/\/www.filindeblogg.nu\/wp-content\/uploads\/2016\/04\/013.jpg 556w\" sizes=\"(max-width: 300px) 100vw, 300px\" \/><br \/>\nS\u00e5 h\u00e4r s\u00e5g ins\u00e4ndarsidan ut ig\u00e5r i <a href=\"http:\/\/bblat.se\/\" target=\"_blank\"><strong>Arboga Tidning:<\/strong><\/a> <img loading=\"lazy\" class=\"alignnone size-medium wp-image-66041\" src=\"http:\/\/www.filindeblogg.nu\/wp-content\/uploads\/2016\/04\/007-1-225x300.jpg\" alt=\"007\" width=\"225\" height=\"300\" srcset=\"http:\/\/www.filindeblogg.nu\/wp-content\/uploads\/2016\/04\/007-1-225x300.jpg 225w, http:\/\/www.filindeblogg.nu\/wp-content\/uploads\/2016\/04\/007-1.jpg 450w\" sizes=\"(max-width: 225px) 100vw, 225px\" \/> Till v\u00e4nster skriver <strong>Socialdemokraterna<\/strong> om att <em>&#8221;l\u00e4ka s\u00e5ren&#8221;<\/em> och delar av inl\u00e4gget ser ut s\u00e5 h\u00e4r:<br \/>\n<em>&#8221;Det smutskastades person efter person&#8230;&#8221;<\/em> <img loading=\"lazy\" class=\"alignnone size-medium wp-image-66042\" src=\"http:\/\/www.filindeblogg.nu\/wp-content\/uploads\/2016\/04\/008-nr-1-225x300.jpg\" alt=\"008 nr 1\" width=\"225\" height=\"300\" srcset=\"http:\/\/www.filindeblogg.nu\/wp-content\/uploads\/2016\/04\/008-nr-1-225x300.jpg 225w, http:\/\/www.filindeblogg.nu\/wp-content\/uploads\/2016\/04\/008-nr-1.jpg 450w\" sizes=\"(max-width: 225px) 100vw, 225px\" \/><br \/>\nBloggaren k\u00e4nner det som att det \u00e4r en enda person som huvudsakligen smutskastats &#8211; kommunalr\u00e5det <strong>Agneta Bode<\/strong>&#8230; <img loading=\"lazy\" class=\"alignnone size-medium wp-image-66043\" src=\"http:\/\/www.filindeblogg.nu\/wp-content\/uploads\/2016\/04\/009-1-300x225.jpg\" alt=\"009\" width=\"300\" height=\"225\" srcset=\"http:\/\/www.filindeblogg.nu\/wp-content\/uploads\/2016\/04\/009-1-300x225.jpg 300w, http:\/\/www.filindeblogg.nu\/wp-content\/uploads\/2016\/04\/009-1.jpg 600w\" sizes=\"(max-width: 300px) 100vw, 300px\" \/>\u00a0 Socialdemokraterna p\u00e5st\u00e5r bland annat att Agneta Bode sprungit till pressen.<br \/>\nTidningen kommenterar det inl\u00e4gget s\u00e5 h\u00e4r: <img loading=\"lazy\" class=\"alignnone size-medium wp-image-66044\" src=\"http:\/\/www.filindeblogg.nu\/wp-content\/uploads\/2016\/04\/010-300x225.jpg\" alt=\"010\" width=\"300\" height=\"225\" srcset=\"http:\/\/www.filindeblogg.nu\/wp-content\/uploads\/2016\/04\/010-300x225.jpg 300w, http:\/\/www.filindeblogg.nu\/wp-content\/uploads\/2016\/04\/010.jpg 600w\" sizes=\"(max-width: 300px) 100vw, 300px\" \/> D v s &#8211; Agneta Bode har inte kontaktat tidningen utan det har varit tv\u00e4rtom.<\/p>\n<p><strong><em>&#8221;Styrelsen i Arbogas Socialdemokratiska Arbetarekommun&#8221;<\/em><\/strong> skriver vidare s\u00e5 h\u00e4r: <img loading=\"lazy\" class=\"alignnone size-medium wp-image-66045\" src=\"http:\/\/www.filindeblogg.nu\/wp-content\/uploads\/2016\/04\/012-1-225x300.jpg\" alt=\"012\" width=\"225\" height=\"300\" srcset=\"http:\/\/www.filindeblogg.nu\/wp-content\/uploads\/2016\/04\/012-1-225x300.jpg 225w, http:\/\/www.filindeblogg.nu\/wp-content\/uploads\/2016\/04\/012-1.jpg 450w\" sizes=\"(max-width: 225px) 100vw, 225px\" \/> Att Agneta Bode &#8221;m<em>ed gl\u00e4dje l\u00e4mnar \u00f6ver ordf\u00f6randeposten till Anders R\u00f6hfors (M)&#8230;&#8221;<\/em><br \/>\nP\u00e5 tal om smutskastning allts\u00e5&#8230;<br \/>\nOch s\u00e5 det h\u00e4r: <img loading=\"lazy\" class=\"alignnone size-medium wp-image-66047\" src=\"http:\/\/www.filindeblogg.nu\/wp-content\/uploads\/2016\/04\/011-225x300.jpg\" alt=\"011\" width=\"225\" height=\"300\" srcset=\"http:\/\/www.filindeblogg.nu\/wp-content\/uploads\/2016\/04\/011-225x300.jpg 225w, http:\/\/www.filindeblogg.nu\/wp-content\/uploads\/2016\/04\/011.jpg 450w\" sizes=\"(max-width: 225px) 100vw, 225px\" \/> <em>&#8221;Kr\u00e4nkningar, hot och l\u00f6gner&#8221;<\/em>&#8230; &#8211; om de forna samarbetspartierna.<br \/>\n<em>&#8221;Som f\u00f6rmodligen alla har sett s\u00e5 har Dan Karlsson uttalat b\u00e5de kr\u00e4nkningar, hot och l\u00f6gner via tidningen och sociala medier&#8230;&#8221;<\/em><\/p>\n<p>Hela ins\u00e4ndaren fr\u00e5n den socialdemokratiska styrelsen kan ni l\u00e4sa <strong><a href=\"http:\/\/bblat.se\/insandare\/1.3719832-arboga-s-kommenterar-interna-stridigheterna\" target=\"_blank\">H\u00c4R!<\/a><\/strong><\/p>\n<p>Varvid <strong>Carl-Erik Almskoug (OPA), Hans Ivarsson (C) och Dan Avdic Karlsson (V)<\/strong> ger svar p\u00e5 tal i dagens Arboga Tidning: <img loading=\"lazy\" class=\"alignnone size-medium wp-image-66048\" src=\"http:\/\/www.filindeblogg.nu\/wp-content\/uploads\/2016\/04\/004-2-225x300.jpg\" alt=\"004\" width=\"225\" height=\"300\" srcset=\"http:\/\/www.filindeblogg.nu\/wp-content\/uploads\/2016\/04\/004-2-225x300.jpg 225w, http:\/\/www.filindeblogg.nu\/wp-content\/uploads\/2016\/04\/004-2.jpg 450w\" sizes=\"(max-width: 225px) 100vw, 225px\" \/> Repliken kan ni l\u00e4sa i sin helhet <strong><a href=\"http:\/\/bblat.se\/insandare\/1.3726584-s-prat-som-skjuter-fortroendet-i-sank\" target=\"_blank\">H\u00c4R!<\/a><\/strong><\/p>\n<p>Fr\u00e5n n\u00e4tsidans ins\u00e4ndare publicerar papperstidningen idag bl a det h\u00e4r fr\u00e5n <strong>Liisa Pettersson (S), ordf\u00f6rande i kommunfullm\u00e4ktige<\/strong>: <img loading=\"lazy\" class=\"alignnone size-medium wp-image-66049\" src=\"http:\/\/www.filindeblogg.nu\/wp-content\/uploads\/2016\/04\/006-2-225x300.jpg\" alt=\"006\" width=\"225\" height=\"300\" srcset=\"http:\/\/www.filindeblogg.nu\/wp-content\/uploads\/2016\/04\/006-2-225x300.jpg 225w, http:\/\/www.filindeblogg.nu\/wp-content\/uploads\/2016\/04\/006-2.jpg 450w\" sizes=\"(max-width: 225px) 100vw, 225px\" \/> <strong><em>&#8221;Det \u00e4r dags f\u00f6r styrelsen att ta sitt ansvar. Sluta att sprida l\u00f6gner om att Agneta har kontakta tidningen, vilket Anderas Nilsson har bekr\u00e4ftat. <\/em><\/strong><br \/>\n<strong><em>Ni och de som r\u00f6stade p\u00e5 styrelsens f\u00f6rslag p\u00e5 medlemsm\u00f6tet ni visste mycket v\u00e4l konsekvenserna av beslutet. <\/em><\/strong><br \/>\n<strong><em>Ni \u00e4r ansvariga f\u00f6r att det har blivit majoritetsskifte i kommunen.<br \/>\nDet \u00e4r ni 37 som ska g\u00e5 ut till Arbogaborna och f\u00f6rklara varf\u00f6r man ska r\u00f6sta p\u00e5 Socialdemokraterna.&#8221;<\/em><\/strong><\/p>\n<p>Ord och inga visor &#8211; men sant!<\/p>\n<p><img loading=\"lazy\" class=\"alignnone size-medium wp-image-66051\" src=\"http:\/\/www.filindeblogg.nu\/wp-content\/uploads\/2016\/04\/Spelet-Sanning-eller-Skitsnack-300x300.jpg\" alt=\"Spelet Sanning eller Skitsnack\" width=\"300\" height=\"300\" srcset=\"http:\/\/www.filindeblogg.nu\/wp-content\/uploads\/2016\/04\/Spelet-Sanning-eller-Skitsnack-300x300.jpg 300w, http:\/\/www.filindeblogg.nu\/wp-content\/uploads\/2016\/04\/Spelet-Sanning-eller-Skitsnack-150x150.jpg 150w, http:\/\/www.filindeblogg.nu\/wp-content\/uploads\/2016\/04\/Spelet-Sanning-eller-Skitsnack-144x144.jpg 144w, http:\/\/www.filindeblogg.nu\/wp-content\/uploads\/2016\/04\/Spelet-Sanning-eller-Skitsnack.jpg 460w\" sizes=\"(max-width: 300px) 100vw, 300px\" \/>\u00a0Vem \u00e4r \u00e4rlig och vem far med osanning? Handlar det mest om en massa intriger och skitsnack?<br \/>\nDet \u00e4r som det d\u00e4r s\u00e4llskapsspelet! <strong><em>&#8211; &#8221;Sanning eller skitsnack. Kan du avg\u00f6ra vad som \u00e4r vad?&#8221;<\/em><\/strong><\/p>\n<p>Mycket tyckande blir det! Bloggaren skrev ins\u00e4ndare f\u00f6rr. <img loading=\"lazy\" class=\"alignnone wp-image-66040\" src=\"http:\/\/www.filindeblogg.nu\/wp-content\/uploads\/2016\/04\/014-300x230.jpg\" alt=\"014\" width=\"110\" height=\"84\" srcset=\"http:\/\/www.filindeblogg.nu\/wp-content\/uploads\/2016\/04\/014-300x230.jpg 300w, http:\/\/www.filindeblogg.nu\/wp-content\/uploads\/2016\/04\/014.jpg 586w\" sizes=\"(max-width: 110px) 100vw, 110px\" \/>\u00a0 Inte l\u00e4ngre!<br \/>\n<img loading=\"lazy\" class=\"alignnone size-medium wp-image-66052\" src=\"http:\/\/www.filindeblogg.nu\/wp-content\/uploads\/2016\/04\/016-1-225x300.jpg\" alt=\"016\" width=\"225\" height=\"300\" srcset=\"http:\/\/www.filindeblogg.nu\/wp-content\/uploads\/2016\/04\/016-1-225x300.jpg 225w, http:\/\/www.filindeblogg.nu\/wp-content\/uploads\/2016\/04\/016-1.jpg 450w\" sizes=\"(max-width: 225px) 100vw, 225px\" \/>\u00a0Nu \u00e4r det den egna bloggen som g\u00e4ller!<br \/>\nD\u00e4r \u00e4r ordet fritt, d\u00e4r finns ingen censur &#8211; bara bloggarens egen k\u00e4nsla f\u00f6r etik.<br \/>\nKr\u00e4nkningar publiceras inte men svar p\u00e5 tal kan ges och tas fr\u00e5n b\u00e5da h\u00e5ll i en god ton.<br \/>\nBloggen kan l\u00e4sas \u00e4ven i din smartphone!<\/p>\n<p>Bloggaren tog en sv\u00e4ng p\u00e5 stan under f\u00f6rmiddagen och hade turen att tr\u00e4ffa p\u00e5 de nya ledarna i stan &#8211; direkt utkomna fr\u00e5n den presskonferens som h\u00e5llits p\u00e5 R\u00e5dhuset!<br \/>\n<strong>Christian Payerl (MP), Kjell Wendin (KD) och Anders R\u00f6hfors (M)<\/strong> var sp\u00e4nda men glada och f\u00f6rv\u00e4ntansfullt optimistiska inf\u00f6r utmaningen som st\u00e5r framf\u00f6r dem ihop med de \u00f6vriga fyra partierna.<\/p>\n<p>Bloggaren kramade och \u00f6nskade lycka till. <img loading=\"lazy\" class=\"alignnone size-medium wp-image-66054\" src=\"http:\/\/www.filindeblogg.nu\/wp-content\/uploads\/2016\/04\/017-225x300.jpg\" alt=\"017\" width=\"225\" height=\"300\" srcset=\"http:\/\/www.filindeblogg.nu\/wp-content\/uploads\/2016\/04\/017-225x300.jpg 225w, http:\/\/www.filindeblogg.nu\/wp-content\/uploads\/2016\/04\/017.jpg 450w\" sizes=\"(max-width: 225px) 100vw, 225px\" \/><\/p>\n<p>Presskonferensen som s\u00e4ndes live via <strong>Bbl\/AT<\/strong> visade p\u00e5 en v\u00e4ldigt enig sjumannagrupp som s\u00e4tter Arbogas b\u00e4sta fr\u00e4mst. En gemensam vilja att i m\u00f6jligaste m\u00e5n bortse fr\u00e5n olikheter i ideologier f\u00f6r att skapa de b\u00e4sta f\u00f6ruts\u00e4ttningarna lokalt.<br \/>\nSt\u00e4mningen k\u00e4ndes i det n\u00e4rmaste l\u00e4ttad och det fanns en klar optimistisk inst\u00e4llning fr\u00e5n alla sju partierna att detta ska g\u00f6ras &#8211; och g\u00f6ras bra!<br \/>\nMed andra ord Arbogaborna borde ocks\u00e5 kunna k\u00e4nna sig lite mer l\u00e4ttade nu&#8230;<\/p>\n<p><strong>Bbl\/AT<\/strong> och <strong>Arboga Tidning<\/strong> hittar du <a href=\"http:\/\/bblat.se\/\" target=\"_blank\"><strong>H\u00c4R!<\/strong> <\/a>Presskonferensen kan du se <strong><a href=\"http:\/\/bblat.se\/nyheter\/nyheter\/1.3728992-live-tv-presskonferens-efter-bodestormen\" target=\"_blank\">H\u00c4R!\u00a0\u00a0\u00a0 <\/a><\/strong><\/p>\n<p><strong>Ins\u00e4ndarsidan<\/strong> i tidningen finner du <strong><a href=\"http:\/\/bblat.se\/insandare\" target=\"_blank\">H\u00c4R!<\/a><\/strong><\/p>\n<p>Ja, nu kanske det f\u00f6rhoppningsvis kan bli lite lugnare i Arboga. Och n\u00e5gra f\u00e5r g\u00f6ra s\u00e5 h\u00e4r, som p\u00e5 bloggaren g\u00e5rd &#8211;<img loading=\"lazy\" class=\"alignnone size-medium wp-image-66055\" src=\"http:\/\/www.filindeblogg.nu\/wp-content\/uploads\/2016\/04\/001-2-300x225.jpg\" alt=\"001\" width=\"300\" height=\"225\" srcset=\"http:\/\/www.filindeblogg.nu\/wp-content\/uploads\/2016\/04\/001-2-300x225.jpg 300w, http:\/\/www.filindeblogg.nu\/wp-content\/uploads\/2016\/04\/001-2.jpg 600w\" sizes=\"(max-width: 300px) 100vw, 300px\" \/> &#8211; sopa rent f\u00f6r egen d\u00f6rr&#8230;<\/p>\n<p>&nbsp;<\/p>\n<p>&nbsp;<\/p>\n<p>&nbsp;<\/p>\n","protected":false},"excerpt":{"rendered":"<p>Ja, och vad tycker Arbogaborna om Arbogas\u00e5pan? Vad \u00e4r sanning och vad \u00e4r l\u00f6gn? Hur tycker man egentligen? Ja, det tycks v\u00e4ldigt mycket och det tycks v\u00e4ldigt illa om det som h\u00e4nt! S\u00e5 h\u00e4r s\u00e5g ins\u00e4ndarsidan ut ig\u00e5r i Arboga Tidning: Till v\u00e4nster skriver Socialdemokraterna om att &#8221;l\u00e4ka s\u00e5ren&#8221; och delar av inl\u00e4gget ser ut [&hellip;]<\/p>\n","protected":false},"author":1,"featured_media":0,"comment_status":"open","ping_status":"open","sticky":false,"template":"","format":"standard","meta":[],"categories":[127,206,100,119,101],"tags":[],"_links":{"self":[{"href":"http:\/\/www.filindeblogg.nu\/index.php?rest_route=\/wp\/v2\/posts\/66039"}],"collection":[{"href":"http:\/\/www.filindeblogg.nu\/index.php?rest_route=\/wp\/v2\/posts"}],"about":[{"href":"http:\/\/www.filindeblogg.nu\/index.php?rest_route=\/wp\/v2\/types\/post"}],"author":[{"embeddable":true,"href":"http:\/\/www.filindeblogg.nu\/index.php?rest_route=\/wp\/v2\/users\/1"}],"replies":[{"embeddable":true,"href":"http:\/\/www.filindeblogg.nu\/index.php?rest_route=%2Fwp%2Fv2%2Fcomments&post=66039"}],"version-history":[{"count":20,"href":"http:\/\/www.filindeblogg.nu\/index.php?rest_route=\/wp\/v2\/posts\/66039\/revisions"}],"predecessor-version":[{"id":66077,"href":"http:\/\/www.filindeblogg.nu\/index.php?rest_route=\/wp\/v2\/posts\/66039\/revisions\/66077"}],"wp:attachment":[{"href":"http:\/\/www.filindeblogg.nu\/index.php?rest_route=%2Fwp%2Fv2%2Fmedia&parent=66039"}],"wp:term":[{"taxonomy":"category","embeddable":true,"href":"http:\/\/www.filindeblogg.nu\/index.php?rest_route=%2Fwp%2Fv2%2Fcategories&post=66039"},{"taxonomy":"post_tag","embeddable":true,"href":"http:\/\/www.filindeblogg.nu\/index.php?rest_route=%2Fwp%2Fv2%2Ftags&post=66039"}],"curies":[{"name":"wp","href":"https:\/\/api.w.org\/{rel}","templated":true}]}}