{"id":66018,"date":"2016-04-04T17:29:13","date_gmt":"2016-04-04T16:29:13","guid":{"rendered":"http:\/\/www.filindeblogg.nu\/?p=66018"},"modified":"2016-04-04T17:33:08","modified_gmt":"2016-04-04T16:33:08","slug":"arbogasapan-inne-pa-3e-veckan","status":"publish","type":"post","link":"http:\/\/www.filindeblogg.nu\/?p=66018","title":{"rendered":"Arbogas\u00e5pan inne p\u00e5 3:e veckan!!"},"content":{"rendered":"<p><img loading=\"lazy\" class=\"alignnone wp-image-65926\" src=\"http:\/\/www.filindeblogg.nu\/wp-content\/uploads\/2016\/03\/S\u00e5pa-1.jpg\" alt=\"S\u00e5pa\" width=\"110\" height=\"79\" \/><br \/>\n<strong>Arbogas\u00e5pan<\/strong> \u00e4r nu inne p\u00e5 tredje (3:e!) veckan! <img loading=\"lazy\" class=\"alignnone  wp-image-66035\" src=\"http:\/\/www.filindeblogg.nu\/wp-content\/uploads\/2016\/04\/009-300x225.jpg\" alt=\"009\" width=\"185\" height=\"139\" srcset=\"http:\/\/www.filindeblogg.nu\/wp-content\/uploads\/2016\/04\/009-300x225.jpg 300w, http:\/\/www.filindeblogg.nu\/wp-content\/uploads\/2016\/04\/009.jpg 600w\" sizes=\"(max-width: 185px) 100vw, 185px\" \/><br \/>\n\u00c4nnu har inte de f d styrande i <strong>Arboga<\/strong> l\u00e4rt sig att interna konflikter hanterar man inte hur som helst och allraminst i media&#8230;<\/p>\n<p>F\u00f6r s\u00e5 h\u00e4r se <strong>Arboga Tidning<\/strong> ut idag! <img loading=\"lazy\" class=\"alignnone size-medium wp-image-66019\" src=\"http:\/\/www.filindeblogg.nu\/wp-content\/uploads\/2016\/04\/001-1-225x300.jpg\" alt=\"001\" width=\"225\" height=\"300\" srcset=\"http:\/\/www.filindeblogg.nu\/wp-content\/uploads\/2016\/04\/001-1-225x300.jpg 225w, http:\/\/www.filindeblogg.nu\/wp-content\/uploads\/2016\/04\/001-1.jpg 450w\" sizes=\"(max-width: 225px) 100vw, 225px\" \/><br \/>\n<strong>Olle Ytterberg<\/strong> talar ut!<br \/>\n<img loading=\"lazy\" class=\"alignnone size-medium wp-image-66022\" src=\"http:\/\/www.filindeblogg.nu\/wp-content\/uploads\/2016\/04\/004-1-300x225.jpg\" alt=\"004\" width=\"300\" height=\"225\" srcset=\"http:\/\/www.filindeblogg.nu\/wp-content\/uploads\/2016\/04\/004-1-300x225.jpg 300w, http:\/\/www.filindeblogg.nu\/wp-content\/uploads\/2016\/04\/004-1.jpg 600w\" sizes=\"(max-width: 300px) 100vw, 300px\" \/>\u00a0Olle som har l\u00e4mnat sina politiska uppdrag dyker \u00e4nd\u00e5 upp lite \u00f6verallt som gubben-i-l\u00e5dan. Visst \u00e4r det m\u00e4rkligt!!<\/p>\n<p><img loading=\"lazy\" class=\"alignnone size-medium wp-image-66020\" src=\"http:\/\/www.filindeblogg.nu\/wp-content\/uploads\/2016\/04\/002-1-300x225.jpg\" alt=\"002\" width=\"300\" height=\"225\" srcset=\"http:\/\/www.filindeblogg.nu\/wp-content\/uploads\/2016\/04\/002-1-300x225.jpg 300w, http:\/\/www.filindeblogg.nu\/wp-content\/uploads\/2016\/04\/002-1.jpg 600w\" sizes=\"(max-width: 300px) 100vw, 300px\" \/> Och precis som bloggaren f\u00f6rutsp\u00e5dde s\u00e5 b\u00f6rjar nu fas 2 &#8211; att skylla ifr\u00e5n sig, skylla p\u00e5 n\u00e5gon annan.<\/p>\n<p><strong><em>&#8221;Det var inte jag som skrev brevet&#8221;<\/em>,<\/strong> s\u00e4ger Olle Ytterberg i tidningen. Det kan man v\u00e4l \u00e4nd\u00e5 kalla att skylla ifr\u00e5n sig n\u00e4r han ocks\u00e5 ber\u00e4ttar att han l\u00e4st n\u00e4mnda brev och dessutom korrekturl\u00e4st det. Att inneh\u00e5llet kanske inte var helt OK, m\u00e4rkte han tydligen inte. T\u00e4nkte inte p\u00e5 det&#8230; <img loading=\"lazy\" class=\"alignnone size-medium wp-image-66021\" src=\"http:\/\/www.filindeblogg.nu\/wp-content\/uploads\/2016\/04\/007-300x225.jpg\" alt=\"007\" width=\"300\" height=\"225\" srcset=\"http:\/\/www.filindeblogg.nu\/wp-content\/uploads\/2016\/04\/007-300x225.jpg 300w, http:\/\/www.filindeblogg.nu\/wp-content\/uploads\/2016\/04\/007.jpg 600w\" sizes=\"(max-width: 300px) 100vw, 300px\" \/><\/p>\n<p>I tidningen uttalar sig Olle Ytterberg ocks\u00e5 om det sparkade kommunalr\u00e5det. <img loading=\"lazy\" class=\"alignnone size-medium wp-image-66023\" src=\"http:\/\/www.filindeblogg.nu\/wp-content\/uploads\/2016\/04\/008-278x300.jpg\" alt=\"008\" width=\"278\" height=\"300\" srcset=\"http:\/\/www.filindeblogg.nu\/wp-content\/uploads\/2016\/04\/008-278x300.jpg 278w, http:\/\/www.filindeblogg.nu\/wp-content\/uploads\/2016\/04\/008.jpg 450w\" sizes=\"(max-width: 278px) 100vw, 278px\" \/> <strong>Agneta Bode<\/strong> har tydligen inte bem\u00f6tt honom p\u00e5 n\u00e5got trevligt s\u00e4tt&#8230;<br \/>\nKlart subjektivt &#8211; liksom Ytterbergs kommentar om att <em>&#8221;hon var oschysst&#8221;<\/em>.\u00a0 ???<\/p>\n<p>\u00c5ter igen far de h\u00e4r bilderna in i huvudet: <img loading=\"lazy\" class=\"alignnone size-medium wp-image-65820\" src=\"http:\/\/www.filindeblogg.nu\/wp-content\/uploads\/2016\/03\/Sandl\u00e5da-300x139.jpg\" alt=\"Sandl\u00e5da\" width=\"300\" height=\"139\" srcset=\"http:\/\/www.filindeblogg.nu\/wp-content\/uploads\/2016\/03\/Sandl\u00e5da-300x139.jpg 300w, http:\/\/www.filindeblogg.nu\/wp-content\/uploads\/2016\/03\/Sandl\u00e5da.jpg 330w\" sizes=\"(max-width: 300px) 100vw, 300px\" \/>Sandl\u00e5da!<\/p>\n<p>Lekstuga <img loading=\"lazy\" class=\"alignnone wp-image-65933\" src=\"http:\/\/www.filindeblogg.nu\/wp-content\/uploads\/2016\/03\/Lekstuga.jpg\" alt=\"Lekstuga\" width=\"113\" height=\"113\" srcset=\"http:\/\/www.filindeblogg.nu\/wp-content\/uploads\/2016\/03\/Lekstuga.jpg 225w, http:\/\/www.filindeblogg.nu\/wp-content\/uploads\/2016\/03\/Lekstuga-150x150.jpg 150w, http:\/\/www.filindeblogg.nu\/wp-content\/uploads\/2016\/03\/Lekstuga-144x144.jpg 144w\" sizes=\"(max-width: 113px) 100vw, 113px\" \/>och cirkus&#8230; <img loading=\"lazy\" class=\"alignnone size-full wp-image-65972\" src=\"http:\/\/www.filindeblogg.nu\/wp-content\/uploads\/2016\/03\/Cirkus-1.jpg\" alt=\"Cirkus\" width=\"120\" height=\"107\" \/><\/p>\n<p><strong>Interna stridigheter ska sk\u00f6tas just internt och snabbt l\u00f6sas! Styrande politiker ska \u00e4gna sin tid \u00e5r viktigare fr\u00e5gor &#8211; n\u00e4mligen de politiska uppdrag de \u00e4r satta att arbeta med!<\/strong><\/p>\n<p><img loading=\"lazy\" class=\"alignnone wp-image-66024\" src=\"http:\/\/www.filindeblogg.nu\/wp-content\/uploads\/2016\/04\/003-1-300x225.jpg\" alt=\"003\" width=\"247\" height=\"185\" srcset=\"http:\/\/www.filindeblogg.nu\/wp-content\/uploads\/2016\/04\/003-1-300x225.jpg 300w, http:\/\/www.filindeblogg.nu\/wp-content\/uploads\/2016\/04\/003-1.jpg 600w\" sizes=\"(max-width: 247px) 100vw, 247px\" \/>\u00a0 <strong>&#8211; Bedr\u00f6vligt, sa Bill! &#8211; El\u00e4ndigt, sa Bull!<\/strong><\/p>\n<p>Det \u00e4r faktiskt s\u00e5 att man g\u00e5r lite bananas! <img loading=\"lazy\" class=\"alignnone wp-image-66025\" src=\"http:\/\/www.filindeblogg.nu\/wp-content\/uploads\/2016\/04\/005-Kopia-210x300.jpg\" alt=\"005 - Kopia\" width=\"154\" height=\"220\" srcset=\"http:\/\/www.filindeblogg.nu\/wp-content\/uploads\/2016\/04\/005-Kopia-210x300.jpg 210w, http:\/\/www.filindeblogg.nu\/wp-content\/uploads\/2016\/04\/005-Kopia.jpg 419w\" sizes=\"(max-width: 154px) 100vw, 154px\" \/> Nu f\u00e5r det v\u00e4l \u00e4nd\u00e5 vara slut p\u00e5 sandl\u00e5dan\/lekstugan\/cirkusen!! Inga fler uttalanden nu i tidningen!!<br \/>\nJo, ett v\u00e4ntar bloggaren p\u00e5! Det med anstiftarna &#8211; <strong>Rosenkvist och svansen<\/strong>. Vad har de att s\u00e4ga idag? Det skulle vara mycket intressant att h\u00f6ra.<\/p>\n<p>Sen vill vi ha en oberoende granskning genomf\u00f6rd p\u00e5 eventuella oegentligheter som kan ha f\u00f6rekommit med bidrag och annat!<br \/>\nD\u00e4refter vill vi att Arbogas politiker inriktar sig p\u00e5 de uppdrag de valts i f\u00f6rtroende f\u00f6r &#8211; som f\u00f6rtroendevalda i Arboga kommun!<\/p>\n<p>Arboga Tidning och artikeln hittar du <strong><a href=\"http:\/\/bblat.se\/nyheter\/nyheter\/1.3725611-ytterberg-talar-ut-om-s-striden\" target=\"_blank\">H\u00c4R!<\/a><\/strong><\/p>\n<p><img loading=\"lazy\" class=\"aligncenter size-medium wp-image-66026\" src=\"http:\/\/www.filindeblogg.nu\/wp-content\/uploads\/2016\/04\/006-1-300x225.jpg\" alt=\"006\" width=\"300\" height=\"225\" srcset=\"http:\/\/www.filindeblogg.nu\/wp-content\/uploads\/2016\/04\/006-1-300x225.jpg 300w, http:\/\/www.filindeblogg.nu\/wp-content\/uploads\/2016\/04\/006-1.jpg 600w\" sizes=\"(max-width: 300px) 100vw, 300px\" \/><\/p>\n<p>&nbsp;<\/p>\n","protected":false},"excerpt":{"rendered":"<p>Arbogas\u00e5pan \u00e4r nu inne p\u00e5 tredje (3:e!) veckan! \u00c4nnu har inte de f d styrande i Arboga l\u00e4rt sig att interna konflikter hanterar man inte hur som helst och allraminst i media&#8230; F\u00f6r s\u00e5 h\u00e4r se Arboga Tidning ut idag! Olle Ytterberg talar ut! \u00a0Olle som har l\u00e4mnat sina politiska uppdrag dyker \u00e4nd\u00e5 upp lite [&hellip;]<\/p>\n","protected":false},"author":1,"featured_media":0,"comment_status":"open","ping_status":"open","sticky":false,"template":"","format":"standard","meta":[],"categories":[127,206,100,119,200,101],"tags":[],"_links":{"self":[{"href":"http:\/\/www.filindeblogg.nu\/index.php?rest_route=\/wp\/v2\/posts\/66018"}],"collection":[{"href":"http:\/\/www.filindeblogg.nu\/index.php?rest_route=\/wp\/v2\/posts"}],"about":[{"href":"http:\/\/www.filindeblogg.nu\/index.php?rest_route=\/wp\/v2\/types\/post"}],"author":[{"embeddable":true,"href":"http:\/\/www.filindeblogg.nu\/index.php?rest_route=\/wp\/v2\/users\/1"}],"replies":[{"embeddable":true,"href":"http:\/\/www.filindeblogg.nu\/index.php?rest_route=%2Fwp%2Fv2%2Fcomments&post=66018"}],"version-history":[{"count":10,"href":"http:\/\/www.filindeblogg.nu\/index.php?rest_route=\/wp\/v2\/posts\/66018\/revisions"}],"predecessor-version":[{"id":66037,"href":"http:\/\/www.filindeblogg.nu\/index.php?rest_route=\/wp\/v2\/posts\/66018\/revisions\/66037"}],"wp:attachment":[{"href":"http:\/\/www.filindeblogg.nu\/index.php?rest_route=%2Fwp%2Fv2%2Fmedia&parent=66018"}],"wp:term":[{"taxonomy":"category","embeddable":true,"href":"http:\/\/www.filindeblogg.nu\/index.php?rest_route=%2Fwp%2Fv2%2Fcategories&post=66018"},{"taxonomy":"post_tag","embeddable":true,"href":"http:\/\/www.filindeblogg.nu\/index.php?rest_route=%2Fwp%2Fv2%2Ftags&post=66018"}],"curies":[{"name":"wp","href":"https:\/\/api.w.org\/{rel}","templated":true}]}}