{"id":65993,"date":"2016-04-01T10:00:24","date_gmt":"2016-04-01T09:00:24","guid":{"rendered":"http:\/\/www.filindeblogg.nu\/?p=65993"},"modified":"2016-04-01T10:04:35","modified_gmt":"2016-04-01T09:04:35","slug":"aprilskamt","status":"publish","type":"post","link":"http:\/\/www.filindeblogg.nu\/?p=65993","title":{"rendered":"Aprilsk\u00e4mt!?"},"content":{"rendered":"<p><img loading=\"lazy\" class=\"alignnone size-full wp-image-65994\" src=\"http:\/\/www.filindeblogg.nu\/wp-content\/uploads\/2016\/04\/April-april.jpg\" alt=\"April april\" width=\"286\" height=\"176\" \/>April, april &#8211; det blir en blogg idag ocks\u00e5!!<\/p>\n<p>Det g\u00e5r ju inte att l\u00e5ta bli &#8211; n\u00e4r aprilsk\u00e4mten duggar t\u00e4tt. H\u00e4r &#8211; dagens <strong>Arboga Tidning<\/strong>: <img loading=\"lazy\" class=\"alignnone size-medium wp-image-65995\" src=\"http:\/\/www.filindeblogg.nu\/wp-content\/uploads\/2016\/04\/001-225x300.jpg\" alt=\"001\" width=\"225\" height=\"300\" srcset=\"http:\/\/www.filindeblogg.nu\/wp-content\/uploads\/2016\/04\/001-225x300.jpg 225w, http:\/\/www.filindeblogg.nu\/wp-content\/uploads\/2016\/04\/001.jpg 450w\" sizes=\"(max-width: 225px) 100vw, 225px\" \/> Historiskt maktskifte! Sossarna sk\u00f6t sig sj\u00e4lva i foten av maktbeg\u00e4r och girighet. Nu g\u00e5r <strong>V\u00e4nsterpartiet, Centern<\/strong> och<strong> OPA<\/strong> \u00f6ver till de borgerliga och 7 (!) partier ska styra Arboga kommuns v\u00e4l och ve.<br \/>\nEtt aprilsk\u00e4mt? Inte alls! Verkar det som en &#8221;mission impossible&#8221;? Inte d\u00e5, det kan knappast bli v\u00e4rre.<\/p>\n<p><img loading=\"lazy\" class=\"alignnone size-medium wp-image-65996\" src=\"http:\/\/www.filindeblogg.nu\/wp-content\/uploads\/2016\/04\/002-300x225.jpg\" alt=\"002\" width=\"300\" height=\"225\" srcset=\"http:\/\/www.filindeblogg.nu\/wp-content\/uploads\/2016\/04\/002-300x225.jpg 300w, http:\/\/www.filindeblogg.nu\/wp-content\/uploads\/2016\/04\/002.jpg 600w\" sizes=\"(max-width: 300px) 100vw, 300px\" \/> Inne i tidningen har <strong>Rosenkvists svans<\/strong> inte l\u00e4ngre lust att vara med p\u00e5 bild. <strong>Ingrid Nord-Silversten<\/strong> skyddar ansiktet och<strong> Pia Adamsson<\/strong> tittar bort. <img loading=\"lazy\" class=\"alignnone size-medium wp-image-65997\" src=\"http:\/\/www.filindeblogg.nu\/wp-content\/uploads\/2016\/04\/003-300x225.jpg\" alt=\"003\" width=\"300\" height=\"225\" srcset=\"http:\/\/www.filindeblogg.nu\/wp-content\/uploads\/2016\/04\/003-300x225.jpg 300w, http:\/\/www.filindeblogg.nu\/wp-content\/uploads\/2016\/04\/003.jpg 600w\" sizes=\"(max-width: 300px) 100vw, 300px\" \/><br \/>\nNu \u00e4r det tydligen inte lika kul med media l\u00e4ngre.<\/p>\n<p><img loading=\"lazy\" class=\"alignnone size-medium wp-image-65998\" src=\"http:\/\/www.filindeblogg.nu\/wp-content\/uploads\/2016\/04\/005-300x225.jpg\" alt=\"005\" width=\"300\" height=\"225\" srcset=\"http:\/\/www.filindeblogg.nu\/wp-content\/uploads\/2016\/04\/005-300x225.jpg 300w, http:\/\/www.filindeblogg.nu\/wp-content\/uploads\/2016\/04\/005.jpg 600w\" sizes=\"(max-width: 300px) 100vw, 300px\" \/> <strong>Agneta Bode (s)<\/strong> t\u00e4nker l\u00e4mna med v\u00e4rdighet &#8211; och <strong>Anders R\u00f6hfors (m)<\/strong> ser fram mot uppdraget som nytt kommunalr\u00e5d i Arboga.\u00a0 En <em>&#8221;sp\u00e4nnande utmaning&#8221;<\/em>.<img loading=\"lazy\" class=\"alignnone size-medium wp-image-65999\" src=\"http:\/\/www.filindeblogg.nu\/wp-content\/uploads\/2016\/04\/004-300x202.jpg\" alt=\"004\" width=\"300\" height=\"202\" srcset=\"http:\/\/www.filindeblogg.nu\/wp-content\/uploads\/2016\/04\/004-300x202.jpg 300w, http:\/\/www.filindeblogg.nu\/wp-content\/uploads\/2016\/04\/004.jpg 600w\" sizes=\"(max-width: 300px) 100vw, 300px\" \/> Och en utmaning l\u00e4r det nog bli &#8211; att kunna ena h\u00f6ger och v\u00e4nster till mittemellanbeslut. Men intentionerna verkar goda. V\u00e4nsterns <strong>Dan Karlsson Avdic<\/strong> deklarerade tidigt sin inst\u00e4llning till h\u00e4xjakten som p\u00e5gick mot sittande kommunalr\u00e5d och bloggaren tycker det \u00e4r att ta ansvar f\u00f6r sitt uppdrag som f\u00f6rtroendevald att t\u00e4nka nytt och g\u00f6ra det b\u00e4sta f\u00f6r Arboga \u00e4ven om det inneb\u00e4r att dela samvaro med h\u00f6gersp\u00f6ket.<\/p>\n<p>Nej, det h\u00e4r var inte n\u00e5gra aprilsk\u00e4mt utan dagsens sanning! Men se \u00e4nd\u00e5 upp litegrann idag&#8230; \ud83d\ude09 <img loading=\"lazy\" class=\"alignnone size-full wp-image-66007\" src=\"http:\/\/www.filindeblogg.nu\/wp-content\/uploads\/2016\/04\/Aprilsk\u00e4mt.jpg\" alt=\"Aprilsk\u00e4mt\" width=\"268\" height=\"188\" \/><\/p>\n<p><a href=\"http:\/\/bblat.se\/\" target=\"_blank\"><strong>H\u00c4R<\/strong><\/a> hittar ni <strong>Bbl\/AT<\/strong> med det senaste fr\u00e5n cirkuss\u00e5pan <strong>Arboga<\/strong>!<\/p>\n<p>Bloggaren t\u00e4nker l\u00e4mna en personlig h\u00e4lsning idag i bloggen. Till en person som hon \u00e4r ganska s\u00e4ker p\u00e5 l\u00e4ser denna blogg. <img loading=\"lazy\" class=\"alignnone  wp-image-66001\" src=\"http:\/\/www.filindeblogg.nu\/wp-content\/uploads\/2016\/04\/015-225x300.jpg\" alt=\"015\" width=\"198\" height=\"264\" srcset=\"http:\/\/www.filindeblogg.nu\/wp-content\/uploads\/2016\/04\/015-225x300.jpg 225w, http:\/\/www.filindeblogg.nu\/wp-content\/uploads\/2016\/04\/015.jpg 450w\" sizes=\"(max-width: 198px) 100vw, 198px\" \/><\/p>\n<p>En mycket fin person som f\u00f6r\u00e4ndrade bloggarens liv totalt f\u00f6r snart ett \u00e5r sedan. Som ruskade om, v\u00e4ckte upp, sparkade ig\u00e5ng och fick bloggaren att leva igen. <img loading=\"lazy\" class=\"alignnone size-medium wp-image-66002\" src=\"http:\/\/www.filindeblogg.nu\/wp-content\/uploads\/2016\/04\/012-300x225.jpg\" alt=\"012\" width=\"300\" height=\"225\" srcset=\"http:\/\/www.filindeblogg.nu\/wp-content\/uploads\/2016\/04\/012-300x225.jpg 300w, http:\/\/www.filindeblogg.nu\/wp-content\/uploads\/2016\/04\/012.jpg 600w\" sizes=\"(max-width: 300px) 100vw, 300px\" \/> En underbar man som fick bloggaren att klistra upp den h\u00e4r dekalen p\u00e5 v\u00e4ggen trots att 2015 ocks\u00e5 var ett sorgens \u00e5r d\u00e5 en \u00e4lskad mor l\u00e4mnade jordelivet. <img loading=\"lazy\" class=\"alignnone  wp-image-66003\" src=\"http:\/\/www.filindeblogg.nu\/wp-content\/uploads\/2016\/04\/016-225x300.jpg\" alt=\"016\" width=\"179\" height=\"239\" srcset=\"http:\/\/www.filindeblogg.nu\/wp-content\/uploads\/2016\/04\/016-225x300.jpg 225w, http:\/\/www.filindeblogg.nu\/wp-content\/uploads\/2016\/04\/016.jpg 450w\" sizes=\"(max-width: 179px) 100vw, 179px\" \/><\/p>\n<p><strong>TACK till dig! Du vet vem du \u00e4r &#8211; f\u00f6rst\u00e5s. Jag \u00e4r dig evigt tacksam och du kommer f\u00f6r alltid att vara en del av mitt liv och ha en s\u00e4rskild plats i mitt hj\u00e4rta.\u00a0<\/strong><\/p>\n","protected":false},"excerpt":{"rendered":"<p>April, april &#8211; det blir en blogg idag ocks\u00e5!! Det g\u00e5r ju inte att l\u00e5ta bli &#8211; n\u00e4r aprilsk\u00e4mten duggar t\u00e4tt. H\u00e4r &#8211; dagens Arboga Tidning: Historiskt maktskifte! Sossarna sk\u00f6t sig sj\u00e4lva i foten av maktbeg\u00e4r och girighet. Nu g\u00e5r V\u00e4nsterpartiet, Centern och OPA \u00f6ver till de borgerliga och 7 (!) partier ska styra Arboga [&hellip;]<\/p>\n","protected":false},"author":1,"featured_media":0,"comment_status":"open","ping_status":"open","sticky":false,"template":"","format":"standard","meta":[],"categories":[127,206,100,132,119,101],"tags":[],"_links":{"self":[{"href":"http:\/\/www.filindeblogg.nu\/index.php?rest_route=\/wp\/v2\/posts\/65993"}],"collection":[{"href":"http:\/\/www.filindeblogg.nu\/index.php?rest_route=\/wp\/v2\/posts"}],"about":[{"href":"http:\/\/www.filindeblogg.nu\/index.php?rest_route=\/wp\/v2\/types\/post"}],"author":[{"embeddable":true,"href":"http:\/\/www.filindeblogg.nu\/index.php?rest_route=\/wp\/v2\/users\/1"}],"replies":[{"embeddable":true,"href":"http:\/\/www.filindeblogg.nu\/index.php?rest_route=%2Fwp%2Fv2%2Fcomments&post=65993"}],"version-history":[{"count":8,"href":"http:\/\/www.filindeblogg.nu\/index.php?rest_route=\/wp\/v2\/posts\/65993\/revisions"}],"predecessor-version":[{"id":66012,"href":"http:\/\/www.filindeblogg.nu\/index.php?rest_route=\/wp\/v2\/posts\/65993\/revisions\/66012"}],"wp:attachment":[{"href":"http:\/\/www.filindeblogg.nu\/index.php?rest_route=%2Fwp%2Fv2%2Fmedia&parent=65993"}],"wp:term":[{"taxonomy":"category","embeddable":true,"href":"http:\/\/www.filindeblogg.nu\/index.php?rest_route=%2Fwp%2Fv2%2Fcategories&post=65993"},{"taxonomy":"post_tag","embeddable":true,"href":"http:\/\/www.filindeblogg.nu\/index.php?rest_route=%2Fwp%2Fv2%2Ftags&post=65993"}],"curies":[{"name":"wp","href":"https:\/\/api.w.org\/{rel}","templated":true}]}}