{"id":65949,"date":"2016-03-31T06:58:38","date_gmt":"2016-03-31T05:58:38","guid":{"rendered":"http:\/\/www.filindeblogg.nu\/?p=65949"},"modified":"2016-03-31T06:58:38","modified_gmt":"2016-03-31T05:58:38","slug":"vem-ska-man-tro-pa-tro-pa-tro-pa","status":"publish","type":"post","link":"http:\/\/www.filindeblogg.nu\/?p=65949","title":{"rendered":"Vem ska man tro p\u00e5, tro p\u00e5, tro p\u00e5&#8230;"},"content":{"rendered":"<p><img loading=\"lazy\" class=\"alignnone  wp-image-65950\" src=\"http:\/\/www.filindeblogg.nu\/wp-content\/uploads\/2016\/03\/Noter-300x149.png\" alt=\"Noter\" width=\"222\" height=\"110\" srcset=\"http:\/\/www.filindeblogg.nu\/wp-content\/uploads\/2016\/03\/Noter-300x149.png 300w, http:\/\/www.filindeblogg.nu\/wp-content\/uploads\/2016\/03\/Noter.png 318w\" sizes=\"(max-width: 222px) 100vw, 222px\" \/><em>&#8221;Ja, vem ska man tro p\u00e5, tro p\u00e5, tro p\u00e5&#8230;&#8221;<\/em>?? Tonerna klingar falskt n\u00e4r <strong>Arbogasp\u00e5pan<\/strong> forts\u00e4tter in mot slutet av andra veckan.<\/p>\n<p>F\u00f6r just som man trodde att det n\u00e4stan inte kunde bli v\u00e4rre &#8211; s\u00e5 landade <strong>Arboga Tidning<\/strong> p\u00e5 hallmattan! <img loading=\"lazy\" class=\"alignnone size-medium wp-image-65951\" src=\"http:\/\/www.filindeblogg.nu\/wp-content\/uploads\/2016\/03\/007-7-300x225.jpg\" alt=\"007\" width=\"300\" height=\"225\" srcset=\"http:\/\/www.filindeblogg.nu\/wp-content\/uploads\/2016\/03\/007-7-300x225.jpg 300w, http:\/\/www.filindeblogg.nu\/wp-content\/uploads\/2016\/03\/007-7.jpg 600w\" sizes=\"(max-width: 300px) 100vw, 300px\" \/><\/p>\n<p>Med den h\u00e4r framsidan! <img loading=\"lazy\" class=\"alignnone size-medium wp-image-65952\" src=\"http:\/\/www.filindeblogg.nu\/wp-content\/uploads\/2016\/03\/003-7-225x300.jpg\" alt=\"003\" width=\"225\" height=\"300\" srcset=\"http:\/\/www.filindeblogg.nu\/wp-content\/uploads\/2016\/03\/003-7-225x300.jpg 225w, http:\/\/www.filindeblogg.nu\/wp-content\/uploads\/2016\/03\/003-7.jpg 450w\" sizes=\"(max-width: 225px) 100vw, 225px\" \/><\/p>\n<p><strong>Olle Ytterberg<\/strong> som hoppar upp som gubben ur l\u00e5dan \u00f6verallt har tydligen ett finger med i spelet nu ocks\u00e5. Tja, var ska sleven vara om inte i grytan&#8230;<br \/>\n<strong>Olle<\/strong> som tackades av som kommunalr\u00e5d med buller och b\u00e5ng f\u00f6r att vid n\u00e4sta val dyka upp igen i kommunfullm\u00e4ktige. Inr\u00f6stad, jovisst &#8211; men man m\u00e5ste f\u00f6rklara sig villig att st\u00e4lla upp innan man hamnar p\u00e5 valsedeln!<\/p>\n<p>Sv\u00e5rt att h\u00e5lla sig ifr\u00e5n, verkar Olle ha. F\u00f6r nu \u00e4r det tydligen dags igen. Inte ens det faktum att han avg\u00e5tt f\u00f6r andra g\u00e5ngen fr\u00e5n kommunalfullm\u00e4ktige kan f\u00e5 honom att l\u00e4gga ner.<\/p>\n<p>MEN! <img loading=\"lazy\" class=\"alignnone size-full wp-image-65953\" src=\"http:\/\/www.filindeblogg.nu\/wp-content\/uploads\/2016\/03\/Pressen.jpg\" alt=\"Pressen\" width=\"212\" height=\"238\" \/> <em>&#8221;Vem ska man tro p\u00e5, tro p\u00e5&#8230;.&#8221;<\/em> g\u00e4ller ocks\u00e5 pressen! F\u00f6r inne i tidningen ser det ut s\u00e5 h\u00e4r: <img loading=\"lazy\" class=\"alignnone size-medium wp-image-65954\" src=\"http:\/\/www.filindeblogg.nu\/wp-content\/uploads\/2016\/03\/004-5-225x300.jpg\" alt=\"004\" width=\"225\" height=\"300\" srcset=\"http:\/\/www.filindeblogg.nu\/wp-content\/uploads\/2016\/03\/004-5-225x300.jpg 225w, http:\/\/www.filindeblogg.nu\/wp-content\/uploads\/2016\/03\/004-5.jpg 450w\" sizes=\"(max-width: 225px) 100vw, 225px\" \/> Men inte ett ord i texten om HUR <em>&#8221;Ytterberg pekas ut&#8221;<\/em> eller p\u00e5 VILKET S\u00c4TT han \u00e4r <em>&#8221;med i (S)-striden&#8221;<\/em>!<br \/>\nPapperstidningen h\u00e4nvisar till n\u00e4tsidan men inte heller d\u00e4r finns n\u00e5gra bel\u00e4gg f\u00f6r Olle Ytterbergs delaktighet i fulspelet. <a href=\"http:\/\/bblat.se\/\" target=\"_blank\"><strong>H\u00c4R<\/strong><\/a> hittar ni l\u00e4nken till Bbl\/AT!<\/p>\n<p><img loading=\"lazy\" class=\"aligncenter size-medium wp-image-65955\" src=\"http:\/\/www.filindeblogg.nu\/wp-content\/uploads\/2016\/03\/Journalistkultur-300x78.jpg\" alt=\"Journalistkultur\" width=\"300\" height=\"78\" srcset=\"http:\/\/www.filindeblogg.nu\/wp-content\/uploads\/2016\/03\/Journalistkultur-300x78.jpg 300w, http:\/\/www.filindeblogg.nu\/wp-content\/uploads\/2016\/03\/Journalistkultur.jpg 440w\" sizes=\"(max-width: 300px) 100vw, 300px\" \/><\/p>\n<p>&nbsp;<\/p>\n<p>Tja, sista ordet \u00e4r sannerligen inte sagt i denna s\u00e5pa. Ska Olle som inte kan l\u00e5ta bli att vara med \u00f6verallt &#8211; s\u00e4tta sista spiken i kistan!? Ja, den som lever f\u00e5r se och imorgon \u00e4r det ett passande datum f\u00f6r denna s\u00e5pa&#8230; <img loading=\"lazy\" class=\"alignnone size-medium wp-image-65956\" src=\"http:\/\/www.filindeblogg.nu\/wp-content\/uploads\/2016\/03\/002-4-225x300.jpg\" alt=\"002\" width=\"225\" height=\"300\" srcset=\"http:\/\/www.filindeblogg.nu\/wp-content\/uploads\/2016\/03\/002-4-225x300.jpg 225w, http:\/\/www.filindeblogg.nu\/wp-content\/uploads\/2016\/03\/002-4.jpg 450w\" sizes=\"(max-width: 225px) 100vw, 225px\" \/><br \/>\nKan det bli v\u00e4rre?? S\u00e4kert! 1 april imorgon &#8211; gud bevare mig!! <img loading=\"lazy\" class=\"alignnone size-full wp-image-65957\" src=\"http:\/\/www.filindeblogg.nu\/wp-content\/uploads\/2016\/03\/R\u00e4dd-smiley.jpg\" alt=\"R\u00e4dd smiley\" width=\"253\" height=\"199\" \/><\/p>\n","protected":false},"excerpt":{"rendered":"<p>&#8221;Ja, vem ska man tro p\u00e5, tro p\u00e5, tro p\u00e5&#8230;&#8221;?? Tonerna klingar falskt n\u00e4r Arbogasp\u00e5pan forts\u00e4tter in mot slutet av andra veckan. F\u00f6r just som man trodde att det n\u00e4stan inte kunde bli v\u00e4rre &#8211; s\u00e5 landade Arboga Tidning p\u00e5 hallmattan! Med den h\u00e4r framsidan! Olle Ytterberg som hoppar upp som gubben ur l\u00e5dan \u00f6verallt [&hellip;]<\/p>\n","protected":false},"author":1,"featured_media":0,"comment_status":"open","ping_status":"open","sticky":false,"template":"","format":"standard","meta":[],"categories":[127,206,100,119,101],"tags":[],"_links":{"self":[{"href":"http:\/\/www.filindeblogg.nu\/index.php?rest_route=\/wp\/v2\/posts\/65949"}],"collection":[{"href":"http:\/\/www.filindeblogg.nu\/index.php?rest_route=\/wp\/v2\/posts"}],"about":[{"href":"http:\/\/www.filindeblogg.nu\/index.php?rest_route=\/wp\/v2\/types\/post"}],"author":[{"embeddable":true,"href":"http:\/\/www.filindeblogg.nu\/index.php?rest_route=\/wp\/v2\/users\/1"}],"replies":[{"embeddable":true,"href":"http:\/\/www.filindeblogg.nu\/index.php?rest_route=%2Fwp%2Fv2%2Fcomments&post=65949"}],"version-history":[{"count":4,"href":"http:\/\/www.filindeblogg.nu\/index.php?rest_route=\/wp\/v2\/posts\/65949\/revisions"}],"predecessor-version":[{"id":65961,"href":"http:\/\/www.filindeblogg.nu\/index.php?rest_route=\/wp\/v2\/posts\/65949\/revisions\/65961"}],"wp:attachment":[{"href":"http:\/\/www.filindeblogg.nu\/index.php?rest_route=%2Fwp%2Fv2%2Fmedia&parent=65949"}],"wp:term":[{"taxonomy":"category","embeddable":true,"href":"http:\/\/www.filindeblogg.nu\/index.php?rest_route=%2Fwp%2Fv2%2Fcategories&post=65949"},{"taxonomy":"post_tag","embeddable":true,"href":"http:\/\/www.filindeblogg.nu\/index.php?rest_route=%2Fwp%2Fv2%2Ftags&post=65949"}],"curies":[{"name":"wp","href":"https:\/\/api.w.org\/{rel}","templated":true}]}}