{"id":65925,"date":"2016-03-30T11:57:09","date_gmt":"2016-03-30T10:57:09","guid":{"rendered":"http:\/\/www.filindeblogg.nu\/?p=65925"},"modified":"2016-03-30T11:57:09","modified_gmt":"2016-03-30T10:57:09","slug":"avga","status":"publish","type":"post","link":"http:\/\/www.filindeblogg.nu\/?p=65925","title":{"rendered":"Avg\u00e5?"},"content":{"rendered":"<p><img loading=\"lazy\" class=\"alignnone  wp-image-65926\" src=\"http:\/\/www.filindeblogg.nu\/wp-content\/uploads\/2016\/03\/S\u00e5pa-1.jpg\" alt=\"S\u00e5pa\" width=\"144\" height=\"104\" \/> Avg\u00e5r dom eller inte? Och vilka d\u00e5 i s\u00e5 fall?? F\u00f6rvirringen k\u00e4nns total i en s\u00e5 viktig fr\u00e5ga som att styra en kommun politiskt&#8230;<\/p>\n<p>Tidningarna idag: <img loading=\"lazy\" class=\"alignnone size-medium wp-image-65927\" src=\"http:\/\/www.filindeblogg.nu\/wp-content\/uploads\/2016\/03\/001-3-225x300.jpg\" alt=\"001\" width=\"225\" height=\"300\" srcset=\"http:\/\/www.filindeblogg.nu\/wp-content\/uploads\/2016\/03\/001-3-225x300.jpg 225w, http:\/\/www.filindeblogg.nu\/wp-content\/uploads\/2016\/03\/001-3.jpg 450w\" sizes=\"(max-width: 225px) 100vw, 225px\" \/><a href=\"http:\/\/bblat.se\/\" target=\"_blank\"><strong> Bbl\/AT<\/strong><\/a><br \/>\noch <a href=\"http:\/\/magazin24.se\/\" target=\"_blank\"><strong>Magazin24<\/strong><\/a>: <img loading=\"lazy\" class=\"alignnone size-medium wp-image-65928\" src=\"http:\/\/www.filindeblogg.nu\/wp-content\/uploads\/2016\/03\/003-6-300x225.jpg\" alt=\"003\" width=\"300\" height=\"225\" srcset=\"http:\/\/www.filindeblogg.nu\/wp-content\/uploads\/2016\/03\/003-6-300x225.jpg 300w, http:\/\/www.filindeblogg.nu\/wp-content\/uploads\/2016\/03\/003-6.jpg 600w\" sizes=\"(max-width: 300px) 100vw, 300px\" \/><\/p>\n<p>Inne i <strong>Arboga Tidning<\/strong>: <img loading=\"lazy\" class=\"alignnone size-medium wp-image-65929\" src=\"http:\/\/www.filindeblogg.nu\/wp-content\/uploads\/2016\/03\/007-6-225x300.jpg\" alt=\"007\" width=\"225\" height=\"300\" srcset=\"http:\/\/www.filindeblogg.nu\/wp-content\/uploads\/2016\/03\/007-6-225x300.jpg 225w, http:\/\/www.filindeblogg.nu\/wp-content\/uploads\/2016\/03\/007-6.jpg 450w\" sizes=\"(max-width: 225px) 100vw, 225px\" \/> Nedre halvan av sidan: <img loading=\"lazy\" class=\"alignnone size-medium wp-image-65930\" src=\"http:\/\/www.filindeblogg.nu\/wp-content\/uploads\/2016\/03\/008-5-300x225.jpg\" alt=\"008\" width=\"300\" height=\"225\" srcset=\"http:\/\/www.filindeblogg.nu\/wp-content\/uploads\/2016\/03\/008-5-300x225.jpg 300w, http:\/\/www.filindeblogg.nu\/wp-content\/uploads\/2016\/03\/008-5.jpg 600w\" sizes=\"(max-width: 300px) 100vw, 300px\" \/><\/p>\n<p>Klicka <a href=\"http:\/\/bblat.se\/nyheter\/arboga\/1.3707983-s-styrelsen-hotar-avga\" target=\"_blank\"><strong>H\u00c4R<\/strong><\/a> f\u00f6r att l\u00e4sa p\u00e5 n\u00e4tet.<\/p>\n<p>Ja, vem eller vilka \u00e4r det nu som ska avg\u00e5?? \u00c4r det kommunalr\u00e5det <strong>Agneta Bode<\/strong>\u00a0<img loading=\"lazy\" class=\"alignnone  wp-image-65784\" src=\"http:\/\/www.filindeblogg.nu\/wp-content\/uploads\/2016\/03\/Avr\u00e4ttad-300x169.jpg\" alt=\"Avr\u00e4ttad\" width=\"225\" height=\"127\" srcset=\"http:\/\/www.filindeblogg.nu\/wp-content\/uploads\/2016\/03\/Avr\u00e4ttad-300x169.jpg 300w, http:\/\/www.filindeblogg.nu\/wp-content\/uploads\/2016\/03\/Avr\u00e4ttad-768x432.jpg 768w, http:\/\/www.filindeblogg.nu\/wp-content\/uploads\/2016\/03\/Avr\u00e4ttad-1024x577.jpg 1024w, http:\/\/www.filindeblogg.nu\/wp-content\/uploads\/2016\/03\/Avr\u00e4ttad.jpg 1174w\" sizes=\"(max-width: 225px) 100vw, 225px\" \/> eller \u00e4r det m\u00f6jligen Socialdemokraternas styrelse med br\u00e5kets anstiftare i spetsen? <img loading=\"lazy\" class=\"alignnone size-medium wp-image-65815\" src=\"http:\/\/www.filindeblogg.nu\/wp-content\/uploads\/2016\/03\/Kerstin-Rosenkvist-vuxenmobbad-160x300.jpg\" alt=\"Kerstin Rosenkvist vuxenmobbad\" width=\"160\" height=\"300\" srcset=\"http:\/\/www.filindeblogg.nu\/wp-content\/uploads\/2016\/03\/Kerstin-Rosenkvist-vuxenmobbad-160x300.jpg 160w, http:\/\/www.filindeblogg.nu\/wp-content\/uploads\/2016\/03\/Kerstin-Rosenkvist-vuxenmobbad.jpg 200w\" sizes=\"(max-width: 160px) 100vw, 160px\" \/> <strong>Rosenkvist<\/strong> &#8211; och <strong>Adamsson<\/strong>.\u00a0<img loading=\"lazy\" class=\"alignnone size-medium wp-image-65932\" src=\"http:\/\/www.filindeblogg.nu\/wp-content\/uploads\/2016\/03\/009-6-282x300.jpg\" alt=\"009\" width=\"282\" height=\"300\" srcset=\"http:\/\/www.filindeblogg.nu\/wp-content\/uploads\/2016\/03\/009-6-282x300.jpg 282w, http:\/\/www.filindeblogg.nu\/wp-content\/uploads\/2016\/03\/009-6.jpg 423w\" sizes=\"(max-width: 282px) 100vw, 282px\" \/><\/p>\n<p><strong>Sn\u00e4lla n\u00e5gon! Det m\u00e5ste bli slut p\u00e5 det h\u00e4r!<\/strong> <img loading=\"lazy\" class=\"alignnone  wp-image-65820\" src=\"http:\/\/www.filindeblogg.nu\/wp-content\/uploads\/2016\/03\/Sandl\u00e5da-300x139.jpg\" alt=\"Sandl\u00e5da\" width=\"173\" height=\"80\" srcset=\"http:\/\/www.filindeblogg.nu\/wp-content\/uploads\/2016\/03\/Sandl\u00e5da-300x139.jpg 300w, http:\/\/www.filindeblogg.nu\/wp-content\/uploads\/2016\/03\/Sandl\u00e5da.jpg 330w\" sizes=\"(max-width: 173px) 100vw, 173px\" \/><strong>Att styra en kommun f\u00e5r man inte g\u00f6ra vare sig via sandl\u00e5dan eller lekstugan! \u00a0<\/strong> <img loading=\"lazy\" class=\"alignnone  wp-image-65933\" src=\"http:\/\/www.filindeblogg.nu\/wp-content\/uploads\/2016\/03\/Lekstuga.jpg\" alt=\"Lekstuga\" width=\"185\" height=\"185\" srcset=\"http:\/\/www.filindeblogg.nu\/wp-content\/uploads\/2016\/03\/Lekstuga.jpg 225w, http:\/\/www.filindeblogg.nu\/wp-content\/uploads\/2016\/03\/Lekstuga-150x150.jpg 150w, http:\/\/www.filindeblogg.nu\/wp-content\/uploads\/2016\/03\/Lekstuga-144x144.jpg 144w\" sizes=\"(max-width: 185px) 100vw, 185px\" \/><\/p>\n<p><strong>DET \u00c4R NOG NU!!<\/strong><\/p>\n<p>Ins\u00e4ndarsidan i <strong>Arboga Tidning<\/strong> talar sitt tydliga spr\u00e5k. <img loading=\"lazy\" class=\"alignnone size-medium wp-image-65934\" src=\"http:\/\/www.filindeblogg.nu\/wp-content\/uploads\/2016\/03\/006-7-225x300.jpg\" alt=\"006\" width=\"225\" height=\"300\" srcset=\"http:\/\/www.filindeblogg.nu\/wp-content\/uploads\/2016\/03\/006-7-225x300.jpg 225w, http:\/\/www.filindeblogg.nu\/wp-content\/uploads\/2016\/03\/006-7.jpg 450w\" sizes=\"(max-width: 225px) 100vw, 225px\" \/> <em>&#8221;Bottenniv\u00e5&#8221;<\/em> och <em>&#8221;misstroendef\u00f6rklaring&#8221;<\/em>.<\/p>\n<p>Diskussionerna g\u00e5r vilda p\u00e5 sociala medier &#8211; vem har fel och inte? Vem har fuskat och inte? Vem ska avg\u00e5 och vem ska stanna kvar?<\/p>\n<p><strong>F\u00f6r bloggaren \u00e4r det sj\u00e4lvklart att en oberoende utredning m\u00e5ste g\u00f6ras f\u00f6r granskning av eventuella oegentligheter.<br \/>\nSamtidigt k\u00e4nns det lika sj\u00e4lvklart att styrelsen ska avg\u00e5. Den visar p\u00e5 inkompetens och ansvarsl\u00f6shet. Man sk\u00f6ter inte politik\u00a0 och interna angel\u00e4genheter via massmedia! F\u00f6rtroendet \u00e4r f\u00f6rbrukat.<\/strong><\/p>\n<p>Bloggaren kommer med sp\u00e4nning att f\u00f6lja forts\u00e4ttningen p\u00e5 detta. Om Arboga kommun har n\u00e5gon heder kvar i beh\u00e5ll n\u00e4r morgondagen randas.<br \/>\nSocialdemokraterna har m\u00f6te ikv\u00e4ll&#8230;<\/p>\n<p>P\u00e5 tal om skr\u00e4p som ska bort s\u00e5 har bloggaren bidragit till det h\u00e4r i alla fall: <img loading=\"lazy\" class=\"alignnone size-medium wp-image-65935\" src=\"http:\/\/www.filindeblogg.nu\/wp-content\/uploads\/2016\/03\/010-4-300x255.jpg\" alt=\"010\" width=\"300\" height=\"255\" srcset=\"http:\/\/www.filindeblogg.nu\/wp-content\/uploads\/2016\/03\/010-4-300x255.jpg 300w, http:\/\/www.filindeblogg.nu\/wp-content\/uploads\/2016\/03\/010-4.jpg 512w\" sizes=\"(max-width: 300px) 100vw, 300px\" \/> Rekord\u00e5r f\u00f6r \u00e5terbruken 2015 &#8211; st\u00e5r det i <strong>Vafab<\/strong>s tidning <strong>Cirkulera<\/strong> som kom i l\u00e5dan imorse.<br \/>\nBloggaren har rensat rent hemma hos sig under h\u00f6sten och vintern. Bort med gammalt skr\u00e4p och annat on\u00f6digt. In med frisk luft och nya tag! Precis som f\u00f6rhoppningar g\u00e5r om Arboga kommun.<\/p>\n<p>Nu dags f\u00f6r n\u00e5got helt annat! <img loading=\"lazy\" class=\"alignnone size-medium wp-image-65936\" src=\"http:\/\/www.filindeblogg.nu\/wp-content\/uploads\/2016\/03\/004-4-300x225.jpg\" alt=\"004\" width=\"300\" height=\"225\" srcset=\"http:\/\/www.filindeblogg.nu\/wp-content\/uploads\/2016\/03\/004-4-300x225.jpg 300w, http:\/\/www.filindeblogg.nu\/wp-content\/uploads\/2016\/03\/004-4.jpg 600w\" sizes=\"(max-width: 300px) 100vw, 300px\" \/><\/p>\n<p>Men s\u00e5 fort bloggaren f\u00e5r nys om \u00f6desvalen ikv\u00e4ll s\u00e5 kommer det en bl\u00e4nkare h\u00e4r p\u00e5 bloggen &#8211; var s\u00e5 s\u00e4ker!<\/p>\n<p><img loading=\"lazy\" class=\"aligncenter size-medium wp-image-65937\" src=\"http:\/\/www.filindeblogg.nu\/wp-content\/uploads\/2016\/03\/005-5-300x225.jpg\" alt=\"005\" width=\"300\" height=\"225\" srcset=\"http:\/\/www.filindeblogg.nu\/wp-content\/uploads\/2016\/03\/005-5-300x225.jpg 300w, http:\/\/www.filindeblogg.nu\/wp-content\/uploads\/2016\/03\/005-5.jpg 600w\" sizes=\"(max-width: 300px) 100vw, 300px\" \/><\/p>\n<p>&nbsp;<\/p>\n","protected":false},"excerpt":{"rendered":"<p>Avg\u00e5r dom eller inte? Och vilka d\u00e5 i s\u00e5 fall?? F\u00f6rvirringen k\u00e4nns total i en s\u00e5 viktig fr\u00e5ga som att styra en kommun politiskt&#8230; Tidningarna idag: Bbl\/AT och Magazin24: Inne i Arboga Tidning: Nedre halvan av sidan: Klicka H\u00c4R f\u00f6r att l\u00e4sa p\u00e5 n\u00e4tet. Ja, vem eller vilka \u00e4r det nu som ska avg\u00e5?? \u00c4r [&hellip;]<\/p>\n","protected":false},"author":1,"featured_media":0,"comment_status":"open","ping_status":"open","sticky":false,"template":"","format":"standard","meta":[],"categories":[127,206,188,100,119,101],"tags":[],"_links":{"self":[{"href":"http:\/\/www.filindeblogg.nu\/index.php?rest_route=\/wp\/v2\/posts\/65925"}],"collection":[{"href":"http:\/\/www.filindeblogg.nu\/index.php?rest_route=\/wp\/v2\/posts"}],"about":[{"href":"http:\/\/www.filindeblogg.nu\/index.php?rest_route=\/wp\/v2\/types\/post"}],"author":[{"embeddable":true,"href":"http:\/\/www.filindeblogg.nu\/index.php?rest_route=\/wp\/v2\/users\/1"}],"replies":[{"embeddable":true,"href":"http:\/\/www.filindeblogg.nu\/index.php?rest_route=%2Fwp%2Fv2%2Fcomments&post=65925"}],"version-history":[{"count":7,"href":"http:\/\/www.filindeblogg.nu\/index.php?rest_route=\/wp\/v2\/posts\/65925\/revisions"}],"predecessor-version":[{"id":65944,"href":"http:\/\/www.filindeblogg.nu\/index.php?rest_route=\/wp\/v2\/posts\/65925\/revisions\/65944"}],"wp:attachment":[{"href":"http:\/\/www.filindeblogg.nu\/index.php?rest_route=%2Fwp%2Fv2%2Fmedia&parent=65925"}],"wp:term":[{"taxonomy":"category","embeddable":true,"href":"http:\/\/www.filindeblogg.nu\/index.php?rest_route=%2Fwp%2Fv2%2Fcategories&post=65925"},{"taxonomy":"post_tag","embeddable":true,"href":"http:\/\/www.filindeblogg.nu\/index.php?rest_route=%2Fwp%2Fv2%2Ftags&post=65925"}],"curies":[{"name":"wp","href":"https:\/\/api.w.org\/{rel}","templated":true}]}}