{"id":65906,"date":"2016-03-29T08:23:27","date_gmt":"2016-03-29T07:23:27","guid":{"rendered":"http:\/\/www.filindeblogg.nu\/?p=65906"},"modified":"2016-03-29T08:23:27","modified_gmt":"2016-03-29T07:23:27","slug":"sapavecka-kort-men-gott-om-tid-att-tvala-till","status":"publish","type":"post","link":"http:\/\/www.filindeblogg.nu\/?p=65906","title":{"rendered":"S\u00e5pavecka! Kort &#8211; men gott om tid att tv\u00e5la till!"},"content":{"rendered":"<p><img loading=\"lazy\" class=\"alignnone size-full wp-image-65789\" src=\"http:\/\/www.filindeblogg.nu\/wp-content\/uploads\/2016\/03\/S\u00e5pa.jpg\" alt=\"S\u00e5pa\" width=\"250\" height=\"181\" \/> Kort vecka nu &#8211; vardagen b\u00f6rjar en tisdag. Kort men \u00e4nd\u00e5 tillr\u00e4ckligt med tid att tv\u00e5la till!<br \/>\nOch halkigt och l\u00f6ddrigt kan det nog bli. Bloggaren t\u00e4nker f\u00f6rst\u00e5s p\u00e5 <strong>Arbogas egen s\u00e5pa<\/strong> &#8211; startad av H\u00e4rskarteknikernas okr\u00f6nta drottning och hennes kumpaner. <img loading=\"lazy\" class=\"alignnone size-medium wp-image-65815\" src=\"http:\/\/www.filindeblogg.nu\/wp-content\/uploads\/2016\/03\/Kerstin-Rosenkvist-vuxenmobbad-160x300.jpg\" alt=\"Kerstin Rosenkvist vuxenmobbad\" width=\"160\" height=\"300\" srcset=\"http:\/\/www.filindeblogg.nu\/wp-content\/uploads\/2016\/03\/Kerstin-Rosenkvist-vuxenmobbad-160x300.jpg 160w, http:\/\/www.filindeblogg.nu\/wp-content\/uploads\/2016\/03\/Kerstin-Rosenkvist-vuxenmobbad.jpg 200w\" sizes=\"(max-width: 160px) 100vw, 160px\" \/><\/p>\n<p>Visselbl\u00e5saren <a href=\"http:\/\/bblat.se\/\" target=\"_blank\"><strong>Bbl\/AT<\/strong><\/a> startar lite f\u00f6rsiktigt i papperstidningen idag. <img loading=\"lazy\" class=\"alignnone size-medium wp-image-65907\" src=\"http:\/\/www.filindeblogg.nu\/wp-content\/uploads\/2016\/03\/004-3-233x300.jpg\" alt=\"004\" width=\"233\" height=\"300\" srcset=\"http:\/\/www.filindeblogg.nu\/wp-content\/uploads\/2016\/03\/004-3-233x300.jpg 233w, http:\/\/www.filindeblogg.nu\/wp-content\/uploads\/2016\/03\/004-3.jpg 450w\" sizes=\"(max-width: 233px) 100vw, 233px\" \/> H\u00f6gst upp i mitten finns det en rubrik om arvodesgranskning och artikeln ser ut s\u00e5 h\u00e4r inne i tidningen: <img loading=\"lazy\" class=\"alignnone size-medium wp-image-65908\" src=\"http:\/\/www.filindeblogg.nu\/wp-content\/uploads\/2016\/03\/003-5-236x300.jpg\" alt=\"003\" width=\"236\" height=\"300\" srcset=\"http:\/\/www.filindeblogg.nu\/wp-content\/uploads\/2016\/03\/003-5-236x300.jpg 236w, http:\/\/www.filindeblogg.nu\/wp-content\/uploads\/2016\/03\/003-5.jpg 450w\" sizes=\"(max-width: 236px) 100vw, 236px\" \/><\/p>\n<p>P\u00e5 n\u00e4tet ligger dock senaste nytt redan ute. <img loading=\"lazy\" class=\"alignnone  wp-image-65909\" src=\"http:\/\/www.filindeblogg.nu\/wp-content\/uploads\/2016\/03\/Dan-Karlsson-Foto-Bbl-AT-300x169.jpg\" alt=\"Dan Karlsson Foto Bbl AT\" width=\"204\" height=\"115\" srcset=\"http:\/\/www.filindeblogg.nu\/wp-content\/uploads\/2016\/03\/Dan-Karlsson-Foto-Bbl-AT-300x169.jpg 300w, http:\/\/www.filindeblogg.nu\/wp-content\/uploads\/2016\/03\/Dan-Karlsson-Foto-Bbl-AT-768x432.jpg 768w, http:\/\/www.filindeblogg.nu\/wp-content\/uploads\/2016\/03\/Dan-Karlsson-Foto-Bbl-AT.jpg 860w\" sizes=\"(max-width: 204px) 100vw, 204px\" \/>\u00a0 <strong><em>&#8221;V\u00e4nstern hotar (S) i Arboga&#8221;<\/em><\/strong> &#8211; \u00e4r rubriken.<\/p>\n<p><strong>Dan Karlsson (V)<\/strong> s\u00e4ger att partiet har fullt f\u00f6rtroende f\u00f6r kommunalr\u00e5det <strong>Agneta Bode<\/strong>.<br \/>\nCitat ur kommunik\u00e9n: <strong>&#8221;<\/strong><em><strong>V\u00e5rt f\u00f6rtroende f\u00f6r den styrelse som f\u00f6rs\u00f6kt avs\u00e4tta henne \u00e4r mycket l\u00e5gt. Vi anser att den uppm\u00e4rksamhet deras agerande inneburit har v\u00e5llat stor skada s\u00e5v\u00e4l mellan v\u00e5ra partier som mot oss alla inom politiken i Arboga.&#8221;<\/strong><br \/>\n<\/em>Hela inl\u00e4gget hittar du <strong><a href=\"http:\/\/bblat.se\/nyheter\/arboga\/1.3705125-vanstern-hotar-s-i-arboga\" target=\"_blank\">H\u00c4R!<\/a><\/strong><\/p>\n<p>N\u00e5gra kommer att tv\u00e5las till ordentligt, tror bloggaren. Ett antal huvuden kommer att rulla och det l\u00e4r inte bli Agneta Bodes. Fr\u00e5gan \u00e4r ju f\u00f6rst\u00e5s sen &#8211; finns det n\u00e5gra l\u00e4mpliga, kompetenta att ers\u00e4tta de som sparkas?<\/p>\n<p>Ins\u00e4ndarsidan skr\u00e4der inte orden heller: <img loading=\"lazy\" class=\"alignnone size-medium wp-image-65910\" src=\"http:\/\/www.filindeblogg.nu\/wp-content\/uploads\/2016\/03\/007-5-225x300.jpg\" alt=\"007\" width=\"225\" height=\"300\" srcset=\"http:\/\/www.filindeblogg.nu\/wp-content\/uploads\/2016\/03\/007-5-225x300.jpg 225w, http:\/\/www.filindeblogg.nu\/wp-content\/uploads\/2016\/03\/007-5.jpg 450w\" sizes=\"(max-width: 225px) 100vw, 225px\" \/><br \/>\nS\u00e5pa om giriga damer, beskrivs och en annan ins\u00e4ndarskribent, en arg l\u00e4rare,\u00a0 tycker att ordet <strong><em>&#8221;f\u00f6rtroendevald&#8221;<\/em><\/strong> \u00e4r skrattretande n\u00e4r det g\u00e4ller de som \u00e4r satta att styra <strong>Arboga kommun<\/strong>.<\/p>\n<p>Sp\u00e4nnande vecka allts\u00e5! Flera viktiga m\u00f6ten v\u00e4ntas de n\u00e4rmaste dagarna. Bloggaren l\u00e4r \u00e5terkomma i \u00e4mnet&#8230;<\/p>\n<p>Annat viktigt ur tidningen idag: <img loading=\"lazy\" class=\"alignnone size-medium wp-image-65911\" src=\"http:\/\/www.filindeblogg.nu\/wp-content\/uploads\/2016\/03\/001-2-218x300.jpg\" alt=\"001\" width=\"218\" height=\"300\" srcset=\"http:\/\/www.filindeblogg.nu\/wp-content\/uploads\/2016\/03\/001-2-218x300.jpg 218w, http:\/\/www.filindeblogg.nu\/wp-content\/uploads\/2016\/03\/001-2.jpg 435w\" sizes=\"(max-width: 218px) 100vw, 218px\" \/> Om <strong>Malignt Melanom<\/strong> &#8211; hudcancer. I artikeln kan man l\u00e4sa att <strong>Hudkliniken i V\u00e4ster\u00e5s<\/strong> tar emot 8000 (!) remisser om \u00e5ret vad g\u00e4ller misst\u00e4nkta hudf\u00f6r\u00e4ndringar. <img loading=\"lazy\" class=\"alignnone size-medium wp-image-65913\" src=\"http:\/\/www.filindeblogg.nu\/wp-content\/uploads\/2016\/03\/002-3-300x167.jpg\" alt=\"002\" width=\"300\" height=\"167\" srcset=\"http:\/\/www.filindeblogg.nu\/wp-content\/uploads\/2016\/03\/002-3-300x167.jpg 300w, http:\/\/www.filindeblogg.nu\/wp-content\/uploads\/2016\/03\/002-3.jpg 600w\" sizes=\"(max-width: 300px) 100vw, 300px\" \/><br \/>\nBloggaren \u00e4r en av dem som dessutom f\u00e5tt diagnosen&#8230; Dock p\u00e5 ett tidigt stadium utan metastaser.<\/p>\n<p>Om hudcancer &#8211; den cancer som \u00f6kar allra mest &#8211; och hur du skyddar dig &#8211; kan du l\u00e4sa <a href=\"https:\/\/www.cancerfonden.se\/om-cancer\/hudcancer\" target=\"_blank\"><strong>H\u00c4R!<\/strong> <\/a><\/p>\n<p><img loading=\"lazy\" class=\"alignnone size-medium wp-image-65912\" src=\"http:\/\/www.filindeblogg.nu\/wp-content\/uploads\/2016\/03\/006-6-197x300.jpg\" alt=\"006\" width=\"197\" height=\"300\" srcset=\"http:\/\/www.filindeblogg.nu\/wp-content\/uploads\/2016\/03\/006-6-197x300.jpg 197w, http:\/\/www.filindeblogg.nu\/wp-content\/uploads\/2016\/03\/006-6.jpg 393w\" sizes=\"(max-width: 197px) 100vw, 197px\" \/> Alldeles f\u00f6r f\u00e5 poliser i v\u00e5r region! K\u00e4nns inte alls bra. Bloggarens exmake som \u00e4r l\u00e4kare talar ofta med stor oro om det stora knarkfl\u00f6det i bland annat <strong>Arboga<\/strong>.<\/p>\n<p>Sen har en k\u00e4nd profil i Arboga g\u00e5tt ur tiden. <img loading=\"lazy\" class=\"alignnone size-medium wp-image-65914\" src=\"http:\/\/www.filindeblogg.nu\/wp-content\/uploads\/2016\/03\/Palle-Knutsen-avliden-Foto-Magazin24-gm-Christian-Windahl-300x200.jpg\" alt=\"Palle Knutsen avliden Foto Magazin24 gm Christian Windahl\" width=\"300\" height=\"200\" srcset=\"http:\/\/www.filindeblogg.nu\/wp-content\/uploads\/2016\/03\/Palle-Knutsen-avliden-Foto-Magazin24-gm-Christian-Windahl-300x200.jpg 300w, http:\/\/www.filindeblogg.nu\/wp-content\/uploads\/2016\/03\/Palle-Knutsen-avliden-Foto-Magazin24-gm-Christian-Windahl.jpg 720w\" sizes=\"(max-width: 300px) 100vw, 300px\" \/> <strong>Palle Knutsen<\/strong> avled i <strong>Sundsvall<\/strong> p\u00e5 sk\u00e4rtorsdagen. Bloggaren k\u00e4nde Palle som en mycket varm och v\u00e4nlig medm\u00e4nniska. M\u00e5 han villa i frid. Palle blev 94 \u00e5r gammal.<br \/>\nFoto fr\u00e5n <a href=\"http:\/\/magazin24.se\/nyheter\/arboga\/2016\/03\/25\/arbogaprofil-har-avlidit\" target=\"_blank\"><strong>Magazin24<\/strong><\/a> gm Christian Windahl.<\/p>\n<p><img loading=\"lazy\" class=\"alignnone size-full wp-image-65915\" src=\"http:\/\/www.filindeblogg.nu\/wp-content\/uploads\/2016\/03\/L\u00f6ddrig-tv\u00e5l.jpg\" alt=\"L\u00f6ddrig tv\u00e5l\" width=\"197\" height=\"256\" \/> S\u00e5 d\u00e4r ja, l\u00f6ddrig blogg idag. N\u00e5gra kommer snart att tv\u00e5las till&#8230;<br \/>\nDags att g\u00f6ra rent hus med andra ord! <img loading=\"lazy\" class=\"alignnone size-full wp-image-65916\" src=\"http:\/\/www.filindeblogg.nu\/wp-content\/uploads\/2016\/03\/G\u00f6ra-rent-hus.jpg\" alt=\"G\u00f6ra rent hus\" width=\"252\" height=\"200\" \/><\/p>\n<p>&nbsp;<\/p>\n<p>&nbsp;<\/p>\n","protected":false},"excerpt":{"rendered":"<p>Kort vecka nu &#8211; vardagen b\u00f6rjar en tisdag. Kort men \u00e4nd\u00e5 tillr\u00e4ckligt med tid att tv\u00e5la till! Och halkigt och l\u00f6ddrigt kan det nog bli. Bloggaren t\u00e4nker f\u00f6rst\u00e5s p\u00e5 Arbogas egen s\u00e5pa &#8211; startad av H\u00e4rskarteknikernas okr\u00f6nta drottning och hennes kumpaner. Visselbl\u00e5saren Bbl\/AT startar lite f\u00f6rsiktigt i papperstidningen idag. H\u00f6gst upp i mitten finns det [&hellip;]<\/p>\n","protected":false},"author":1,"featured_media":0,"comment_status":"open","ping_status":"open","sticky":false,"template":"","format":"standard","meta":[],"categories":[127,206,100,119,207,150,208],"tags":[],"_links":{"self":[{"href":"http:\/\/www.filindeblogg.nu\/index.php?rest_route=\/wp\/v2\/posts\/65906"}],"collection":[{"href":"http:\/\/www.filindeblogg.nu\/index.php?rest_route=\/wp\/v2\/posts"}],"about":[{"href":"http:\/\/www.filindeblogg.nu\/index.php?rest_route=\/wp\/v2\/types\/post"}],"author":[{"embeddable":true,"href":"http:\/\/www.filindeblogg.nu\/index.php?rest_route=\/wp\/v2\/users\/1"}],"replies":[{"embeddable":true,"href":"http:\/\/www.filindeblogg.nu\/index.php?rest_route=%2Fwp%2Fv2%2Fcomments&post=65906"}],"version-history":[{"count":8,"href":"http:\/\/www.filindeblogg.nu\/index.php?rest_route=\/wp\/v2\/posts\/65906\/revisions"}],"predecessor-version":[{"id":65924,"href":"http:\/\/www.filindeblogg.nu\/index.php?rest_route=\/wp\/v2\/posts\/65906\/revisions\/65924"}],"wp:attachment":[{"href":"http:\/\/www.filindeblogg.nu\/index.php?rest_route=%2Fwp%2Fv2%2Fmedia&parent=65906"}],"wp:term":[{"taxonomy":"category","embeddable":true,"href":"http:\/\/www.filindeblogg.nu\/index.php?rest_route=%2Fwp%2Fv2%2Fcategories&post=65906"},{"taxonomy":"post_tag","embeddable":true,"href":"http:\/\/www.filindeblogg.nu\/index.php?rest_route=%2Fwp%2Fv2%2Ftags&post=65906"}],"curies":[{"name":"wp","href":"https:\/\/api.w.org\/{rel}","templated":true}]}}