{"id":65826,"date":"2016-03-24T09:50:27","date_gmt":"2016-03-24T08:50:27","guid":{"rendered":"http:\/\/www.filindeblogg.nu\/?p=65826"},"modified":"2016-03-24T09:54:13","modified_gmt":"2016-03-24T08:54:13","slug":"en-gang-sosse-alltid-sosse-syndromet-en-betraktelse-over-ett-parti-i-forfall","status":"publish","type":"post","link":"http:\/\/www.filindeblogg.nu\/?p=65826","title":{"rendered":"En g\u00e5ng sosse &#8211; alltid sosse- syndromet. En betraktelse \u00f6ver ett parti i f\u00f6rfall."},"content":{"rendered":"<p><img loading=\"lazy\" class=\"alignnone wp-image-65827\" src=\"http:\/\/www.filindeblogg.nu\/wp-content\/uploads\/2016\/03\/P\u00e5skk\u00e4rring-stiliserad.jpg\" alt=\"P\u00e5skk\u00e4rring stiliserad\" width=\"147\" height=\"154\" \/> Sk\u00e4rtorsdagen \u00e4r inne och p\u00e5skk\u00e4rringarna g\u00f6r sig redo. H\u00e4r hemma placeras p\u00e5skpyntet ut f\u00f6r traditionell gemyt. <img loading=\"lazy\" class=\"alignnone wp-image-65828\" src=\"http:\/\/www.filindeblogg.nu\/wp-content\/uploads\/2016\/03\/007-3-225x300.jpg\" alt=\"007\" width=\"133\" height=\"177\" srcset=\"http:\/\/www.filindeblogg.nu\/wp-content\/uploads\/2016\/03\/007-3-225x300.jpg 225w, http:\/\/www.filindeblogg.nu\/wp-content\/uploads\/2016\/03\/007-3.jpg 450w\" sizes=\"(max-width: 133px) 100vw, 133px\" \/><\/p>\n<p>P\u00e5 tal om ordet traditionell och s k traditioner levererar bloggaren idag en liten betraktelse \u00f6ver <em>&#8221;En g\u00e5ng sosse &#8211; alltid sosse-syndromet&#8221;<\/em> &#8211; och hur det kan f\u00f6rst\u00f6ra och f\u00f6rg\u00f6ra en liten kommuns styrning.<\/p>\n<p><img loading=\"lazy\" class=\"alignnone wp-image-65829\" src=\"http:\/\/www.filindeblogg.nu\/wp-content\/uploads\/2016\/03\/012-4-300x225.jpg\" alt=\"012\" width=\"171\" height=\"128\" srcset=\"http:\/\/www.filindeblogg.nu\/wp-content\/uploads\/2016\/03\/012-4-300x225.jpg 300w, http:\/\/www.filindeblogg.nu\/wp-content\/uploads\/2016\/03\/012-4.jpg 600w\" sizes=\"(max-width: 171px) 100vw, 171px\" \/> Som sm\u00e5 kycklingar f\u00f6ljer &#8221;en-g\u00e5ng-sosse-alltid-sosse&#8221; Mamma Partiet i v\u00e5tt och torrt &#8211; p\u00e5 riksplanet som lokalt. \u00c5r efter \u00e5r efter \u00e5r &#8211; oavsett vad som h\u00e4nder. Partipiskan viner. Man har l\u00e4rt sig att lyda.<\/p>\n<p><img loading=\"lazy\" class=\"alignnone wp-image-65830\" src=\"http:\/\/www.filindeblogg.nu\/wp-content\/uploads\/2016\/03\/013-3-300x225.jpg\" alt=\"013\" width=\"163\" height=\"122\" srcset=\"http:\/\/www.filindeblogg.nu\/wp-content\/uploads\/2016\/03\/013-3-300x225.jpg 300w, http:\/\/www.filindeblogg.nu\/wp-content\/uploads\/2016\/03\/013-3.jpg 600w\" sizes=\"(max-width: 163px) 100vw, 163px\" \/>\u00a0Oavsett stort missn\u00f6je mellan valen &#8211; med ramaskri bland ins\u00e4ndarna &#8211; protesterande inv\u00e5nare (i det tysta f\u00f6rst\u00e5s med n\u00e4ven knuten i fickan) &#8211; n\u00e4r valdagen \u00e4r inne l\u00e4gger man duktigt sin r\u00f6st p\u00e5 PARTIET! P\u00e5 med skygglapparna n\u00e4r ljudet av Internationalen klingar falskt &#8211; till stor f\u00f6rundran f\u00f6r oss andra!<\/p>\n<p>Hur blir det d\u00e5 n\u00e4r ett parti f\u00e5r regera en kommun i n\u00e4stan hundra \u00e5r?<br \/>\nJo, det blir slentrian. Man tar styrandet f\u00f6r givet &#8211; blir maktfullkomlig och ansvarsl\u00f6s. G\u00e5r ett steg f\u00f6r l\u00e5ngt&#8230;eller flera&#8230; <img loading=\"lazy\" class=\"alignnone wp-image-65838\" src=\"http:\/\/www.filindeblogg.nu\/wp-content\/uploads\/2016\/03\/005-3-279x300.jpg\" alt=\"005\" width=\"234\" height=\"252\" srcset=\"http:\/\/www.filindeblogg.nu\/wp-content\/uploads\/2016\/03\/005-3-279x300.jpg 279w, http:\/\/www.filindeblogg.nu\/wp-content\/uploads\/2016\/03\/005-3.jpg 395w\" sizes=\"(max-width: 234px) 100vw, 234px\" \/><\/p>\n<p><img loading=\"lazy\" class=\"alignnone wp-image-65806\" src=\"http:\/\/www.filindeblogg.nu\/wp-content\/uploads\/2016\/03\/003-2-300x241.jpg\" alt=\"003\" width=\"145\" height=\"117\" srcset=\"http:\/\/www.filindeblogg.nu\/wp-content\/uploads\/2016\/03\/003-2-300x241.jpg 300w, http:\/\/www.filindeblogg.nu\/wp-content\/uploads\/2016\/03\/003-2.jpg 560w\" sizes=\"(max-width: 145px) 100vw, 145px\" \/>\u00a0Veckan i <a href=\"http:\/\/bblat.se\/\" target=\"_blank\"><strong>Arboga Tidning<\/strong> <\/a>har varit skr\u00e4mmande intressant att f\u00f6lja.\u00a0 Idag ser tidningen ut s\u00e5 h\u00e4r: <img loading=\"lazy\" class=\"alignnone size-medium wp-image-65831\" src=\"http:\/\/www.filindeblogg.nu\/wp-content\/uploads\/2016\/03\/002-225x300.jpg\" alt=\"002\" width=\"225\" height=\"300\" srcset=\"http:\/\/www.filindeblogg.nu\/wp-content\/uploads\/2016\/03\/002-225x300.jpg 225w, http:\/\/www.filindeblogg.nu\/wp-content\/uploads\/2016\/03\/002.jpg 450w\" sizes=\"(max-width: 225px) 100vw, 225px\" \/><br \/>\nBloggaren \u00e4r dock oerh\u00f6rt tacksam \u00f6ver att enmedlemspartiet <strong>OPA<\/strong>:s ledare inte finns p\u00e5 f\u00f6rstasidan f\u00f6r att uttala sig&#8230; OPA som \u00e4r ett av de st\u00f6dpartier som f\u00e5tt Socialdemokraterna att med n\u00f6d och n\u00e4ppe sitta kvar vid makten de senaste \u00e5ren.<\/p>\n<p>OPA som bildades f\u00f6r att v\u00e4rna om just omsorg om m\u00e4nniskor. I valet 2002 n\u00e4r OPA f\u00f6rst st\u00e4llde upp fick partiet 10 %(!) av r\u00f6sterna! Se <a href=\"http:\/\/sverigesradio.se\/sida\/artikel.aspx?programid=112&amp;artikel=119322\" target=\"_blank\"><strong>H\u00c4R<\/strong> <\/a>p\u00e5 P4 V\u00e4stmanlands sida fr\u00e5n 15 sept 2002.<br \/>\nOPA snodde d\u00e5 r\u00f6ster fr\u00e5n bland andra Socialdemokraterna och V\u00e4nsterpartiet. N\u00e5got som dessa partier s\u00e5g till att \u00e4ndra p\u00e5 senare &#8211; genom att ing\u00e5 smutsig allians med OPA &#8211; en smutsighet \u00f6msesidig. OPA &#8211; Omsorgspartiet som f\u00e5r r\u00f6ster fast Socialf\u00f6rvaltningen och \u00e4ldreomsorgens personal g\u00e5r p\u00e5 kn\u00e4na! Omsorg var ordet&#8230;<br \/>\nMed n\u00f6d och n\u00e4ppe sitter kvar, skrev bloggaren! F\u00f6r det b\u00f6rjar faktiskt bli lite ont om r\u00f6ster nu. Gammelsossarna m\u00e5 f\u00f6lja piskan men yngre m\u00e4nniskor har ofta det goda beteendet att t\u00e4nka sj\u00e4lva. <img loading=\"lazy\" class=\"alignnone wp-image-65832\" src=\"http:\/\/www.filindeblogg.nu\/wp-content\/uploads\/2016\/03\/014-2-300x225.jpg\" alt=\"014\" width=\"220\" height=\"165\" srcset=\"http:\/\/www.filindeblogg.nu\/wp-content\/uploads\/2016\/03\/014-2-300x225.jpg 300w, http:\/\/www.filindeblogg.nu\/wp-content\/uploads\/2016\/03\/014-2.jpg 600w\" sizes=\"(max-width: 220px) 100vw, 220px\" \/> Ifr\u00e5gas\u00e4tta, bli arga, vilja se n\u00e5got annat. OCH f\u00f6rst\u00e5r att partipolitik kan se v\u00e4ldigt annorlunda ut lokalt mot p\u00e5 riksplanet. D v s oppositionspartierna kan mycket v\u00e4l ha just de f\u00f6rslag och planer som man vill f\u00f6r sin kommun trots att det inte \u00e4r en id\u00e9 fr\u00e5n Socialdemokraterna. Inser att det g\u00e5r att v\u00e4lja olika f\u00e4rger p\u00e5 r\u00f6stsedlarna vad g\u00e4ller riks, landsting och kommun.<\/p>\n<p><img loading=\"lazy\" class=\"alignnone size-medium wp-image-65834\" src=\"http:\/\/www.filindeblogg.nu\/wp-content\/uploads\/2016\/03\/015-3-300x225.jpg\" alt=\"015\" width=\"300\" height=\"225\" srcset=\"http:\/\/www.filindeblogg.nu\/wp-content\/uploads\/2016\/03\/015-3-300x225.jpg 300w, http:\/\/www.filindeblogg.nu\/wp-content\/uploads\/2016\/03\/015-3.jpg 600w\" sizes=\"(max-width: 300px) 100vw, 300px\" \/> D\u00e5 h\u00e4nder det att de som r\u00f6stade sosse b\u00f6rjar bli riktigt f\u00f6rbannade n\u00e4r de ser s\u00e5dant h\u00e4r: <img loading=\"lazy\" class=\"alignnone size-medium wp-image-65835\" src=\"http:\/\/www.filindeblogg.nu\/wp-content\/uploads\/2016\/03\/004-2-300x225.jpg\" alt=\"004\" width=\"300\" height=\"225\" srcset=\"http:\/\/www.filindeblogg.nu\/wp-content\/uploads\/2016\/03\/004-2-300x225.jpg 300w, http:\/\/www.filindeblogg.nu\/wp-content\/uploads\/2016\/03\/004-2.jpg 600w\" sizes=\"(max-width: 300px) 100vw, 300px\" \/><\/p>\n<p>Arvodesfusk, girighet, maktfullkomlighet, h\u00e4rskartekniker, smutskastning och &#8221;avr\u00e4ttning&#8221; internt av de som inte passar in.<\/p>\n<p><img loading=\"lazy\" class=\"alignnone wp-image-65836\" src=\"http:\/\/www.filindeblogg.nu\/wp-content\/uploads\/2016\/03\/P\u00e5skk\u00e4rring-flyger-iv\u00e4g.jpg\" alt=\"P\u00e5skk\u00e4rring flyger iv\u00e4g\" width=\"170\" height=\"165\" \/> K\u00e4rringar i p\u00e5sk anklagar\u00a0<img loading=\"lazy\" class=\"alignnone wp-image-65837\" src=\"http:\/\/www.filindeblogg.nu\/wp-content\/uploads\/2016\/03\/003-3-300x225.jpg\" alt=\"003\" width=\"203\" height=\"152\" srcset=\"http:\/\/www.filindeblogg.nu\/wp-content\/uploads\/2016\/03\/003-3-300x225.jpg 300w, http:\/\/www.filindeblogg.nu\/wp-content\/uploads\/2016\/03\/003-3.jpg 600w\" sizes=\"(max-width: 203px) 100vw, 203px\" \/> &#8211; och tar tillbaka.<br \/>\nSv\u00e4rtar ner ett socialdemokratiskt parti som faktiskt var v\u00e4ldigt bra en g\u00e5ng h\u00e4r i stan.<\/p>\n<p>Man undrar stilla vad de gamla st\u00f6tarna tycker? Vore intressant att h\u00f6ra ett uttalande fr\u00e5n <strong>P-O Nilsson<\/strong>. Men P-O \u00e4r en klok man som f\u00f6rst\u00e5r att h\u00e5lla tand f\u00f6r tunga och reda upp problem internt och inte torgf\u00f6ra stridigheter i media.<br \/>\n<img loading=\"lazy\" class=\"alignnone size-full wp-image-65848\" src=\"http:\/\/www.filindeblogg.nu\/wp-content\/uploads\/2016\/03\/Tre-p\u00e5skk\u00e4rringar.jpg\" alt=\"Tre p\u00e5skk\u00e4rringar\" width=\"134\" height=\"112\" \/> Mediak\u00e5t f\u00e5r st\u00e5 f\u00f6r <strong>Rosenkvist<\/strong> och hennes k\u00e4rringar i p\u00e5sk &#8211; <strong>Adamsson och Tr\u00e4ff,<\/strong> de som startade Arbogas\u00e5pan med att avr\u00e4tta kommunalr\u00e5det <strong>Agneta Bode<\/strong>.<\/p>\n<p>Kan man hoppas att detta blir en l\u00e4xa f\u00f6r en-g\u00e5ng-sosse-alltid-sosse? Att se p\u00e5 inneh\u00e5llet i politiken &#8211; och d\u00e5 talar bloggaren b\u00e5de om politiska f\u00f6rslag och kompetensen hos de som st\u00e5r p\u00e5 valsedlarna!<br \/>\nVad \u00e4r det partiet vill &#8211; och \u00e4r det verkligen trov\u00e4rdigt att den namngivna personerna p\u00e5 r\u00f6stsedeln har erfarenhet och kunskap att genomf\u00f6ra detsamma?<br \/>\nBlir det nyval &#8211; vilket man kan hoppas &#8211; kanske det blir skarpt l\u00e4ge tidigare \u00e4n 2018.<br \/>\nT\u00e4nk sj\u00e4lv! <img loading=\"lazy\" class=\"alignnone wp-image-65833\" src=\"http:\/\/www.filindeblogg.nu\/wp-content\/uploads\/2016\/03\/016-1-300x225.jpg\" alt=\"016\" width=\"204\" height=\"153\" srcset=\"http:\/\/www.filindeblogg.nu\/wp-content\/uploads\/2016\/03\/016-1-300x225.jpg 300w, http:\/\/www.filindeblogg.nu\/wp-content\/uploads\/2016\/03\/016-1.jpg 600w\" sizes=\"(max-width: 204px) 100vw, 204px\" \/><\/p>\n<p>&nbsp;<\/p>\n<p style=\"text-align: center;\"><em><strong>Upp till kamp emot kvalen<\/strong><\/em><br \/>\n<em><strong> Sista striden det \u00e4r,<\/strong><\/em><br \/>\n<em><strong> ty Internationalen<\/strong><\/em><br \/>\n<em><strong> \u00e5t alla lycka b\u00e4r<\/strong><\/em><br \/>\n(Ur <strong>Internationalen<\/strong>)<\/p>\n<p style=\"text-align: left;\"><img loading=\"lazy\" class=\"alignnone size-medium wp-image-65849\" src=\"http:\/\/www.filindeblogg.nu\/wp-content\/uploads\/2016\/03\/Suss-225x300.jpg\" alt=\"Suss\" width=\"225\" height=\"300\" srcset=\"http:\/\/www.filindeblogg.nu\/wp-content\/uploads\/2016\/03\/Suss-225x300.jpg 225w, http:\/\/www.filindeblogg.nu\/wp-content\/uploads\/2016\/03\/Suss.jpg 370w\" sizes=\"(max-width: 225px) 100vw, 225px\" \/> Bloggaren ska ocks\u00e5 ta kvasten idag! Men bloggaren \u00e4r faktiskt en ganska sn\u00e4ll p\u00e5skk\u00e4rring. Hon gillar bara inte taskigt beteende och ojusta metoder!<\/p>\n<p style=\"text-align: center;\">Trevlig sk\u00e4rtorsdag och T\u00c4NK SJ\u00c4LV!<\/p>\n<p style=\"text-align: left;\"><img loading=\"lazy\" class=\"aligncenter size-medium wp-image-65850\" src=\"http:\/\/www.filindeblogg.nu\/wp-content\/uploads\/2016\/03\/006-4-225x300.jpg\" alt=\"006\" width=\"225\" height=\"300\" srcset=\"http:\/\/www.filindeblogg.nu\/wp-content\/uploads\/2016\/03\/006-4-225x300.jpg 225w, http:\/\/www.filindeblogg.nu\/wp-content\/uploads\/2016\/03\/006-4.jpg 450w\" sizes=\"(max-width: 225px) 100vw, 225px\" \/><\/p>\n<p>&nbsp;<\/p>\n<p>&nbsp;<\/p>\n","protected":false},"excerpt":{"rendered":"<p>Sk\u00e4rtorsdagen \u00e4r inne och p\u00e5skk\u00e4rringarna g\u00f6r sig redo. H\u00e4r hemma placeras p\u00e5skpyntet ut f\u00f6r traditionell gemyt. P\u00e5 tal om ordet traditionell och s k traditioner levererar bloggaren idag en liten betraktelse \u00f6ver &#8221;En g\u00e5ng sosse &#8211; alltid sosse-syndromet&#8221; &#8211; och hur det kan f\u00f6rst\u00f6ra och f\u00f6rg\u00f6ra en liten kommuns styrning. Som sm\u00e5 kycklingar f\u00f6ljer &#8221;en-g\u00e5ng-sosse-alltid-sosse&#8221; [&hellip;]<\/p>\n","protected":false},"author":1,"featured_media":0,"comment_status":"open","ping_status":"open","sticky":false,"template":"","format":"standard","meta":[],"categories":[127,206,100,160,132,119,101],"tags":[],"_links":{"self":[{"href":"http:\/\/www.filindeblogg.nu\/index.php?rest_route=\/wp\/v2\/posts\/65826"}],"collection":[{"href":"http:\/\/www.filindeblogg.nu\/index.php?rest_route=\/wp\/v2\/posts"}],"about":[{"href":"http:\/\/www.filindeblogg.nu\/index.php?rest_route=\/wp\/v2\/types\/post"}],"author":[{"embeddable":true,"href":"http:\/\/www.filindeblogg.nu\/index.php?rest_route=\/wp\/v2\/users\/1"}],"replies":[{"embeddable":true,"href":"http:\/\/www.filindeblogg.nu\/index.php?rest_route=%2Fwp%2Fv2%2Fcomments&post=65826"}],"version-history":[{"count":18,"href":"http:\/\/www.filindeblogg.nu\/index.php?rest_route=\/wp\/v2\/posts\/65826\/revisions"}],"predecessor-version":[{"id":65859,"href":"http:\/\/www.filindeblogg.nu\/index.php?rest_route=\/wp\/v2\/posts\/65826\/revisions\/65859"}],"wp:attachment":[{"href":"http:\/\/www.filindeblogg.nu\/index.php?rest_route=%2Fwp%2Fv2%2Fmedia&parent=65826"}],"wp:term":[{"taxonomy":"category","embeddable":true,"href":"http:\/\/www.filindeblogg.nu\/index.php?rest_route=%2Fwp%2Fv2%2Fcategories&post=65826"},{"taxonomy":"post_tag","embeddable":true,"href":"http:\/\/www.filindeblogg.nu\/index.php?rest_route=%2Fwp%2Fv2%2Ftags&post=65826"}],"curies":[{"name":"wp","href":"https:\/\/api.w.org\/{rel}","templated":true}]}}