{"id":65805,"date":"2016-03-23T09:02:54","date_gmt":"2016-03-23T08:02:54","guid":{"rendered":"http:\/\/www.filindeblogg.nu\/?p=65805"},"modified":"2016-03-23T09:02:54","modified_gmt":"2016-03-23T08:02:54","slug":"det-ar-nog-nu","status":"publish","type":"post","link":"http:\/\/www.filindeblogg.nu\/?p=65805","title":{"rendered":"DET \u00c4R NOG NU!!"},"content":{"rendered":"<p><img loading=\"lazy\" class=\"alignnone size-medium wp-image-65806\" src=\"http:\/\/www.filindeblogg.nu\/wp-content\/uploads\/2016\/03\/003-2-300x241.jpg\" alt=\"003\" width=\"300\" height=\"241\" srcset=\"http:\/\/www.filindeblogg.nu\/wp-content\/uploads\/2016\/03\/003-2-300x241.jpg 300w, http:\/\/www.filindeblogg.nu\/wp-content\/uploads\/2016\/03\/003-2.jpg 560w\" sizes=\"(max-width: 300px) 100vw, 300px\" \/> <strong>DET \u00c4R NOG NU!!<\/strong><\/p>\n<p>M\u00e5ndag! <img loading=\"lazy\" class=\"alignnone size-medium wp-image-65807\" src=\"http:\/\/www.filindeblogg.nu\/wp-content\/uploads\/2016\/03\/009-2-225x300.jpg\" alt=\"009\" width=\"225\" height=\"300\" srcset=\"http:\/\/www.filindeblogg.nu\/wp-content\/uploads\/2016\/03\/009-2-225x300.jpg 225w, http:\/\/www.filindeblogg.nu\/wp-content\/uploads\/2016\/03\/009-2.jpg 450w\" sizes=\"(max-width: 225px) 100vw, 225px\" \/><\/p>\n<p>Tisdag! <img loading=\"lazy\" class=\"alignnone size-medium wp-image-65808\" src=\"http:\/\/www.filindeblogg.nu\/wp-content\/uploads\/2016\/03\/010-3-225x300.jpg\" alt=\"010\" width=\"225\" height=\"300\" srcset=\"http:\/\/www.filindeblogg.nu\/wp-content\/uploads\/2016\/03\/010-3-225x300.jpg 225w, http:\/\/www.filindeblogg.nu\/wp-content\/uploads\/2016\/03\/010-3.jpg 450w\" sizes=\"(max-width: 225px) 100vw, 225px\" \/><\/p>\n<p>Onsdag! <img loading=\"lazy\" class=\"alignnone size-medium wp-image-65809\" src=\"http:\/\/www.filindeblogg.nu\/wp-content\/uploads\/2016\/03\/011-2-225x300.jpg\" alt=\"011\" width=\"225\" height=\"300\" srcset=\"http:\/\/www.filindeblogg.nu\/wp-content\/uploads\/2016\/03\/011-2-225x300.jpg 225w, http:\/\/www.filindeblogg.nu\/wp-content\/uploads\/2016\/03\/011-2.jpg 450w\" sizes=\"(max-width: 225px) 100vw, 225px\" \/><\/p>\n<p>Dagens tidning ser ut s\u00e5 h\u00e4r: <img loading=\"lazy\" class=\"alignnone size-medium wp-image-65811\" src=\"http:\/\/www.filindeblogg.nu\/wp-content\/uploads\/2016\/03\/004-1-225x300.jpg\" alt=\"004\" width=\"225\" height=\"300\" srcset=\"http:\/\/www.filindeblogg.nu\/wp-content\/uploads\/2016\/03\/004-1-225x300.jpg 225w, http:\/\/www.filindeblogg.nu\/wp-content\/uploads\/2016\/03\/004-1.jpg 450w\" sizes=\"(max-width: 225px) 100vw, 225px\" \/> och inuti&#8230; <img loading=\"lazy\" class=\"alignnone size-medium wp-image-65812\" src=\"http:\/\/www.filindeblogg.nu\/wp-content\/uploads\/2016\/03\/005-2-300x225.jpg\" alt=\"005\" width=\"300\" height=\"225\" srcset=\"http:\/\/www.filindeblogg.nu\/wp-content\/uploads\/2016\/03\/005-2-300x225.jpg 300w, http:\/\/www.filindeblogg.nu\/wp-content\/uploads\/2016\/03\/005-2.jpg 600w\" sizes=\"(max-width: 300px) 100vw, 300px\" \/><\/p>\n<p><img loading=\"lazy\" class=\"alignnone size-medium wp-image-65813\" src=\"http:\/\/www.filindeblogg.nu\/wp-content\/uploads\/2016\/03\/008-2-225x300.jpg\" alt=\"008\" width=\"225\" height=\"300\" srcset=\"http:\/\/www.filindeblogg.nu\/wp-content\/uploads\/2016\/03\/008-2-225x300.jpg 225w, http:\/\/www.filindeblogg.nu\/wp-content\/uploads\/2016\/03\/008-2.jpg 450w\" sizes=\"(max-width: 225px) 100vw, 225px\" \/> <strong>Rosenkvist<\/strong> &#8211; H\u00e4rskarteknikernas okr\u00f6nta drottning! <img loading=\"lazy\" class=\"alignnone size-medium wp-image-65814\" src=\"http:\/\/www.filindeblogg.nu\/wp-content\/uploads\/2016\/03\/007-2-300x225.jpg\" alt=\"007\" width=\"300\" height=\"225\" srcset=\"http:\/\/www.filindeblogg.nu\/wp-content\/uploads\/2016\/03\/007-2-300x225.jpg 300w, http:\/\/www.filindeblogg.nu\/wp-content\/uploads\/2016\/03\/007-2.jpg 600w\" sizes=\"(max-width: 300px) 100vw, 300px\" \/><\/p>\n<p>F\u00f6r s\u00e5 h\u00e4r s\u00e5g det ut f\u00f6r n\u00e5gra \u00e5r sedan: <img loading=\"lazy\" class=\"alignnone size-medium wp-image-65815\" src=\"http:\/\/www.filindeblogg.nu\/wp-content\/uploads\/2016\/03\/Kerstin-Rosenkvist-vuxenmobbad-160x300.jpg\" alt=\"Kerstin Rosenkvist vuxenmobbad\" width=\"160\" height=\"300\" srcset=\"http:\/\/www.filindeblogg.nu\/wp-content\/uploads\/2016\/03\/Kerstin-Rosenkvist-vuxenmobbad-160x300.jpg 160w, http:\/\/www.filindeblogg.nu\/wp-content\/uploads\/2016\/03\/Kerstin-Rosenkvist-vuxenmobbad.jpg 200w\" sizes=\"(max-width: 160px) 100vw, 160px\" \/> <strong>Arboga Tidning<\/strong>s rubrik var, citat:<strong><em> &#8221; &#8211; Kerstin Rosenkvist k\u00e4nner sig vuxenmobbad.&#8221;<br \/>\n<\/em><\/strong>Citat ur artikeln:<em> &#8221;Alliansen k\u00e4nde ett stort svek n\u00e4r Centerpartiet valde att hoppa av sitt politiska samarbete efter valet. Centerledaren Kerstin Rosenkvist ber\u00e4ttar ett \u00e5r efter\u00e5t\u00a0varf\u00f6r partiet bytte block. Hon beskriver metoder som h\u00e4rskartekniker som f\u00f6rekommit mot henne och andra partikamrater.&#8221;<\/p>\n<p><\/em>L\u00e4s hela artikeln fr\u00e5n 2011 <a href=\"http:\/\/bblat.se\/nyheter\/arboga\/1.1378909-c-kvinna-i-arboga-mobbad-i-politiken\" target=\"_blank\"><strong>H\u00c4R<\/strong><\/a> i Bbl\/AT!<\/p>\n<p>Rosenkvist gav sig sj\u00e4lv kredit f\u00f6r att ha dragit ig\u00e5ng en utbildning i att uppt\u00e4cka och motverka s k h\u00e4rskartekniker. H\u00e4r \u00e4r en bild fr\u00e5n <strong>P4 V\u00e4stmanland<\/strong>, tagen under utbildningen: <img loading=\"lazy\" class=\"alignnone size-medium wp-image-65816\" src=\"http:\/\/www.filindeblogg.nu\/wp-content\/uploads\/2016\/03\/H\u00e4rskartekniker-300x169.jpg\" alt=\"H\u00e4rskartekniker\" width=\"300\" height=\"169\" srcset=\"http:\/\/www.filindeblogg.nu\/wp-content\/uploads\/2016\/03\/H\u00e4rskartekniker-300x169.jpg 300w, http:\/\/www.filindeblogg.nu\/wp-content\/uploads\/2016\/03\/H\u00e4rskartekniker.jpg 612w\" sizes=\"(max-width: 300px) 100vw, 300px\" \/><br \/>\nP4 V\u00e4stmanland skriver s\u00e5 h\u00e4r, citat:<br \/>\n<em>&#8221;Vuxenmobbning och h\u00e4rskarteknik var orsaken till att Centerpartiet i Arboga l\u00e4mnade den borgerliga alliansen f\u00f6r Socialdemokraterna och V\u00e4nsterpartiet, avsl\u00f6jade partiets gruppledare i h\u00f6stas. \u00c5tta m\u00e5nader senare f\u00e5r politiker i kommunen en s\u00e4rskild utbildning om h\u00e4rskartekniker.<\/em><br \/>\n<em>Med det h\u00e4r drog Kerstin Rosenkvist ig\u00e5ng en debatt, i bland annat fullm\u00e4ktige i Arboga. Och nu \u00e5tta m\u00e5nader senare h\u00e5lls d\u00e4r en s\u00e4rskild utbildning om h\u00e4rskartekniker.&#8221;<\/em><\/p>\n<p>Artikeln fr\u00e5n P4 V\u00e4stmanland hittar du <a href=\"http:\/\/sverigesradio.se\/sida\/artikel.aspx?programid=112&amp;artikel=5134546\" target=\"_blank\"><strong>H\u00c4R<\/strong><\/a>!<\/p>\n<p><img loading=\"lazy\" class=\"alignnone size-full wp-image-65817\" src=\"http:\/\/www.filindeblogg.nu\/wp-content\/uploads\/2016\/03\/SMocka.jpg\" alt=\"SMocka\" width=\"225\" height=\"144\" \/> Rosenkvist lyckades tydligen gl\u00f6mma den f\u00f6rel\u00e4sningen r\u00e4tt snabbt. Eller var det inte s\u00e5 att hon sj\u00e4lv var en m\u00e4stare i \u00e4mnet?<br \/>\nBloggaren sj\u00e4lv har blivit totalt utfryst av Rosenkvist utan anledning. Pl\u00f6tsligt efter m\u00e5nga \u00e5r som v\u00e4n och granne h\u00e4lsade hon inte, tittade bort n\u00e4r bloggaren kom och n\u00e4r bloggaren sj\u00e4lvklart fr\u00e5gade vad som h\u00e4nt &#8211; verkade fullst\u00e4ndigt of\u00f6rst\u00e5ende.<br \/>\nHela registret av h\u00e4rskartekniker. <img loading=\"lazy\" class=\"alignnone size-full wp-image-65819\" src=\"http:\/\/www.filindeblogg.nu\/wp-content\/uploads\/2016\/03\/H\u00e4rskar.jpg\" alt=\"H\u00e4rskar\" width=\"259\" height=\"194\" \/><\/p>\n<p>Bloggaren kan sj\u00e4lvklart g\u00f6ra fel och misstag s\u00e5 n\u00e4r en god v\u00e4n pl\u00f6tsligt s\u00e5 markant visar sin avsky mot en s\u00e5 vill bloggaren g\u00e4rna veta vad hon gjort. Det ber\u00e4ttade aldrig Rosenkvist.<br \/>\nS\u00e5dana v\u00e4nner kan bloggaren vara utan!<\/p>\n<p><strong>DET \u00c4R NOG NU!!<\/strong><\/p>\n<p><strong>Det \u00e4r dags att l\u00e4mna sandl\u00e5dan!<\/strong>\u00a0<img loading=\"lazy\" class=\"alignnone size-medium wp-image-65820\" src=\"http:\/\/www.filindeblogg.nu\/wp-content\/uploads\/2016\/03\/Sandl\u00e5da-300x139.jpg\" alt=\"Sandl\u00e5da\" width=\"300\" height=\"139\" srcset=\"http:\/\/www.filindeblogg.nu\/wp-content\/uploads\/2016\/03\/Sandl\u00e5da-300x139.jpg 300w, http:\/\/www.filindeblogg.nu\/wp-content\/uploads\/2016\/03\/Sandl\u00e5da.jpg 330w\" sizes=\"(max-width: 300px) 100vw, 300px\" \/><br \/>\nDet finns viktigare saker i en kommun \u00e4n att maktgalna f\u00f6retr\u00e4dare snor \u00e5t sig pengar, mobbar ut de som inte passar f\u00f6r tillf\u00e4llet och kastar skit i pressen i denna pinsamma Arbogas\u00e5pa &#8211; MYCKET VIKTIGARE SAKER!!<\/p>\n<p>OCH NEJ &#8211; VI VILL INTE SE ENMEDLEMSPARTIET OPA:s ALMSKOUG UTTALA SIG I MORGONDAGENS TIDNING!!<\/p>\n<p><strong>DET \u00c4R NOG NU!!<\/strong><\/p>\n<p><img loading=\"lazy\" class=\"alignnone size-medium wp-image-65821\" src=\"http:\/\/www.filindeblogg.nu\/wp-content\/uploads\/2016\/03\/006-3-300x225.jpg\" alt=\"006\" width=\"300\" height=\"225\" srcset=\"http:\/\/www.filindeblogg.nu\/wp-content\/uploads\/2016\/03\/006-3-300x225.jpg 300w, http:\/\/www.filindeblogg.nu\/wp-content\/uploads\/2016\/03\/006-3.jpg 600w\" sizes=\"(max-width: 300px) 100vw, 300px\" \/>\u00a0Den h\u00e4r mannen och oppositionen skulle f\u00f6rmodligen g\u00f6ra jobbet mycket, mycket b\u00e4ttre och antagligen f\u00e5 till ett Arboga som \u00e4r betydligt mer gillat av de flesta!<br \/>\nEtt Arboga som \u00e4ven &#8221;ledbandssossar&#8221; skulle kunna t\u00e4nka sig att r\u00f6sta p\u00e5. Det \u00e4r n\u00e4mligen skillnad p\u00e5 rikspolitik och det lokala!<br \/>\n<strong>Anders R\u00f6hfors (M)<\/strong> bidar nog sin tid och svarar klokt och f\u00f6rnuftigt n\u00e4r tidningen vill f\u00e5 honom att delta i Arbogas\u00e5pan: <em>&#8221;- Inga kommentarer.&#8221; <\/em><\/p>\n<p>Bbl\/AT hittar du <strong><a href=\"http:\/\/bblat.se\/\" target=\"_blank\">H\u00c4R!<\/a><\/strong><\/p>\n<p style=\"text-align: center;\"><strong>DET \u00c4R NOG NU!!<\/strong><\/p>\n<p style=\"text-align: center;\"><img loading=\"lazy\" class=\"aligncenter size-medium wp-image-65822\" src=\"http:\/\/www.filindeblogg.nu\/wp-content\/uploads\/2016\/03\/012-3-300x138.jpg\" alt=\"012\" width=\"300\" height=\"138\" srcset=\"http:\/\/www.filindeblogg.nu\/wp-content\/uploads\/2016\/03\/012-3-300x138.jpg 300w, http:\/\/www.filindeblogg.nu\/wp-content\/uploads\/2016\/03\/012-3.jpg 597w\" sizes=\"(max-width: 300px) 100vw, 300px\" \/><\/p>\n<p>&nbsp;<\/p>\n","protected":false},"excerpt":{"rendered":"<p>DET \u00c4R NOG NU!! M\u00e5ndag! Tisdag! Onsdag! Dagens tidning ser ut s\u00e5 h\u00e4r: och inuti&#8230; Rosenkvist &#8211; H\u00e4rskarteknikernas okr\u00f6nta drottning! F\u00f6r s\u00e5 h\u00e4r s\u00e5g det ut f\u00f6r n\u00e5gra \u00e5r sedan: Arboga Tidnings rubrik var, citat: &#8221; &#8211; Kerstin Rosenkvist k\u00e4nner sig vuxenmobbad.&#8221; Citat ur artikeln: &#8221;Alliansen k\u00e4nde ett stort svek n\u00e4r Centerpartiet valde att hoppa [&hellip;]<\/p>\n","protected":false},"author":1,"featured_media":0,"comment_status":"open","ping_status":"open","sticky":false,"template":"","format":"standard","meta":[],"categories":[127,156,100,132,119,200,101,150],"tags":[],"_links":{"self":[{"href":"http:\/\/www.filindeblogg.nu\/index.php?rest_route=\/wp\/v2\/posts\/65805"}],"collection":[{"href":"http:\/\/www.filindeblogg.nu\/index.php?rest_route=\/wp\/v2\/posts"}],"about":[{"href":"http:\/\/www.filindeblogg.nu\/index.php?rest_route=\/wp\/v2\/types\/post"}],"author":[{"embeddable":true,"href":"http:\/\/www.filindeblogg.nu\/index.php?rest_route=\/wp\/v2\/users\/1"}],"replies":[{"embeddable":true,"href":"http:\/\/www.filindeblogg.nu\/index.php?rest_route=%2Fwp%2Fv2%2Fcomments&post=65805"}],"version-history":[{"count":3,"href":"http:\/\/www.filindeblogg.nu\/index.php?rest_route=\/wp\/v2\/posts\/65805\/revisions"}],"predecessor-version":[{"id":65825,"href":"http:\/\/www.filindeblogg.nu\/index.php?rest_route=\/wp\/v2\/posts\/65805\/revisions\/65825"}],"wp:attachment":[{"href":"http:\/\/www.filindeblogg.nu\/index.php?rest_route=%2Fwp%2Fv2%2Fmedia&parent=65805"}],"wp:term":[{"taxonomy":"category","embeddable":true,"href":"http:\/\/www.filindeblogg.nu\/index.php?rest_route=%2Fwp%2Fv2%2Fcategories&post=65805"},{"taxonomy":"post_tag","embeddable":true,"href":"http:\/\/www.filindeblogg.nu\/index.php?rest_route=%2Fwp%2Fv2%2Ftags&post=65805"}],"curies":[{"name":"wp","href":"https:\/\/api.w.org\/{rel}","templated":true}]}}