{"id":65782,"date":"2016-03-22T07:35:37","date_gmt":"2016-03-22T06:35:37","guid":{"rendered":"http:\/\/www.filindeblogg.nu\/?p=65782"},"modified":"2016-03-22T07:35:37","modified_gmt":"2016-03-22T06:35:37","slug":"arbogasapan-fortsatter","status":"publish","type":"post","link":"http:\/\/www.filindeblogg.nu\/?p=65782","title":{"rendered":"Arbogas\u00e5pan forts\u00e4tter&#8230;"},"content":{"rendered":"<p><img loading=\"lazy\" class=\"alignnone size-full wp-image-65783\" src=\"http:\/\/www.filindeblogg.nu\/wp-content\/uploads\/2016\/03\/S\u00e5pa-flaska.jpg\" alt=\"S\u00e5pa flaska\" width=\"63\" height=\"181\" \/><strong>Arbogas<\/strong> egen s\u00e5pa forts\u00e4tter f\u00f6rst\u00e5s&#8230;<br \/>\nVem trodde n\u00e5got annat&#8230; <img loading=\"lazy\" class=\"alignnone size-medium wp-image-65779\" src=\"http:\/\/www.filindeblogg.nu\/wp-content\/uploads\/2016\/03\/Agneta-Bode-Bild-BblAT-300x169.jpg\" alt=\"Agneta Bode Bild BblAT\" width=\"300\" height=\"169\" srcset=\"http:\/\/www.filindeblogg.nu\/wp-content\/uploads\/2016\/03\/Agneta-Bode-Bild-BblAT-300x169.jpg 300w, http:\/\/www.filindeblogg.nu\/wp-content\/uploads\/2016\/03\/Agneta-Bode-Bild-BblAT-768x432.jpg 768w, http:\/\/www.filindeblogg.nu\/wp-content\/uploads\/2016\/03\/Agneta-Bode-Bild-BblAT-1024x577.jpg 1024w, http:\/\/www.filindeblogg.nu\/wp-content\/uploads\/2016\/03\/Agneta-Bode-Bild-BblAT.jpg 1174w\" sizes=\"(max-width: 300px) 100vw, 300px\" \/><\/p>\n<p>Nu har det &#8221;avr\u00e4ttats&#8221; men b\u00f6dlarna har avr\u00e4ttat f\u00f6rr, om man s\u00e4ger s\u00e5. \u00c4ven vice versa om ni f\u00f6rst\u00e5r hur bloggaren menar&#8230; <img loading=\"lazy\" class=\"alignnone size-medium wp-image-65784\" src=\"http:\/\/www.filindeblogg.nu\/wp-content\/uploads\/2016\/03\/Avr\u00e4ttad-300x169.jpg\" alt=\"Avr\u00e4ttad\" width=\"300\" height=\"169\" srcset=\"http:\/\/www.filindeblogg.nu\/wp-content\/uploads\/2016\/03\/Avr\u00e4ttad-300x169.jpg 300w, http:\/\/www.filindeblogg.nu\/wp-content\/uploads\/2016\/03\/Avr\u00e4ttad-768x432.jpg 768w, http:\/\/www.filindeblogg.nu\/wp-content\/uploads\/2016\/03\/Avr\u00e4ttad-1024x577.jpg 1024w, http:\/\/www.filindeblogg.nu\/wp-content\/uploads\/2016\/03\/Avr\u00e4ttad.jpg 1174w\" sizes=\"(max-width: 300px) 100vw, 300px\" \/> Bloggaren k\u00e4nner till avr\u00e4ttarg\u00e4nget och &#8221;den avr\u00e4ttade&#8221; och \u00e4r inte alls f\u00f6rv\u00e5nad. Hon har sj\u00e4lv blivit utsatt.<br \/>\nM\u00e4rkligt tillv\u00e4gag\u00e5ngss\u00e4tt bland vuxna personer &#8211; vuxna som dessutom \u00e4r satta att styra en kommuns v\u00e4l och ve!<\/p>\n<p>Och det forts\u00e4tter, som sagt&#8230; Dagens <strong>Arboga Tidning<\/strong>: <img loading=\"lazy\" class=\"alignnone size-medium wp-image-65786\" src=\"http:\/\/www.filindeblogg.nu\/wp-content\/uploads\/2016\/03\/Den-som-\u00e4r-utan-skuld...-1-209x300.jpg\" alt=\"Den som \u00e4r utan skuld...\" width=\"209\" height=\"300\" srcset=\"http:\/\/www.filindeblogg.nu\/wp-content\/uploads\/2016\/03\/Den-som-\u00e4r-utan-skuld...-1-209x300.jpg 209w, http:\/\/www.filindeblogg.nu\/wp-content\/uploads\/2016\/03\/Den-som-\u00e4r-utan-skuld...-1.jpg 222w\" sizes=\"(max-width: 209px) 100vw, 209px\" \/> <strong>Dan Karlsson (v)<\/strong> p\u00e5 f\u00f6rsta sidan och bloggaren f\u00e5r pl\u00f6tsligt upp detta i skallen: <strong><em>&#8211; Den som \u00e4r utan skuld kastar f\u00f6rsta stenen&#8230;<\/em><\/strong><\/p>\n<p>Inne i tidningen blir det v\u00e4rre&#8230; <img loading=\"lazy\" class=\"alignnone size-medium wp-image-65787\" src=\"http:\/\/www.filindeblogg.nu\/wp-content\/uploads\/2016\/03\/Hypocrites-300x300.jpg\" alt=\"Hypocrites\" width=\"300\" height=\"300\" srcset=\"http:\/\/www.filindeblogg.nu\/wp-content\/uploads\/2016\/03\/Hypocrites-300x300.jpg 300w, http:\/\/www.filindeblogg.nu\/wp-content\/uploads\/2016\/03\/Hypocrites-150x150.jpg 150w, http:\/\/www.filindeblogg.nu\/wp-content\/uploads\/2016\/03\/Hypocrites-144x144.jpg 144w, http:\/\/www.filindeblogg.nu\/wp-content\/uploads\/2016\/03\/Hypocrites.jpg 526w\" sizes=\"(max-width: 300px) 100vw, 300px\" \/> Klart som f-n dom har fullt f\u00f6rtroende f\u00f6r Bode! Dom \u00e4r ju med i sammansv\u00e4rjningarna!<br \/>\nVilket \u00e4r nu ordet som bloggaren s\u00f6ker&#8230;. P\u00e5 engelska heter det <em>&#8221;hypocrites&#8221;<\/em>&#8230; Jo, nu kom hon p\u00e5 det: <strong><em>&#8221;- Hycklare!!&#8221;<\/em> <\/strong><\/p>\n<p><img loading=\"lazy\" class=\"alignnone size-full wp-image-65788\" src=\"http:\/\/www.filindeblogg.nu\/wp-content\/uploads\/2016\/03\/Korthuset-rasar.jpg\" alt=\"Korthuset rasar\" width=\"261\" height=\"193\" \/> Korthuset b\u00f6rjar rasa&#8230; Bloggaren skulle kunna ber\u00e4tta mycket om alla inblandade. Om vad de sammansvurna haft att s\u00e4ga om varandra i sin fina, lilla konstellation&#8230; Bakom ryggen f\u00f6rst\u00e5s! Fulspel \u00e4r det som g\u00e4ller f\u00f6r g\u00e4nget!<br \/>\nOch om vad som gjorts och just &#8221;avr\u00e4ttats&#8221; f\u00f6rr &#8211; internt s\u00e5 att s\u00e4ga. Men hon avst\u00e5r. Det kommer nog fram i denna s\u00e5pa s\u00e5 sm\u00e5ningom \u00e4nd\u00e5&#8230; <img loading=\"lazy\" class=\"alignnone  wp-image-65789\" src=\"http:\/\/www.filindeblogg.nu\/wp-content\/uploads\/2016\/03\/S\u00e5pa.jpg\" alt=\"S\u00e5pa\" width=\"153\" height=\"111\" \/><\/p>\n<p>Men det g\u00e4ller att ha koll p\u00e5 varandra nu &#8211; bland de sammansvurna!<em><strong><br \/>\n&#8211; Vem sa vad? &#8211; Vilket parti tillh\u00f6r du? Nu ja,\u00a0 men hur var det tidigare!?<br \/>\n&#8211; Och hur f\u00e5r vi till det i forts\u00e4ttningen med enmedlemspartiet OPA med ledaren p\u00e5 h\u00f6g post? &#8211; Dags att konvertera f\u00f6r Almskoug ocks\u00e5?<br \/>\n&#8211; Hur f\u00e5r vi tag i fler som kan ta plats i fullm\u00e4ktige?? Kompetens och erfarenhet \u00e4r inte n\u00f6dv\u00e4ndigt &#8211; skrapa fram n\u00e5gra bara!!<\/strong><\/em><\/p>\n<p><img loading=\"lazy\" class=\"alignnone  wp-image-65790\" src=\"http:\/\/www.filindeblogg.nu\/wp-content\/uploads\/2016\/03\/Kasta-sten.png\" alt=\"Kasta sten\" width=\"143\" height=\"142\" srcset=\"http:\/\/www.filindeblogg.nu\/wp-content\/uploads\/2016\/03\/Kasta-sten.png 225w, http:\/\/www.filindeblogg.nu\/wp-content\/uploads\/2016\/03\/Kasta-sten-150x150.png 150w, http:\/\/www.filindeblogg.nu\/wp-content\/uploads\/2016\/03\/Kasta-sten-144x144.png 144w\" sizes=\"(max-width: 143px) 100vw, 143px\" \/> Nu kastas det stenar minsann bland kommunens styrande! Men hur g\u00e5r det d\u00e5 med glashuset!? <img loading=\"lazy\" class=\"alignnone size-full wp-image-65791\" src=\"http:\/\/www.filindeblogg.nu\/wp-content\/uploads\/2016\/03\/Sten-i-glashus.jpg\" alt=\"Sten i glashus\" width=\"274\" height=\"184\" \/> T\u00e4nkte inte p\u00e5 det&#8230; F\u00f6r vem t\u00e4nker klart och redigt n\u00e4r det g\u00e4ller att r\u00e4dda sitt eget skinn! Mycket makt och pengar st\u00e5r p\u00e5 spel&#8230;<\/p>\n<p>En positiv sak har detta dock f\u00f6rt med sig. Ett uppsving f\u00f6r den h\u00e5rt drabbade lokaltidningen <strong>B\u00e4rgslagsbladet\/Arboga Tidning<\/strong> som f\u00e5tt ett lyft efter sitt scoop i helgen. Den enes d\u00f6d &#8211; den andres br\u00f6d! <img loading=\"lazy\" class=\"alignnone  wp-image-65792\" src=\"http:\/\/www.filindeblogg.nu\/wp-content\/uploads\/2016\/03\/Br\u00f6d.jpg\" alt=\"Br\u00f6d\" width=\"141\" height=\"94\" \/><br \/>\nOch se d\u00e4r &#8211; till och med bloggaren som gjorde slut med tidningen f\u00f6rra sommaren l\u00e4nkar till bladet &#8211; klicka <a href=\"http:\/\/bblat.se\/\" target=\"_blank\"><strong>H\u00c4R<\/strong> <\/a>f\u00f6r att l\u00e4sa om Arbogas\u00e5pan! <img loading=\"lazy\" class=\"alignnone size-full wp-image-65795\" src=\"http:\/\/www.filindeblogg.nu\/wp-content\/uploads\/2016\/03\/Korthus-rasar-tecknat-2.jpg\" alt=\"Korthus rasar tecknat\" width=\"185\" height=\"182\" \/><\/p>\n<p><img loading=\"lazy\" class=\"aligncenter size-full wp-image-65796\" src=\"http:\/\/www.filindeblogg.nu\/wp-content\/uploads\/2016\/03\/Kasta-sten-i-glashus-bild.png\" alt=\"Kasta sten i glashus bild\" width=\"268\" height=\"188\" \/><\/p>\n<p>&nbsp;<\/p>\n<p>&nbsp;<\/p>\n<p>&nbsp;<\/p>\n<p>&nbsp;<\/p>\n<p>&nbsp;<\/p>\n","protected":false},"excerpt":{"rendered":"<p>Arbogas egen s\u00e5pa forts\u00e4tter f\u00f6rst\u00e5s&#8230; Vem trodde n\u00e5got annat&#8230; Nu har det &#8221;avr\u00e4ttats&#8221; men b\u00f6dlarna har avr\u00e4ttat f\u00f6rr, om man s\u00e4ger s\u00e5. \u00c4ven vice versa om ni f\u00f6rst\u00e5r hur bloggaren menar&#8230; Bloggaren k\u00e4nner till avr\u00e4ttarg\u00e4nget och &#8221;den avr\u00e4ttade&#8221; och \u00e4r inte alls f\u00f6rv\u00e5nad. Hon har sj\u00e4lv blivit utsatt. M\u00e4rkligt tillv\u00e4gag\u00e5ngss\u00e4tt bland vuxna personer &#8211; vuxna [&hellip;]<\/p>\n","protected":false},"author":1,"featured_media":0,"comment_status":"open","ping_status":"open","sticky":false,"template":"","format":"standard","meta":[],"categories":[127,100,160,132,119,200,101],"tags":[],"_links":{"self":[{"href":"http:\/\/www.filindeblogg.nu\/index.php?rest_route=\/wp\/v2\/posts\/65782"}],"collection":[{"href":"http:\/\/www.filindeblogg.nu\/index.php?rest_route=\/wp\/v2\/posts"}],"about":[{"href":"http:\/\/www.filindeblogg.nu\/index.php?rest_route=\/wp\/v2\/types\/post"}],"author":[{"embeddable":true,"href":"http:\/\/www.filindeblogg.nu\/index.php?rest_route=\/wp\/v2\/users\/1"}],"replies":[{"embeddable":true,"href":"http:\/\/www.filindeblogg.nu\/index.php?rest_route=%2Fwp%2Fv2%2Fcomments&post=65782"}],"version-history":[{"count":8,"href":"http:\/\/www.filindeblogg.nu\/index.php?rest_route=\/wp\/v2\/posts\/65782\/revisions"}],"predecessor-version":[{"id":65804,"href":"http:\/\/www.filindeblogg.nu\/index.php?rest_route=\/wp\/v2\/posts\/65782\/revisions\/65804"}],"wp:attachment":[{"href":"http:\/\/www.filindeblogg.nu\/index.php?rest_route=%2Fwp%2Fv2%2Fmedia&parent=65782"}],"wp:term":[{"taxonomy":"category","embeddable":true,"href":"http:\/\/www.filindeblogg.nu\/index.php?rest_route=%2Fwp%2Fv2%2Fcategories&post=65782"},{"taxonomy":"post_tag","embeddable":true,"href":"http:\/\/www.filindeblogg.nu\/index.php?rest_route=%2Fwp%2Fv2%2Ftags&post=65782"}],"curies":[{"name":"wp","href":"https:\/\/api.w.org\/{rel}","templated":true}]}}