{"id":65778,"date":"2016-03-20T14:18:24","date_gmt":"2016-03-20T13:18:24","guid":{"rendered":"http:\/\/www.filindeblogg.nu\/?p=65778"},"modified":"2016-03-20T14:18:24","modified_gmt":"2016-03-20T13:18:24","slug":"arbogas-kommunalrad-far-sparken-vagrar-lamna","status":"publish","type":"post","link":"http:\/\/www.filindeblogg.nu\/?p=65778","title":{"rendered":"Arbogas kommunalr\u00e5d f\u00e5r sparken &#8211; v\u00e4grar l\u00e4mna!"},"content":{"rendered":"<p><img loading=\"lazy\" class=\"alignnone size-medium wp-image-65779\" src=\"http:\/\/www.filindeblogg.nu\/wp-content\/uploads\/2016\/03\/Agneta-Bode-Bild-BblAT-300x169.jpg\" alt=\"Agneta Bode Bild BblAT\" width=\"300\" height=\"169\" srcset=\"http:\/\/www.filindeblogg.nu\/wp-content\/uploads\/2016\/03\/Agneta-Bode-Bild-BblAT-300x169.jpg 300w, http:\/\/www.filindeblogg.nu\/wp-content\/uploads\/2016\/03\/Agneta-Bode-Bild-BblAT-768x432.jpg 768w, http:\/\/www.filindeblogg.nu\/wp-content\/uploads\/2016\/03\/Agneta-Bode-Bild-BblAT-1024x577.jpg 1024w, http:\/\/www.filindeblogg.nu\/wp-content\/uploads\/2016\/03\/Agneta-Bode-Bild-BblAT.jpg 1174w\" sizes=\"(max-width: 300px) 100vw, 300px\" \/> Arbogas kommunalr\u00e5d <strong>Agneta Bode (s)<\/strong> f\u00e5r sparken! Detta enligt senaste nytt fr\u00e5n <a href=\"http:\/\/bblat.se\/\" target=\"_blank\"><strong>B\u00e4rgslagsbladet\/Arboga Tidning<\/strong><\/a>.<\/p>\n<p>L\u00e4s mera <a href=\"http:\/\/bblat.se\/nyheter\/arboga\/1.3679252-bode-far-sparken-vagrar-lamna\" target=\"_blank\"><strong>H\u00c4R<\/strong><\/a> och <strong><a href=\"http:\/\/www.lokalanyheter.se\/bode-far-sparken-vagrar-lamna\/\" target=\"_blank\">H\u00c4R!<\/a> <\/strong><\/p>\n<p>S\u00e5 h\u00e4r skriver tidningen p\u00e5 sin hemsida, citat: <em>&#8221;Enligt uppgifter som Bbl\/AT f\u00e5tt ta del har Arbogas kommunalr\u00e5d Agneta Bode (S) f\u00e5tt sparken av sitt parti. Enligt socialdemokratiska partif\u00f6retr\u00e4dare v\u00e4grar hon dock l\u00e4mna posten om hon inte f\u00e5r beh\u00e5lla full l\u00f6n fram till pension.&#8221;<\/em><\/p>\n<p>L\u00e4s mera i tidningen som uppdateras! Klicka <strong><a href=\"http:\/\/bblat.se\/\" target=\"_blank\">H\u00c4R!<\/a><\/strong><\/p>\n<p>Bloggaren k\u00e4nner ingen st\u00f6rre f\u00f6rv\u00e5ning. Inte direkt \u00f6ver sparkandet av Agneta Bode men \u00f6ver ett Socialdemokratiskt styre som p\u00e5g\u00e5tt i snart hundra \u00e5r och som sakteliga b\u00f6rjat krackelera.<\/p>\n<p><em>&#8221;En g\u00e5ng sosse &#8211; alltid sosse&#8221;<\/em> &#8211; g\u00e4ller inte l\u00e4ngre. De gamla som f\u00f6ljt partipiskan f\u00f6rsvinner med \u00e5ren och de yngre v\u00e4grar f\u00f6lja i ledband.<\/p>\n<p>I <strong>Arboga<\/strong> har partiet klamrat sig fast med hj\u00e4lp av en hoper partitrogna och av likaledes h\u00e5rt klamrande <strong>V\u00e4nsterpartiet<\/strong> och minimala <strong>OPA<\/strong>.<br \/>\nTrots m\u00e4rkliga turer under \u00e5rens lopp &#8211; bland annat <strong>Kerstin Rosenkvist<\/strong>, som svek sitt parti och den allians som <strong>Centerpartiet<\/strong> ingick i med de borgerliga, f\u00f6r en penningstinn plats hos Socialdemokraterna, som ryktet gjorde g\u00e4llande.<br \/>\nAlla klagom\u00e5l p\u00e5 Socialf\u00f6rvaltningen som inte tagits p\u00e5 allvar, det dyrk\u00f6pta Vakttornet &#8211; ja, det finns mycket konstigt som f\u00f6rekommit.<br \/>\nBloggaren minns personligen det m\u00e4rkliga valet av tv\u00e5 aktiva <strong>Sverigedemokrater<\/strong> som <strong>\u00c5rets Medeltida Brudpar i Arboga <\/strong>f\u00f6rra \u00e5ret och Agneta Bodes v\u00e4gran att vare sig agera mot beslutet eller kommentera detsamma.<br \/>\nDe tv\u00e5 Sverigedemokraterna har nu l\u00e4mnat Arboga f\u00f6r \u00f6vrigt. S\u00e5 mycket f\u00f6r \u00c5rets Brudpar&#8230;<\/p>\n<p>Den som lever f\u00e5r se! Det ska bli mycket sp\u00e4nnande att f\u00f6lja utvecklingen!<\/p>\n<p>Kanske \u00e4r det \u00e4ntligen dags f\u00f6r Socialdemokraterna i Arboga att sluta leva p\u00e5 gamla lagrar. Bort med de sj\u00e4lvgoda leendena, de \u00f6verl\u00e4gsna h\u00e4rskarteknikerna och in i verkligheten.<\/p>\n<p>Och vilka f\u00f6ljer nu med i raset? Finns det n\u00e5gra kompetenta att ta vid? \u00c4r det kanske dags f\u00f6r nyval i Arboga? Och \u00e4r det borgerliga alternativet redo f\u00f6r det?<\/p>\n<p>Sp\u00e4nnande &#8211; var ordet!<\/p>\n<p>&nbsp;<\/p>\n<p>&nbsp;<\/p>\n<p>&nbsp;<\/p>\n","protected":false},"excerpt":{"rendered":"<p>Arbogas kommunalr\u00e5d Agneta Bode (s) f\u00e5r sparken! Detta enligt senaste nytt fr\u00e5n B\u00e4rgslagsbladet\/Arboga Tidning. L\u00e4s mera H\u00c4R och H\u00c4R! S\u00e5 h\u00e4r skriver tidningen p\u00e5 sin hemsida, citat: &#8221;Enligt uppgifter som Bbl\/AT f\u00e5tt ta del har Arbogas kommunalr\u00e5d Agneta Bode (S) f\u00e5tt sparken av sitt parti. Enligt socialdemokratiska partif\u00f6retr\u00e4dare v\u00e4grar hon dock l\u00e4mna posten om hon [&hellip;]<\/p>\n","protected":false},"author":1,"featured_media":0,"comment_status":"open","ping_status":"open","sticky":false,"template":"","format":"standard","meta":[],"categories":[127,100,160,132,119,101,150],"tags":[],"_links":{"self":[{"href":"http:\/\/www.filindeblogg.nu\/index.php?rest_route=\/wp\/v2\/posts\/65778"}],"collection":[{"href":"http:\/\/www.filindeblogg.nu\/index.php?rest_route=\/wp\/v2\/posts"}],"about":[{"href":"http:\/\/www.filindeblogg.nu\/index.php?rest_route=\/wp\/v2\/types\/post"}],"author":[{"embeddable":true,"href":"http:\/\/www.filindeblogg.nu\/index.php?rest_route=\/wp\/v2\/users\/1"}],"replies":[{"embeddable":true,"href":"http:\/\/www.filindeblogg.nu\/index.php?rest_route=%2Fwp%2Fv2%2Fcomments&post=65778"}],"version-history":[{"count":2,"href":"http:\/\/www.filindeblogg.nu\/index.php?rest_route=\/wp\/v2\/posts\/65778\/revisions"}],"predecessor-version":[{"id":65781,"href":"http:\/\/www.filindeblogg.nu\/index.php?rest_route=\/wp\/v2\/posts\/65778\/revisions\/65781"}],"wp:attachment":[{"href":"http:\/\/www.filindeblogg.nu\/index.php?rest_route=%2Fwp%2Fv2%2Fmedia&parent=65778"}],"wp:term":[{"taxonomy":"category","embeddable":true,"href":"http:\/\/www.filindeblogg.nu\/index.php?rest_route=%2Fwp%2Fv2%2Fcategories&post=65778"},{"taxonomy":"post_tag","embeddable":true,"href":"http:\/\/www.filindeblogg.nu\/index.php?rest_route=%2Fwp%2Fv2%2Ftags&post=65778"}],"curies":[{"name":"wp","href":"https:\/\/api.w.org\/{rel}","templated":true}]}}