{"id":65694,"date":"2016-03-14T10:31:58","date_gmt":"2016-03-14T09:31:58","guid":{"rendered":"http:\/\/www.filindeblogg.nu\/?p=65694"},"modified":"2016-03-14T10:31:58","modified_gmt":"2016-03-14T09:31:58","slug":"att-tanja-granser-vilka-granser","status":"publish","type":"post","link":"http:\/\/www.filindeblogg.nu\/?p=65694","title":{"rendered":"Att t\u00e4nja gr\u00e4nser. Vilka gr\u00e4nser??"},"content":{"rendered":"<p><img loading=\"lazy\" class=\"alignnone  wp-image-65695\" src=\"http:\/\/www.filindeblogg.nu\/wp-content\/uploads\/2016\/03\/004-225x300.jpg\" alt=\"004\" width=\"139\" height=\"185\" srcset=\"http:\/\/www.filindeblogg.nu\/wp-content\/uploads\/2016\/03\/004-225x300.jpg 225w, http:\/\/www.filindeblogg.nu\/wp-content\/uploads\/2016\/03\/004.jpg 450w\" sizes=\"(max-width: 139px) 100vw, 139px\" \/> Den h\u00e4r tidningen f\u00e5r man om man handlar p\u00e5 \u00c5hl\u00e9ns &#8211; vilket bloggaren s\u00e4llan g\u00f6r &#8211; men som s k medlem ramlade den in genom brevl\u00e5dan h\u00e4r om dagen.<br \/>\nBloggaren brukar heller inte l\u00e4sa dessa &#8221;medlemsskrifter&#8221; s\u00e4rskilt noga men i brist p\u00e5 annat gjordes det en kv\u00e4ll &#8211; och bloggaren hittade en hel del mycket bra! <img loading=\"lazy\" class=\"alignnone  wp-image-65696\" src=\"http:\/\/www.filindeblogg.nu\/wp-content\/uploads\/2016\/03\/Tummen-upp-1.jpg\" alt=\"Tummen upp\" width=\"71\" height=\"74\" \/><\/p>\n<p><img loading=\"lazy\" class=\"alignnone size-medium wp-image-65697\" src=\"http:\/\/www.filindeblogg.nu\/wp-content\/uploads\/2016\/03\/005-300x286.jpg\" alt=\"005\" width=\"300\" height=\"286\" srcset=\"http:\/\/www.filindeblogg.nu\/wp-content\/uploads\/2016\/03\/005-300x286.jpg 300w, http:\/\/www.filindeblogg.nu\/wp-content\/uploads\/2016\/03\/005.jpg 422w\" sizes=\"(max-width: 300px) 100vw, 300px\" \/> Som det h\u00e4r! <em>&#8221;Gr\u00e4nsl\u00f6s stil i v\u00e5r. Har v\u00e5r \u00e5lder betydelse f\u00f6r vad vi v\u00e4ljer att ta p\u00e5 oss?&#8221;<\/em><\/p>\n<p>\u00c5ldern! Denna m\u00e4rkliga siffra som ska best\u00e4mma vad du f\u00e5r eller inte f\u00e5r!<br \/>\nOlika officiella lagar som regleras genom \u00e5lder kan bloggaren g\u00e5 med p\u00e5 &#8211; straffmyndighet, regler f\u00f6r n\u00e4r du f\u00e5r handla tobak och sprit, k\u00f6ra bil, n\u00e4r du anses tillr\u00e4ckligt mogen f\u00f6r att ha sex o.s.v. men inte konstruerade regler som t ex detta med kl\u00e4dsel!<\/p>\n<p><img loading=\"lazy\" class=\"alignnone size-medium wp-image-65698\" src=\"http:\/\/www.filindeblogg.nu\/wp-content\/uploads\/2016\/03\/009-300x225.jpg\" alt=\"009\" width=\"300\" height=\"225\" srcset=\"http:\/\/www.filindeblogg.nu\/wp-content\/uploads\/2016\/03\/009-300x225.jpg 300w, http:\/\/www.filindeblogg.nu\/wp-content\/uploads\/2016\/03\/009.jpg 600w\" sizes=\"(max-width: 300px) 100vw, 300px\" \/> <em>&#8221;K\u00e4nner vi oss fria att kl\u00e4 oss hur vi vill eller finns det plagg med \u00e5ldersgr\u00e4nser?&#8221;<\/em> &#8211; s\u00e4ger rubriken i \u00c5hl\u00e9ns tidning.<\/p>\n<p><img loading=\"lazy\" class=\"alignnone size-medium wp-image-65699\" src=\"http:\/\/www.filindeblogg.nu\/wp-content\/uploads\/2016\/03\/011-230x300.jpg\" alt=\"011\" width=\"230\" height=\"300\" srcset=\"http:\/\/www.filindeblogg.nu\/wp-content\/uploads\/2016\/03\/011-230x300.jpg 230w, http:\/\/www.filindeblogg.nu\/wp-content\/uploads\/2016\/03\/011.jpg 450w\" sizes=\"(max-width: 230px) 100vw, 230px\" \/> <img loading=\"lazy\" class=\"alignnone size-medium wp-image-65700\" src=\"http:\/\/www.filindeblogg.nu\/wp-content\/uploads\/2016\/03\/010-1-225x300.jpg\" alt=\"010\" width=\"225\" height=\"300\" srcset=\"http:\/\/www.filindeblogg.nu\/wp-content\/uploads\/2016\/03\/010-1-225x300.jpg 225w, http:\/\/www.filindeblogg.nu\/wp-content\/uploads\/2016\/03\/010-1.jpg 450w\" sizes=\"(max-width: 225px) 100vw, 225px\" \/> <strong>Philip Warkander<\/strong> heter den h\u00e4r mannen som v\u00e4rldens f\u00f6rsta doktor i modevetenskap.<br \/>\n<em>&#8221;Han \u00e4r fascinerad av hur m\u00e4nniskor skapar ber\u00e4ttelser om sina liv. Genom de kl\u00e4dval vi g\u00f6r uttrycker vi v\u00e5r identitet, vare sig vi vill eller inte, och kl\u00e4der kan ibland s\u00e4ga mer \u00e4n ord&#8221;.<\/em><\/p>\n<p><img loading=\"lazy\" class=\"alignnone size-medium wp-image-65701\" src=\"http:\/\/www.filindeblogg.nu\/wp-content\/uploads\/2016\/03\/Jeansjackan-179x300.jpg\" alt=\"Jeansjackan\" width=\"179\" height=\"300\" srcset=\"http:\/\/www.filindeblogg.nu\/wp-content\/uploads\/2016\/03\/Jeansjackan-179x300.jpg 179w, http:\/\/www.filindeblogg.nu\/wp-content\/uploads\/2016\/03\/Jeansjackan.jpg 357w\" sizes=\"(max-width: 179px) 100vw, 179px\" \/> Precis som bloggaren &#8211; kl\u00e4dval ber\u00e4ttar lite om livet. Bloggaren fick fr\u00e5gan h\u00e4r om dagen:<em> &#8221;- Hade du den d\u00e4r jackan innan du tr\u00e4ffade den d\u00e4r killen som g\u00f6r dig s\u00e5 glad?&#8221;<\/em> Bloggaren skrattade och svarade:<em> &#8221;- Nej! Jag k\u00f6pte den senare!&#8221;<\/em><\/p>\n<p>S\u00e5 \u00e4r det &#8211; kl\u00e4derna uttrycker v\u00e5r identitet, f\u00f6r\u00e4ndringar i livet, kl\u00e4der s\u00e4ger mer \u00e4n ord.<\/p>\n<p>Men \u00e4r det OK?? Och vem best\u00e4mmer att det inte \u00e4r det, i s\u00e5 fall??<\/p>\n<p>Tidningen h\u00e4nvisar till sin hemsida d\u00e4r den h\u00e4r kommentaren finns:<\/p>\n<p><strong><em>&#8221;\u201dJag tycker att det \u00e4r ganska viktigt att kl\u00e4 sig efter sin \u00e5lder. Att man inte kl\u00e4r sig i de hetaste trenderna n\u00e4r man \u00e4r typ 60, d\u00e5 m\u00e4rks det s\u00e5 tydligt att den personen vill vara yngre, men det blir bara s\u00e5 fel.<br \/>\nDet skall inte uppst\u00e5 en krock n\u00e4r man ser personens val av kl\u00e4der och sedan vet man hur gammal personen \u00e4r och det st\u00e4mmer inte alls, det blir bara f\u00f6rvirrande.<br \/>\nTill exempel \u00e4r det lite jobbigt att se unga tjejer som kl\u00e4r sig utmanande vuxet, men det kan ocks\u00e5 k\u00e4nnas likadant att se n\u00e5gon \u00e4ldre dam som kl\u00e4r sig ungdomligt.\u201d \u2013 Kerstin 28.&#8221;<\/em><\/strong><\/p>\n<p>Stackars Kerstin, 28, s\u00e4ger bloggaren! S\u00e5 trist och s\u00e5 inmejslad i mallen om vad man f\u00e5r eller inte f\u00e5r!<\/p>\n<p>H\u00e4r \u00e4r n\u00e5gra bilder ur \u00c5hl\u00e9ns tidning: <img loading=\"lazy\" class=\"alignnone size-medium wp-image-65702\" src=\"http:\/\/www.filindeblogg.nu\/wp-content\/uploads\/2016\/03\/006-1-300x225.jpg\" alt=\"006\" width=\"300\" height=\"225\" srcset=\"http:\/\/www.filindeblogg.nu\/wp-content\/uploads\/2016\/03\/006-1-300x225.jpg 300w, http:\/\/www.filindeblogg.nu\/wp-content\/uploads\/2016\/03\/006-1.jpg 600w\" sizes=\"(max-width: 300px) 100vw, 300px\" \/><\/p>\n<p>Varf\u00f6r skulle det h\u00e4r inte vara OK?\u00a0<img loading=\"lazy\" class=\"alignnone size-medium wp-image-65704\" src=\"http:\/\/www.filindeblogg.nu\/wp-content\/uploads\/2016\/03\/008-225x300.jpg\" alt=\"008\" width=\"225\" height=\"300\" srcset=\"http:\/\/www.filindeblogg.nu\/wp-content\/uploads\/2016\/03\/008-225x300.jpg 225w, http:\/\/www.filindeblogg.nu\/wp-content\/uploads\/2016\/03\/008.jpg 450w\" sizes=\"(max-width: 225px) 100vw, 225px\" \/> Vill den h\u00e4r kvinnan verkligen &#8221;vara yngre&#8221; eller kl\u00e4r hon sig i det hon gillar? <img loading=\"lazy\" class=\"alignnone size-medium wp-image-65703\" src=\"http:\/\/www.filindeblogg.nu\/wp-content\/uploads\/2016\/03\/007-225x300.jpg\" alt=\"007\" width=\"225\" height=\"300\" srcset=\"http:\/\/www.filindeblogg.nu\/wp-content\/uploads\/2016\/03\/007-225x300.jpg 225w, http:\/\/www.filindeblogg.nu\/wp-content\/uploads\/2016\/03\/007.jpg 450w\" sizes=\"(max-width: 225px) 100vw, 225px\" \/><\/p>\n<p>L\u00f6jligt att p\u00e5st\u00e5 att kl\u00e4der har \u00e5ldersgr\u00e4nser! Bloggaren tror att revolutionen b\u00f6rjade med 40-talister som frigjorde sig p\u00e5 60-talet, men \u00e4nnu mer \u00e4r det 50-talister och yngres f\u00f6rtj\u00e4nst som v\u00e4grar f\u00f6lja gamla hjulsp\u00e5r och rebelliskt t\u00e4njer gr\u00e4nser, vill leva som de vill. Forts\u00e4tt s\u00e5!! <img loading=\"lazy\" class=\"alignnone  wp-image-65696\" src=\"http:\/\/www.filindeblogg.nu\/wp-content\/uploads\/2016\/03\/Tummen-upp-1.jpg\" alt=\"Tummen upp\" width=\"134\" height=\"139\" \/><\/p>\n<p>Att t\u00e4nja p\u00e5 gr\u00e4nser vad g\u00e4ller \u00e5lder g\u00e4ller ocks\u00e5 relationer. \u00c4lska vem du vill oavsett \u00e5lder! S\u00e5 l\u00e4nge du inte s\u00e5rar n\u00e5gon eller g\u00f6r n\u00e5gon illa s\u00e5 \u00e4lska p\u00e5!<\/p>\n<p><img loading=\"lazy\" class=\"alignnone size-full wp-image-65705\" src=\"http:\/\/www.filindeblogg.nu\/wp-content\/uploads\/2016\/03\/\u00c5lder-har-ingen-betydelse.jpg\" alt=\"\u00c5lder har ingen betydelse\" width=\"195\" height=\"258\" \/> Att \u00e4ldre m\u00e4n dejtar unga kvinnor har l\u00e4nge varit OK &#8211; nu \u00e4r det dags att sluta h\u00f6ja p\u00e5 \u00f6gonbrynen eller gn\u00e4lla om \u00e4ldre kvinnor vill tr\u00e4ffa yngre killar!<\/p>\n<p>En v\u00e4n till bloggaren skrev p\u00e5 morgonen och \u00e4ngslades \u00f6ver att han snart skulle fylla 50. &#8221;<em>&#8211; Varf\u00f6r d\u00e5&#8221;,<\/em> undrade bloggaren!? \u00c5lder \u00e4r en siffra &#8211; ingenting annat! Varf\u00f6r haka upp sig p\u00e5 en siffra? Ska siffror osynligt f\u00e5 hindra oss att g\u00f6ra det vi \u00f6nskar och vill? Aldrig i livet!<\/p>\n<p><strong>Du \u00e4r precis s\u00e5 gammal som du k\u00e4nner dig! Du kl\u00e4r dig precis som du vill! Du \u00e4lskar vem du vill! Det viktiga \u00e4r att LEVA!<br \/>\nOch livet \u00e4r kort &#8211; s\u00e5 s\u00e4tt fart!<\/strong><\/p>\n<p>Annat bra ur \u00c5hl\u00e9ns tidning \u00e4r det h\u00e4r: <img loading=\"lazy\" class=\"alignnone size-medium wp-image-65706\" src=\"http:\/\/www.filindeblogg.nu\/wp-content\/uploads\/2016\/03\/015-1-238x300.jpg\" alt=\"015\" width=\"238\" height=\"300\" srcset=\"http:\/\/www.filindeblogg.nu\/wp-content\/uploads\/2016\/03\/015-1-238x300.jpg 238w, http:\/\/www.filindeblogg.nu\/wp-content\/uploads\/2016\/03\/015-1.jpg 450w\" sizes=\"(max-width: 238px) 100vw, 238px\" \/> Bloggaren som \u00e4r vithyad hade inte ens t\u00e4nkt p\u00e5 att det inte finns smink anpassat f\u00f6r m\u00f6rkare skinn?<br \/>\n<img loading=\"lazy\" class=\"alignnone size-medium wp-image-65707\" src=\"http:\/\/www.filindeblogg.nu\/wp-content\/uploads\/2016\/03\/012-1-300x232.jpg\" alt=\"012\" width=\"300\" height=\"232\" srcset=\"http:\/\/www.filindeblogg.nu\/wp-content\/uploads\/2016\/03\/012-1-300x232.jpg 300w, http:\/\/www.filindeblogg.nu\/wp-content\/uploads\/2016\/03\/012-1.jpg 582w\" sizes=\"(max-width: 300px) 100vw, 300px\" \/> <strong>Black Vogue<\/strong> \u00e4ndrar p\u00e5 den saken! <img loading=\"lazy\" class=\"alignnone size-medium wp-image-65708\" src=\"http:\/\/www.filindeblogg.nu\/wp-content\/uploads\/2016\/03\/013-1-300x212.jpg\" alt=\"013\" width=\"300\" height=\"212\" srcset=\"http:\/\/www.filindeblogg.nu\/wp-content\/uploads\/2016\/03\/013-1-300x212.jpg 300w, http:\/\/www.filindeblogg.nu\/wp-content\/uploads\/2016\/03\/013-1.jpg 600w\" sizes=\"(max-width: 300px) 100vw, 300px\" \/><\/p>\n<p>Tyv\u00e4rr m\u00e5ste du vara medlem i <a href=\"http:\/\/www.ahlens.se\/klubb\/klubbutskick\/\" target=\"_blank\"><strong>\u00c5hl\u00e9ns<\/strong><\/a> f\u00f6r att kunna l\u00e4sa artiklarna p\u00e5 n\u00e4tet. <img loading=\"lazy\" class=\"alignnone size-medium wp-image-65709\" src=\"http:\/\/www.filindeblogg.nu\/wp-content\/uploads\/2016\/03\/014-300x225.jpg\" alt=\"014\" width=\"300\" height=\"225\" srcset=\"http:\/\/www.filindeblogg.nu\/wp-content\/uploads\/2016\/03\/014-300x225.jpg 300w, http:\/\/www.filindeblogg.nu\/wp-content\/uploads\/2016\/03\/014.jpg 600w\" sizes=\"(max-width: 300px) 100vw, 300px\" \/> Black Vouge finns p\u00e5 <strong>Facebook<\/strong>!<\/p>\n<p>Slutligen m\u00e5ste bloggaren f\u00e5 avreagera sig p\u00e5 nytt:<em> &#8221;- Vad \u00e4r det f\u00f6r fel p\u00e5 m\u00e4n??&#8221;<br \/>\n<\/em>Den h\u00e4r notisen finns i lokaltidningen idag. <img loading=\"lazy\" class=\"alignnone size-medium wp-image-65710\" src=\"http:\/\/www.filindeblogg.nu\/wp-content\/uploads\/2016\/03\/024-1-179x300.jpg\" alt=\"024\" width=\"179\" height=\"300\" srcset=\"http:\/\/www.filindeblogg.nu\/wp-content\/uploads\/2016\/03\/024-1-179x300.jpg 179w, http:\/\/www.filindeblogg.nu\/wp-content\/uploads\/2016\/03\/024-1.jpg 357w\" sizes=\"(max-width: 179px) 100vw, 179px\" \/><br \/>\nExpojkv\u00e4n sl\u00e5r totalt s\u00f6nder och samman kvinnans l\u00e4genhet&#8230;<br \/>\nVad \u00e4r det f\u00f6r idioter till karlar?? Man eller mus?? Ja, varken det ena eller det andra om ni fr\u00e5gar bloggaren! En riktig rej\u00e4l skitst\u00f6vel!<br \/>\nV\u00e4x upp och sluta h\u00e4nga p\u00e5 era ex! Visa att ni klarar er sj\u00e4lva &#8211; och om ni fixar det utan \u00e4r ena j\u00e4dra mesar s\u00e5 se till att \u00e4ndra p\u00e5 er! Det g\u00f6r man inte genom att trakassera sina ex! Vilken kvinna vill ha en s\u00e5n som dig!? <img loading=\"lazy\" class=\"alignnone size-medium wp-image-65711\" src=\"http:\/\/www.filindeblogg.nu\/wp-content\/uploads\/2016\/03\/Superarg-smiley-300x102.jpg\" alt=\"Superarg smiley\" width=\"300\" height=\"102\" srcset=\"http:\/\/www.filindeblogg.nu\/wp-content\/uploads\/2016\/03\/Superarg-smiley-300x102.jpg 300w, http:\/\/www.filindeblogg.nu\/wp-content\/uploads\/2016\/03\/Superarg-smiley.jpg 384w\" sizes=\"(max-width: 300px) 100vw, 300px\" \/><\/p>\n<p>&nbsp;<\/p>\n<p>Nej, lev livet utan att s\u00e5ra n\u00e5gon annan! Lev livet utan siffror som begr\u00e4nsar!<br \/>\nLev och \u00e4lska &#8211; \u00e4lska livet! <img loading=\"lazy\" class=\"alignnone  wp-image-65712\" src=\"http:\/\/www.filindeblogg.nu\/wp-content\/uploads\/2016\/03\/Susanne-oktober-2015-225x300.jpg\" alt=\"Susanne oktober 2015\" width=\"158\" height=\"211\" srcset=\"http:\/\/www.filindeblogg.nu\/wp-content\/uploads\/2016\/03\/Susanne-oktober-2015-225x300.jpg 225w, http:\/\/www.filindeblogg.nu\/wp-content\/uploads\/2016\/03\/Susanne-oktober-2015.jpg 720w\" sizes=\"(max-width: 158px) 100vw, 158px\" \/> S\u00e4ger bloggaren som v\u00e4grar ta av jeansjackan f\u00f6r att det inte skulle passa n\u00e5gon inkr\u00f6kt mallprodukt att hon har den p\u00e5!\u00a0 Som \u00e4lskar vem hon vill! <img loading=\"lazy\" class=\"alignnone size-full wp-image-65713\" src=\"http:\/\/www.filindeblogg.nu\/wp-content\/uploads\/2016\/03\/Live-and-love.jpg\" alt=\"Live and love\" width=\"228\" height=\"221\" \/><\/p>\n<p>&nbsp;<\/p>\n<p>&nbsp;<\/p>\n","protected":false},"excerpt":{"rendered":"<p>Den h\u00e4r tidningen f\u00e5r man om man handlar p\u00e5 \u00c5hl\u00e9ns &#8211; vilket bloggaren s\u00e4llan g\u00f6r &#8211; men som s k medlem ramlade den in genom brevl\u00e5dan h\u00e4r om dagen. Bloggaren brukar heller inte l\u00e4sa dessa &#8221;medlemsskrifter&#8221; s\u00e4rskilt noga men i brist p\u00e5 annat gjordes det en kv\u00e4ll &#8211; och bloggaren hittade en hel del mycket [&hellip;]<\/p>\n","protected":false},"author":1,"featured_media":0,"comment_status":"open","ping_status":"open","sticky":false,"template":"","format":"standard","meta":[],"categories":[196,161,100,164,201,101,150],"tags":[],"_links":{"self":[{"href":"http:\/\/www.filindeblogg.nu\/index.php?rest_route=\/wp\/v2\/posts\/65694"}],"collection":[{"href":"http:\/\/www.filindeblogg.nu\/index.php?rest_route=\/wp\/v2\/posts"}],"about":[{"href":"http:\/\/www.filindeblogg.nu\/index.php?rest_route=\/wp\/v2\/types\/post"}],"author":[{"embeddable":true,"href":"http:\/\/www.filindeblogg.nu\/index.php?rest_route=\/wp\/v2\/users\/1"}],"replies":[{"embeddable":true,"href":"http:\/\/www.filindeblogg.nu\/index.php?rest_route=%2Fwp%2Fv2%2Fcomments&post=65694"}],"version-history":[{"count":7,"href":"http:\/\/www.filindeblogg.nu\/index.php?rest_route=\/wp\/v2\/posts\/65694\/revisions"}],"predecessor-version":[{"id":65720,"href":"http:\/\/www.filindeblogg.nu\/index.php?rest_route=\/wp\/v2\/posts\/65694\/revisions\/65720"}],"wp:attachment":[{"href":"http:\/\/www.filindeblogg.nu\/index.php?rest_route=%2Fwp%2Fv2%2Fmedia&parent=65694"}],"wp:term":[{"taxonomy":"category","embeddable":true,"href":"http:\/\/www.filindeblogg.nu\/index.php?rest_route=%2Fwp%2Fv2%2Fcategories&post=65694"},{"taxonomy":"post_tag","embeddable":true,"href":"http:\/\/www.filindeblogg.nu\/index.php?rest_route=%2Fwp%2Fv2%2Ftags&post=65694"}],"curies":[{"name":"wp","href":"https:\/\/api.w.org\/{rel}","templated":true}]}}