{"id":65585,"date":"2016-02-28T10:19:24","date_gmt":"2016-02-28T09:19:24","guid":{"rendered":"http:\/\/www.filindeblogg.nu\/?p=65585"},"modified":"2016-02-28T10:19:24","modified_gmt":"2016-02-28T09:19:24","slug":"olof-palme","status":"publish","type":"post","link":"http:\/\/www.filindeblogg.nu\/?p=65585","title":{"rendered":"Olof Palme"},"content":{"rendered":"<p><img loading=\"lazy\" class=\"alignnone size-medium wp-image-65586\" src=\"http:\/\/www.filindeblogg.nu\/wp-content\/uploads\/2016\/02\/013-1-225x300.jpg\" alt=\"013\" width=\"225\" height=\"300\" srcset=\"http:\/\/www.filindeblogg.nu\/wp-content\/uploads\/2016\/02\/013-1-225x300.jpg 225w, http:\/\/www.filindeblogg.nu\/wp-content\/uploads\/2016\/02\/013-1.jpg 450w\" sizes=\"(max-width: 225px) 100vw, 225px\" \/><\/p>\n<p><img loading=\"lazy\" class=\"alignnone size-medium wp-image-65587\" src=\"http:\/\/www.filindeblogg.nu\/wp-content\/uploads\/2016\/02\/006-1-300x225.jpg\" alt=\"006\" width=\"300\" height=\"225\" srcset=\"http:\/\/www.filindeblogg.nu\/wp-content\/uploads\/2016\/02\/006-1-300x225.jpg 300w, http:\/\/www.filindeblogg.nu\/wp-content\/uploads\/2016\/02\/006-1.jpg 600w\" sizes=\"(max-width: 300px) 100vw, 300px\" \/> 30 \u00e5r sedan<strong> Sverige<\/strong>s statsminister <strong>Olof Palme<\/strong> m\u00f6rdades p\u00e5 \u00f6ppen gata i <strong>Stockholm<\/strong>. <img loading=\"lazy\" class=\"alignnone size-medium wp-image-65588\" src=\"http:\/\/www.filindeblogg.nu\/wp-content\/uploads\/2016\/02\/010-225x300.jpg\" alt=\"010\" width=\"225\" height=\"300\" srcset=\"http:\/\/www.filindeblogg.nu\/wp-content\/uploads\/2016\/02\/010-225x300.jpg 225w, http:\/\/www.filindeblogg.nu\/wp-content\/uploads\/2016\/02\/010.jpg 450w\" sizes=\"(max-width: 225px) 100vw, 225px\" \/><\/p>\n<p><strong><img loading=\"lazy\" class=\"alignnone size-medium wp-image-65589\" src=\"http:\/\/www.filindeblogg.nu\/wp-content\/uploads\/2016\/02\/011-300x225.jpg\" alt=\"011\" width=\"300\" height=\"225\" srcset=\"http:\/\/www.filindeblogg.nu\/wp-content\/uploads\/2016\/02\/011-300x225.jpg 300w, http:\/\/www.filindeblogg.nu\/wp-content\/uploads\/2016\/02\/011.jpg 600w\" sizes=\"(max-width: 300px) 100vw, 300px\" \/>\u00a0Dagens Nyheter<\/strong> skriver idag om mordet och om vad Olof Palme betydde &#8211; och betyder. L\u00e4s <strong><a href=\"http:\/\/www.dn.se\/nyheter\/sverige\/olof-palme-aristokraten-som-blev-socialist\/\" target=\"_blank\">H\u00c4R!<\/a><\/strong><\/p>\n<p>\u00c4ven p\u00e5 kultursidan av dagens tidning. <img loading=\"lazy\" class=\"alignnone size-medium wp-image-65590\" src=\"http:\/\/www.filindeblogg.nu\/wp-content\/uploads\/2016\/02\/014-1-225x300.jpg\" alt=\"014\" width=\"225\" height=\"300\" srcset=\"http:\/\/www.filindeblogg.nu\/wp-content\/uploads\/2016\/02\/014-1-225x300.jpg 225w, http:\/\/www.filindeblogg.nu\/wp-content\/uploads\/2016\/02\/014-1.jpg 450w\" sizes=\"(max-width: 225px) 100vw, 225px\" \/><\/p>\n<p><strong>Svenska Dagbladet<\/strong> skriver <strong><a href=\"http:\/\/www.svd.se\/olof-palme-ar-anledningen-till-att-vi-ar-har\/om\/30-ar-sedan-palmemordet\" target=\"_blank\">H\u00c4R!\u00a0<\/a> <\/strong><\/p>\n<p>S\u00e5 <a href=\"http:\/\/www.aftonbladet.se\/nyheter\/article22346883.ab\" target=\"_blank\"><strong>H\u00c4R<\/strong><\/a> skriver <strong>Aftonbladet! Expressen <\/strong>hittar du <a href=\"http:\/\/www.expressen.se\/nyheter\/ake-teg-om-mordet-pa-olof-palme-i-30-ar\/\" target=\"_blank\"><strong>H\u00c4R<\/strong> <\/a>&#8211; om Olof Palme.<\/p>\n<p>L\u00e4s, minns men v\u00e5rda ocks\u00e5 minnena p\u00e5 ett konstruktivt s\u00e4tt! Olof Palme och hans \u00e5sikter \u00e4r lika viktiga idag. <img loading=\"lazy\" class=\"alignnone size-medium wp-image-65591\" src=\"http:\/\/www.filindeblogg.nu\/wp-content\/uploads\/2016\/02\/001-300x225.jpg\" alt=\"001\" width=\"300\" height=\"225\" srcset=\"http:\/\/www.filindeblogg.nu\/wp-content\/uploads\/2016\/02\/001-300x225.jpg 300w, http:\/\/www.filindeblogg.nu\/wp-content\/uploads\/2016\/02\/001.jpg 600w\" sizes=\"(max-width: 300px) 100vw, 300px\" \/><\/p>\n","protected":false},"excerpt":{"rendered":"<p>30 \u00e5r sedan Sveriges statsminister Olof Palme m\u00f6rdades p\u00e5 \u00f6ppen gata i Stockholm. \u00a0Dagens Nyheter skriver idag om mordet och om vad Olof Palme betydde &#8211; och betyder. L\u00e4s H\u00c4R! \u00c4ven p\u00e5 kultursidan av dagens tidning. Svenska Dagbladet skriver H\u00c4R!\u00a0 S\u00e5 H\u00c4R skriver Aftonbladet! Expressen hittar du H\u00c4R &#8211; om Olof Palme. L\u00e4s, minns men [&hellip;]<\/p>\n","protected":false},"author":1,"featured_media":0,"comment_status":"open","ping_status":"open","sticky":false,"template":"","format":"standard","meta":[],"categories":[131,100,160,119,200,101],"tags":[],"_links":{"self":[{"href":"http:\/\/www.filindeblogg.nu\/index.php?rest_route=\/wp\/v2\/posts\/65585"}],"collection":[{"href":"http:\/\/www.filindeblogg.nu\/index.php?rest_route=\/wp\/v2\/posts"}],"about":[{"href":"http:\/\/www.filindeblogg.nu\/index.php?rest_route=\/wp\/v2\/types\/post"}],"author":[{"embeddable":true,"href":"http:\/\/www.filindeblogg.nu\/index.php?rest_route=\/wp\/v2\/users\/1"}],"replies":[{"embeddable":true,"href":"http:\/\/www.filindeblogg.nu\/index.php?rest_route=%2Fwp%2Fv2%2Fcomments&post=65585"}],"version-history":[{"count":4,"href":"http:\/\/www.filindeblogg.nu\/index.php?rest_route=\/wp\/v2\/posts\/65585\/revisions"}],"predecessor-version":[{"id":65595,"href":"http:\/\/www.filindeblogg.nu\/index.php?rest_route=\/wp\/v2\/posts\/65585\/revisions\/65595"}],"wp:attachment":[{"href":"http:\/\/www.filindeblogg.nu\/index.php?rest_route=%2Fwp%2Fv2%2Fmedia&parent=65585"}],"wp:term":[{"taxonomy":"category","embeddable":true,"href":"http:\/\/www.filindeblogg.nu\/index.php?rest_route=%2Fwp%2Fv2%2Fcategories&post=65585"},{"taxonomy":"post_tag","embeddable":true,"href":"http:\/\/www.filindeblogg.nu\/index.php?rest_route=%2Fwp%2Fv2%2Ftags&post=65585"}],"curies":[{"name":"wp","href":"https:\/\/api.w.org\/{rel}","templated":true}]}}