{"id":65542,"date":"2016-02-25T13:18:15","date_gmt":"2016-02-25T12:18:15","guid":{"rendered":"http:\/\/www.filindeblogg.nu\/?p=65542"},"modified":"2016-02-25T13:24:50","modified_gmt":"2016-02-25T12:24:50","slug":"bloggarens-relation-till-olof-palme","status":"publish","type":"post","link":"http:\/\/www.filindeblogg.nu\/?p=65542","title":{"rendered":"Bloggarens relation till Olof Palme!"},"content":{"rendered":"<p><img loading=\"lazy\" class=\"alignnone size-full wp-image-65543\" src=\"http:\/\/www.filindeblogg.nu\/wp-content\/uploads\/2016\/02\/Palme-m\u00f6rdad.jpg\" alt=\"Palme m\u00f6rdad\" width=\"189\" height=\"267\" \/>P\u00e5 s\u00f6ndag \u00e4r det 30 \u00e5r sedan Sveriges statsminister <strong>Olof Palme<\/strong> m\u00f6rdades. H\u00e4ndelsen uppm\u00e4rksammas bland annat genom en dokument\u00e4r i <strong>TV4<\/strong>. <img loading=\"lazy\" class=\"alignnone size-full wp-image-65544\" src=\"http:\/\/www.filindeblogg.nu\/wp-content\/uploads\/2016\/02\/Palme-sista-timmarna.jpg\" alt=\"Palme sista timmarna\" width=\"189\" height=\"266\" \/> Programmet som s\u00e4nds i tv\u00e5 delar startade ig\u00e5r och forts\u00e4tter idag. Klicka <a href=\"https:\/\/www.tv4play.se\/program\/palmemordet?video_id=3250272\" target=\"_blank\"><strong>H\u00c4R<\/strong> <\/a>f\u00f6r att komma till dokument\u00e4rens del 1.<\/p>\n<p>M\u00e5nga minns chocken. <img loading=\"lazy\" class=\"alignnone wp-image-65545\" src=\"http:\/\/www.filindeblogg.nu\/wp-content\/uploads\/2016\/02\/Telefon.jpg\" alt=\"Telefon\" width=\"149\" height=\"99\" \/> Bloggaren blev uppringd av sin bror tidigt p\u00e5 morgonen den 1 mars 1986 och han sa: <em>&#8211; Har du h\u00f6rt att Palme har m\u00f6rdats!? <\/em>Vi var i chock.<\/p>\n<p><img loading=\"lazy\" class=\"alignnone wp-image-65558\" src=\"http:\/\/www.filindeblogg.nu\/wp-content\/uploads\/2016\/02\/Grand-Sveav\u00e4gen.jpg\" alt=\"Grand Sveav\u00e4gen\" width=\"184\" height=\"126\" \/>\u00a0Fr\u00e5n den dagen blev <strong>Sverige<\/strong> inte l\u00e4ngre som f\u00f6rr. Oskulden var tagen. V\u00e5r naivitet f\u00f6r alltid borta. Att v\u00e5r statsminister kunde skjutas ner och d\u00f6das p\u00e5 \u00f6ppen gata! Det var oerh\u00f6rt. <img loading=\"lazy\" class=\"alignnone size-full wp-image-65546\" src=\"http:\/\/www.filindeblogg.nu\/wp-content\/uploads\/2016\/02\/Palme-m\u00f6rdar-2.jpg\" alt=\"Palme m\u00f6rdar 2\" width=\"295\" height=\"171\" \/><\/p>\n<p><img loading=\"lazy\" class=\"alignnone wp-image-65547\" src=\"http:\/\/www.filindeblogg.nu\/wp-content\/uploads\/2016\/02\/Palme-ung.jpg\" alt=\"Palme ung\" width=\"170\" height=\"96\" \/> V\u00e4ldigt m\u00e5nga fr\u00e5n den tiden har f\u00f6rmodligen n\u00e5gon sorts relation till Olof Palme. Antingen var man h\u00e4ngiven sosse eller ocks\u00e5 hans motst\u00e5ndare. Bloggaren tillh\u00f6rde den senare gruppen. <img loading=\"lazy\" class=\"alignnone wp-image-65548\" src=\"http:\/\/www.filindeblogg.nu\/wp-content\/uploads\/2016\/02\/Palme-debatterar.jpg\" alt=\"Palme debatterar\" width=\"155\" height=\"116\" \/><\/p>\n<p><img loading=\"lazy\" class=\"alignnone  wp-image-65565\" src=\"http:\/\/www.filindeblogg.nu\/wp-content\/uploads\/2016\/02\/Palme-glad-300x168.jpg\" alt=\"Palme glad\" width=\"198\" height=\"111\" \/> I TV4:s dokument\u00e4r f\u00e5r man ocks\u00e5 veta om hur relationen till politikern Palme blev personlig.<br \/>\nMan antingen \u00e4lskade eller hatade Olof Palme. Nidbilder och h\u00e4tska, obehagliga uttalanden och artiklar tilltog mot slutet av hans tid.<\/p>\n<p><img loading=\"lazy\" class=\"alignnone wp-image-65549\" src=\"http:\/\/www.filindeblogg.nu\/wp-content\/uploads\/2016\/02\/Palme-diskuterar.jpg\" alt=\"Palme diskuterar\" width=\"202\" height=\"127\" \/> Man retade upp sig p\u00e5 Palme &#8211; om man som bloggaren var motst\u00e5ndare. Hans retorik och hans \u00f6verl\u00e4gsenhet i debatter gjorde att man blev f\u00f6rargad p\u00e5 honom och d\u00e4rmed ocks\u00e5 tog avst\u00e5nd fr\u00e5n hans politik. <img loading=\"lazy\" class=\"alignnone size-medium wp-image-65550\" src=\"http:\/\/www.filindeblogg.nu\/wp-content\/uploads\/2016\/02\/Palme-\u00f6verl\u00e4gsen-300x152.jpg\" alt=\"Palme \u00f6verl\u00e4gsen\" width=\"300\" height=\"152\" srcset=\"http:\/\/www.filindeblogg.nu\/wp-content\/uploads\/2016\/02\/Palme-\u00f6verl\u00e4gsen-300x152.jpg 300w, http:\/\/www.filindeblogg.nu\/wp-content\/uploads\/2016\/02\/Palme-\u00f6verl\u00e4gsen.jpg 315w\" sizes=\"(max-width: 300px) 100vw, 300px\" \/><\/p>\n<p><img loading=\"lazy\" class=\"alignnone wp-image-65551\" src=\"http:\/\/www.filindeblogg.nu\/wp-content\/uploads\/2016\/02\/Susanne-och-Carl-Johan-n\u00e4r-kungen-och-Silvia-bes\u00f6kte-Arboga-300x225.jpg\" alt=\"Susanne och Carl-Johan n\u00e4r kungen och Silvia bes\u00f6kte Arboga\" width=\"205\" height=\"154\" srcset=\"http:\/\/www.filindeblogg.nu\/wp-content\/uploads\/2016\/02\/Susanne-och-Carl-Johan-n\u00e4r-kungen-och-Silvia-bes\u00f6kte-Arboga-300x225.jpg 300w, http:\/\/www.filindeblogg.nu\/wp-content\/uploads\/2016\/02\/Susanne-och-Carl-Johan-n\u00e4r-kungen-och-Silvia-bes\u00f6kte-Arboga.jpg 600w\" sizes=\"(max-width: 205px) 100vw, 205px\" \/>\u00a0Bloggaren var p\u00e5 den tiden nybliven mor och upplevde Socialdemokraternas familjepolitik v\u00e4ldigt negativt. Att tvingas l\u00e4mna bort sitt barn, bara dryga \u00e5ret, k\u00e4ndes fruktansv\u00e4rt.<\/p>\n<p>Dessutom fanns ingen daghemsplats att f\u00e5! <img loading=\"lazy\" class=\"alignnone size-full wp-image-65552\" src=\"http:\/\/www.filindeblogg.nu\/wp-content\/uploads\/2016\/02\/Ropen-skalla-daghem-\u00e5t-alla.jpg\" alt=\"Ropen skalla daghem \u00e5t alla\" width=\"140\" height=\"196\" \/> <strong><em>&#8221;Ropen skalla &#8211; daghem \u00e5t alla&#8221;<\/em><\/strong> skanderades det men <strong>Arboga<\/strong> hade inte n\u00e5tt dit \u00e4nnu&#8230;<br \/>\nDet betydde att man som f\u00f6r\u00e4lder fick lov att annonsera i tidningen efter dagmamma och sen hoppas p\u00e5 tur&#8230; <img loading=\"lazy\" class=\"alignnone wp-image-65553\" src=\"http:\/\/www.filindeblogg.nu\/wp-content\/uploads\/2016\/02\/Dagmamma-80talet.jpg\" alt=\"Dagmamma 80talet\" width=\"217\" height=\"141\" \/><\/p>\n<p>Det k\u00e4ndes definitivt inte bra att l\u00e4mna bort sitt lilla barn under s\u00e5dana omst\u00e4ndigheter. <img loading=\"lazy\" class=\"alignnone wp-image-65554\" src=\"http:\/\/www.filindeblogg.nu\/wp-content\/uploads\/2016\/02\/Susanne-och-Carl-Johan-1986-300x225.jpg\" alt=\"Susanne och Carl-Johan 1986\" width=\"244\" height=\"183\" srcset=\"http:\/\/www.filindeblogg.nu\/wp-content\/uploads\/2016\/02\/Susanne-och-Carl-Johan-1986-300x225.jpg 300w, http:\/\/www.filindeblogg.nu\/wp-content\/uploads\/2016\/02\/Susanne-och-Carl-Johan-1986.jpg 461w\" sizes=\"(max-width: 244px) 100vw, 244px\" \/><\/p>\n<p>Vad gjorde bloggaren d\u00e5!? Sj\u00e4lvklart accepterades inte detta faktum och vem skulle man ge sig p\u00e5? Jo, h\u00f6gsta chefen f\u00f6rst\u00e5s &#8211; ja just det, Olof Palme! <img loading=\"lazy\" class=\"alignnone size-full wp-image-65555\" src=\"http:\/\/www.filindeblogg.nu\/wp-content\/uploads\/2016\/02\/Palme.jpg\" alt=\"Palme\" width=\"223\" height=\"226\" \/> Den h\u00f6gst ansvarige f\u00f6r s\u00e5v\u00e4l den f\u00f6rda politiken i Sverige i allm\u00e4nhet som f\u00f6r\u00e4ldrapolitiken i synnerhet!<\/p>\n<p><img loading=\"lazy\" class=\"alignnone size-medium wp-image-65556\" src=\"http:\/\/www.filindeblogg.nu\/wp-content\/uploads\/2016\/02\/Skriv-brev-300x164.jpg\" alt=\"Skriv brev\" width=\"300\" height=\"164\" srcset=\"http:\/\/www.filindeblogg.nu\/wp-content\/uploads\/2016\/02\/Skriv-brev-300x164.jpg 300w, http:\/\/www.filindeblogg.nu\/wp-content\/uploads\/2016\/02\/Skriv-brev.jpg 303w\" sizes=\"(max-width: 300px) 100vw, 300px\" \/>\u00a0Varje m\u00e5ndag, vecka efter vecka i \u00f6ver tre m\u00e5nader fick Olof Palme ett brev fr\u00e5n bloggaren. Hon gav sig inte!<\/p>\n<p>Och till slut gav Olof Palmes sekreterare med sig och hon ringde upp med meddelandet: &#8221;<strong><em>&#8211; Olof Palme l\u00e4ser alla dina brev och han kommer att svara dig.&#8221;<\/em><\/strong><\/p>\n<p>Beskedet kom veckan innan han m\u00f6rdades&#8230; Det k\u00e4ndes faktiskt lite olustigt. \u00c4ven om det naturligtvis inte var bloggaren som h\u00f6ll i vapnet s\u00e5 hade hon varit mycket arg och uppr\u00f6rd p\u00e5 Olof Palme.<\/p>\n<p>Det kom allts\u00e5 aldrig n\u00e5got svar fr\u00e5n statsministern. Inte heller verkar m\u00f6rdarens identitet bli besvarad. Det k\u00e4nns m\u00e4rkligt, sorgligt och oacceptabelt. Hur kan n\u00e5gon obem\u00e4rkt d\u00f6da landets h\u00f6gste ledare och sen komma undan med det &#8211; \u00e5ret efter \u00e5r, nu snart 30 \u00e5r!<\/p>\n<p><img loading=\"lazy\" class=\"alignnone size-medium wp-image-65557\" src=\"http:\/\/www.filindeblogg.nu\/wp-content\/uploads\/2016\/02\/Palmemordet-300x168.jpg\" alt=\"Palmemordet\" width=\"300\" height=\"168\" srcset=\"http:\/\/www.filindeblogg.nu\/wp-content\/uploads\/2016\/02\/Palmemordet-300x168.jpg 300w, http:\/\/www.filindeblogg.nu\/wp-content\/uploads\/2016\/02\/Palmemordet.jpg 360w\" sizes=\"(max-width: 300px) 100vw, 300px\" \/> Se g\u00e4rna dokument\u00e4ren! F\u00f6rsta avsnittet i TV4Play <a href=\"https:\/\/www.tv4play.se\/program\/palmemordet?video_id=3250272\" target=\"_blank\"><strong>H\u00c4R<\/strong><\/a> och ikv\u00e4ll p\u00e5 TV4 klockan 21.00.<\/p>\n<p>&nbsp;<\/p>\n<p>&nbsp;<\/p>\n","protected":false},"excerpt":{"rendered":"<p>P\u00e5 s\u00f6ndag \u00e4r det 30 \u00e5r sedan Sveriges statsminister Olof Palme m\u00f6rdades. H\u00e4ndelsen uppm\u00e4rksammas bland annat genom en dokument\u00e4r i TV4. Programmet som s\u00e4nds i tv\u00e5 delar startade ig\u00e5r och forts\u00e4tter idag. Klicka H\u00c4R f\u00f6r att komma till dokument\u00e4rens del 1. M\u00e5nga minns chocken. Bloggaren blev uppringd av sin bror tidigt p\u00e5 morgonen den 1 [&hellip;]<\/p>\n","protected":false},"author":1,"featured_media":65552,"comment_status":"open","ping_status":"open","sticky":false,"template":"","format":"standard","meta":[],"categories":[127,131,100,132,119,101],"tags":[],"_links":{"self":[{"href":"http:\/\/www.filindeblogg.nu\/index.php?rest_route=\/wp\/v2\/posts\/65542"}],"collection":[{"href":"http:\/\/www.filindeblogg.nu\/index.php?rest_route=\/wp\/v2\/posts"}],"about":[{"href":"http:\/\/www.filindeblogg.nu\/index.php?rest_route=\/wp\/v2\/types\/post"}],"author":[{"embeddable":true,"href":"http:\/\/www.filindeblogg.nu\/index.php?rest_route=\/wp\/v2\/users\/1"}],"replies":[{"embeddable":true,"href":"http:\/\/www.filindeblogg.nu\/index.php?rest_route=%2Fwp%2Fv2%2Fcomments&post=65542"}],"version-history":[{"count":7,"href":"http:\/\/www.filindeblogg.nu\/index.php?rest_route=\/wp\/v2\/posts\/65542\/revisions"}],"predecessor-version":[{"id":65567,"href":"http:\/\/www.filindeblogg.nu\/index.php?rest_route=\/wp\/v2\/posts\/65542\/revisions\/65567"}],"wp:featuredmedia":[{"embeddable":true,"href":"http:\/\/www.filindeblogg.nu\/index.php?rest_route=\/wp\/v2\/media\/65552"}],"wp:attachment":[{"href":"http:\/\/www.filindeblogg.nu\/index.php?rest_route=%2Fwp%2Fv2%2Fmedia&parent=65542"}],"wp:term":[{"taxonomy":"category","embeddable":true,"href":"http:\/\/www.filindeblogg.nu\/index.php?rest_route=%2Fwp%2Fv2%2Fcategories&post=65542"},{"taxonomy":"post_tag","embeddable":true,"href":"http:\/\/www.filindeblogg.nu\/index.php?rest_route=%2Fwp%2Fv2%2Ftags&post=65542"}],"curies":[{"name":"wp","href":"https:\/\/api.w.org\/{rel}","templated":true}]}}