{"id":65289,"date":"2016-02-02T18:39:27","date_gmt":"2016-02-02T17:39:27","guid":{"rendered":"http:\/\/www.filindeblogg.nu\/?p=65289"},"modified":"2016-02-02T18:39:27","modified_gmt":"2016-02-02T17:39:27","slug":"varfor-far-vi-inte-saga-att-det-handlar-om-man","status":"publish","type":"post","link":"http:\/\/www.filindeblogg.nu\/?p=65289","title":{"rendered":"Varf\u00f6r f\u00e5r vi inte s\u00e4ga att det handlar om m\u00e4n?"},"content":{"rendered":"<p><img loading=\"lazy\" class=\"alignnone size-full wp-image-65291\" src=\"http:\/\/www.filindeblogg.nu\/wp-content\/uploads\/2016\/02\/M\u00e4n-i-grupp.jpg\" alt=\"M\u00e4n i grupp\" width=\"296\" height=\"170\" \/>M\u00e4n i grupp &#8211; k\u00e4nns det begreppet igen? Eller ska vi inte l\u00e5tsas om det?<\/p>\n<p>P\u00e5 fotbollsmatchen&#8230; <img loading=\"lazy\" class=\"alignnone size-medium wp-image-65292\" src=\"http:\/\/www.filindeblogg.nu\/wp-content\/uploads\/2016\/02\/Huligander-p\u00e5-fotbollsmatch-300x166.jpg\" alt=\"Huligander p\u00e5 fotbollsmatch\" width=\"300\" height=\"166\" srcset=\"http:\/\/www.filindeblogg.nu\/wp-content\/uploads\/2016\/02\/Huligander-p\u00e5-fotbollsmatch-300x166.jpg 300w, http:\/\/www.filindeblogg.nu\/wp-content\/uploads\/2016\/02\/Huligander-p\u00e5-fotbollsmatch.jpg 302w\" sizes=\"(max-width: 300px) 100vw, 300px\" \/><br \/>\nI demonstrationst\u00e5get&#8230; <img loading=\"lazy\" class=\"alignnone size-medium wp-image-65293\" src=\"http:\/\/www.filindeblogg.nu\/wp-content\/uploads\/2016\/02\/Huliganer-politik-300x200.jpg\" alt=\"Huliganer politik\" width=\"300\" height=\"200\" srcset=\"http:\/\/www.filindeblogg.nu\/wp-content\/uploads\/2016\/02\/Huliganer-politik-300x200.jpg 300w, http:\/\/www.filindeblogg.nu\/wp-content\/uploads\/2016\/02\/Huliganer-politik.jpg 640w\" sizes=\"(max-width: 300px) 100vw, 300px\" \/><\/p>\n<p>Det spelar liksom inte n\u00e5gon roll vad saken g\u00e4ller&#8230; <img loading=\"lazy\" class=\"alignnone size-medium wp-image-65290\" src=\"http:\/\/www.filindeblogg.nu\/wp-content\/uploads\/2016\/02\/Huliganer-fotboll-300x166.jpg\" alt=\"Huliganer fotboll\" width=\"300\" height=\"166\" srcset=\"http:\/\/www.filindeblogg.nu\/wp-content\/uploads\/2016\/02\/Huliganer-fotboll-300x166.jpg 300w, http:\/\/www.filindeblogg.nu\/wp-content\/uploads\/2016\/02\/Huliganer-fotboll.jpg 514w\" sizes=\"(max-width: 300px) 100vw, 300px\" \/> Idrott &#8211;<br \/>\neller n\u00e5got annat&#8230; <img loading=\"lazy\" class=\"alignnone size-medium wp-image-65294\" src=\"http:\/\/www.filindeblogg.nu\/wp-content\/uploads\/2016\/02\/Bild-fr\u00e5n-Nordfront-300x142.jpg\" alt=\"Bild fr\u00e5n Nordfront\" width=\"300\" height=\"142\" srcset=\"http:\/\/www.filindeblogg.nu\/wp-content\/uploads\/2016\/02\/Bild-fr\u00e5n-Nordfront-300x142.jpg 300w, http:\/\/www.filindeblogg.nu\/wp-content\/uploads\/2016\/02\/Bild-fr\u00e5n-Nordfront.jpg 460w\" sizes=\"(max-width: 300px) 100vw, 300px\" \/>(Foto:Nordfront)<\/p>\n<p>Huliganer som br\u00e5kar, sl\u00e5ss och uppmanar till mera v\u00e5ld och trakasserier. <img loading=\"lazy\" class=\"alignnone size-medium wp-image-65295\" src=\"http:\/\/www.filindeblogg.nu\/wp-content\/uploads\/2016\/02\/Kalllelse-via-FB-Kopia-169x300.jpg\" alt=\"Kalllelse via FB - Kopia\" width=\"169\" height=\"300\" srcset=\"http:\/\/www.filindeblogg.nu\/wp-content\/uploads\/2016\/02\/Kalllelse-via-FB-Kopia-169x300.jpg 169w, http:\/\/www.filindeblogg.nu\/wp-content\/uploads\/2016\/02\/Kalllelse-via-FB-Kopia.jpg 540w\" sizes=\"(max-width: 169px) 100vw, 169px\" \/> (Fr\u00e5n Facebook)<\/p>\n<p>Ur demonstrationsblad delat i Stockholm i helgen som gick: <img loading=\"lazy\" class=\"alignnone size-medium wp-image-65297\" src=\"http:\/\/www.filindeblogg.nu\/wp-content\/uploads\/2016\/02\/Kallelsen-till-demonstration-300x87.jpg\" alt=\"Kallelsen till demonstration\" width=\"300\" height=\"87\" srcset=\"http:\/\/www.filindeblogg.nu\/wp-content\/uploads\/2016\/02\/Kallelsen-till-demonstration-300x87.jpg 300w, http:\/\/www.filindeblogg.nu\/wp-content\/uploads\/2016\/02\/Kallelsen-till-demonstration.jpg 720w\" sizes=\"(max-width: 300px) 100vw, 300px\" \/><\/p>\n<p>Hat och uppmaning till v\u00e5ld mot invandrare med l\u00e5tsasmotivet att skydda &#8221;stackars kvinnor&#8221;! Vilket har genererat m\u00e4ngder av protester fr\u00e5n just kvinnor! <img loading=\"lazy\" class=\"alignnone size-medium wp-image-65298\" src=\"http:\/\/www.filindeblogg.nu\/wp-content\/uploads\/2016\/02\/ostensson-fb.jpg1-300x129.png\" alt=\"ostensson+fb.jpg\" width=\"300\" height=\"129\" srcset=\"http:\/\/www.filindeblogg.nu\/wp-content\/uploads\/2016\/02\/ostensson-fb.jpg1-300x129.png 300w, http:\/\/www.filindeblogg.nu\/wp-content\/uploads\/2016\/02\/ostensson-fb.jpg1.png 475w\" sizes=\"(max-width: 300px) 100vw, 300px\" \/><\/p>\n<p><strong>INTE ER KVINNA!<\/strong> <img loading=\"lazy\" class=\"alignnone size-medium wp-image-65299\" src=\"http:\/\/www.filindeblogg.nu\/wp-content\/uploads\/2016\/02\/Inte-er-kvinna-300x222.jpg\" alt=\"Inte er kvinna\" width=\"300\" height=\"222\" srcset=\"http:\/\/www.filindeblogg.nu\/wp-content\/uploads\/2016\/02\/Inte-er-kvinna-300x222.jpg 300w, http:\/\/www.filindeblogg.nu\/wp-content\/uploads\/2016\/02\/Inte-er-kvinna.jpg 495w\" sizes=\"(max-width: 300px) 100vw, 300px\" \/><\/p>\n<p>L\u00e4gg d\u00e4rtill all statistik \u00f6ver misshandel, v\u00e5ldt\u00e4kt, mord &#8211; M\u00c4N st\u00e5r f\u00f6r merparten av brotten.<\/p>\n<p>\u00c4nd\u00e5 tycker vissa att man inte f\u00e5r prata om att det handlar om m\u00e4n!? <img loading=\"lazy\" class=\"alignnone size-medium wp-image-65300\" src=\"http:\/\/www.filindeblogg.nu\/wp-content\/uploads\/2016\/02\/IMG_4402-Kopia-169x300.png\" alt=\"IMG_4402 - Kopia\" width=\"169\" height=\"300\" srcset=\"http:\/\/www.filindeblogg.nu\/wp-content\/uploads\/2016\/02\/IMG_4402-Kopia-169x300.png 169w, http:\/\/www.filindeblogg.nu\/wp-content\/uploads\/2016\/02\/IMG_4402-Kopia-577x1024.png 577w, http:\/\/www.filindeblogg.nu\/wp-content\/uploads\/2016\/02\/IMG_4402-Kopia.png 640w\" sizes=\"(max-width: 169px) 100vw, 169px\" \/>Nej, det ska tassas p\u00e5 t\u00e5 f\u00f6r just m\u00e4nnen &#8211; eftersom ALLA m\u00e4n sl\u00e5ss ju inte och br\u00e5kar! S\u00e5 d\u00e4rf\u00f6r f\u00e5r vi inte peka ut gruppen m\u00e4n som huliganer, v\u00e5ldsverkare eller ett stort hot mot samh\u00e4llsordningen!<br \/>\n<strong>L\u00d6JLIGT!<\/strong><\/p>\n<p>Bloggaren har en bror, tv\u00e5 s\u00f6ner och k\u00e4nner m\u00e5nga, m\u00e5nga bra m\u00e4n som aldrig skulle spotta p\u00e5 tiggare, kn\u00e4a en invandrare eller starta upplopp bara f\u00f6r att f\u00e5 sl\u00e5ss av random anledning.<br \/>\nDessa m\u00e4n ihop med bloggaren tycker att vissa m\u00e4n i grupp \u00e4r ett mycket farligt inslag i samh\u00e4llen i allm\u00e4nhet och det svenska just nu i synnerhet.<br \/>\nMina m\u00e4n tycker att vi m\u00e5ste g\u00f6ra n\u00e5got \u00e5t saken och d\u00e5 inte tala om m\u00e4nniskor i st\u00f6rsta allm\u00e4nhet utan om just den h\u00e4r gruppen m\u00e4n! <strong>VAD \u00c4R DET F\u00d6R FEL MED DET??<\/strong><\/p>\n<p>Bloggaren blir vansinnigt tr\u00f6tt p\u00e5 m\u00e4n som fr\u00e5gar som p\u00e5 Facebook ovan: <em>&#8221;- Menar du alla m\u00e4n&#8221;<\/em>, s\u00e5 att bloggaren och andra som vill skapa ordning ska f\u00e5 sk\u00e4mmas och gulligulla om att <em>&#8221;- N\u00e4\u00e4 d\u00e5, inte menade vi alla m\u00e4n och inte kanske m\u00e4n alls d\u00e5 utan&#8230;vem d\u00e5 d\u00e5&#8230;??&#8221;<\/em><\/p>\n<p>\u00c4nnu v\u00e4rre blir det n\u00e4r kvinnor tar denna grupp m\u00e4n i f\u00f6rsvar! VARF\u00d6R D\u00c5? L\u00d6SER VI PROBLEMET D\u00c5? FIXAR VI DETTA OM VI L\u00c5TSAS SOM OM DET INTE ALLS \u00c4R FR\u00c5GAN OM M\u00c4N UTAN OM M\u00c4NNISKOR I ST\u00d6RSTA ALLM\u00c4NHET??<\/p>\n<p>Bloggaren \u00e4lskar m\u00e4n! Bloggaren skulle vilja att alla m\u00e4n var som bloggarens m\u00e4n. Bloggaren \u00e4r mycket ledsen och besviken \u00f6ver att det inte \u00e4r s\u00e5 utan att vi m\u00e5ste peka ut just den h\u00e4r GRUPPEN M\u00c4N som de som f\u00f6rst\u00f6r och f\u00f6rg\u00f6r och som kommer att se till att det blir \u00e4nnu v\u00e4rre om vi inte s\u00e4tter ner foten!<\/p>\n<p>T\u00e4nk er det omv\u00e4nda. Om vissa kvinnor i grupp utgjorde ett stort och farligt inslag i samh\u00e4llet. Finns det n\u00e5gon som tror att m\u00e4n inte omedelbart skulle peka ut gruppen kvinnor utan pardon! Det skulle inte vara n\u00e5got tassande eller f\u00f6rbarmande d\u00e4r inte. S\u00e5 sk\u00e4rpning kvinnor!!<\/p>\n<p><img loading=\"lazy\" class=\"size-medium wp-image-65301 aligncenter\" src=\"http:\/\/www.filindeblogg.nu\/wp-content\/uploads\/2016\/02\/Huliganer-Seriestrip-Kopia-300x220.jpg\" alt=\"Huliganer Seriestrip - Kopia\" width=\"300\" height=\"220\" srcset=\"http:\/\/www.filindeblogg.nu\/wp-content\/uploads\/2016\/02\/Huliganer-Seriestrip-Kopia-300x220.jpg 300w, http:\/\/www.filindeblogg.nu\/wp-content\/uploads\/2016\/02\/Huliganer-Seriestrip-Kopia.jpg 552w\" sizes=\"(max-width: 300px) 100vw, 300px\" \/><\/p>\n<p style=\"text-align: center;\"><strong>SK\u00c4RPNING! TALA OM PROBLEMET SOM DET \u00c4R! INGET HYCKLERI!<\/strong><\/p>\n<p style=\"text-align: center;\"><img loading=\"lazy\" class=\"aligncenter size-medium wp-image-65302\" src=\"http:\/\/www.filindeblogg.nu\/wp-content\/uploads\/2016\/02\/M\u00e4n-mot-burka...-168x300.jpg\" alt=\"M\u00e4n mot burka...\" width=\"168\" height=\"300\" srcset=\"http:\/\/www.filindeblogg.nu\/wp-content\/uploads\/2016\/02\/M\u00e4n-mot-burka...-168x300.jpg 168w, http:\/\/www.filindeblogg.nu\/wp-content\/uploads\/2016\/02\/M\u00e4n-mot-burka....jpg 539w\" sizes=\"(max-width: 168px) 100vw, 168px\" \/><br \/>\nSvartkl\u00e4dda m\u00e4n demonstrerar<br \/>\nmot svartkl\u00e4dda kvinnor&#8230;<\/p>\n<p>&nbsp;<\/p>\n","protected":false},"excerpt":{"rendered":"<p>M\u00e4n i grupp &#8211; k\u00e4nns det begreppet igen? Eller ska vi inte l\u00e5tsas om det? P\u00e5 fotbollsmatchen&#8230; I demonstrationst\u00e5get&#8230; Det spelar liksom inte n\u00e5gon roll vad saken g\u00e4ller&#8230; Idrott &#8211; eller n\u00e5got annat&#8230; (Foto:Nordfront) Huliganer som br\u00e5kar, sl\u00e5ss och uppmanar till mera v\u00e5ld och trakasserier. (Fr\u00e5n Facebook) Ur demonstrationsblad delat i Stockholm i helgen som [&hellip;]<\/p>\n","protected":false},"author":1,"featured_media":0,"comment_status":"open","ping_status":"open","sticky":false,"template":"","format":"standard","meta":[],"categories":[131,162,100,160,119,151,101,199,150],"tags":[],"_links":{"self":[{"href":"http:\/\/www.filindeblogg.nu\/index.php?rest_route=\/wp\/v2\/posts\/65289"}],"collection":[{"href":"http:\/\/www.filindeblogg.nu\/index.php?rest_route=\/wp\/v2\/posts"}],"about":[{"href":"http:\/\/www.filindeblogg.nu\/index.php?rest_route=\/wp\/v2\/types\/post"}],"author":[{"embeddable":true,"href":"http:\/\/www.filindeblogg.nu\/index.php?rest_route=\/wp\/v2\/users\/1"}],"replies":[{"embeddable":true,"href":"http:\/\/www.filindeblogg.nu\/index.php?rest_route=%2Fwp%2Fv2%2Fcomments&post=65289"}],"version-history":[{"count":12,"href":"http:\/\/www.filindeblogg.nu\/index.php?rest_route=\/wp\/v2\/posts\/65289\/revisions"}],"predecessor-version":[{"id":65314,"href":"http:\/\/www.filindeblogg.nu\/index.php?rest_route=\/wp\/v2\/posts\/65289\/revisions\/65314"}],"wp:attachment":[{"href":"http:\/\/www.filindeblogg.nu\/index.php?rest_route=%2Fwp%2Fv2%2Fmedia&parent=65289"}],"wp:term":[{"taxonomy":"category","embeddable":true,"href":"http:\/\/www.filindeblogg.nu\/index.php?rest_route=%2Fwp%2Fv2%2Fcategories&post=65289"},{"taxonomy":"post_tag","embeddable":true,"href":"http:\/\/www.filindeblogg.nu\/index.php?rest_route=%2Fwp%2Fv2%2Ftags&post=65289"}],"curies":[{"name":"wp","href":"https:\/\/api.w.org\/{rel}","templated":true}]}}