{"id":65176,"date":"2016-01-25T06:55:07","date_gmt":"2016-01-25T05:55:07","guid":{"rendered":"http:\/\/www.filindeblogg.nu\/?p=65176"},"modified":"2016-01-25T06:55:07","modified_gmt":"2016-01-25T05:55:07","slug":"pressat-om-sliddersladder-och-verkligt-viktiga-nyheter-i-din-tidning","status":"publish","type":"post","link":"http:\/\/www.filindeblogg.nu\/?p=65176","title":{"rendered":"Pressat! Om sliddersladder och verkligt viktiga nyheter i din tidning!"},"content":{"rendered":"<p><img loading=\"lazy\" class=\"alignnone size-full wp-image-65177\" src=\"http:\/\/www.filindeblogg.nu\/wp-content\/uploads\/2016\/01\/Pressen.png\" alt=\"Pressen\" width=\"100\" height=\"124\" \/>Bloggaren tycker fortfarande att lokalpressen \u00e4r tr\u00e5kig. <img loading=\"lazy\" class=\"alignnone  wp-image-65187\" src=\"http:\/\/www.filindeblogg.nu\/wp-content\/uploads\/2016\/01\/Pressat-300x225.jpg\" alt=\"Pressat\" width=\"60\" height=\"45\" srcset=\"http:\/\/www.filindeblogg.nu\/wp-content\/uploads\/2016\/01\/Pressat-300x225.jpg 300w, http:\/\/www.filindeblogg.nu\/wp-content\/uploads\/2016\/01\/Pressat.jpg 600w\" sizes=\"(max-width: 60px) 100vw, 60px\" \/><\/p>\n<p>Ena dagen s\u00e5 h\u00e4r:\u00a0<img loading=\"lazy\" class=\"alignnone size-medium wp-image-65180\" src=\"http:\/\/www.filindeblogg.nu\/wp-content\/uploads\/2016\/01\/0312-225x300.jpg\" alt=\"031\" width=\"225\" height=\"300\" srcset=\"http:\/\/www.filindeblogg.nu\/wp-content\/uploads\/2016\/01\/0312-225x300.jpg 225w, http:\/\/www.filindeblogg.nu\/wp-content\/uploads\/2016\/01\/0312.jpg 450w\" sizes=\"(max-width: 225px) 100vw, 225px\" \/> Stort uppslag, <em>&#8221;Tryckt st\u00e4mning&#8221;<\/em> och tidningen intervjuar grannar som \u00e4r r\u00e4dda f\u00f6r en m\u00f6rdare. Publicerar bild p\u00e5 huset d\u00e4r morden ska ha skett&#8230;<\/p>\n<p>N\u00e4sta dag: <img loading=\"lazy\" class=\"alignnone size-medium wp-image-65178\" src=\"http:\/\/www.filindeblogg.nu\/wp-content\/uploads\/2016\/01\/0012-225x300.jpg\" alt=\"001\" width=\"225\" height=\"300\" srcset=\"http:\/\/www.filindeblogg.nu\/wp-content\/uploads\/2016\/01\/0012-225x300.jpg 225w, http:\/\/www.filindeblogg.nu\/wp-content\/uploads\/2016\/01\/0012.jpg 450w\" sizes=\"(max-width: 225px) 100vw, 225px\" \/> S\u00e5 mycket f\u00f6r den dramatiken! Bloggaren pekar p\u00e5 en liten spalt med denna rubrik: <img loading=\"lazy\" class=\"alignnone size-medium wp-image-65179\" src=\"http:\/\/www.filindeblogg.nu\/wp-content\/uploads\/2016\/01\/002-300x225.jpg\" alt=\"002\" width=\"300\" height=\"225\" srcset=\"http:\/\/www.filindeblogg.nu\/wp-content\/uploads\/2016\/01\/002-300x225.jpg 300w, http:\/\/www.filindeblogg.nu\/wp-content\/uploads\/2016\/01\/002.jpg 600w\" sizes=\"(max-width: 300px) 100vw, 300px\" \/><br \/>\nOch visst \u00e4r det en tragedi med tv\u00e5 d\u00f6da m\u00e4nniskor! \u00c4nnu mer tragiskt blir det n\u00e4r tidningen f\u00f6rst spekulerar i dubbelmord och en eventuell m\u00f6rdare i omr\u00e5det och intervjuer med r\u00e4dda grannar och barn som inte t\u00f6rs g\u00e5 ensamma till skolan. Innan n\u00e5gon vet vad som faktiskt intr\u00e4ffade. Tragiskt.<\/p>\n<p>Tidningen forts\u00e4tter i samma stil&#8230; <img loading=\"lazy\" class=\"alignnone size-medium wp-image-65181\" src=\"http:\/\/www.filindeblogg.nu\/wp-content\/uploads\/2016\/01\/0081-300x225.jpg\" alt=\"008\" width=\"300\" height=\"225\" srcset=\"http:\/\/www.filindeblogg.nu\/wp-content\/uploads\/2016\/01\/0081-300x225.jpg 300w, http:\/\/www.filindeblogg.nu\/wp-content\/uploads\/2016\/01\/0081.jpg 600w\" sizes=\"(max-width: 300px) 100vw, 300px\" \/> Visst &#8211; det \u00e4r oerh\u00f6rt dramatiskt och skr\u00e4mmande med skottlossning &#8211; s\u00e4rskilt f\u00f6r den som blir beskjuten! Tidningen fr\u00e5gar grannarna&#8230;<\/p>\n<p>Det h\u00e4r tycker bloggaren att tidningen ska h\u00e5lla sig till! <img loading=\"lazy\" class=\"alignnone size-medium wp-image-65182\" src=\"http:\/\/www.filindeblogg.nu\/wp-content\/uploads\/2016\/01\/0034-300x225.jpg\" alt=\"003\" width=\"300\" height=\"225\" srcset=\"http:\/\/www.filindeblogg.nu\/wp-content\/uploads\/2016\/01\/0034-300x225.jpg 300w, http:\/\/www.filindeblogg.nu\/wp-content\/uploads\/2016\/01\/0034.jpg 600w\" sizes=\"(max-width: 300px) 100vw, 300px\" \/> Positiva reportage emellan\u00e5t! Med intervjuer av tacksamma m\u00e4nniskor &#8211; som i artikeln h\u00e4r om hj\u00e4lpen vid den stora vattenl\u00e4ckan i <strong>K\u00f6ping<\/strong>.<\/p>\n<p><img loading=\"lazy\" class=\"alignnone  wp-image-65183\" src=\"http:\/\/www.filindeblogg.nu\/wp-content\/uploads\/2016\/01\/Vargen-tjuter.jpg\" alt=\"Vargen tjuter\" width=\"159\" height=\"99\" \/>\u00a0Sen \u00e4r det ju sv\u00e5rt att undvika s\u00e5dana h\u00e4r reportage i v\u00e5r region&#8230; <img loading=\"lazy\" class=\"alignnone size-medium wp-image-65184\" src=\"http:\/\/www.filindeblogg.nu\/wp-content\/uploads\/2016\/01\/0101-300x225.jpg\" alt=\"010\" width=\"300\" height=\"225\" srcset=\"http:\/\/www.filindeblogg.nu\/wp-content\/uploads\/2016\/01\/0101-300x225.jpg 300w, http:\/\/www.filindeblogg.nu\/wp-content\/uploads\/2016\/01\/0101.jpg 600w\" sizes=\"(max-width: 300px) 100vw, 300px\" \/> Ja eller nej till varg&#8230;<\/p>\n<p>Bloggaren som gjort slut med tidningen skriver inte l\u00e4ngre ins\u00e4ndare i \u00e4mnet. Det f\u00e5r bli i andra media! <img loading=\"lazy\" class=\"alignnone  wp-image-65185\" src=\"http:\/\/www.filindeblogg.nu\/wp-content\/uploads\/2016\/01\/Vargtjut.jpg\" alt=\"Vargtjut\" width=\"105\" height=\"130\" \/><\/p>\n<p>Anledningen? Tja, det visar sig s\u00e5 sm\u00e5ningom&#8230; <img loading=\"lazy\" class=\"alignnone  wp-image-65186\" src=\"http:\/\/www.filindeblogg.nu\/wp-content\/uploads\/2016\/01\/PON-m\u00f6te-26-jan-2016-300x232.jpg\" alt=\"PON m\u00f6te 26 jan 2016\" width=\"188\" height=\"145\" srcset=\"http:\/\/www.filindeblogg.nu\/wp-content\/uploads\/2016\/01\/PON-m\u00f6te-26-jan-2016-300x232.jpg 300w, http:\/\/www.filindeblogg.nu\/wp-content\/uploads\/2016\/01\/PON-m\u00f6te-26-jan-2016.jpg 373w\" sizes=\"(max-width: 188px) 100vw, 188px\" \/><\/p>\n<p><img loading=\"lazy\" class=\"alignnone size-full wp-image-65191\" src=\"http:\/\/www.filindeblogg.nu\/wp-content\/uploads\/2016\/01\/DN.png\" alt=\"DN\" width=\"177\" height=\"61\" \/>\u00a0Bloggaren brukar tipsa om reportage och artiklar ur s\u00f6ndagsupplagan av <a href=\"http:\/\/www.dn.se\/\" target=\"_blank\"><strong>DN<\/strong><\/a> &#8211; s\u00e5 ock denna g\u00e5ng! Ig\u00e5r fanns bland annat det h\u00e4r i tidningen: <img loading=\"lazy\" class=\"alignnone size-medium wp-image-65188\" src=\"http:\/\/www.filindeblogg.nu\/wp-content\/uploads\/2016\/01\/021-225x300.jpg\" alt=\"021\" width=\"225\" height=\"300\" srcset=\"http:\/\/www.filindeblogg.nu\/wp-content\/uploads\/2016\/01\/021-225x300.jpg 225w, http:\/\/www.filindeblogg.nu\/wp-content\/uploads\/2016\/01\/021.jpg 450w\" sizes=\"(max-width: 225px) 100vw, 225px\" \/> En unders\u00f6kning som gjorts visar att fejkad akupunktur gav samma positiva resultat som riktiga n\u00e5lstick! Tja, hur kan man tyda det? Att lite vanlig v\u00e4nlighet och &#8221;bry sig om&#8221; ihop med lite handp\u00e5l\u00e4ggning och en kram kan hj\u00e4lpa r\u00e4tt s\u00e5 mycket. Kramas mera! <img loading=\"lazy\" class=\"alignnone  wp-image-65189\" src=\"http:\/\/www.filindeblogg.nu\/wp-content\/uploads\/2016\/01\/Kramas-mera.jpg\" alt=\"Kramas mera\" width=\"171\" height=\"115\" \/><\/p>\n<p>DN skriver ocks\u00e5 vad som st\u00f6r turister p\u00e5 semester! <img loading=\"lazy\" class=\"alignnone size-medium wp-image-65190\" src=\"http:\/\/www.filindeblogg.nu\/wp-content\/uploads\/2016\/01\/0241-300x243.jpg\" alt=\"024\" width=\"300\" height=\"243\" srcset=\"http:\/\/www.filindeblogg.nu\/wp-content\/uploads\/2016\/01\/0241-300x243.jpg 300w, http:\/\/www.filindeblogg.nu\/wp-content\/uploads\/2016\/01\/0241.jpg 555w\" sizes=\"(max-width: 300px) 100vw, 300px\" \/> En unders\u00f6kning visar att de mest uppretade turisterna kommer fr\u00e5n <strong>Sverige<\/strong> vad g\u00e4ller att spela musik, ta foton och filma andra samt prata med h\u00f6gtalaren p\u00e5 &#8211; allt med mobilen!<\/p>\n<p>Men h\u00e4r kommer den viktigaste artikeln ur g\u00e5rdagens tidning! <img loading=\"lazy\" class=\"alignnone size-medium wp-image-65192\" src=\"http:\/\/www.filindeblogg.nu\/wp-content\/uploads\/2016\/01\/0252-225x300.jpg\" alt=\"025\" width=\"225\" height=\"300\" srcset=\"http:\/\/www.filindeblogg.nu\/wp-content\/uploads\/2016\/01\/0252-225x300.jpg 225w, http:\/\/www.filindeblogg.nu\/wp-content\/uploads\/2016\/01\/0252.jpg 450w\" sizes=\"(max-width: 225px) 100vw, 225px\" \/> Ett v\u00e5rdbitr\u00e4de ber\u00e4ttar sanning om den s\u00e5 kallade \u00e4ldreomsorgen!<\/p>\n<p><strong><em>&#8221;Varje dag \u00e4r en vanv\u00e5rdsskandal&#8221;<\/em><\/strong> heter <strong>Sebastian L\u00f6nnl\u00f6vs<\/strong> bok som du hittar <a href=\"http:\/\/www.albertbonniersforlag.se\/Bocker\/Samhalle-politik-och-debatt\/V\/varje-dag-ar-en-vardskandal\/\" target=\"_blank\"><strong>H\u00c4R!<\/strong><\/a><\/p>\n<p><img loading=\"lazy\" class=\"alignnone size-medium wp-image-65193\" src=\"http:\/\/www.filindeblogg.nu\/wp-content\/uploads\/2016\/01\/0282-225x300.jpg\" alt=\"028\" width=\"225\" height=\"300\" srcset=\"http:\/\/www.filindeblogg.nu\/wp-content\/uploads\/2016\/01\/0282-225x300.jpg 225w, http:\/\/www.filindeblogg.nu\/wp-content\/uploads\/2016\/01\/0282.jpg 450w\" sizes=\"(max-width: 225px) 100vw, 225px\" \/> Det finns ljuspunkter &#8211; personal som g\u00f6r underverk trots ynkliga resurser och &#8211; tv\u00e4rtemot vad alla SD-anh\u00e4ngare s\u00e4ger &#8211; invandrarna \u00e4r de som huvudsakligen g\u00f6r jobbet inom \u00e4ldrev\u00e5rden!<\/p>\n<p>L\u00c4S ARTIKELN I DN &#8211; <a href=\"http:\/\/www.dn.se\/arkiv\/dn-kultur\/den-svenska-vanvarden-inifran\/\" target=\"_blank\"><strong>H\u00c4R!<\/strong> <\/a><\/p>\n<p>Slutligen &#8211; DN tipsar om att det snart \u00e4r 30 \u00e5r sedan Sveriges statsminister m\u00f6rdades. <img loading=\"lazy\" class=\"alignnone size-medium wp-image-65194\" src=\"http:\/\/www.filindeblogg.nu\/wp-content\/uploads\/2016\/01\/0222-300x174.jpg\" alt=\"022\" width=\"300\" height=\"174\" srcset=\"http:\/\/www.filindeblogg.nu\/wp-content\/uploads\/2016\/01\/0222-300x174.jpg 300w, http:\/\/www.filindeblogg.nu\/wp-content\/uploads\/2016\/01\/0222.jpg 540w\" sizes=\"(max-width: 300px) 100vw, 300px\" \/> Se <a href=\"http:\/\/www.dn.se\/kultur-noje\/nya-bilder-av-en-svensk-ikon\/\" target=\"_blank\"><strong>H\u00c4R<\/strong><\/a> &#8211; reportaget <em>&#8221;Nya bilder av en svensk ikon&#8221;<\/em>.<\/p>\n<p>Lite kattbilder ocks\u00e5! <img loading=\"lazy\" class=\"alignnone size-medium wp-image-65195\" src=\"http:\/\/www.filindeblogg.nu\/wp-content\/uploads\/2016\/01\/0123-225x300.jpg\" alt=\"012\" width=\"225\" height=\"300\" srcset=\"http:\/\/www.filindeblogg.nu\/wp-content\/uploads\/2016\/01\/0123-225x300.jpg 225w, http:\/\/www.filindeblogg.nu\/wp-content\/uploads\/2016\/01\/0123.jpg 450w\" sizes=\"(max-width: 225px) 100vw, 225px\" \/> Bloggarens tre katter! <strong>Vilda Wilma<\/strong> l\u00e4ngst ner, <strong>Felix<\/strong> i mitten och \u00f6verst &#8211; a room with a view &#8211; <strong>Curry<\/strong>! <img loading=\"lazy\" class=\"alignnone size-medium wp-image-65196\" src=\"http:\/\/www.filindeblogg.nu\/wp-content\/uploads\/2016\/01\/0172-300x225.jpg\" alt=\"017\" width=\"300\" height=\"225\" srcset=\"http:\/\/www.filindeblogg.nu\/wp-content\/uploads\/2016\/01\/0172-300x225.jpg 300w, http:\/\/www.filindeblogg.nu\/wp-content\/uploads\/2016\/01\/0172.jpg 600w\" sizes=\"(max-width: 300px) 100vw, 300px\" \/><\/p>\n<p>Ta det lugnt! Var r\u00e4dda om varandra! Lite inte alltid p\u00e5 pressen! <img loading=\"lazy\" class=\"alignnone  wp-image-65197\" src=\"http:\/\/www.filindeblogg.nu\/wp-content\/uploads\/2016\/01\/Extra-read-all-about-it.jpg\" alt=\"Extra read all about it\" width=\"118\" height=\"131\" \/>Och <strong>KRAMAS MERA!!<\/strong> <img loading=\"lazy\" class=\"alignnone size-full wp-image-65198\" src=\"http:\/\/www.filindeblogg.nu\/wp-content\/uploads\/2016\/01\/Kramande-bj\u00f6rnar.jpg\" alt=\"Kramande bj\u00f6rnar\" width=\"189\" height=\"267\" \/><\/p>\n","protected":false},"excerpt":{"rendered":"<p>Bloggaren tycker fortfarande att lokalpressen \u00e4r tr\u00e5kig. Ena dagen s\u00e5 h\u00e4r:\u00a0 Stort uppslag, &#8221;Tryckt st\u00e4mning&#8221; och tidningen intervjuar grannar som \u00e4r r\u00e4dda f\u00f6r en m\u00f6rdare. Publicerar bild p\u00e5 huset d\u00e4r morden ska ha skett&#8230; N\u00e4sta dag: S\u00e5 mycket f\u00f6r den dramatiken! Bloggaren pekar p\u00e5 en liten spalt med denna rubrik: Och visst \u00e4r det en [&hellip;]<\/p>\n","protected":false},"author":1,"featured_media":0,"comment_status":"open","ping_status":"open","sticky":false,"template":"","format":"standard","meta":[],"categories":[138,41,100,160,119,200,151,101,116],"tags":[],"_links":{"self":[{"href":"http:\/\/www.filindeblogg.nu\/index.php?rest_route=\/wp\/v2\/posts\/65176"}],"collection":[{"href":"http:\/\/www.filindeblogg.nu\/index.php?rest_route=\/wp\/v2\/posts"}],"about":[{"href":"http:\/\/www.filindeblogg.nu\/index.php?rest_route=\/wp\/v2\/types\/post"}],"author":[{"embeddable":true,"href":"http:\/\/www.filindeblogg.nu\/index.php?rest_route=\/wp\/v2\/users\/1"}],"replies":[{"embeddable":true,"href":"http:\/\/www.filindeblogg.nu\/index.php?rest_route=%2Fwp%2Fv2%2Fcomments&post=65176"}],"version-history":[{"count":11,"href":"http:\/\/www.filindeblogg.nu\/index.php?rest_route=\/wp\/v2\/posts\/65176\/revisions"}],"predecessor-version":[{"id":65209,"href":"http:\/\/www.filindeblogg.nu\/index.php?rest_route=\/wp\/v2\/posts\/65176\/revisions\/65209"}],"wp:attachment":[{"href":"http:\/\/www.filindeblogg.nu\/index.php?rest_route=%2Fwp%2Fv2%2Fmedia&parent=65176"}],"wp:term":[{"taxonomy":"category","embeddable":true,"href":"http:\/\/www.filindeblogg.nu\/index.php?rest_route=%2Fwp%2Fv2%2Fcategories&post=65176"},{"taxonomy":"post_tag","embeddable":true,"href":"http:\/\/www.filindeblogg.nu\/index.php?rest_route=%2Fwp%2Fv2%2Ftags&post=65176"}],"curies":[{"name":"wp","href":"https:\/\/api.w.org\/{rel}","templated":true}]}}