{"id":65099,"date":"2016-01-20T19:02:01","date_gmt":"2016-01-20T18:02:01","guid":{"rendered":"http:\/\/www.filindeblogg.nu\/?p=65099"},"modified":"2016-01-20T19:02:01","modified_gmt":"2016-01-20T18:02:01","slug":"the-good-the-bad-and-the-ugly-ackompanjerade-med-sang","status":"publish","type":"post","link":"http:\/\/www.filindeblogg.nu\/?p=65099","title":{"rendered":"The good, the bad and the ugly &#8211; ackompanjerade med s\u00e5ng&#8230;"},"content":{"rendered":"<p><img loading=\"lazy\" class=\"alignnone size-full wp-image-65100\" src=\"http:\/\/www.filindeblogg.nu\/wp-content\/uploads\/2016\/01\/The-good-the-bad-and-the-ugly.jpg\" alt=\"The good the bad and the ugly\" width=\"259\" height=\"194\" \/>Bloggaren vet inte varf\u00f6r hon just kom att t\u00e4nka p\u00e5 <em>&#8221;The good, the bad and the ugly&#8221;<\/em> &#8211; f\u00f6r n\u00e5gon god \u00e4r det sv\u00e5rt att hitta bland de h\u00e4r tre:\u00a0<strong> Margot<\/strong> <img loading=\"lazy\" class=\"alignnone size-full wp-image-65101\" src=\"http:\/\/www.filindeblogg.nu\/wp-content\/uploads\/2016\/01\/Margot-Wallstr\u00f6m.jpg\" alt=\"Margot Wallstr\u00f6m\" width=\"142\" height=\"80\" \/><br \/>\n<strong>Annelie <\/strong><img loading=\"lazy\" class=\"alignnone  wp-image-65102\" src=\"http:\/\/www.filindeblogg.nu\/wp-content\/uploads\/2016\/01\/Annelie-Nordstr\u00f6m-Kommunal-300x168.jpg\" alt=\"Annelie Nordstr\u00f6m Kommunal\" width=\"177\" height=\"99\" \/>\u00a0 <strong>Agneta <\/strong><img loading=\"lazy\" class=\"alignnone  wp-image-65103\" src=\"http:\/\/www.filindeblogg.nu\/wp-content\/uploads\/2016\/01\/A-Bode.jpg\" alt=\"A Bode\" width=\"157\" height=\"104\" \/><br \/>\nInte \u00e4r de karlar heller utan kvinns gubevars!<br \/>\nDeras gemensamma n\u00e4mnare \u00e4r <strong>Socialdemokratin<\/strong> med en ideologi att v\u00e4rna om de fattigaste i samh\u00e4llet, de som har det tufft och sv\u00e5rt att klara sig&#8230;<\/p>\n<p><strong>Margot Wallstr\u00f6ms<\/strong> f\u00f6rtroende rasar efter p\u00e5st\u00e5dda mutbrott. Margot sj\u00f6nk i bloggarens \u00f6gon redan n\u00e4r partiet f\u00f6rg\u00e4ves b\u00f6nade och bad Margot att komma hem fr\u00e5n sin fina EU-post och ta hand om partiet efter att <strong>G\u00f6ran Persson<\/strong> avg\u00e5tt och <strong>Anna Lindh<\/strong> m\u00f6rdats. Det som f\u00f6ljde sen vet vi &#8211; <strong>Sahlin, Juholt och L\u00f6fven<\/strong> &#8211; och ett parti som snart n\u00e5r botten. Hade Margot Wallstr\u00f6m kommit n\u00e4r partiet kallade hade det f\u00f6rmodligen sett annorlunda ut idag.<br \/>\nMan st\u00e4ller upp n\u00e4r partiet kallar men den partipiskan bet inte p\u00e5 Margot! <img loading=\"lazy\" class=\"alignnone size-full wp-image-65104\" src=\"http:\/\/www.filindeblogg.nu\/wp-content\/uploads\/2016\/01\/Partipiska.jpg\" alt=\"Partipiska\" width=\"144\" height=\"104\" \/><\/p>\n<p><strong>Annelie Nordstr\u00f6m<\/strong> \u00e4r fackf\u00f6reningen <strong>Kommunals<\/strong> ordf\u00f6rande &#8211; en f\u00f6rening som skott sig p\u00e5 medlemmarnas bekostnad n\u00e4r de samtidigt s\u00e4ger sig f\u00f6retr\u00e4da l\u00e5ginkomsttagare d\u00e4r m\u00e5nga \u00e4r kvinnor.<\/p>\n<p>V\u00e5r egen <strong>Agneta Bode<\/strong> h\u00f6jer skatten i <strong>Arboga<\/strong> samtidigt som kommunen k\u00f6pt ett dyrt palats utanf\u00f6r stan av <strong>Jehovas Vittnen<\/strong>. Fr\u00e4mst <strong>Socialf\u00f6rvaltningen<\/strong> i stan g\u00e5r p\u00e5 kn\u00e4na och har ropat p\u00e5 hj\u00e4lp l\u00e4nge. F\u00e5r de tillskott i kassan nu &#8211; fan tro&#8217;t n\u00e4r &#8221;Palatset&#8221; ska byggas om och underh\u00e5llas!<br \/>\nMakt korrumperar. Mycket vill ha mer. Vem bryr sig d\u00e5 om gamla mormor och hennes behov av hj\u00e4lp p\u00e5 \u00e5lderns h\u00f6st? Eller personalen som sliter ihj\u00e4l sig? Flyktingstr\u00f6mmen missades visst ocks\u00e5&#8230;<\/p>\n<p><em>&#8221;Vem ska jag tro p\u00e5<\/em><br \/>\n<em> Tro p\u00e5<\/em><br \/>\n<em> Tro p\u00e5 n\u00e4r<\/em><br \/>\n<em> Tro p\u00e5 n\u00e4r allt \u00e4r s\u00e5h\u00e4r?<\/em><br \/>\n<em> Och ingenting vi n\u00e5nsin med n\u00e5t menar<\/em><br \/>\n<em> Vem ska jag tro p\u00e5<\/em><br \/>\n<em> Tro p\u00e5<\/em><br \/>\n<em> Tro p\u00e5 n\u00e4r<\/em><br \/>\n<em> Tro p\u00e5 n\u00e4r allt \u00e4r s\u00e5h\u00e4r?&#8221;<\/em><\/p>\n<p><strong>Thomas di Leva<\/strong> kan du h\u00f6ra sjunga l\u00e5ten <a href=\"https:\/\/www.youtube.com\/watch?v=9-JCbcsskYs\" target=\"_blank\"><strong>H\u00c4R!<\/strong> <\/a><\/p>\n<p>P\u00e5 tal om passande musik s\u00e5 f\u00f6resl\u00e5r bloggaren <strong>Hoola Bandoola Band<\/strong> och <em>&#8221;Keops pyramid&#8221;<\/em>. Del av texten kommer h\u00e4r:<\/p>\n<p><em>&#8221;Jag \u00e4r en av dom som slavar p\u00e5 kung Keops pyramid,<\/em><br \/>\n<em> det \u00e4r vi som jobbar nere invid foten.<\/em><br \/>\n<em> Vi sliter och vi svettas f\u00f6r att inte tappa tid<\/em><br \/>\n<em> och det \u00e4r synd om dom som inte fyller kvoten.<\/em><br \/>\n<em> Har man en g\u00e5ng kommit hit<\/em><br \/>\n<em> blir man aldrig mera fri,<\/em><br \/>\n<em> om man slutar h\u00e4r, s\u00e5 slutar man i gropen.<\/em><br \/>\n<em> Men om kungen s\u00e4gs att han \u00e4r son av solen.&#8221;<\/em><\/p>\n<p><a href=\"https:\/\/www.youtube.com\/watch?v=gXoyIdlaDF8\" target=\"_blank\"><strong>H\u00c4R<\/strong> <\/a>kan du lyssna p\u00e5 den l\u00e5ten!<\/p>\n<p>En k\u00e4r v\u00e4n till bloggaren tipsade om den h\u00e4r l\u00e5ten &#8211; <em>&#8221;Bland helgon, skurkar och vanligt folk&#8221;. <\/em>Del av texten g\u00e5r s\u00e5 h\u00e4r:<\/p>\n<p><em>&#8221;Vi sitter p\u00e5 ett t\u00e5g som inte stannar vid en enda station<\/em><br \/>\n<em> och som st\u00e4ndigt \u00f6kar farten som driven av en explosion.<\/em><br \/>\n<em> Loket saknar bromsar som skulle kunna hejda dess fart<\/em><br \/>\n<em> men tekniker jobbar p\u00e5 problemet och hoppas p\u00e5 en l\u00f6sning snart.<\/em><br \/>\n<em> Under tiden bjuder j\u00e4rnv\u00e4gsbolaget p\u00e5 en gratis sup\u00e9.<\/em><br \/>\n<em> Vi ber\u00e4knas st\u00f6rta utf\u00f6r stupet n\u00e5gon g\u00e5ng strax efter klockan tre.<\/em><br \/>\n<em> Men det finns en historia ocks\u00e5 efter Sodom och Gomorra.<\/em><br \/>\n<em> V\u00e5gorna sl\u00e5r \u00f6ver marker som en g\u00e5ng var torra.<\/em><\/p>\n<p><em> Bland helgon, skurkar och vanligt folk.<\/em><br \/>\n<em> Bland fr\u00e4lsta, f\u00e5r och f\u00f6rtappade sj\u00e4lar.<\/em><br \/>\n<em> Spanar du skr\u00e4mt fr\u00e5n din f\u00e5gelholk,<\/em><br \/>\n<em> som en vingklippt fisk utan hj\u00e4rna.&#8221;<\/em><\/p>\n<p>Amen p\u00e5 det! Den kloka texten \u00e4r skriven av<strong> Kjell H\u00f6glund<\/strong> och <a href=\"https:\/\/www.youtube.com\/watch?v=Vv_aKVndYSo\" target=\"_blank\"><strong>H\u00c4R<\/strong> <\/a>kan du lyssna p\u00e5 hela l\u00e5ten!<\/p>\n<p><img loading=\"lazy\" class=\"alignnone  wp-image-65105\" src=\"http:\/\/www.filindeblogg.nu\/wp-content\/uploads\/2016\/01\/012-Kopia1-300x225.jpg\" alt=\"012 - Kopia\" width=\"127\" height=\"95\" srcset=\"http:\/\/www.filindeblogg.nu\/wp-content\/uploads\/2016\/01\/012-Kopia1-300x225.jpg 300w, http:\/\/www.filindeblogg.nu\/wp-content\/uploads\/2016\/01\/012-Kopia1.jpg 600w\" sizes=\"(max-width: 127px) 100vw, 127px\" \/>\u00a0P\u00e5 tal om <em>&#8221;good, bad and ugly&#8221;<\/em> s\u00e5 forts\u00e4tter lokaltidningen sitt kv\u00e4llstidningsstuk&#8230; <img loading=\"lazy\" class=\"alignnone size-medium wp-image-65106\" src=\"http:\/\/www.filindeblogg.nu\/wp-content\/uploads\/2016\/01\/031-225x300.jpg\" alt=\"031\" width=\"225\" height=\"300\" srcset=\"http:\/\/www.filindeblogg.nu\/wp-content\/uploads\/2016\/01\/031-225x300.jpg 225w, http:\/\/www.filindeblogg.nu\/wp-content\/uploads\/2016\/01\/031.jpg 450w\" sizes=\"(max-width: 225px) 100vw, 225px\" \/> Nu \u00e4r det &#8221;dubbelmordet i <strong>Kolb\u00e4ck<\/strong>&#8221; som ska &#8221;utredas&#8221;. Tidningen talar om &#8221;tryckt st\u00e4mning&#8221; och l\u00e5ter grannarna ber\u00e4tta om hur r\u00e4dda de \u00e4r. ??<br \/>\nMed bild p\u00e5 huset d\u00e4r den tragiska h\u00e4ndelsen intr\u00e4ffade.<br \/>\n\u00c4ckligt, tycker bloggaren. Det finns en gr\u00e4ns som goda journalister borde se. Vad som \u00e4r ren nyhetsrapportering och vad som \u00e4r snaskeri.<br \/>\nLillebror <a href=\"http:\/\/magazin24.se\/nyheter\/hallstasura\/kolback\/2016\/01\/20\/invantar-besked-fran-obduktionen-2\" target=\"_blank\"><strong>Magazin24<\/strong><\/a> skrev s\u00e5 h\u00e4r: <img loading=\"lazy\" class=\"alignnone size-medium wp-image-65107\" src=\"http:\/\/www.filindeblogg.nu\/wp-content\/uploads\/2016\/01\/037-169x300.jpg\" alt=\"037\" width=\"169\" height=\"300\" srcset=\"http:\/\/www.filindeblogg.nu\/wp-content\/uploads\/2016\/01\/037-169x300.jpg 169w, http:\/\/www.filindeblogg.nu\/wp-content\/uploads\/2016\/01\/037.jpg 321w\" sizes=\"(max-width: 169px) 100vw, 169px\" \/><\/p>\n<p>Innan obduktion och polisutredning vet ingen heller om det \u00e4r dubbelmord, mord och sj\u00e4lvmord eller n\u00e5got annat.<\/p>\n<p><img loading=\"lazy\" class=\"alignnone  wp-image-65109\" src=\"http:\/\/www.filindeblogg.nu\/wp-content\/uploads\/2016\/01\/036-225x300.jpg\" alt=\"036\" width=\"155\" height=\"207\" srcset=\"http:\/\/www.filindeblogg.nu\/wp-content\/uploads\/2016\/01\/036-225x300.jpg 225w, http:\/\/www.filindeblogg.nu\/wp-content\/uploads\/2016\/01\/036.jpg 450w\" sizes=\"(max-width: 155px) 100vw, 155px\" \/> &#8221;Lillebror&#8221; som bara kommer ut en g\u00e5ng i veckan blir tyv\u00e4rr mest en efterapning av alla nyheter som varit men det h\u00e4r nya fanns i alla fall i dagens tidning: <img loading=\"lazy\" class=\"alignnone size-medium wp-image-65108\" src=\"http:\/\/www.filindeblogg.nu\/wp-content\/uploads\/2016\/01\/0381-225x300.jpg\" alt=\"038\" width=\"225\" height=\"300\" srcset=\"http:\/\/www.filindeblogg.nu\/wp-content\/uploads\/2016\/01\/0381-225x300.jpg 225w, http:\/\/www.filindeblogg.nu\/wp-content\/uploads\/2016\/01\/0381.jpg 450w\" sizes=\"(max-width: 225px) 100vw, 225px\" \/><br \/>\nDessutom \u00e4r Magazinet b\u00e4st p\u00e5 f\u00f6dda och d\u00f6da &#8211; om man f\u00e5r uttrycka det s\u00e5. <img loading=\"lazy\" class=\"alignnone size-medium wp-image-65110\" src=\"http:\/\/www.filindeblogg.nu\/wp-content\/uploads\/2016\/01\/035-300x225.jpg\" alt=\"035\" width=\"300\" height=\"225\" srcset=\"http:\/\/www.filindeblogg.nu\/wp-content\/uploads\/2016\/01\/035-300x225.jpg 300w, http:\/\/www.filindeblogg.nu\/wp-content\/uploads\/2016\/01\/035.jpg 600w\" sizes=\"(max-width: 300px) 100vw, 300px\" \/> M\u00e5nga annonserar d\u00e4r f\u00f6r det \u00e4r billigt och n\u00e5r dessutom alla hush\u00e5ll.<\/p>\n<p>Det var lite av &#8221;good&#8221; och r\u00e4tt mycket &#8221;bad och ugly&#8221;. Bloggaren bjuder d\u00e4rf\u00f6r p\u00e5 goda bullar! <img loading=\"lazy\" class=\"alignnone  wp-image-65112\" src=\"http:\/\/www.filindeblogg.nu\/wp-content\/uploads\/2016\/01\/0392-300x225.jpg\" alt=\"039\" width=\"212\" height=\"159\" srcset=\"http:\/\/www.filindeblogg.nu\/wp-content\/uploads\/2016\/01\/0392-300x225.jpg 300w, http:\/\/www.filindeblogg.nu\/wp-content\/uploads\/2016\/01\/0392.jpg 600w\" sizes=\"(max-width: 212px) 100vw, 212px\" \/> Inte p\u00e5 riktigt men s\u00e5 h\u00e4r! <img loading=\"lazy\" class=\"alignnone size-medium wp-image-65113\" src=\"http:\/\/www.filindeblogg.nu\/wp-content\/uploads\/2016\/01\/0401-300x225.jpg\" alt=\"040\" width=\"300\" height=\"225\" srcset=\"http:\/\/www.filindeblogg.nu\/wp-content\/uploads\/2016\/01\/0401-300x225.jpg 300w, http:\/\/www.filindeblogg.nu\/wp-content\/uploads\/2016\/01\/0401.jpg 600w\" sizes=\"(max-width: 300px) 100vw, 300px\" \/> Baka sj\u00e4lv! D\u00e5 blir det varmt och gott i stugan ocks\u00e5!<\/p>\n<p>Bloggaren har ber\u00f6mt <strong>LT Last &amp; Gr\u00e4v<\/strong> i en tidigare blogg &#8211; nu \u00e4r det dags f\u00f6r<strong> G\u00f6ran, Ken och Anton<\/strong> p\u00e5 <strong>BT-Bygg<\/strong> att f\u00e5 BER\u00d6M! Alltid pigga och glada &#8211; f\u00f6rutom j\u00e4tteduktiga och punktliga! Heders! <img loading=\"lazy\" class=\"alignnone size-medium wp-image-65114\" src=\"http:\/\/www.filindeblogg.nu\/wp-content\/uploads\/2016\/01\/0221-225x300.jpg\" alt=\"022\" width=\"225\" height=\"300\" srcset=\"http:\/\/www.filindeblogg.nu\/wp-content\/uploads\/2016\/01\/0221-225x300.jpg 225w, http:\/\/www.filindeblogg.nu\/wp-content\/uploads\/2016\/01\/0221.jpg 450w\" sizes=\"(max-width: 225px) 100vw, 225px\" \/><br \/>\nBT-Bygg hittar du <a href=\"http:\/\/btbygg.nu\/ms\/ms\/bt-bygg-kontakta-oss-arboga-732-31\/ms-90023643-p-3\/\" target=\"_blank\"><strong>H\u00c4R!<\/strong> <\/a><\/p>\n<p>Som sagt &#8211; bloggaren har f\u00e5tt sin knapp nu&#8230;<img loading=\"lazy\" class=\"alignnone size-medium wp-image-65111\" src=\"http:\/\/www.filindeblogg.nu\/wp-content\/uploads\/2016\/01\/0301-300x225.jpg\" alt=\"030\" width=\"300\" height=\"225\" srcset=\"http:\/\/www.filindeblogg.nu\/wp-content\/uploads\/2016\/01\/0301-300x225.jpg 300w, http:\/\/www.filindeblogg.nu\/wp-content\/uploads\/2016\/01\/0301.jpg 600w\" sizes=\"(max-width: 300px) 100vw, 300px\" \/> S\u00e5 se upp!\u00a0<img loading=\"lazy\" class=\"alignnone size-full wp-image-65115\" src=\"http:\/\/www.filindeblogg.nu\/wp-content\/uploads\/2016\/01\/Blinkande-smiley.png\" alt=\"Blinkande smiley\" width=\"108\" height=\"107\" \/><\/p>\n<p>Kylan forts\u00e4tter och kaprifolen utanf\u00f6r f\u00f6nstret s\u00e5g ut s\u00e5 h\u00e4r idag.<\/p>\n<p><img loading=\"lazy\" class=\"size-medium wp-image-65116 aligncenter\" src=\"http:\/\/www.filindeblogg.nu\/wp-content\/uploads\/2016\/01\/0272-300x225.jpg\" alt=\"027\" width=\"300\" height=\"225\" srcset=\"http:\/\/www.filindeblogg.nu\/wp-content\/uploads\/2016\/01\/0272-300x225.jpg 300w, http:\/\/www.filindeblogg.nu\/wp-content\/uploads\/2016\/01\/0272.jpg 600w\" sizes=\"(max-width: 300px) 100vw, 300px\" \/><\/p>\n<p>Sk\u00f6t er s\u00e5 ses vi snart igen! <img loading=\"lazy\" class=\"alignnone size-full wp-image-65117\" src=\"http:\/\/www.filindeblogg.nu\/wp-content\/uploads\/2016\/01\/Dj\u00e4vulssmiley.jpg\" alt=\"Dj\u00e4vulssmiley\" width=\"225\" height=\"225\" srcset=\"http:\/\/www.filindeblogg.nu\/wp-content\/uploads\/2016\/01\/Dj\u00e4vulssmiley.jpg 225w, http:\/\/www.filindeblogg.nu\/wp-content\/uploads\/2016\/01\/Dj\u00e4vulssmiley-150x150.jpg 150w, http:\/\/www.filindeblogg.nu\/wp-content\/uploads\/2016\/01\/Dj\u00e4vulssmiley-144x144.jpg 144w\" sizes=\"(max-width: 225px) 100vw, 225px\" \/><\/p>\n<p>&nbsp;<\/p>\n<p>&nbsp;<\/p>\n<div>\n<\/div>\n","protected":false},"excerpt":{"rendered":"<p>Bloggaren vet inte varf\u00f6r hon just kom att t\u00e4nka p\u00e5 &#8221;The good, the bad and the ugly&#8221; &#8211; f\u00f6r n\u00e5gon god \u00e4r det sv\u00e5rt att hitta bland de h\u00e4r tre:\u00a0 Margot Annelie \u00a0 Agneta Inte \u00e4r de karlar heller utan kvinns gubevars! Deras gemensamma n\u00e4mnare \u00e4r Socialdemokratin med en ideologi att v\u00e4rna om de fattigaste [&hellip;]<\/p>\n","protected":false},"author":1,"featured_media":0,"comment_status":"open","ping_status":"open","sticky":false,"template":"","format":"standard","meta":[],"categories":[125,127,156,100,160,119,151,101],"tags":[],"_links":{"self":[{"href":"http:\/\/www.filindeblogg.nu\/index.php?rest_route=\/wp\/v2\/posts\/65099"}],"collection":[{"href":"http:\/\/www.filindeblogg.nu\/index.php?rest_route=\/wp\/v2\/posts"}],"about":[{"href":"http:\/\/www.filindeblogg.nu\/index.php?rest_route=\/wp\/v2\/types\/post"}],"author":[{"embeddable":true,"href":"http:\/\/www.filindeblogg.nu\/index.php?rest_route=\/wp\/v2\/users\/1"}],"replies":[{"embeddable":true,"href":"http:\/\/www.filindeblogg.nu\/index.php?rest_route=%2Fwp%2Fv2%2Fcomments&post=65099"}],"version-history":[{"count":14,"href":"http:\/\/www.filindeblogg.nu\/index.php?rest_route=\/wp\/v2\/posts\/65099\/revisions"}],"predecessor-version":[{"id":65131,"href":"http:\/\/www.filindeblogg.nu\/index.php?rest_route=\/wp\/v2\/posts\/65099\/revisions\/65131"}],"wp:attachment":[{"href":"http:\/\/www.filindeblogg.nu\/index.php?rest_route=%2Fwp%2Fv2%2Fmedia&parent=65099"}],"wp:term":[{"taxonomy":"category","embeddable":true,"href":"http:\/\/www.filindeblogg.nu\/index.php?rest_route=%2Fwp%2Fv2%2Fcategories&post=65099"},{"taxonomy":"post_tag","embeddable":true,"href":"http:\/\/www.filindeblogg.nu\/index.php?rest_route=%2Fwp%2Fv2%2Ftags&post=65099"}],"curies":[{"name":"wp","href":"https:\/\/api.w.org\/{rel}","templated":true}]}}