{"id":64967,"date":"2016-01-13T11:34:48","date_gmt":"2016-01-13T10:34:48","guid":{"rendered":"http:\/\/www.filindeblogg.nu\/?p=64967"},"modified":"2016-01-13T11:34:48","modified_gmt":"2016-01-13T10:34:48","slug":"vilka-man-ar-det-som-sextrakasserar","status":"publish","type":"post","link":"http:\/\/www.filindeblogg.nu\/?p=64967","title":{"rendered":"Vilka m\u00e4n \u00e4r det som sextrakasserar?"},"content":{"rendered":"<p><img loading=\"lazy\" class=\"alignnone size-full wp-image-64968\" src=\"http:\/\/www.filindeblogg.nu\/wp-content\/uploads\/2016\/01\/Arg-smiley1.jpg\" alt=\"Arg smiley\" width=\"180\" height=\"180\" srcset=\"http:\/\/www.filindeblogg.nu\/wp-content\/uploads\/2016\/01\/Arg-smiley1.jpg 180w, http:\/\/www.filindeblogg.nu\/wp-content\/uploads\/2016\/01\/Arg-smiley1-150x150.jpg 150w, http:\/\/www.filindeblogg.nu\/wp-content\/uploads\/2016\/01\/Arg-smiley1-144x144.jpg 144w\" sizes=\"(max-width: 180px) 100vw, 180px\" \/>Nu \u00e4r bloggaren f\u00f6rbannad!! I linje med att SD skyller invandrare f\u00f6r ALLT &#8211; arbetsl\u00f6shet, bostadsbrist<a href=\"http:\/\/www.dn.se\/nyheter\/sverige\/stockholms-stad-kande-till-overgreppen-i-flera-ar\/\" target=\"_blank\">,<\/a> fattiga pension\u00e4rer<a href=\"http:\/\/www.svd.se\/arets-forsta-partiledardebatt-i-riksdagen\/om\/sverige\" target=\"_blank\">,<\/a> inbrott och v\u00e5ld, you name it &#8211; s\u00e5 h\u00e4nger nu &#8221;alla&#8221; p\u00e5 att de sextrakasserier som sker beror p\u00e5 invandrare!<br \/>\n<img loading=\"lazy\" class=\"alignnone wp-image-64969\" src=\"http:\/\/www.filindeblogg.nu\/wp-content\/uploads\/2016\/01\/Ebba-korkad-300x168.jpg\" alt=\"Ebba korkad\" width=\"227\" height=\"127\" srcset=\"http:\/\/www.filindeblogg.nu\/wp-content\/uploads\/2016\/01\/Ebba-korkad-300x168.jpg 300w, http:\/\/www.filindeblogg.nu\/wp-content\/uploads\/2016\/01\/Ebba-korkad.jpg 760w\" sizes=\"(max-width: 227px) 100vw, 227px\" \/>\u00a0KD som numera g\u00e4rna verkar g\u00e5 i SD:s ledband har en partiledare som tycker att <strong><em>&#8221;sexbrottslingar ska utvisas&#8221;<\/em><\/strong> &#8211; se l\u00e4nk <a href=\"http:\/\/www.expressen.se\/nyheter\/busch-thor-kd-vill-utvisa-sexbrottslingar\/\" target=\"_blank\"><strong>H\u00c4R!<\/strong> <\/a>Man undrar d\u00e5 oroligt &#8211; <strong>vart ska alla svenska sexbrottslingar utvisas n\u00e5gonstans??<\/strong><\/p>\n<p><img loading=\"lazy\" class=\"alignnone wp-image-64970\" src=\"http:\/\/www.filindeblogg.nu\/wp-content\/uploads\/2016\/01\/Galet-arg-smiley1.jpg\" alt=\"Galet arg smiley\" width=\"215\" height=\"162\" \/>Nu ska bloggaren ta och ber\u00e4tta lite sanningar! Ju mer hon t\u00e4nker ju fler sextrakasserande m\u00e4n kommer hon p\u00e5! Alla svenska! M\u00e5nga fr\u00e5n hemstaden! De sistn\u00e4mnda kan namnges!<\/p>\n<p>H\u00e4r f\u00f6ljer en br\u00e5kdel av vad bloggaren varit med om:<\/p>\n<ol>\n<li>Som 13-\u00e5ring g\u00e5r bloggaren ensam i korridoren p\u00e5<strong> G\u00e4ddg\u00e5rdsskolan<\/strong>. Hon m\u00f6ter en \u00e4ldre kille. Han ler och bloggaren uppfattar det som om han \u00e4r v\u00e4nlig<a href=\"http:\/\/www.expressen.se\/nyheter\/noa-ska-kartlagga-massovergreppen\/\" target=\"_blank\">.<\/a> N\u00e4r killen \u00e4r framf\u00f6r bloggaren str\u00e4cker han fram handen och kl\u00e4mmer h\u00e5rt om hennes br\u00f6st.<br \/>\nBloggaren gl\u00f6mmer aldrig den h\u00e4ndelsen. En av de f\u00f6rsta kontakterna som ton\u00e5ring med det motsatta k\u00f6net&#8230; Killen kan namnges och \u00e4r etnisk svensk.<\/li>\n<li>Bloggaren \u00e4r ensam hemma i f\u00f6r\u00e4ldrahemmet p\u00e5 <strong>Borgaregatan<\/strong> &#8211; 15 \u00e5r gammal. Pl\u00f6tsligt har m\u00e5nga f\u00e5tt veta att det \u00e4r f\u00f6r\u00e4ldrafritt. Personerna som kommer \u00e4r dock sk\u00f6tsamma och ger sig av n\u00e4r bloggaren vill &#8211; utom tv\u00e5&#8230;<br \/>\nDen ene, en \u00e4ldre man som inte tillh\u00f6r kompisg\u00e4nget, drar ner bloggaren p\u00e5 golvet och tafsar mycket h\u00e5rt. Det g\u00f6r ont och bloggaren v\u00e4rjer sig. Han ger d\u00e5 upp och ger sig av d\u00e4rifr\u00e5n.<br \/>\nBloggaren \u00e4r mycket uppr\u00f6rd. Den \u00e4ldre mannen kan namnges och \u00e4r etnisk svensk.<br \/>\nKvar visar sig ocks\u00e5 ytterligare en kille vara. Bloggaren anf\u00f6rtror sig till honom om vad som h\u00e4nt. Han utnytttjar genast situationen och f\u00f6rs\u00f6ker v\u00e5ldf\u00f6ra sig p\u00e5 henne. Hon blir dock av med honom ganska snart.<br \/>\nBloggaren k\u00e4nner sig ledsen och sviken. Den sistn\u00e4mnde personen kan ocks\u00e5 namnges och \u00e4r etnisk svensk.<\/li>\n<li>L\u00e4genhet p\u00e5 <strong>Vasastan i Arboga<\/strong>. Bloggaren \u00e4r 16 \u00e5r och mycket berusad. Har blivit bjuden p\u00e5 sprit av \u00e4ldre killar. N\u00e4r g\u00e4nget g\u00e5r d\u00e4rifr\u00e5n sitter bloggaren p\u00e5 toaletten. Det visar sig att en ensam \u00e4ldre kille \u00e4r kvar i l\u00e4genheten. Han tar sig in till bloggaren och b\u00f6rjar tafsa v\u00e5ldsamt. H\u00e4nder och tunga \u00f6verallt! Bloggaren f\u00f6rs\u00f6ker v\u00e4rja sig och s\u00e4ger &#8211; Nej, nej! Det hj\u00e4lper inte.<br \/>\nBloggaren k\u00e4nner sig fruktansv\u00e4rd efter\u00e5t. Killen kan namnges och \u00e4r etnisk svensk.<\/li>\n<li>L\u00e4genhet i <strong>Brattberget<\/strong>. Bloggaren \u00e4r 20 \u00e5r. Det \u00e4r fest. Bloggaren g\u00e5r in p\u00e5 toaletten. In tr\u00e4nger sig en \u00e4ldre kille och v\u00e5ldtar henne p\u00e5 golvet. Han g\u00e5r sen ut igen som om inget har h\u00e4nt och bloggaren ligger gr\u00e5tande kvar.<br \/>\nBloggaren sk\u00e4ms fruktansv\u00e4rt och m\u00e5r mycket d\u00e5ligt. Mannen kan namnges och \u00e4r etnisk svensk.<\/li>\n<\/ol>\n<p><img loading=\"lazy\" class=\"alignnone size-full wp-image-64968\" src=\"http:\/\/www.filindeblogg.nu\/wp-content\/uploads\/2016\/01\/Arg-smiley1.jpg\" alt=\"Arg smiley\" width=\"180\" height=\"180\" srcset=\"http:\/\/www.filindeblogg.nu\/wp-content\/uploads\/2016\/01\/Arg-smiley1.jpg 180w, http:\/\/www.filindeblogg.nu\/wp-content\/uploads\/2016\/01\/Arg-smiley1-150x150.jpg 150w, http:\/\/www.filindeblogg.nu\/wp-content\/uploads\/2016\/01\/Arg-smiley1-144x144.jpg 144w\" sizes=\"(max-width: 180px) 100vw, 180px\" \/>Det finns fler ber\u00e4ttelser &#8211; tyv\u00e4rr. De ovan n\u00e4mnda \u00e4r alla fr\u00e5n hemstaden <strong>Arboga<\/strong>. Bloggaren har utsatts \u00e4ven p\u00e5 andra orter sen hon flyttade fr\u00e5n stan.<br \/>\nDet finns historier ocks\u00e5 om m\u00e4n som bloggaren varit tillsammans med och som utf\u00f6rt sextrakasserande handlingar &#8211; typ bloggaren v\u00e4cks mitt i natten av att pojkv\u00e4nnen tr\u00e4nger in i henne. <img loading=\"lazy\" class=\"alignnone wp-image-64936\" src=\"http:\/\/www.filindeblogg.nu\/wp-content\/uploads\/2016\/01\/Sur-smiley.jpg\" alt=\"Sur smiley\" width=\"182\" height=\"133\" \/> Ingen diskussion om samtycke d\u00e4r inte.<br \/>\nDet har dock aldrig varit n\u00e5gon fr\u00e5n ett annat land som v\u00e5ldf\u00f6rt sig p\u00e5 bloggaren. Kanske har hon haft tur? Varken <strong>Jannis<\/strong> p\u00e5 <strong>Rhodos<\/strong> eller <strong>Dimitrios<\/strong> fr\u00e5n <strong>Aten<\/strong> n\u00e5gra \u00e5r senare utnyttjade situationen. Inte heller de tv\u00e5 butiksinnehavarna i lokalen l\u00e5ngt inne i en tr\u00e5ng gr\u00e4nd i <strong>Hurghada &#8221;<\/strong>tog chansen&#8221;.<\/p>\n<p><img loading=\"lazy\" class=\"alignnone size-full wp-image-64937\" src=\"http:\/\/www.filindeblogg.nu\/wp-content\/uploads\/2016\/01\/Galet-arg-smiley.jpg\" alt=\"Galet arg smiley\" width=\"259\" height=\"195\" \/>S\u00e5 sluta l\u00e4gg skulden p\u00e5 invandrade m\u00e4n! Skulden ligger hos M\u00c4N &#8211; patriarkatet &#8211; kalla det vad ni vill!<br \/>\n<img loading=\"lazy\" class=\"alignnone wp-image-64971\" src=\"http:\/\/www.filindeblogg.nu\/wp-content\/uploads\/2016\/01\/V\u00e5ldt\u00e4kt-2-300x166.jpg\" alt=\"V\u00e5ldt\u00e4kt 2\" width=\"251\" height=\"139\" srcset=\"http:\/\/www.filindeblogg.nu\/wp-content\/uploads\/2016\/01\/V\u00e5ldt\u00e4kt-2-300x166.jpg 300w, http:\/\/www.filindeblogg.nu\/wp-content\/uploads\/2016\/01\/V\u00e5ldt\u00e4kt-2.jpg 302w\" sizes=\"(max-width: 251px) 100vw, 251px\" \/>\u00a0Det handlar om j\u00e4mst\u00e4lldhet!\u00a0<img loading=\"lazy\" class=\"alignnone size-full wp-image-64976\" src=\"http:\/\/www.filindeblogg.nu\/wp-content\/uploads\/2016\/01\/V\u00e5ldt\u00e4kt2.jpg\" alt=\"V\u00e5ldt\u00e4kt\" width=\"284\" height=\"157\" \/>\u00a0 Om respekt!\u00a0<img loading=\"lazy\" class=\"alignnone  wp-image-64977\" src=\"http:\/\/www.filindeblogg.nu\/wp-content\/uploads\/2016\/01\/Sextrakasserier-11-300x200.jpg\" alt=\"Sextrakasserier 1\" width=\"267\" height=\"178\" srcset=\"http:\/\/www.filindeblogg.nu\/wp-content\/uploads\/2016\/01\/Sextrakasserier-11-300x200.jpg 300w, http:\/\/www.filindeblogg.nu\/wp-content\/uploads\/2016\/01\/Sextrakasserier-11.jpg 625w\" sizes=\"(max-width: 267px) 100vw, 267px\" \/> Om alla m\u00e4nniskors lika v\u00e4rda!\u00a0<img loading=\"lazy\" class=\"alignnone size-full wp-image-64978\" src=\"http:\/\/www.filindeblogg.nu\/wp-content\/uploads\/2016\/01\/V\u00e5ldt\u00e4kt-3.jpg\" alt=\"V\u00e5ldt\u00e4kt 3\" width=\"262\" height=\"171\" \/> Om att kvinnor inte \u00e4r objekt! <img loading=\"lazy\" class=\"alignnone size-full wp-image-64980\" src=\"http:\/\/www.filindeblogg.nu\/wp-content\/uploads\/2016\/01\/Offer.jpg\" alt=\"Offer\" width=\"297\" height=\"170\" \/><\/p>\n<p>Bloggaren undrar om alla dessa m\u00e4n som bloggaren skrivit om funderar p\u00e5 det som h\u00e4nde en g\u00e5ng? Eller om det bara var en i raden av h\u00e4ndelser? Om de t\u00e4nker att deras egna d\u00f6ttrar skulle kunna uts\u00e4ttas f\u00f6r samma sak och hur de d\u00e5 skulle reagera? Bloggaren t\u00e4nker ibland p\u00e5 den mycket h\u00e5rdh\u00e4nte mannen n\u00e4r hon var 15 \u00e5r och undrar om han behandlar sin fru p\u00e5 samma vis&#8230;<br \/>\nOch nej, killarna &#8221;fick upp den&#8221;, s\u00e5 i n\u00e5got hj\u00e4lpl\u00f6st tillst\u00e5nd av fylla var de inte. Hj\u00e4lpl\u00f6s var d\u00e4remot bloggaren men minns allt i detalj.<\/p>\n<p>Killarna och m\u00e4nnen kan namnges! Flera av dem bor i Arboga! Bloggaren kommer inte att g\u00f6ra det eftersom ord kommer att st\u00e5 mot ord och det finns inga vittnen.<\/p>\n<p><img loading=\"lazy\" class=\"alignnone size-medium wp-image-64983\" src=\"http:\/\/www.filindeblogg.nu\/wp-content\/uploads\/2016\/01\/Gr\u00e5t-300x150.jpg\" alt=\"Gr\u00e5t\" width=\"300\" height=\"150\" srcset=\"http:\/\/www.filindeblogg.nu\/wp-content\/uploads\/2016\/01\/Gr\u00e5t-300x150.jpg 300w, http:\/\/www.filindeblogg.nu\/wp-content\/uploads\/2016\/01\/Gr\u00e5t.jpg 318w\" sizes=\"(max-width: 300px) 100vw, 300px\" \/>\u00a0Det h\u00e4r var lite av vad bloggaren varit med om. Bloggarens mor kunde ocks\u00e5 ber\u00e4tta&#8230; Dottern har liknande historier att f\u00f6rt\u00e4lja &#8211; v\u00e4nner till oss likas\u00e5. Bloggaren tror att alla kvinnor tyv\u00e4rr har liknande minnen. <img loading=\"lazy\" class=\"alignnone  wp-image-64979\" src=\"http:\/\/www.filindeblogg.nu\/wp-content\/uploads\/2016\/01\/Sorg-300x166.jpg\" alt=\"Sorg\" width=\"219\" height=\"121\" srcset=\"http:\/\/www.filindeblogg.nu\/wp-content\/uploads\/2016\/01\/Sorg-300x166.jpg 300w, http:\/\/www.filindeblogg.nu\/wp-content\/uploads\/2016\/01\/Sorg.jpg 302w\" sizes=\"(max-width: 219px) 100vw, 219px\" \/><\/p>\n<p>Med bloggarens eget vittnesm\u00e5l vill hon s\u00e4ga: Starta debatten d\u00e4r den ska! Med M\u00c4N &#8211; oavsett etnicitet!<br \/>\nAlla m\u00e4n \u00e4r inte d\u00e5liga men bloggaren vill <strong>INTE<\/strong> h\u00f6ra fler s\u00e5rade f\u00f6rsvarstal fr\u00e5n m\u00e4n som beklagar sig \u00f6ver att vara utsatta f\u00f6r f\u00f6rtal &#8221;som grupp&#8221;.<strong> G\u00d6R N\u00c5GOT \u00c5T SAKEN IST\u00c4LLET IHOP MED KVINNORNA!!!!<\/strong><\/p>\n<p>F\u00f6rbannad \u00e4r bara f\u00f6rnamnet&#8230; <img loading=\"lazy\" class=\"alignnone size-medium wp-image-64981\" src=\"http:\/\/www.filindeblogg.nu\/wp-content\/uploads\/2016\/01\/Galet-arg-smiley-2-300x300.jpeg\" alt=\"Galet arg smiley 2\" width=\"300\" height=\"300\" srcset=\"http:\/\/www.filindeblogg.nu\/wp-content\/uploads\/2016\/01\/Galet-arg-smiley-2-300x300.jpeg 300w, http:\/\/www.filindeblogg.nu\/wp-content\/uploads\/2016\/01\/Galet-arg-smiley-2-150x150.jpeg 150w, http:\/\/www.filindeblogg.nu\/wp-content\/uploads\/2016\/01\/Galet-arg-smiley-2-144x144.jpeg 144w, http:\/\/www.filindeblogg.nu\/wp-content\/uploads\/2016\/01\/Galet-arg-smiley-2.jpeg 404w\" sizes=\"(max-width: 300px) 100vw, 300px\" \/><\/p>\n<p><img loading=\"lazy\" class=\"aligncenter size-full wp-image-64942\" src=\"http:\/\/www.filindeblogg.nu\/wp-content\/uploads\/2016\/01\/Go-girlpower.jpg\" alt=\"Go girlpower\" width=\"224\" height=\"224\" srcset=\"http:\/\/www.filindeblogg.nu\/wp-content\/uploads\/2016\/01\/Go-girlpower.jpg 224w, http:\/\/www.filindeblogg.nu\/wp-content\/uploads\/2016\/01\/Go-girlpower-150x150.jpg 150w, http:\/\/www.filindeblogg.nu\/wp-content\/uploads\/2016\/01\/Go-girlpower-144x144.jpg 144w\" sizes=\"(max-width: 224px) 100vw, 224px\" \/><\/p>\n<p>&nbsp;<\/p>\n<p>&nbsp;<\/p>\n","protected":false},"excerpt":{"rendered":"<p>Nu \u00e4r bloggaren f\u00f6rbannad!! I linje med att SD skyller invandrare f\u00f6r ALLT &#8211; arbetsl\u00f6shet, bostadsbrist, fattiga pension\u00e4rer, inbrott och v\u00e5ld, you name it &#8211; s\u00e5 h\u00e4nger nu &#8221;alla&#8221; p\u00e5 att de sextrakasserier som sker beror p\u00e5 invandrare! \u00a0KD som numera g\u00e4rna verkar g\u00e5 i SD:s ledband har en partiledare som tycker att &#8221;sexbrottslingar ska [&hellip;]<\/p>\n","protected":false},"author":1,"featured_media":0,"comment_status":"open","ping_status":"open","sticky":false,"template":"","format":"standard","meta":[],"categories":[1,127,121,162,100,132,123,101,199],"tags":[],"_links":{"self":[{"href":"http:\/\/www.filindeblogg.nu\/index.php?rest_route=\/wp\/v2\/posts\/64967"}],"collection":[{"href":"http:\/\/www.filindeblogg.nu\/index.php?rest_route=\/wp\/v2\/posts"}],"about":[{"href":"http:\/\/www.filindeblogg.nu\/index.php?rest_route=\/wp\/v2\/types\/post"}],"author":[{"embeddable":true,"href":"http:\/\/www.filindeblogg.nu\/index.php?rest_route=\/wp\/v2\/users\/1"}],"replies":[{"embeddable":true,"href":"http:\/\/www.filindeblogg.nu\/index.php?rest_route=%2Fwp%2Fv2%2Fcomments&post=64967"}],"version-history":[{"count":8,"href":"http:\/\/www.filindeblogg.nu\/index.php?rest_route=\/wp\/v2\/posts\/64967\/revisions"}],"predecessor-version":[{"id":64991,"href":"http:\/\/www.filindeblogg.nu\/index.php?rest_route=\/wp\/v2\/posts\/64967\/revisions\/64991"}],"wp:attachment":[{"href":"http:\/\/www.filindeblogg.nu\/index.php?rest_route=%2Fwp%2Fv2%2Fmedia&parent=64967"}],"wp:term":[{"taxonomy":"category","embeddable":true,"href":"http:\/\/www.filindeblogg.nu\/index.php?rest_route=%2Fwp%2Fv2%2Fcategories&post=64967"},{"taxonomy":"post_tag","embeddable":true,"href":"http:\/\/www.filindeblogg.nu\/index.php?rest_route=%2Fwp%2Fv2%2Ftags&post=64967"}],"curies":[{"name":"wp","href":"https:\/\/api.w.org\/{rel}","templated":true}]}}