{"id":64837,"date":"2016-01-06T14:48:22","date_gmt":"2016-01-06T13:48:22","guid":{"rendered":"http:\/\/www.filindeblogg.nu\/?p=64837"},"modified":"2016-01-06T14:48:22","modified_gmt":"2016-01-06T13:48:22","slug":"watch-out-och-karlek-pa-kopet","status":"publish","type":"post","link":"http:\/\/www.filindeblogg.nu\/?p=64837","title":{"rendered":"Watch out! Och k\u00e4rlek p\u00e5 k\u00f6pet&#8230;"},"content":{"rendered":"<p>Bloggaren har kommit p\u00e5 att hon har n\u00e5got gemensamt med<strong> Stellan Skarsg\u00e5rd<\/strong> &#8211; och det \u00e4r ju inte illa! Illa \u00e4r dock kanske vad likheten g\u00e4ller f\u00f6r n\u00e5got&#8230; Det h\u00e4r: <img loading=\"lazy\" class=\"alignnone size-medium wp-image-64838\" src=\"http:\/\/www.filindeblogg.nu\/wp-content\/uploads\/2016\/01\/023-300x225.jpg\" alt=\"023\" width=\"300\" height=\"225\" srcset=\"http:\/\/www.filindeblogg.nu\/wp-content\/uploads\/2016\/01\/023-300x225.jpg 300w, http:\/\/www.filindeblogg.nu\/wp-content\/uploads\/2016\/01\/023.jpg 600w\" sizes=\"(max-width: 300px) 100vw, 300px\" \/> S\u00e5 h\u00e4r s\u00e4ger Stellan Skarsg\u00e5rd allts\u00e5: <em>&#8221;I USA blir jag tillsagd att inte prata politik och d\u00e5 g\u00f6r jag det direkt! \u00c4r det n\u00e5got man inte f\u00e5r s\u00e4ga s\u00e5 f\u00e5r jag en otrolig lust att s\u00e4ga just det. Det finns ett drag av tourettes d\u00e4r.&#8221;<\/em><\/p>\n<p>Bloggaren \u00e4r likadan! S\u00e5 fort n\u00e5got &#8221;inte f\u00e5r tas upp eller diskuteras&#8221; s\u00e5 nog sl\u00e4nger bloggaren upp diskussions\u00e4mnet p\u00e5 bordet! P\u00e5 gott och p\u00e5 ont&#8230;<\/p>\n<p><img loading=\"lazy\" class=\"alignnone size-full wp-image-64839\" src=\"http:\/\/www.filindeblogg.nu\/wp-content\/uploads\/2016\/01\/Careful-or-you-will-end-up-in-my-novel.jpg\" alt=\"Careful or you will end up in my novel\" width=\"225\" height=\"225\" srcset=\"http:\/\/www.filindeblogg.nu\/wp-content\/uploads\/2016\/01\/Careful-or-you-will-end-up-in-my-novel.jpg 225w, http:\/\/www.filindeblogg.nu\/wp-content\/uploads\/2016\/01\/Careful-or-you-will-end-up-in-my-novel-150x150.jpg 150w, http:\/\/www.filindeblogg.nu\/wp-content\/uploads\/2016\/01\/Careful-or-you-will-end-up-in-my-novel-144x144.jpg 144w\" sizes=\"(max-width: 225px) 100vw, 225px\" \/>\u00a0Lite s\u00e5nt blir det nu &#8211; \u00e4ven om bloggaren har en stark etik och ett r\u00e4ttspatos. Hon skulle aldrig r\u00f6ja n\u00e5gons f\u00f6rtroende eller l\u00e4mna ut n\u00e5gon person. Det finns faktiskt gr\u00e4nser ocks\u00e5 f\u00f6r bloggaren &#8211; tro det om ni vill. Men sig sj\u00e4lv l\u00e4mnar hon g\u00e4rna ut r\u00e4tt mycket av &#8211; till barns och sl\u00e4ktingars stora h\u00e4pnad och ibland f\u00f6rskr\u00e4ckelse. \ud83d\ude42<\/p>\n<p>H\u00e4r om dagen utnyttjades stilla dagar efter jul till rensning och sortering av sk\u00e5p. K\u00f6kssk\u00e5pet visade sig inneh\u00e5lla hur m\u00e5nga olika sorters vykort som helst! <img loading=\"lazy\" class=\"alignnone  wp-image-64840\" src=\"http:\/\/www.filindeblogg.nu\/wp-content\/uploads\/2016\/01\/006-300x225.jpg\" alt=\"006\" width=\"231\" height=\"173\" srcset=\"http:\/\/www.filindeblogg.nu\/wp-content\/uploads\/2016\/01\/006-300x225.jpg 300w, http:\/\/www.filindeblogg.nu\/wp-content\/uploads\/2016\/01\/006.jpg 600w\" sizes=\"(max-width: 231px) 100vw, 231px\" \/> S\u00e5dana d\u00e4r &#8221;bra-att-ha&#8221;, ni vet&#8230; <img loading=\"lazy\" class=\"alignnone  wp-image-64841\" src=\"http:\/\/www.filindeblogg.nu\/wp-content\/uploads\/2016\/01\/0111-225x300.jpg\" alt=\"011\" width=\"147\" height=\"196\" srcset=\"http:\/\/www.filindeblogg.nu\/wp-content\/uploads\/2016\/01\/0111-225x300.jpg 225w, http:\/\/www.filindeblogg.nu\/wp-content\/uploads\/2016\/01\/0111.jpg 450w\" sizes=\"(max-width: 147px) 100vw, 147px\" \/> H\u00e4r ett fr\u00e5n Djurens R\u00e4tt!<\/p>\n<p>Och tar det ju s\u00e5dan tid! Mycket l\u00e4ngre tid \u00e4n man r\u00e4knat med &#8211; detta rensande. F\u00f6r minnen dyker upp och tankarna rinner iv\u00e4g ihop med tiden&#8230;<br \/>\nSom det h\u00e4r kortet som inhandlades f\u00f6r m\u00e5nga \u00e5r sedan: <img loading=\"lazy\" class=\"alignnone  wp-image-64842\" src=\"http:\/\/www.filindeblogg.nu\/wp-content\/uploads\/2016\/01\/008-225x300.jpg\" alt=\"008\" width=\"196\" height=\"261\" srcset=\"http:\/\/www.filindeblogg.nu\/wp-content\/uploads\/2016\/01\/008-225x300.jpg 225w, http:\/\/www.filindeblogg.nu\/wp-content\/uploads\/2016\/01\/008.jpg 450w\" sizes=\"(max-width: 196px) 100vw, 196px\" \/> N\u00e4r exmaken studerade \u00e5r efter \u00e5r efter \u00e5r &#8211; s\u00e5 fann bloggaren ett passande gratulationskort f\u00f6r honom: <img loading=\"lazy\" class=\"alignnone size-medium wp-image-64843\" src=\"http:\/\/www.filindeblogg.nu\/wp-content\/uploads\/2016\/01\/0091-225x300.jpg\" alt=\"009\" width=\"225\" height=\"300\" srcset=\"http:\/\/www.filindeblogg.nu\/wp-content\/uploads\/2016\/01\/0091-225x300.jpg 225w, http:\/\/www.filindeblogg.nu\/wp-content\/uploads\/2016\/01\/0091.jpg 450w\" sizes=\"(max-width: 225px) 100vw, 225px\" \/> Bloggaren trodde n\u00e4stan att studietiden aldrig skulle ta slut&#8230;<\/p>\n<p>Exmaken, ja. Det h\u00e4r kortet v\u00e4ckte lite sentimentalitet. <img loading=\"lazy\" class=\"alignnone  wp-image-64844\" src=\"http:\/\/www.filindeblogg.nu\/wp-content\/uploads\/2016\/01\/004-225x300.jpg\" alt=\"004\" width=\"161\" height=\"215\" srcset=\"http:\/\/www.filindeblogg.nu\/wp-content\/uploads\/2016\/01\/004-225x300.jpg 225w, http:\/\/www.filindeblogg.nu\/wp-content\/uploads\/2016\/01\/004.jpg 450w\" sizes=\"(max-width: 161px) 100vw, 161px\" \/> Ett brevkort med en bild av ett hus med en grind.\u00a0<img loading=\"lazy\" class=\"alignnone size-medium wp-image-64846\" src=\"http:\/\/www.filindeblogg.nu\/wp-content\/uploads\/2016\/01\/0051-221x300.jpg\" alt=\"005\" width=\"221\" height=\"300\" srcset=\"http:\/\/www.filindeblogg.nu\/wp-content\/uploads\/2016\/01\/0051-221x300.jpg 221w, http:\/\/www.filindeblogg.nu\/wp-content\/uploads\/2016\/01\/0051.jpg 441w\" sizes=\"(max-width: 221px) 100vw, 221px\" \/> P\u00e5 grinden h\u00e4nger en skylt med en pil &#8211; <em>&#8221;Rum&#8221;<\/em>. Det brevkortet k\u00f6pte bloggaren n\u00e4r hon trodde att den f\u00f6rlorade maken skulle komma tillbaka. Han skulle v\u00e4lkomnas med att det helt s\u00e4kert fanns ett rum att hyra hos bloggaren. S\u00e5 fel t\u00e4nkt men s\u00e5 k\u00e4ndes det i den sorg som var d\u00e5. F\u00f6r maken hade hittat en ny och hade inga planer alls p\u00e5 att \u00e5terv\u00e4nda&#8230; Minnen&#8230;<\/p>\n<p><img loading=\"lazy\" class=\"alignnone  wp-image-64847\" src=\"http:\/\/www.filindeblogg.nu\/wp-content\/uploads\/2016\/01\/0131-300x225.jpg\" alt=\"013\" width=\"225\" height=\"169\" srcset=\"http:\/\/www.filindeblogg.nu\/wp-content\/uploads\/2016\/01\/0131-300x225.jpg 300w, http:\/\/www.filindeblogg.nu\/wp-content\/uploads\/2016\/01\/0131.jpg 600w\" sizes=\"(max-width: 225px) 100vw, 225px\" \/> Ordning och reda blev det till slut i alla fall. <img loading=\"lazy\" class=\"alignnone size-medium wp-image-64848\" src=\"http:\/\/www.filindeblogg.nu\/wp-content\/uploads\/2016\/01\/0121-300x225.jpg\" alt=\"012\" width=\"300\" height=\"225\" srcset=\"http:\/\/www.filindeblogg.nu\/wp-content\/uploads\/2016\/01\/0121-300x225.jpg 300w, http:\/\/www.filindeblogg.nu\/wp-content\/uploads\/2016\/01\/0121.jpg 600w\" sizes=\"(max-width: 300px) 100vw, 300px\" \/> P\u00e5 vykorten i k\u00f6kssk\u00e5pet och p\u00e5 bloggarens liv ocks\u00e5 kanske&#8230;<\/p>\n<p><img loading=\"lazy\" class=\"alignnone  wp-image-64849\" src=\"http:\/\/www.filindeblogg.nu\/wp-content\/uploads\/2016\/01\/020-225x300.jpg\" alt=\"020\" width=\"172\" height=\"229\" srcset=\"http:\/\/www.filindeblogg.nu\/wp-content\/uploads\/2016\/01\/020-225x300.jpg 225w, http:\/\/www.filindeblogg.nu\/wp-content\/uploads\/2016\/01\/020.jpg 450w\" sizes=\"(max-width: 172px) 100vw, 172px\" \/> Eller hur \u00e4r det med livet egentligen? Bloggarens och er andras?<\/p>\n<p>Har ni t\u00e4nkt p\u00e5 att nattetid d\u00e5 dyker problem och \u00e4ngslan g\u00e4rna upp &#8211; ist\u00e4llet f\u00f6r s\u00f6mnen&#8230;\u00a0<img loading=\"lazy\" class=\"alignnone  wp-image-64850\" src=\"http:\/\/www.filindeblogg.nu\/wp-content\/uploads\/2016\/01\/S\u00f6mnproblem-kvinna.jpg\" alt=\"S\u00f6mnproblem kvinna\" width=\"188\" height=\"129\" \/> Tankarna ans\u00e4tter en. Det ska \u00e4ltas om och om igen. Vridas och v\u00e4ndas p\u00e5. Kanske gr\u00e5ta en smula. Kasta sig av och an i s\u00e4ngen. G\u00e5 upp. <img loading=\"lazy\" class=\"alignnone  wp-image-64851\" src=\"http:\/\/www.filindeblogg.nu\/wp-content\/uploads\/2016\/01\/S\u00f6mnproblem-man.jpg\" alt=\"S\u00f6mnproblem man\" width=\"218\" height=\"145\" \/><\/p>\n<p>Och efter febril tankeverksamhet hittar man s\u00e5 l\u00f6sningarna &#8211; f\u00f6r att n\u00e4r morgonen kommer n\u00e4stan ha gl\u00f6mt bort alltihop. Allt k\u00e4nns mycket ljusare n\u00e4r dagen randas och nattens djupa sv\u00e5righeter och kr\u00e5ngliga l\u00f6sningar \u00e4r borta med vinden.\u00a0<img loading=\"lazy\" class=\"alignnone size-medium wp-image-64852\" src=\"http:\/\/www.filindeblogg.nu\/wp-content\/uploads\/2016\/01\/Ljuset-kommer-300x168.jpg\" alt=\"Ljuset kommer\" width=\"300\" height=\"168\" \/> Tills n\u00e4sta natt&#8230;<\/p>\n<p>Hur har du det med v\u00e4rmen och n\u00e4rheten?\u00a0<img loading=\"lazy\" class=\"alignnone  wp-image-64871\" src=\"http:\/\/www.filindeblogg.nu\/wp-content\/uploads\/2016\/01\/Kram.jpg\" alt=\"Kram\" width=\"192\" height=\"128\" \/> \u00c4r du en s\u00e5dan som r\u00e4knar med k\u00e4rlek p\u00e5 k\u00f6pet?<br \/>\n<img loading=\"lazy\" class=\"alignnone size-full wp-image-64853\" src=\"http:\/\/www.filindeblogg.nu\/wp-content\/uploads\/2016\/01\/Tidspress.jpg\" alt=\"Tidspress\" width=\"225\" height=\"225\" srcset=\"http:\/\/www.filindeblogg.nu\/wp-content\/uploads\/2016\/01\/Tidspress.jpg 225w, http:\/\/www.filindeblogg.nu\/wp-content\/uploads\/2016\/01\/Tidspress-150x150.jpg 150w, http:\/\/www.filindeblogg.nu\/wp-content\/uploads\/2016\/01\/Tidspress-144x144.jpg 144w\" sizes=\"(max-width: 225px) 100vw, 225px\" \/> Som har s\u00e5 br\u00e5da arbetsdagar och s\u00e5 mycket tidspress att inte ens en minut finns inplanerad f\u00f6r v\u00e4rme fr\u00e5n en annan m\u00e4nniska?\u00a0<img loading=\"lazy\" class=\"alignnone size-medium wp-image-64854\" src=\"http:\/\/www.filindeblogg.nu\/wp-content\/uploads\/2016\/01\/Utbr\u00e4nd-300x115.jpg\" alt=\"Utbr\u00e4nd\" width=\"300\" height=\"115\" srcset=\"http:\/\/www.filindeblogg.nu\/wp-content\/uploads\/2016\/01\/Utbr\u00e4nd-300x115.jpg 300w, http:\/\/www.filindeblogg.nu\/wp-content\/uploads\/2016\/01\/Utbr\u00e4nd.jpg 362w\" sizes=\"(max-width: 300px) 100vw, 300px\" \/> Det f\u00e5r liksom komma p\u00e5 k\u00f6pet &#8211; om du har tur. Om det finns n\u00e5gon d\u00e4r&#8230;<\/p>\n<p>D\u00e5 t\u00e4nker bloggaren p\u00e5 n\u00e5gra rader hon l\u00e4ste n\u00e5gonstans. Om hur vi m\u00e4nniskor springer runt i ekorrhjulet utan vett och sans. Springer f\u00f6rbi varandra! Hur slitet har blivit en accepterad vana d\u00e4r det inte finns en tillstymmelse till egen tid &#8211; eller v\u00e4rme och k\u00e4rlek. H\u00e4r kommer raderna:<\/p>\n<p><strong><em>Jag \u00e4r ditt halmstr\u00e5. Din r\u00e4ddning ur f\u00f6rd\u00e4rvet. Din v\u00e4g ut. Ditt hopp om liv.<br \/>\nOch du \u00e4r mitt&#8230; <\/em><\/strong><strong><em>Halmstr\u00e5, r\u00e4ddning, v\u00e4g och hopp.<\/em><\/strong><br \/>\n<strong><em>Du beh\u00f6ver mig. Jag beh\u00f6ver dig. Vi beh\u00f6ver varandra.<\/em><\/strong><br \/>\n<strong><em>S\u00e5 enkelt. Och s\u00e5 sv\u00e5rt&#8230;<\/em><\/strong><\/p>\n<p>Risken \u00e4r att det slutar med n\u00e5gra rader i en d\u00f6dsannons &#8211; som den h\u00e4r: <img loading=\"lazy\" class=\"alignnone size-medium wp-image-64855\" src=\"http:\/\/www.filindeblogg.nu\/wp-content\/uploads\/2016\/01\/0031-300x225.jpg\" alt=\"003\" width=\"300\" height=\"225\" srcset=\"http:\/\/www.filindeblogg.nu\/wp-content\/uploads\/2016\/01\/0031-300x225.jpg 300w, http:\/\/www.filindeblogg.nu\/wp-content\/uploads\/2016\/01\/0031.jpg 600w\" sizes=\"(max-width: 300px) 100vw, 300px\" \/> Rader om en gammal kvinna.<br \/>\nL\u00e5t det inte sluta s\u00e5! Unna dig att leva &#8211; inte bara \u00f6verleva! V\u00e4lj n\u00e5gra minuter, timmar &#8211; s\u00e5 sm\u00e5ningom kanske dagar &#8211; till bara dig sj\u00e4lv och dina innersta \u00f6nskem\u00e5l och du ska se hur mycket b\u00e4ttre allt blir. M\u00f6t din medm\u00e4nniska och \u00f6ppna famnen! Upplev sen hur bra du kommer att m\u00e5 och hur faktiskt vardagsslitet g\u00e5r s\u00e5 mycket b\u00e4ttre!<\/p>\n<p>Lite som <strong>Jesper Waldersten<\/strong> s\u00e4ger i <strong>DN<\/strong>: <img loading=\"lazy\" class=\"alignnone size-medium wp-image-64856\" src=\"http:\/\/www.filindeblogg.nu\/wp-content\/uploads\/2016\/01\/022-300x278.jpg\" alt=\"022\" width=\"300\" height=\"278\" srcset=\"http:\/\/www.filindeblogg.nu\/wp-content\/uploads\/2016\/01\/022-300x278.jpg 300w, http:\/\/www.filindeblogg.nu\/wp-content\/uploads\/2016\/01\/022.jpg 486w\" sizes=\"(max-width: 300px) 100vw, 300px\" \/> <em>&#8221;Fantasin \u00e4r nyckeln till en meningsfull verklighet&#8221;<\/em>. S\u00e5 sant &#8211; s\u00e5 s\u00e4tt fart p\u00e5 fantasin!<br \/>\n<em>&#8221;God Jul&#8221;<\/em> har Waldersten lagt till ocks\u00e5 och d\u00e5 l\u00e4gger bloggaren till det h\u00e4r julkortet som hon fann bland alla m\u00e4ngder av kort! <img loading=\"lazy\" class=\"alignnone size-medium wp-image-64857\" src=\"http:\/\/www.filindeblogg.nu\/wp-content\/uploads\/2016\/01\/007-300x225.jpg\" alt=\"007\" width=\"300\" height=\"225\" srcset=\"http:\/\/www.filindeblogg.nu\/wp-content\/uploads\/2016\/01\/007-300x225.jpg 300w, http:\/\/www.filindeblogg.nu\/wp-content\/uploads\/2016\/01\/007.jpg 600w\" sizes=\"(max-width: 300px) 100vw, 300px\" \/> <em>&#8221;Gott Nytt \u00c5r! Lycka hela \u00e5ret!&#8221;<\/em> Det var v\u00e4l en bra ny\u00e5rsh\u00e4lsning &#8211; LYCKA HELA \u00c5RET! Det k\u00f6r vi p\u00e5!<\/p>\n<p><img loading=\"lazy\" class=\"aligncenter size-full wp-image-64864\" src=\"http:\/\/www.filindeblogg.nu\/wp-content\/uploads\/2016\/01\/We-are-all-stories-in-the-end.jpg\" alt=\"We are all stories in the end\" width=\"153\" height=\"160\" \/><\/p>\n<p><img loading=\"lazy\" class=\"alignnone  wp-image-64858\" src=\"http:\/\/www.filindeblogg.nu\/wp-content\/uploads\/2016\/01\/028-300x225.jpg\" alt=\"028\" width=\"227\" height=\"170\" srcset=\"http:\/\/www.filindeblogg.nu\/wp-content\/uploads\/2016\/01\/028-300x225.jpg 300w, http:\/\/www.filindeblogg.nu\/wp-content\/uploads\/2016\/01\/028.jpg 600w\" sizes=\"(max-width: 227px) 100vw, 227px\" \/>\u00a0Slutligen n\u00e5gra vackra vinterbilder fr\u00e5n ett iskallt <strong>Arboga<\/strong> idag. <img loading=\"lazy\" class=\"alignnone size-medium wp-image-64859\" src=\"http:\/\/www.filindeblogg.nu\/wp-content\/uploads\/2016\/01\/029-225x300.jpg\" alt=\"029\" width=\"225\" height=\"300\" srcset=\"http:\/\/www.filindeblogg.nu\/wp-content\/uploads\/2016\/01\/029-225x300.jpg 225w, http:\/\/www.filindeblogg.nu\/wp-content\/uploads\/2016\/01\/029.jpg 450w\" sizes=\"(max-width: 225px) 100vw, 225px\" \/> Utsikt mot <strong>Stureparken<\/strong>.<\/p>\n<p>Och s\u00e5 <strong>Arboga\u00e5n<\/strong>! <img loading=\"lazy\" class=\"alignnone size-medium wp-image-64860\" src=\"http:\/\/www.filindeblogg.nu\/wp-content\/uploads\/2016\/01\/034-300x225.jpg\" alt=\"034\" width=\"300\" height=\"225\" srcset=\"http:\/\/www.filindeblogg.nu\/wp-content\/uploads\/2016\/01\/034-300x225.jpg 300w, http:\/\/www.filindeblogg.nu\/wp-content\/uploads\/2016\/01\/034.jpg 600w\" sizes=\"(max-width: 300px) 100vw, 300px\" \/><\/p>\n<p><img loading=\"lazy\" class=\"alignnone size-medium wp-image-64861\" src=\"http:\/\/www.filindeblogg.nu\/wp-content\/uploads\/2016\/01\/040-300x225.jpg\" alt=\"040\" width=\"300\" height=\"225\" srcset=\"http:\/\/www.filindeblogg.nu\/wp-content\/uploads\/2016\/01\/040-300x225.jpg 300w, http:\/\/www.filindeblogg.nu\/wp-content\/uploads\/2016\/01\/040.jpg 600w\" sizes=\"(max-width: 300px) 100vw, 300px\" \/> Alltid lika tacksamt att fotografera. <img loading=\"lazy\" class=\"alignnone size-medium wp-image-64862\" src=\"http:\/\/www.filindeblogg.nu\/wp-content\/uploads\/2016\/01\/039-300x225.jpg\" alt=\"039\" width=\"300\" height=\"225\" srcset=\"http:\/\/www.filindeblogg.nu\/wp-content\/uploads\/2016\/01\/039-300x225.jpg 300w, http:\/\/www.filindeblogg.nu\/wp-content\/uploads\/2016\/01\/039.jpg 600w\" sizes=\"(max-width: 300px) 100vw, 300px\" \/><\/p>\n<p>&nbsp;<\/p>\n<p><img loading=\"lazy\" class=\"aligncenter size-full wp-image-64863\" src=\"http:\/\/www.filindeblogg.nu\/wp-content\/uploads\/2016\/01\/Careful-kudde.jpg\" alt=\"Careful kudde\" width=\"247\" height=\"204\" \/><\/p>\n<p><img loading=\"lazy\" class=\"aligncenter size-full wp-image-64865\" src=\"http:\/\/www.filindeblogg.nu\/wp-content\/uploads\/2016\/01\/Blinkande-smiley.jpg\" alt=\"Blinkande smiley\" width=\"225\" height=\"225\" srcset=\"http:\/\/www.filindeblogg.nu\/wp-content\/uploads\/2016\/01\/Blinkande-smiley.jpg 225w, http:\/\/www.filindeblogg.nu\/wp-content\/uploads\/2016\/01\/Blinkande-smiley-150x150.jpg 150w, http:\/\/www.filindeblogg.nu\/wp-content\/uploads\/2016\/01\/Blinkande-smiley-144x144.jpg 144w\" sizes=\"(max-width: 225px) 100vw, 225px\" \/><\/p>\n<p>&nbsp;<\/p>\n<p>&nbsp;<\/p>\n<p>&nbsp;<\/p>\n<p>&nbsp;<\/p>\n<p>&nbsp;<\/p>\n<p>&nbsp;<\/p>\n","protected":false},"excerpt":{"rendered":"<p>Bloggaren har kommit p\u00e5 att hon har n\u00e5got gemensamt med Stellan Skarsg\u00e5rd &#8211; och det \u00e4r ju inte illa! Illa \u00e4r dock kanske vad likheten g\u00e4ller f\u00f6r n\u00e5got&#8230; Det h\u00e4r: S\u00e5 h\u00e4r s\u00e4ger Stellan Skarsg\u00e5rd allts\u00e5: &#8221;I USA blir jag tillsagd att inte prata politik och d\u00e5 g\u00f6r jag det direkt! \u00c4r det n\u00e5got man [&hellip;]<\/p>\n","protected":false},"author":1,"featured_media":0,"comment_status":"open","ping_status":"open","sticky":false,"template":"","format":"standard","meta":[],"categories":[127,196,161,100,132,198],"tags":[],"_links":{"self":[{"href":"http:\/\/www.filindeblogg.nu\/index.php?rest_route=\/wp\/v2\/posts\/64837"}],"collection":[{"href":"http:\/\/www.filindeblogg.nu\/index.php?rest_route=\/wp\/v2\/posts"}],"about":[{"href":"http:\/\/www.filindeblogg.nu\/index.php?rest_route=\/wp\/v2\/types\/post"}],"author":[{"embeddable":true,"href":"http:\/\/www.filindeblogg.nu\/index.php?rest_route=\/wp\/v2\/users\/1"}],"replies":[{"embeddable":true,"href":"http:\/\/www.filindeblogg.nu\/index.php?rest_route=%2Fwp%2Fv2%2Fcomments&post=64837"}],"version-history":[{"count":9,"href":"http:\/\/www.filindeblogg.nu\/index.php?rest_route=\/wp\/v2\/posts\/64837\/revisions"}],"predecessor-version":[{"id":64875,"href":"http:\/\/www.filindeblogg.nu\/index.php?rest_route=\/wp\/v2\/posts\/64837\/revisions\/64875"}],"wp:attachment":[{"href":"http:\/\/www.filindeblogg.nu\/index.php?rest_route=%2Fwp%2Fv2%2Fmedia&parent=64837"}],"wp:term":[{"taxonomy":"category","embeddable":true,"href":"http:\/\/www.filindeblogg.nu\/index.php?rest_route=%2Fwp%2Fv2%2Fcategories&post=64837"},{"taxonomy":"post_tag","embeddable":true,"href":"http:\/\/www.filindeblogg.nu\/index.php?rest_route=%2Fwp%2Fv2%2Ftags&post=64837"}],"curies":[{"name":"wp","href":"https:\/\/api.w.org\/{rel}","templated":true}]}}