{"id":64800,"date":"2016-01-01T14:39:25","date_gmt":"2016-01-01T13:39:25","guid":{"rendered":"http:\/\/www.filindeblogg.nu\/?p=64800"},"modified":"2016-01-01T14:39:25","modified_gmt":"2016-01-01T13:39:25","slug":"glad-i-deg","status":"publish","type":"post","link":"http:\/\/www.filindeblogg.nu\/?p=64800","title":{"rendered":"Glad i deg!"},"content":{"rendered":"<p><img loading=\"lazy\" class=\"alignnone  wp-image-64801\" src=\"http:\/\/www.filindeblogg.nu\/wp-content\/uploads\/2016\/01\/1-januari-2016-flaggan-uppe-225x300.jpg\" alt=\"1 januari 2016 flaggan uppe\" width=\"122\" height=\"163\" srcset=\"http:\/\/www.filindeblogg.nu\/wp-content\/uploads\/2016\/01\/1-januari-2016-flaggan-uppe-225x300.jpg 225w, http:\/\/www.filindeblogg.nu\/wp-content\/uploads\/2016\/01\/1-januari-2016-flaggan-uppe.jpg 720w\" sizes=\"(max-width: 122px) 100vw, 122px\" \/> \u00c5rets f\u00f6rsta dag och \u00e5rets f\u00f6rsta blogg.<img loading=\"lazy\" class=\"alignnone  wp-image-64804\" src=\"http:\/\/www.filindeblogg.nu\/wp-content\/uploads\/2016\/01\/001-225x300.jpg\" alt=\"001\" width=\"116\" height=\"154\" srcset=\"http:\/\/www.filindeblogg.nu\/wp-content\/uploads\/2016\/01\/001-225x300.jpg 225w, http:\/\/www.filindeblogg.nu\/wp-content\/uploads\/2016\/01\/001.jpg 450w\" sizes=\"(max-width: 116px) 100vw, 116px\" \/> Gott Nytt 2016!<\/p>\n<p><img loading=\"lazy\" class=\"alignnone size-medium wp-image-64808\" src=\"http:\/\/www.filindeblogg.nu\/wp-content\/uploads\/2016\/01\/013-300x225.jpg\" alt=\"013\" width=\"300\" height=\"225\" srcset=\"http:\/\/www.filindeblogg.nu\/wp-content\/uploads\/2016\/01\/013-300x225.jpg 300w, http:\/\/www.filindeblogg.nu\/wp-content\/uploads\/2016\/01\/013.jpg 600w\" sizes=\"(max-width: 300px) 100vw, 300px\" \/>\u00a0K\u00e4nns det s\u00e5 h\u00e4r idag? Iskallt!<br \/>\nOch lite skruttigt? <img loading=\"lazy\" class=\"alignnone  wp-image-64802\" src=\"http:\/\/www.filindeblogg.nu\/wp-content\/uploads\/2016\/01\/016-225x300.jpg\" alt=\"016\" width=\"182\" height=\"243\" srcset=\"http:\/\/www.filindeblogg.nu\/wp-content\/uploads\/2016\/01\/016-225x300.jpg 225w, http:\/\/www.filindeblogg.nu\/wp-content\/uploads\/2016\/01\/016.jpg 450w\" sizes=\"(max-width: 182px) 100vw, 182px\" \/> Dagen efter kv\u00e4llen f\u00f6re. Det finns hopp!<\/p>\n<p><img loading=\"lazy\" class=\"alignnone size-medium wp-image-64803\" src=\"http:\/\/www.filindeblogg.nu\/wp-content\/uploads\/2016\/01\/011-157x300.jpg\" alt=\"011\" width=\"157\" height=\"300\" srcset=\"http:\/\/www.filindeblogg.nu\/wp-content\/uploads\/2016\/01\/011-157x300.jpg 157w, http:\/\/www.filindeblogg.nu\/wp-content\/uploads\/2016\/01\/011.jpg 273w\" sizes=\"(max-width: 157px) 100vw, 157px\" \/> Den vackra julblomman som f\u00f6r\u00e4rades bloggaren veckorna f\u00f6re jul b\u00f6rjar se lite anskr\u00e4mlig ut.<br \/>\nMen det finns som sagt hopp! Ett nytt \u00e5r! <img loading=\"lazy\" class=\"alignnone  wp-image-64805\" src=\"http:\/\/www.filindeblogg.nu\/wp-content\/uploads\/2016\/01\/012-225x300.jpg\" alt=\"012\" width=\"185\" height=\"247\" srcset=\"http:\/\/www.filindeblogg.nu\/wp-content\/uploads\/2016\/01\/012-225x300.jpg 225w, http:\/\/www.filindeblogg.nu\/wp-content\/uploads\/2016\/01\/012.jpg 450w\" sizes=\"(max-width: 185px) 100vw, 185px\" \/> Ett nytt liv! Och inte bara ett!<br \/>\n<img loading=\"lazy\" class=\"alignnone size-medium wp-image-64806\" src=\"http:\/\/www.filindeblogg.nu\/wp-content\/uploads\/2016\/01\/015-225x300.jpg\" alt=\"015\" width=\"225\" height=\"300\" srcset=\"http:\/\/www.filindeblogg.nu\/wp-content\/uploads\/2016\/01\/015-225x300.jpg 225w, http:\/\/www.filindeblogg.nu\/wp-content\/uploads\/2016\/01\/015.jpg 450w\" sizes=\"(max-width: 225px) 100vw, 225px\" \/> Bloggarens fina amaryllis har inte bara en ny knopp &#8211; utan tv\u00e5! <img loading=\"lazy\" class=\"alignnone size-medium wp-image-64807\" src=\"http:\/\/www.filindeblogg.nu\/wp-content\/uploads\/2016\/01\/Ny-l\u00f6k-300x225.jpg\" alt=\"Ny l\u00f6k\" width=\"300\" height=\"225\" srcset=\"http:\/\/www.filindeblogg.nu\/wp-content\/uploads\/2016\/01\/Ny-l\u00f6k-300x225.jpg 300w, http:\/\/www.filindeblogg.nu\/wp-content\/uploads\/2016\/01\/Ny-l\u00f6k.jpg 600w\" sizes=\"(max-width: 300px) 100vw, 300px\" \/> <strong>Tack igen &#8211; Lars och Birgitta!<\/strong><\/p>\n<p>S\u00e5 det finns hopp f\u00f6r dig ocks\u00e5 &#8211; nytt \u00e5r, nytt liv! Dags att v\u00e4nda blad, som man s\u00e4ger. <img loading=\"lazy\" class=\"alignnone size-medium wp-image-64809\" src=\"http:\/\/www.filindeblogg.nu\/wp-content\/uploads\/2016\/01\/009-183x300.jpg\" alt=\"009\" width=\"183\" height=\"300\" srcset=\"http:\/\/www.filindeblogg.nu\/wp-content\/uploads\/2016\/01\/009-183x300.jpg 183w, http:\/\/www.filindeblogg.nu\/wp-content\/uploads\/2016\/01\/009.jpg 366w\" sizes=\"(max-width: 183px) 100vw, 183px\" \/> Den nya amerikanska kattkalendern f\u00f6r 2016 \u00e4r uppe och bladet f\u00f6r januari s\u00e4ger <em>&#8221;Better to feed one cat than many mice&#8221;<\/em> &#8211; dvs b\u00e4ttre att f\u00f6da en katt \u00e4n m\u00e5nga m\u00f6ss.<\/p>\n<p>N\u00e4r vi nu avverkat hoppet fr\u00e5n gammalt till nytt &#8211; fr\u00e5n 2015 till 2016 &#8211; l\u00e5t oss g\u00e5 till rubriken f\u00f6r dagens blogg! <em>&#8221;Glad i deg!&#8221;<br \/>\n<\/em>Vad \u00e4r nu det?? Glad i deg?? <img loading=\"lazy\" class=\"alignnone size-full wp-image-64810\" src=\"http:\/\/www.filindeblogg.nu\/wp-content\/uploads\/2016\/01\/Deg.jpg\" alt=\"Deg\" width=\"276\" height=\"183\" \/><br \/>\nNej, det handlar INTE om att vara glad i degen! Utom om det norska uttrycket som p\u00e5 svenska blir &#8221;glad i dig&#8221;!<\/p>\n<p><img loading=\"lazy\" class=\"alignnone size-full wp-image-64811\" src=\"http:\/\/www.filindeblogg.nu\/wp-content\/uploads\/2016\/01\/Glad-i-deg.jpg\" alt=\"Glad i deg\" width=\"225\" height=\"194\" \/><strong>Glad i dig!<\/strong> Kan vara att man gillar sin mamma v\u00e4ldigt mycket. <img loading=\"lazy\" class=\"alignnone size-full wp-image-64812\" src=\"http:\/\/www.filindeblogg.nu\/wp-content\/uploads\/2016\/01\/Jeg-er-glad-i-deg-mamma.jpg\" alt=\"Jeg er glad i deg mamma\" width=\"216\" height=\"206\" \/><\/p>\n<p>Eller att man \u00e4lskar pappa! <img loading=\"lazy\" class=\"alignnone size-full wp-image-64813\" src=\"http:\/\/www.filindeblogg.nu\/wp-content\/uploads\/2016\/01\/Glad-i-deg-pappa.jpg\" alt=\"Glad i deg pappa\" width=\"196\" height=\"225\" \/><\/p>\n<p>Men visst \u00e4r det ett j\u00e4ttefint uttryck &#8211; glad i dig! <img loading=\"lazy\" class=\"alignnone size-full wp-image-64814\" src=\"http:\/\/www.filindeblogg.nu\/wp-content\/uploads\/2016\/01\/K\u00e4rlekssmiley.jpg\" alt=\"K\u00e4rlekssmiley\" width=\"144\" height=\"141\" \/><br \/>\nBloggaren kom att t\u00e4nka p\u00e5 uttrycket ig\u00e5r n\u00e4r hon tr\u00e4ffade en mycket k\u00e4r v\u00e4n. Det var verkligen underbart att se honom. Bloggaren blev S\u00c5 glad! <img loading=\"lazy\" class=\"alignnone  wp-image-64815\" src=\"http:\/\/www.filindeblogg.nu\/wp-content\/uploads\/2016\/01\/Gla-i-dig-smiley.jpg\" alt=\"Gla i dig smiley\" width=\"176\" height=\"176\" srcset=\"http:\/\/www.filindeblogg.nu\/wp-content\/uploads\/2016\/01\/Gla-i-dig-smiley.jpg 225w, http:\/\/www.filindeblogg.nu\/wp-content\/uploads\/2016\/01\/Gla-i-dig-smiley-150x150.jpg 150w, http:\/\/www.filindeblogg.nu\/wp-content\/uploads\/2016\/01\/Gla-i-dig-smiley-144x144.jpg 144w\" sizes=\"(max-width: 176px) 100vw, 176px\" \/> S\u00e5 d\u00e4r s\u00e5 man riktigt k\u00e4nner hur det lyser ur \u00f6gonen! Att vara glad i n\u00e5gon! Att tycka v\u00e4ldigt mycket om n\u00e5gon &#8211; s\u00e5 att man blir s\u00e5 GLAD och lycklig n\u00e4r man ser personen. <img loading=\"lazy\" class=\"alignnone size-full wp-image-64817\" src=\"http:\/\/www.filindeblogg.nu\/wp-content\/uploads\/2016\/01\/Lyckliga-\u00f6gon.jpg\" alt=\"Lyckliga \u00f6gon\" width=\"275\" height=\"183\" \/> S\u00e5 glad s\u00e5 att det verkligen syns! <img loading=\"lazy\" class=\"alignnone  wp-image-64818\" src=\"http:\/\/www.filindeblogg.nu\/wp-content\/uploads\/2016\/01\/Lyckliga-\u00f6gon-man.jpg\" alt=\"Lyckliga \u00f6gon man\" width=\"193\" height=\"193\" srcset=\"http:\/\/www.filindeblogg.nu\/wp-content\/uploads\/2016\/01\/Lyckliga-\u00f6gon-man.jpg 225w, http:\/\/www.filindeblogg.nu\/wp-content\/uploads\/2016\/01\/Lyckliga-\u00f6gon-man-150x150.jpg 150w, http:\/\/www.filindeblogg.nu\/wp-content\/uploads\/2016\/01\/Lyckliga-\u00f6gon-man-144x144.jpg 144w\" sizes=\"(max-width: 193px) 100vw, 193px\" \/> S\u00e5 d\u00e4r glad s\u00e5 att omgivningen f\u00f6rsvinner f\u00f6r en medan andra ser hur det verkligen lyser ur \u00f6gonen.<br \/>\nJa, s\u00e5 k\u00e4ndes det ig\u00e5r. <img loading=\"lazy\" class=\"alignnone  wp-image-64819\" src=\"http:\/\/www.filindeblogg.nu\/wp-content\/uploads\/2016\/01\/7-Juli-2015-Kopia-Lyckliga-lysande-\u00f6gon-257x300.jpg\" alt=\"7 Juli 2015 - Kopia Lyckliga lysande \u00f6gon\" width=\"137\" height=\"160\" srcset=\"http:\/\/www.filindeblogg.nu\/wp-content\/uploads\/2016\/01\/7-Juli-2015-Kopia-Lyckliga-lysande-\u00f6gon-257x300.jpg 257w, http:\/\/www.filindeblogg.nu\/wp-content\/uploads\/2016\/01\/7-Juli-2015-Kopia-Lyckliga-lysande-\u00f6gon.jpg 337w\" sizes=\"(max-width: 137px) 100vw, 137px\" \/> Glad i dig.<\/p>\n<p><img loading=\"lazy\" class=\"alignnone size-medium wp-image-64820\" src=\"http:\/\/www.filindeblogg.nu\/wp-content\/uploads\/2016\/01\/Posta-hj\u00e4rtan-191x300.jpg\" alt=\"Posta hj\u00e4rtan\" width=\"191\" height=\"300\" srcset=\"http:\/\/www.filindeblogg.nu\/wp-content\/uploads\/2016\/01\/Posta-hj\u00e4rtan-191x300.jpg 191w, http:\/\/www.filindeblogg.nu\/wp-content\/uploads\/2016\/01\/Posta-hj\u00e4rtan.jpg 610w\" sizes=\"(max-width: 191px) 100vw, 191px\" \/>\u00a0S\u00e5 precis som ig\u00e5r p\u00e5 \u00e5rets sista dag s\u00e5 hoppas bloggaren p\u00e5 \u00e5rets f\u00f6rsta dag &#8211; att massor av k\u00e4rlek och lycka ska postas till er bloggl\u00e4sare.\u00a0<img loading=\"lazy\" class=\"alignnone  wp-image-64821\" src=\"http:\/\/www.filindeblogg.nu\/wp-content\/uploads\/2016\/01\/Kyss.jpg\" alt=\"Kyss\" width=\"216\" height=\"145\" \/><\/p>\n<p><img loading=\"lazy\" class=\"alignnone size-full wp-image-64822\" src=\"http:\/\/www.filindeblogg.nu\/wp-content\/uploads\/2016\/01\/Pussande-smiley.jpg\" alt=\"Pussande smiley\" width=\"188\" height=\"188\" srcset=\"http:\/\/www.filindeblogg.nu\/wp-content\/uploads\/2016\/01\/Pussande-smiley.jpg 188w, http:\/\/www.filindeblogg.nu\/wp-content\/uploads\/2016\/01\/Pussande-smiley-150x150.jpg 150w, http:\/\/www.filindeblogg.nu\/wp-content\/uploads\/2016\/01\/Pussande-smiley-144x144.jpg 144w\" sizes=\"(max-width: 188px) 100vw, 188px\" \/>\u00a0Att du ska k\u00e4nna dig glad i n\u00e5gon<\/p>\n<p>&#8211; eller n\u00e5got! <img loading=\"lazy\" class=\"alignnone size-full wp-image-64823\" src=\"http:\/\/www.filindeblogg.nu\/wp-content\/uploads\/2016\/01\/Hoppa-s\u00e5-glad.jpg\" alt=\"Hoppa s\u00e5 glad\" width=\"189\" height=\"267\" \/><\/p>\n<p>Det finns hopp &#8211; nytt \u00e5r &#8211; nytt liv! <img loading=\"lazy\" class=\"alignnone size-medium wp-image-64824\" src=\"http:\/\/www.filindeblogg.nu\/wp-content\/uploads\/2016\/01\/A-year-changes-a-lot-293x300.jpg\" alt=\"A year changes a lot\" width=\"293\" height=\"300\" srcset=\"http:\/\/www.filindeblogg.nu\/wp-content\/uploads\/2016\/01\/A-year-changes-a-lot-293x300.jpg 293w, http:\/\/www.filindeblogg.nu\/wp-content\/uploads\/2016\/01\/A-year-changes-a-lot.jpg 640w\" sizes=\"(max-width: 293px) 100vw, 293px\" \/><\/p>\n<p><img loading=\"lazy\" class=\"aligncenter size-medium wp-image-64825\" src=\"http:\/\/www.filindeblogg.nu\/wp-content\/uploads\/2016\/01\/003-225x300.jpg\" alt=\"003\" width=\"225\" height=\"300\" srcset=\"http:\/\/www.filindeblogg.nu\/wp-content\/uploads\/2016\/01\/003-225x300.jpg 225w, http:\/\/www.filindeblogg.nu\/wp-content\/uploads\/2016\/01\/003.jpg 450w\" sizes=\"(max-width: 225px) 100vw, 225px\" \/><\/p>\n<p><img loading=\"lazy\" class=\"aligncenter size-full wp-image-64834\" src=\"http:\/\/www.filindeblogg.nu\/wp-content\/uploads\/2016\/01\/Glad-i-deg-bit.jpg\" alt=\"Glad i deg bit\" width=\"275\" height=\"183\" \/><\/p>\n","protected":false},"excerpt":{"rendered":"<p>\u00c5rets f\u00f6rsta dag och \u00e5rets f\u00f6rsta blogg. Gott Nytt 2016! \u00a0K\u00e4nns det s\u00e5 h\u00e4r idag? Iskallt! Och lite skruttigt? Dagen efter kv\u00e4llen f\u00f6re. Det finns hopp! Den vackra julblomman som f\u00f6r\u00e4rades bloggaren veckorna f\u00f6re jul b\u00f6rjar se lite anskr\u00e4mlig ut. Men det finns som sagt hopp! Ett nytt \u00e5r! Ett nytt liv! Och inte bara [&hellip;]<\/p>\n","protected":false},"author":1,"featured_media":0,"comment_status":"open","ping_status":"open","sticky":false,"template":"","format":"standard","meta":[],"categories":[178,196,161,100,191,132,101],"tags":[],"_links":{"self":[{"href":"http:\/\/www.filindeblogg.nu\/index.php?rest_route=\/wp\/v2\/posts\/64800"}],"collection":[{"href":"http:\/\/www.filindeblogg.nu\/index.php?rest_route=\/wp\/v2\/posts"}],"about":[{"href":"http:\/\/www.filindeblogg.nu\/index.php?rest_route=\/wp\/v2\/types\/post"}],"author":[{"embeddable":true,"href":"http:\/\/www.filindeblogg.nu\/index.php?rest_route=\/wp\/v2\/users\/1"}],"replies":[{"embeddable":true,"href":"http:\/\/www.filindeblogg.nu\/index.php?rest_route=%2Fwp%2Fv2%2Fcomments&post=64800"}],"version-history":[{"count":9,"href":"http:\/\/www.filindeblogg.nu\/index.php?rest_route=\/wp\/v2\/posts\/64800\/revisions"}],"predecessor-version":[{"id":64835,"href":"http:\/\/www.filindeblogg.nu\/index.php?rest_route=\/wp\/v2\/posts\/64800\/revisions\/64835"}],"wp:attachment":[{"href":"http:\/\/www.filindeblogg.nu\/index.php?rest_route=%2Fwp%2Fv2%2Fmedia&parent=64800"}],"wp:term":[{"taxonomy":"category","embeddable":true,"href":"http:\/\/www.filindeblogg.nu\/index.php?rest_route=%2Fwp%2Fv2%2Fcategories&post=64800"},{"taxonomy":"post_tag","embeddable":true,"href":"http:\/\/www.filindeblogg.nu\/index.php?rest_route=%2Fwp%2Fv2%2Ftags&post=64800"}],"curies":[{"name":"wp","href":"https:\/\/api.w.org\/{rel}","templated":true}]}}