{"id":64270,"date":"2015-11-15T13:50:02","date_gmt":"2015-11-15T12:50:02","guid":{"rendered":"http:\/\/www.filindeblogg.nu\/?p=64270"},"modified":"2015-11-15T13:50:02","modified_gmt":"2015-11-15T12:50:02","slug":"je-taime","status":"publish","type":"post","link":"http:\/\/www.filindeblogg.nu\/?p=64270","title":{"rendered":"Je t&#8217;aime"},"content":{"rendered":"<p><img loading=\"lazy\" class=\"aligncenter  wp-image-64272\" src=\"http:\/\/www.filindeblogg.nu\/wp-content\/uploads\/2015\/11\/0053-245x300.jpg\" alt=\"005\" width=\"152\" height=\"186\" srcset=\"http:\/\/www.filindeblogg.nu\/wp-content\/uploads\/2015\/11\/0053-245x300.jpg 245w, http:\/\/www.filindeblogg.nu\/wp-content\/uploads\/2015\/11\/0053.jpg 450w\" sizes=\"(max-width: 152px) 100vw, 152px\" \/><\/p>\n<p>Bloggen har n\u00e4stan bara bilder idag.<\/p>\n<p style=\"text-align: center;\"><img loading=\"lazy\" class=\"size-medium wp-image-64273 aligncenter\" src=\"http:\/\/www.filindeblogg.nu\/wp-content\/uploads\/2015\/11\/0011-225x300.jpg\" alt=\"001\" width=\"225\" height=\"300\" srcset=\"http:\/\/www.filindeblogg.nu\/wp-content\/uploads\/2015\/11\/0011-225x300.jpg 225w, http:\/\/www.filindeblogg.nu\/wp-content\/uploads\/2015\/11\/0011.jpg 450w\" sizes=\"(max-width: 225px) 100vw, 225px\" \/>\u00a0 DN 2015-11-15<\/p>\n<p>Bilder ur dagens <strong>DN<\/strong>. <img loading=\"lazy\" class=\"alignnone size-medium wp-image-64274\" src=\"http:\/\/www.filindeblogg.nu\/wp-content\/uploads\/2015\/11\/0062-300x225.jpg\" alt=\"006\" width=\"300\" height=\"225\" srcset=\"http:\/\/www.filindeblogg.nu\/wp-content\/uploads\/2015\/11\/0062-300x225.jpg 300w, http:\/\/www.filindeblogg.nu\/wp-content\/uploads\/2015\/11\/0062.jpg 600w\" sizes=\"(max-width: 300px) 100vw, 300px\" \/> S\u00f6ndagens <strong>Dagens Nyheter<\/strong> \u00e4gnas n\u00e4stan uteslutande \u00e5t terrord\u00e5det i <strong>Paris<\/strong> i fredags. <img loading=\"lazy\" class=\"alignnone size-medium wp-image-64275\" src=\"http:\/\/www.filindeblogg.nu\/wp-content\/uploads\/2015\/11\/0031-225x300.jpg\" alt=\"003\" width=\"225\" height=\"300\" srcset=\"http:\/\/www.filindeblogg.nu\/wp-content\/uploads\/2015\/11\/0031-225x300.jpg 225w, http:\/\/www.filindeblogg.nu\/wp-content\/uploads\/2015\/11\/0031.jpg 450w\" sizes=\"(max-width: 225px) 100vw, 225px\" \/><\/p>\n<p><img loading=\"lazy\" class=\"alignnone size-medium wp-image-64276\" src=\"http:\/\/www.filindeblogg.nu\/wp-content\/uploads\/2015\/11\/0041-267x300.jpg\" alt=\"004\" width=\"267\" height=\"300\" srcset=\"http:\/\/www.filindeblogg.nu\/wp-content\/uploads\/2015\/11\/0041-267x300.jpg 267w, http:\/\/www.filindeblogg.nu\/wp-content\/uploads\/2015\/11\/0041.jpg 441w\" sizes=\"(max-width: 267px) 100vw, 267px\" \/> Tidningen rekommenderas! L\u00e4s den idag! <a href=\"http:\/\/www.dn.se\/\" target=\"_blank\"><strong>H\u00c4R<\/strong> <\/a>p\u00e5 n\u00e4tet.<\/p>\n<p>Varf\u00f6r Paris och <strong>Frankrike<\/strong>? <img loading=\"lazy\" class=\"alignnone size-medium wp-image-64278\" src=\"http:\/\/www.filindeblogg.nu\/wp-content\/uploads\/2015\/11\/0071-300x199.jpg\" alt=\"007\" width=\"300\" height=\"199\" srcset=\"http:\/\/www.filindeblogg.nu\/wp-content\/uploads\/2015\/11\/0071-300x199.jpg 300w, http:\/\/www.filindeblogg.nu\/wp-content\/uploads\/2015\/11\/0071.jpg 588w\" sizes=\"(max-width: 300px) 100vw, 300px\" \/> DN:s <strong>Olle Svenning<\/strong> ger sin f\u00f6rklaring.<br \/>\nDel ur hans text:<em><br \/>\n&#8221;<strong>Europeiska politiker anpassar<\/strong> sig till de allt mer framg\u00e5ngsrika h\u00f6gerextremistiska partierna, s\u00e4kert helt beredda koppla samman terrord\u00e5den i Paris med en alltf\u00f6r liberal flyktingpolitik. Terrorattackerna \u00e4r d\u00f6dliga exempel p\u00e5 det som kallas \u201dsp\u00e4nningens strategi\u201d. Den sk\u00e4rper repressionen, \u00f6kar misst\u00e4nksamheten, splittrar befolkningen. Terrorn pekar mot kaos.<\/em><br \/>\n<em>F\u00f6r n\u00e5gra veckor sedan fyllde den radikala veckotidningen Nouvel Observateur sin f\u00f6rsta sida med rubriken: Har tredje v\u00e4rldskriget redan b\u00f6rjat?&#8221;<br \/>\n<\/em>L\u00e4s hela artikeln <a href=\"http:\/\/www.dn.se\/kultur-noje\/sa-blev-frankrike-den-extrema-islamismens-huvudfiende-i-europa\/\" target=\"_blank\"><strong>H\u00c4R!<em>\u00a0 <img loading=\"lazy\" class=\"alignnone size-medium wp-image-64279\" src=\"http:\/\/www.filindeblogg.nu\/wp-content\/uploads\/2015\/11\/Paris-Tour-Eiffel-300x189.jpg\" alt=\"Paris Tour Eiffel\" width=\"300\" height=\"189\" srcset=\"http:\/\/www.filindeblogg.nu\/wp-content\/uploads\/2015\/11\/Paris-Tour-Eiffel-300x189.jpg 300w, http:\/\/www.filindeblogg.nu\/wp-content\/uploads\/2015\/11\/Paris-Tour-Eiffel-900x566.jpg 900w, http:\/\/www.filindeblogg.nu\/wp-content\/uploads\/2015\/11\/Paris-Tour-Eiffel.jpg 904w\" sizes=\"(max-width: 300px) 100vw, 300px\" \/><br \/>\n<\/em><\/strong><\/a><\/p>\n<p>Annat v\u00e4rdefullt inneh\u00e5ll! <img loading=\"lazy\" class=\"alignnone size-medium wp-image-64277\" src=\"http:\/\/www.filindeblogg.nu\/wp-content\/uploads\/2015\/11\/0091-300x293.jpg\" alt=\"009\" width=\"300\" height=\"293\" srcset=\"http:\/\/www.filindeblogg.nu\/wp-content\/uploads\/2015\/11\/0091-300x293.jpg 300w, http:\/\/www.filindeblogg.nu\/wp-content\/uploads\/2015\/11\/0091.jpg 461w\" sizes=\"(max-width: 300px) 100vw, 300px\" \/> Fotografen <strong>Alexander Mahmoud<\/strong> ber\u00e4ttar med bilder och dagbok.<\/p>\n<p><strong>Blondinbella!<\/strong> <img loading=\"lazy\" class=\"alignnone size-medium wp-image-64280\" src=\"http:\/\/www.filindeblogg.nu\/wp-content\/uploads\/2015\/11\/0081-300x236.jpg\" alt=\"008\" width=\"300\" height=\"236\" srcset=\"http:\/\/www.filindeblogg.nu\/wp-content\/uploads\/2015\/11\/0081-300x236.jpg 300w, http:\/\/www.filindeblogg.nu\/wp-content\/uploads\/2015\/11\/0081.jpg 572w\" sizes=\"(max-width: 300px) 100vw, 300px\" \/> Om bloggaren <strong>Isabella L\u00f6wengrip<\/strong> som g\u00e5tt ur Moderaterna och ber\u00e4ttar varf\u00f6r. <a href=\"http:\/\/www.dn.se\/kultur-noje\/folks-asikter-om-flyktingar-skrammer-mig-oerhort\/\" target=\"_blank\"><strong>H\u00c4R<\/strong><\/a> kan du l\u00e4sa intervjun p\u00e5 n\u00e4tet.<\/p>\n<p style=\"text-align: center;\"><img loading=\"lazy\" class=\"alignnone  wp-image-64281\" src=\"http:\/\/www.filindeblogg.nu\/wp-content\/uploads\/2015\/11\/0111-291x300.jpg\" alt=\"011\" width=\"111\" height=\"114\" srcset=\"http:\/\/www.filindeblogg.nu\/wp-content\/uploads\/2015\/11\/0111-291x300.jpg 291w, http:\/\/www.filindeblogg.nu\/wp-content\/uploads\/2015\/11\/0111.jpg 406w\" sizes=\"(max-width: 111px) 100vw, 111px\" \/> Bloggaren k\u00e4nner v\u00e4rme, styrka och solidaritet n\u00e4r sociala medier som Facebook sv\u00e4mmar \u00f6ver av bl\u00e5-vit-r\u00f6da foton. <img loading=\"lazy\" class=\"alignnone size-medium wp-image-64282\" src=\"http:\/\/www.filindeblogg.nu\/wp-content\/uploads\/2015\/11\/010-300x203.jpg\" alt=\"010\" width=\"300\" height=\"203\" srcset=\"http:\/\/www.filindeblogg.nu\/wp-content\/uploads\/2015\/11\/010-300x203.jpg 300w, http:\/\/www.filindeblogg.nu\/wp-content\/uploads\/2015\/11\/010.jpg 566w\" sizes=\"(max-width: 300px) 100vw, 300px\" \/> Alla v\u00e4nner som \u00e4ndrat sina profilbilder i st\u00f6d och medk\u00e4nsla med det franska folket.<br \/>\nMen bilder och sympatiserande texter r\u00e4cker inte. Vi m\u00e5ste tillsammans agera mot terror och f\u00f6r en v\u00e4rld v\u00e4rd att leva i.<br \/>\n<strong>Je t&#8217;aime &#8211; Jag \u00e4lskar dig!<\/strong><\/p>\n<p><img loading=\"lazy\" class=\"aligncenter size-medium wp-image-64283\" src=\"http:\/\/www.filindeblogg.nu\/wp-content\/uploads\/2015\/11\/Franskt-hj\u00e4rta-300x280.jpg\" alt=\"Franskt hj\u00e4rta\" width=\"300\" height=\"280\" srcset=\"http:\/\/www.filindeblogg.nu\/wp-content\/uploads\/2015\/11\/Franskt-hj\u00e4rta-300x280.jpg 300w, http:\/\/www.filindeblogg.nu\/wp-content\/uploads\/2015\/11\/Franskt-hj\u00e4rta.jpg 470w\" sizes=\"(max-width: 300px) 100vw, 300px\" \/><\/p>\n<p>&nbsp;<\/p>\n","protected":false},"excerpt":{"rendered":"<p>Bloggen har n\u00e4stan bara bilder idag. \u00a0 DN 2015-11-15 Bilder ur dagens DN. S\u00f6ndagens Dagens Nyheter \u00e4gnas n\u00e4stan uteslutande \u00e5t terrord\u00e5det i Paris i fredags. Tidningen rekommenderas! L\u00e4s den idag! H\u00c4R p\u00e5 n\u00e4tet. Varf\u00f6r Paris och Frankrike? DN:s Olle Svenning ger sin f\u00f6rklaring. Del ur hans text: &#8221;Europeiska politiker anpassar sig till de allt mer [&hellip;]<\/p>\n","protected":false},"author":1,"featured_media":0,"comment_status":"open","ping_status":"open","sticky":false,"template":"","format":"standard","meta":[],"categories":[100,119,151,101,150],"tags":[],"_links":{"self":[{"href":"http:\/\/www.filindeblogg.nu\/index.php?rest_route=\/wp\/v2\/posts\/64270"}],"collection":[{"href":"http:\/\/www.filindeblogg.nu\/index.php?rest_route=\/wp\/v2\/posts"}],"about":[{"href":"http:\/\/www.filindeblogg.nu\/index.php?rest_route=\/wp\/v2\/types\/post"}],"author":[{"embeddable":true,"href":"http:\/\/www.filindeblogg.nu\/index.php?rest_route=\/wp\/v2\/users\/1"}],"replies":[{"embeddable":true,"href":"http:\/\/www.filindeblogg.nu\/index.php?rest_route=%2Fwp%2Fv2%2Fcomments&post=64270"}],"version-history":[{"count":4,"href":"http:\/\/www.filindeblogg.nu\/index.php?rest_route=\/wp\/v2\/posts\/64270\/revisions"}],"predecessor-version":[{"id":64287,"href":"http:\/\/www.filindeblogg.nu\/index.php?rest_route=\/wp\/v2\/posts\/64270\/revisions\/64287"}],"wp:attachment":[{"href":"http:\/\/www.filindeblogg.nu\/index.php?rest_route=%2Fwp%2Fv2%2Fmedia&parent=64270"}],"wp:term":[{"taxonomy":"category","embeddable":true,"href":"http:\/\/www.filindeblogg.nu\/index.php?rest_route=%2Fwp%2Fv2%2Fcategories&post=64270"},{"taxonomy":"post_tag","embeddable":true,"href":"http:\/\/www.filindeblogg.nu\/index.php?rest_route=%2Fwp%2Fv2%2Ftags&post=64270"}],"curies":[{"name":"wp","href":"https:\/\/api.w.org\/{rel}","templated":true}]}}