{"id":64199,"date":"2015-11-08T14:23:46","date_gmt":"2015-11-08T13:23:46","guid":{"rendered":"http:\/\/www.filindeblogg.nu\/?p=64199"},"modified":"2015-11-08T14:23:46","modified_gmt":"2015-11-08T13:23:46","slug":"tankar-pa-fars-dag","status":"publish","type":"post","link":"http:\/\/www.filindeblogg.nu\/?p=64199","title":{"rendered":"Tankar p\u00e5 Fars Dag"},"content":{"rendered":"<p><img loading=\"lazy\" class=\"alignnone  wp-image-64200\" src=\"http:\/\/www.filindeblogg.nu\/wp-content\/uploads\/2015\/11\/009-225x300.jpg\" alt=\"009\" width=\"134\" height=\"179\" srcset=\"http:\/\/www.filindeblogg.nu\/wp-content\/uploads\/2015\/11\/009-225x300.jpg 225w, http:\/\/www.filindeblogg.nu\/wp-content\/uploads\/2015\/11\/009.jpg 450w\" sizes=\"(max-width: 134px) 100vw, 134px\" \/> <strong>Fars Dag\u00a0<\/strong><br \/>\nEn dag att hylla v\u00e5r pappa &#8211; om vi har n\u00e5gon&#8230;<img loading=\"lazy\" class=\"alignnone  wp-image-64201\" src=\"http:\/\/www.filindeblogg.nu\/wp-content\/uploads\/2015\/11\/Flaggan-imorse-fr\u00e5n-FB-225x300.jpg\" alt=\"Flaggan imorse fr\u00e5n FB\" width=\"187\" height=\"249\" srcset=\"http:\/\/www.filindeblogg.nu\/wp-content\/uploads\/2015\/11\/Flaggan-imorse-fr\u00e5n-FB-225x300.jpg 225w, http:\/\/www.filindeblogg.nu\/wp-content\/uploads\/2015\/11\/Flaggan-imorse-fr\u00e5n-FB.jpg 360w\" sizes=\"(max-width: 187px) 100vw, 187px\" \/><br \/>\n<em>&#8211; Klart alla har en pappa!<\/em> Jo, det kr\u00e4vs en man f\u00f6r att g\u00f6ra ett barn men det betyder inte att alla barn har en pappa, en n\u00e4rvarande pappa. <img loading=\"lazy\" class=\"alignnone  wp-image-64202\" src=\"http:\/\/www.filindeblogg.nu\/wp-content\/uploads\/2015\/11\/Inte-pappa.jpg\" alt=\"Inte pappa\" width=\"197\" height=\"131\" \/> En pappa som finns d\u00e4r, som har funnits d\u00e4r &#8211; hela tiden. Som tar sitt ansvar som far. Som delar gl\u00e4dje och sorg, som st\u00f6ttar, peppar, tr\u00f6star och kramar. Villkorsl\u00f6s k\u00e4rlek.<\/p>\n<p><img loading=\"lazy\" class=\"alignnone size-full wp-image-64205\" src=\"http:\/\/www.filindeblogg.nu\/wp-content\/uploads\/2015\/11\/Man-g\u00e5r-iv\u00e4g1.jpg\" alt=\"Man g\u00e5r iv\u00e4g\" width=\"187\" height=\"183\" \/> F\u00e4der kan f\u00f6rsvinna sp\u00e5rl\u00f6st. Av olika anledningar. G\u00f6r s\u00e5 att barnen mister kontakten. <img loading=\"lazy\" class=\"alignnone  wp-image-64203\" src=\"http:\/\/www.filindeblogg.nu\/wp-content\/uploads\/2015\/11\/F\u00f6rsvinnande-f\u00e4der.jpg\" alt=\"F\u00f6rsvinnande f\u00e4der\" width=\"200\" height=\"183\" \/> S\u00e5 att pappor mister sina barn.<\/p>\n<p>Det finns pappor &#8221;p\u00e5 deltid&#8221; ocks\u00e5 &#8211; pappor som alltf\u00f6r s\u00e4llan ser sina barn. <img loading=\"lazy\" class=\"alignnone size-full wp-image-64206\" src=\"http:\/\/www.filindeblogg.nu\/wp-content\/uploads\/2015\/11\/S\u00e4llan-pappa.jpg\" alt=\"S\u00e4llan pappa\" width=\"283\" height=\"178\" \/><\/p>\n<p>Sen finns det vanliga pappor &#8211; s\u00e5dana som vi vill ha.\u00a0<img loading=\"lazy\" class=\"alignnone  wp-image-64208\" src=\"http:\/\/www.filindeblogg.nu\/wp-content\/uploads\/2015\/11\/I-love-daddy.jpg\" alt=\"I love daddy\" width=\"108\" height=\"80\" \/> Som finns d\u00e4r alltid.\u00a0 <img loading=\"lazy\" class=\"alignnone  wp-image-64207\" src=\"http:\/\/www.filindeblogg.nu\/wp-content\/uploads\/2015\/11\/Pappa.jpg\" alt=\"Pappa\" width=\"210\" height=\"140\" \/> Som firas just idag.<\/p>\n<p>Sen finns det pappor fr\u00e5n det f\u00f6rflutna. Bloggarens egen far\u00a0\u00a0<img loading=\"lazy\" class=\"alignnone size-full wp-image-64209\" src=\"http:\/\/www.filindeblogg.nu\/wp-content\/uploads\/2015\/11\/Pappa-G\u00f6te-25-\u00e5r.jpg\" alt=\"Pappa G\u00f6te 25 \u00e5r\" width=\"130\" height=\"142\" \/> &#8211; h\u00e4r 25 \u00e5r, passfoto f\u00f6r f\u00f6rsta g\u00e5ngen, p\u00e5 v\u00e4g till Paris p\u00e5 skolresa. N\u00e5gra \u00e5r senare blev han min pappa. En klok, underbar, \u00e4lskad pappa som alltid fanns d\u00e4r f\u00f6r mig! Alltid &#8211; trodde jag&#8230; <img loading=\"lazy\" class=\"alignnone  wp-image-64210\" src=\"http:\/\/www.filindeblogg.nu\/wp-content\/uploads\/2015\/11\/Pappa-vinkar-hej-d\u00e5-augusti-2012-191x300.jpg\" alt=\"Pappa vinkar hej d\u00e5 augusti 2012\" width=\"126\" height=\"198\" srcset=\"http:\/\/www.filindeblogg.nu\/wp-content\/uploads\/2015\/11\/Pappa-vinkar-hej-d\u00e5-augusti-2012-191x300.jpg 191w, http:\/\/www.filindeblogg.nu\/wp-content\/uploads\/2015\/11\/Pappa-vinkar-hej-d\u00e5-augusti-2012.jpg 205w\" sizes=\"(max-width: 126px) 100vw, 126px\" \/><br \/>\nIdag kan jag inte l\u00e4ngre krama min pappa&#8230;<img loading=\"lazy\" class=\"alignnone  wp-image-64211\" src=\"http:\/\/www.filindeblogg.nu\/wp-content\/uploads\/2015\/11\/011-300x225.jpg\" alt=\"011\" width=\"199\" height=\"149\" srcset=\"http:\/\/www.filindeblogg.nu\/wp-content\/uploads\/2015\/11\/011-300x225.jpg 300w, http:\/\/www.filindeblogg.nu\/wp-content\/uploads\/2015\/11\/011.jpg 600w\" sizes=\"(max-width: 199px) 100vw, 199px\" \/> Buketten till far placeras i vas p\u00e5 kyrkog\u00e5rden. Jag t\u00e4nder ett ljus i tacksamhet \u00f6ver min far.<\/p>\n<p>D\u00e4r ute p\u00e5 kyrkog\u00e5rden t\u00e4nkte jag p\u00e5 livet och p\u00e5 d\u00f6den. T\u00e4nkte p\u00e5 en sekvens ur en deckare p\u00e5 TV. <img loading=\"lazy\" class=\"alignnone size-medium wp-image-64213\" src=\"http:\/\/www.filindeblogg.nu\/wp-content\/uploads\/2015\/11\/tystvittne-300x169.png\" alt=\"tystvittne\" width=\"300\" height=\"169\" srcset=\"http:\/\/www.filindeblogg.nu\/wp-content\/uploads\/2015\/11\/tystvittne-300x169.png 300w, http:\/\/www.filindeblogg.nu\/wp-content\/uploads\/2015\/11\/tystvittne.png 512w\" sizes=\"(max-width: 300px) 100vw, 300px\" \/> En steril obduktionssal. Hur vi automatiskt &#8221;k\u00f6per&#8221; filmer och serier med hanteringen av d\u00f6da. Det slog mig att en dag \u00e4r det jag som f\u00f6rvaras i ett b\u00e5rhus&#8230; <img loading=\"lazy\" class=\"alignnone  wp-image-64214\" src=\"http:\/\/www.filindeblogg.nu\/wp-content\/uploads\/2015\/11\/Obduktion-300x168.jpg\" alt=\"Obduktion\" width=\"229\" height=\"128\" srcset=\"http:\/\/www.filindeblogg.nu\/wp-content\/uploads\/2015\/11\/Obduktion-300x168.jpg 300w, http:\/\/www.filindeblogg.nu\/wp-content\/uploads\/2015\/11\/Obduktion.jpg 480w\" sizes=\"(max-width: 229px) 100vw, 229px\" \/> Jag r\u00f6s och t\u00e4nkte p\u00e5 hur kort livet \u00e4r. Hur viktigt det \u00e4r att ta tillvara alla dagar.<\/p>\n<p>Krama din pappa idag! \u00c4r han l\u00e5ngt borta &#8211; ring honom!\u00a0 <img loading=\"lazy\" class=\"alignnone size-full wp-image-64215\" src=\"http:\/\/www.filindeblogg.nu\/wp-content\/uploads\/2015\/11\/Gammal-pappa.jpg\" alt=\"Gammal pappa\" width=\"260\" height=\"182\" \/> Tala om hur mycket han betyder f\u00f6r dig. F\u00f6r det kommer en dag d\u00e5 allt \u00e4r f\u00f6rsent&#8230;<\/p>\n<p>\u00c4lska mer! Hata mindre. N\u00e4r jag \u00e5kte fr\u00e5n kyrkog\u00e5rden spelade Spotify den h\u00e4r melodin med Beatles. <img loading=\"lazy\" class=\"alignnone size-full wp-image-64212\" src=\"http:\/\/www.filindeblogg.nu\/wp-content\/uploads\/2015\/11\/All-you-need-is-love.jpg\" alt=\"All you need is love\" width=\"125\" height=\"125\" \/> <strong><em>&#8221;All you need is love&#8221;<\/em><\/strong> &#8211; allt du beh\u00f6ver \u00e4r k\u00e4rlek!<br \/>\nS\u00e5 sant! S\u00e5 mycket l\u00e4ttare livet blir om vi \u00e4lskar mer och hatar mindre! Om vi gl\u00f6mmer of\u00f6rr\u00e4tter, slutar var bittra, g\u00e5r vidare och f\u00f6rl\u00e5ter, kramar och \u00e4lskar igen.<\/p>\n<p><img loading=\"lazy\" class=\"wp-image-64216 aligncenter\" src=\"http:\/\/www.filindeblogg.nu\/wp-content\/uploads\/2015\/11\/013-300x225.jpg\" alt=\"013\" width=\"139\" height=\"104\" srcset=\"http:\/\/www.filindeblogg.nu\/wp-content\/uploads\/2015\/11\/013-300x225.jpg 300w, http:\/\/www.filindeblogg.nu\/wp-content\/uploads\/2015\/11\/013.jpg 600w\" sizes=\"(max-width: 139px) 100vw, 139px\" \/><\/p>\n<p><a href=\"https:\/\/www.youtube.com\/watch?v=dsxtImDVMig\" target=\"_blank\"><strong>H\u00c4R<\/strong> <\/a>kan du lyssna p\u00e5 Beatles och &#8221;All you need is love&#8221;. &lt;3<\/p>\n<p>Alla ni pappor &#8211; n\u00e4rvarande och fr\u00e5nvarande &#8211; t\u00e4nk p\u00e5 dessa kloka ord: <img loading=\"lazy\" class=\"alignnone size-full wp-image-64217\" src=\"http:\/\/www.filindeblogg.nu\/wp-content\/uploads\/2015\/11\/Nature-makes-you-a-father-Love-makes-you-a-dad.jpg\" alt=\"Nature makes you a father Love makes you a dad\" width=\"227\" height=\"169\" \/> <strong><em>&#8221;Nature makes you a father. Love makes you a dad&#8221;.<\/em><\/strong><\/p>\n<p>Det finns tid f\u00f6r f\u00f6r\u00e4ndring! Att \u00e4ndra sig till det b\u00e4ttre. Att v\u00e4lja nya v\u00e4gar &#8211; hitta r\u00e4tt igen. <img loading=\"lazy\" class=\"alignnone size-medium wp-image-64218\" src=\"http:\/\/www.filindeblogg.nu\/wp-content\/uploads\/2015\/11\/Dont-look-back-you-are-not-going-that-way-205x300.jpg\" alt=\"Dont look back you are not going that way\" width=\"205\" height=\"300\" srcset=\"http:\/\/www.filindeblogg.nu\/wp-content\/uploads\/2015\/11\/Dont-look-back-you-are-not-going-that-way-205x300.jpg 205w, http:\/\/www.filindeblogg.nu\/wp-content\/uploads\/2015\/11\/Dont-look-back-you-are-not-going-that-way.jpg 356w\" sizes=\"(max-width: 205px) 100vw, 205px\" \/><\/p>\n<p>Lite l\u00e4ttsamt ocks\u00e5 p\u00e5 slutet. Tidningen <strong><em>&#8221;Grannliv&#8221;<\/em> <\/strong>nummer 4 har utkommit. <img loading=\"lazy\" class=\"alignnone  wp-image-64219\" src=\"http:\/\/www.filindeblogg.nu\/wp-content\/uploads\/2015\/11\/002-232x300.jpg\" alt=\"002\" width=\"162\" height=\"209\" srcset=\"http:\/\/www.filindeblogg.nu\/wp-content\/uploads\/2015\/11\/002-232x300.jpg 232w, http:\/\/www.filindeblogg.nu\/wp-content\/uploads\/2015\/11\/002.jpg 450w\" sizes=\"(max-width: 162px) 100vw, 162px\" \/> Om man handlar p\u00e5 Lantm\u00e4nnen\/Granng\u00e5rden kan man automatiskt f\u00e5 tidningen i sin brevl\u00e5da. Det h\u00e4r bj\u00f6ds det p\u00e5 i detta nummer &#8211; bland annat. <img loading=\"lazy\" class=\"alignnone  wp-image-64220\" src=\"http:\/\/www.filindeblogg.nu\/wp-content\/uploads\/2015\/11\/006-300x225.jpg\" alt=\"006\" width=\"208\" height=\"156\" srcset=\"http:\/\/www.filindeblogg.nu\/wp-content\/uploads\/2015\/11\/006-300x225.jpg 300w, http:\/\/www.filindeblogg.nu\/wp-content\/uploads\/2015\/11\/006.jpg 600w\" sizes=\"(max-width: 208px) 100vw, 208px\" \/> Pyssel! <img loading=\"lazy\" class=\"alignnone  wp-image-64221\" src=\"http:\/\/www.filindeblogg.nu\/wp-content\/uploads\/2015\/11\/007-300x225.jpg\" alt=\"007\" width=\"208\" height=\"156\" srcset=\"http:\/\/www.filindeblogg.nu\/wp-content\/uploads\/2015\/11\/007-300x225.jpg 300w, http:\/\/www.filindeblogg.nu\/wp-content\/uploads\/2015\/11\/007.jpg 600w\" sizes=\"(max-width: 208px) 100vw, 208px\" \/> Och lite julst\u00e4mning! Det \u00e4r bara tre veckor kvar till f\u00f6rsta advent! <img loading=\"lazy\" class=\"alignnone  wp-image-64222\" src=\"http:\/\/www.filindeblogg.nu\/wp-content\/uploads\/2015\/11\/005-300x225.jpg\" alt=\"005\" width=\"248\" height=\"186\" srcset=\"http:\/\/www.filindeblogg.nu\/wp-content\/uploads\/2015\/11\/005-300x225.jpg 300w, http:\/\/www.filindeblogg.nu\/wp-content\/uploads\/2015\/11\/005.jpg 600w\" sizes=\"(max-width: 248px) 100vw, 248px\" \/><\/p>\n<p>Och n\u00e5got j\u00e4tteviktigt som g\u00f6r att du sj\u00e4lvklart ska handla p\u00e5 Granng\u00e5rden!! <img loading=\"lazy\" class=\"alignnone size-medium wp-image-64223\" src=\"http:\/\/www.filindeblogg.nu\/wp-content\/uploads\/2015\/11\/003-300x225.jpg\" alt=\"003\" width=\"300\" height=\"225\" srcset=\"http:\/\/www.filindeblogg.nu\/wp-content\/uploads\/2015\/11\/003-300x225.jpg 300w, http:\/\/www.filindeblogg.nu\/wp-content\/uploads\/2015\/11\/003.jpg 600w\" sizes=\"(max-width: 300px) 100vw, 300px\" \/> S\u00e5 h\u00e4r s\u00e4ger bilden: <strong><em>&#8221;St\u00f6d djurskydd. F\u00f6r att fira en miljon medlemmar sk\u00e4nker Granng\u00e5rdenbutikerna landet runt presentkort till lokala djurhem.&#8221;<\/em><\/strong><br \/>\nVidare i texten: <strong><em>&#8221;Fram till \u00e5rsskiftet kan du som kund sj\u00e4lv bidra genom att v\u00e4lja att avrunda ditt kassabelopp upp\u00e5t till valfritt belopp. Insamlingen p\u00e5g\u00e5r f\u00f6r fullt och n\u00e4r detta skrivs \u00e4r vi uppe i \u00f6ver 100 000 kronor.&#8221;<\/em><\/strong><\/p>\n<p><a href=\"http:\/\/grannliv.granngarden.se\/kundklubb\/hjalp-oss-att-stodja-katthem\/\" target=\"_blank\"><strong>H\u00c4R<\/strong> <\/a>kan du l\u00e4sa mer om insamlingen och lokalt \u00e4r det <a href=\"http:\/\/www.djurskyddet.se\/koping\" target=\"_blank\"><strong>&#8221;Kattv\u00e4nnerna i K\u00f6ping&#8221;<\/strong> <\/a>som f\u00e5r bidraget!<\/p>\n<p>Ha en fortsatt fin s\u00f6ndag. T\u00e4nk p\u00e5 pappa! T\u00e4nk p\u00e5 dina barn! Visa <strong>K\u00c4RLEK! <\/strong><\/p>\n<p><img loading=\"lazy\" class=\"aligncenter size-medium wp-image-64224\" src=\"http:\/\/www.filindeblogg.nu\/wp-content\/uploads\/2015\/11\/019-300x225.jpg\" alt=\"019\" width=\"300\" height=\"225\" srcset=\"http:\/\/www.filindeblogg.nu\/wp-content\/uploads\/2015\/11\/019-300x225.jpg 300w, http:\/\/www.filindeblogg.nu\/wp-content\/uploads\/2015\/11\/019.jpg 600w\" sizes=\"(max-width: 300px) 100vw, 300px\" \/><\/p>\n<p>&nbsp;<\/p>\n<p>&nbsp;<\/p>\n<p>&nbsp;<\/p>\n","protected":false},"excerpt":{"rendered":"<p>Fars Dag\u00a0 En dag att hylla v\u00e5r pappa &#8211; om vi har n\u00e5gon&#8230; &#8211; Klart alla har en pappa! Jo, det kr\u00e4vs en man f\u00f6r att g\u00f6ra ett barn men det betyder inte att alla barn har en pappa, en n\u00e4rvarande pappa. En pappa som finns d\u00e4r, som har funnits d\u00e4r &#8211; hela tiden. Som [&hellip;]<\/p>\n","protected":false},"author":1,"featured_media":0,"comment_status":"open","ping_status":"open","sticky":false,"template":"","format":"standard","meta":[],"categories":[127,194,161,100,101,134,150],"tags":[],"_links":{"self":[{"href":"http:\/\/www.filindeblogg.nu\/index.php?rest_route=\/wp\/v2\/posts\/64199"}],"collection":[{"href":"http:\/\/www.filindeblogg.nu\/index.php?rest_route=\/wp\/v2\/posts"}],"about":[{"href":"http:\/\/www.filindeblogg.nu\/index.php?rest_route=\/wp\/v2\/types\/post"}],"author":[{"embeddable":true,"href":"http:\/\/www.filindeblogg.nu\/index.php?rest_route=\/wp\/v2\/users\/1"}],"replies":[{"embeddable":true,"href":"http:\/\/www.filindeblogg.nu\/index.php?rest_route=%2Fwp%2Fv2%2Fcomments&post=64199"}],"version-history":[{"count":8,"href":"http:\/\/www.filindeblogg.nu\/index.php?rest_route=\/wp\/v2\/posts\/64199\/revisions"}],"predecessor-version":[{"id":64233,"href":"http:\/\/www.filindeblogg.nu\/index.php?rest_route=\/wp\/v2\/posts\/64199\/revisions\/64233"}],"wp:attachment":[{"href":"http:\/\/www.filindeblogg.nu\/index.php?rest_route=%2Fwp%2Fv2%2Fmedia&parent=64199"}],"wp:term":[{"taxonomy":"category","embeddable":true,"href":"http:\/\/www.filindeblogg.nu\/index.php?rest_route=%2Fwp%2Fv2%2Fcategories&post=64199"},{"taxonomy":"post_tag","embeddable":true,"href":"http:\/\/www.filindeblogg.nu\/index.php?rest_route=%2Fwp%2Fv2%2Ftags&post=64199"}],"curies":[{"name":"wp","href":"https:\/\/api.w.org\/{rel}","templated":true}]}}