{"id":64183,"date":"2015-10-31T09:42:40","date_gmt":"2015-10-31T08:42:40","guid":{"rendered":"http:\/\/www.filindeblogg.nu\/?p=64183"},"modified":"2015-10-31T09:42:40","modified_gmt":"2015-10-31T08:42:40","slug":"skynda-att-alska","status":"publish","type":"post","link":"http:\/\/www.filindeblogg.nu\/?p=64183","title":{"rendered":"Skynda att \u00e4lska&#8230;"},"content":{"rendered":"<p><img loading=\"lazy\" class=\"alignnone size-medium wp-image-64184\" src=\"http:\/\/www.filindeblogg.nu\/wp-content\/uploads\/2015\/10\/003-225x300.jpg\" alt=\"003\" width=\"225\" height=\"300\" srcset=\"http:\/\/www.filindeblogg.nu\/wp-content\/uploads\/2015\/10\/003-225x300.jpg 225w, http:\/\/www.filindeblogg.nu\/wp-content\/uploads\/2015\/10\/003.jpg 450w\" sizes=\"(max-width: 225px) 100vw, 225px\" \/><strong><em> &#8221;Skynda att \u00e4lska&#8230;.&#8221;<\/em><\/strong><\/p>\n<p>Rader ur <strong><em>&#8221;H\u00f6stvisa&#8221;<\/em> av Tove Jansson<\/strong>. Hela texten lyder s\u00e5 h\u00e4r:<\/p>\n<p><em>H\u00d6STVISA<\/em><\/p>\n<p><em>V\u00e4gen hem var mycket l\u00e5ng och ingen har jag m\u00f6tt,<\/em><br \/>\n<em>nu blir kv\u00e4llarna kyliga och sena.<\/em><br \/>\n<em>Kom tr\u00f6sta mig en smula, f\u00f6r nu \u00e4r jag ganska tr\u00f6tt,<\/em><br \/>\n<em>och med ens s\u00e5 f\u00f6rf\u00e4rligt allena.<\/em><br \/>\n<em>Jag m\u00e4rkte aldrig f\u00f6rut, att m\u00f6rkret \u00e4r s\u00e5 stort,<\/em><br \/>\n<em>g\u00e5r och t\u00e4nker p\u00e5 allt det d\u00e4r man borde.<\/em><br \/>\n<em>Det finns s\u00e5 mycket saker jag skulle sagt och gjort<\/em><br \/>\n<em>och det \u00e4r s\u00e5 v\u00e4ldigt lite jag gjorde.<\/em><\/p>\n<p><em>Skynda dig \u00e4lskade, skynda att \u00e4lska,<\/em><br \/>\n<em>dagarna m\u00f6rkna minut f\u00f6r minut,<\/em><br \/>\n<em>t\u00e4nd v\u00e5ra ljus, det \u00e4r n\u00e4ra till natten,<\/em><br \/>\n<em>snart \u00e4r den blommande sommarn slut<\/em><\/p>\n<p><em>Jag letar efter n\u00e5nting som vi kanske gl\u00f6mde bort<\/em><br \/>\n<em>och som du kunde hj\u00e4lpa mig att finna.<\/em><br \/>\n<em>En sommar g\u00e5r f\u00f6rbi, den \u00e4r alltid lika kort,<\/em><br \/>\n<em>den \u00e4r dr\u00f6mmen om det man kunde vinna.<\/em><br \/>\n<em>Du kommer kanske n\u00e5n g\u00e5ng, f\u00f6rr&#8217;n skymmningen blir bl\u00e5,<\/em><br \/>\n<em>innan \u00e4ngarna \u00e4r torra och tomma.<\/em><br \/>\n<em>Kanske hittar vi varann, kanske hittar vi d\u00e5 p\u00e5<\/em><br \/>\n<em>n\u00e5got s\u00e4tt att f\u00e5 allting att blomma.<\/em><br \/>\n<em>Skynda dig &#8230;<\/em><\/p>\n<p><em>Nu bl\u00e5ser storm d\u00e4rute och st\u00e4nger sommarns d\u00f6rr,<\/em><br \/>\n<em>det \u00e4r f\u00f6rsent f\u00f6r att undra och leta.<\/em><br \/>\n<em>Jag \u00e4lskar kanske mindre, \u00e4n vad jag gjorde f\u00f6rr<\/em><br \/>\n<em>men mer \u00e4n du n\u00e5nsin f\u00e5r veta.<\/em><br \/>\n<em>Nu ser vi alla fyrar kring h\u00f6stens l\u00e5nga kust<\/em><br \/>\n<em>och h\u00f6r v\u00e5gorna villsamma vandra.<\/em><br \/>\n<em>En enda sak \u00e4r viktig och det \u00e4r hj\u00e4rtats lust<\/em><br \/>\n<em>och att f\u00e5 vara samman med varandra.<\/em><br \/>\n<em>Skynda dig &#8230;<\/em><\/p>\n<p><img loading=\"lazy\" class=\"alignnone size-full wp-image-64185\" src=\"http:\/\/www.filindeblogg.nu\/wp-content\/uploads\/2015\/10\/K\u00e4rlek.jpg\" alt=\"K\u00e4rlek\" width=\"259\" height=\"194\" \/> S\u00e5 vackra ord och s\u00e5 kloka. Skynda att \u00e4lska!<br \/>\nOch bloggaren t\u00e4nker inte f\u00f6rst och fr\u00e4mst p\u00e5 \u00e4lska som i fysisk k\u00e4rlek utan om att visa k\u00e4rlek p\u00e5 andra s\u00e4tt &#8211; det finns s\u00e5 m\u00e5nga. <img loading=\"lazy\" class=\"alignnone size-medium wp-image-64186\" src=\"http:\/\/www.filindeblogg.nu\/wp-content\/uploads\/2015\/10\/Kram-300x168.jpg\" alt=\"Kram\" width=\"300\" height=\"168\" \/><\/p>\n<p>Visa \u00f6mhet och v\u00e4rme mot allt levande. Ta tillvara tiden innan allting \u00e4r f\u00f6rsent&#8230;<\/p>\n<p><img loading=\"lazy\" class=\"alignnone  wp-image-64188\" src=\"http:\/\/www.filindeblogg.nu\/wp-content\/uploads\/2015\/10\/Mormor-och-Jakob-augusti-2012-225x300.jpg\" alt=\"Mormor och Jakob augusti 2012\" width=\"156\" height=\"208\" srcset=\"http:\/\/www.filindeblogg.nu\/wp-content\/uploads\/2015\/10\/Mormor-och-Jakob-augusti-2012-225x300.jpg 225w, http:\/\/www.filindeblogg.nu\/wp-content\/uploads\/2015\/10\/Mormor-och-Jakob-augusti-2012.jpg 346w\" sizes=\"(max-width: 156px) 100vw, 156px\" \/> En mormor och ett barnbarn &#8211; krama medan tid \u00e4r!<br \/>\nEn av bloggarens s\u00f6ner kramar sin \u00e4lskade mormor&#8230;<\/p>\n<p>En dag \u00e4r allt borta&#8230; <img loading=\"lazy\" class=\"alignnone size-medium wp-image-64189\" src=\"http:\/\/www.filindeblogg.nu\/wp-content\/uploads\/2015\/10\/Pappa-vinkar-hej-d\u00e5-augusti-2012-194x300.jpg\" alt=\"Pappa vinkar hej d\u00e5 augusti 2012\" width=\"194\" height=\"300\" srcset=\"http:\/\/www.filindeblogg.nu\/wp-content\/uploads\/2015\/10\/Pappa-vinkar-hej-d\u00e5-augusti-2012-194x300.jpg 194w, http:\/\/www.filindeblogg.nu\/wp-content\/uploads\/2015\/10\/Pappa-vinkar-hej-d\u00e5-augusti-2012.jpg 248w\" sizes=\"(max-width: 194px) 100vw, 194px\" \/> Pappa vinkar hej d\u00e5&#8230; En tid som fanns en g\u00e5ng&#8230;<\/p>\n<p><img loading=\"lazy\" class=\"aligncenter size-medium wp-image-64190\" src=\"http:\/\/www.filindeblogg.nu\/wp-content\/uploads\/2015\/10\/0061-300x225.jpg\" alt=\"006\" width=\"300\" height=\"225\" srcset=\"http:\/\/www.filindeblogg.nu\/wp-content\/uploads\/2015\/10\/0061-300x225.jpg 300w, http:\/\/www.filindeblogg.nu\/wp-content\/uploads\/2015\/10\/0061.jpg 600w\" sizes=\"(max-width: 300px) 100vw, 300px\" \/><\/p>\n<p><img loading=\"lazy\" class=\"alignnone size-full wp-image-64191\" src=\"http:\/\/www.filindeblogg.nu\/wp-content\/uploads\/2015\/10\/T\u00e4nd-ljus.jpg\" alt=\"T\u00e4nd ljus\" width=\"158\" height=\"84\" \/> T\u00e4nd ljus denna Allehelgonahelg! T\u00e4nd ljus inte f\u00f6r att du &#8221;ska&#8221; utan f\u00f6r en stunds stillhet med tankar och minnen. <img loading=\"lazy\" class=\"alignnone size-full wp-image-64192\" src=\"http:\/\/www.filindeblogg.nu\/wp-content\/uploads\/2015\/10\/Ljus-och-minnen.jpg\" alt=\"Ljus och minnen\" width=\"170\" height=\"127\" \/><\/p>\n<p>Men ta ocks\u00e5 tillvara medan tid \u00e4r! Krama varandra! Visa v\u00e4rme och omtanke! Skynda att \u00e4lska! <img loading=\"lazy\" class=\"alignnone  wp-image-64193\" src=\"http:\/\/www.filindeblogg.nu\/wp-content\/uploads\/2015\/10\/One-day-someone-is-going-to-hug-you1-300x257.jpg\" alt=\"One day someone is going to hug you\" width=\"296\" height=\"254\" srcset=\"http:\/\/www.filindeblogg.nu\/wp-content\/uploads\/2015\/10\/One-day-someone-is-going-to-hug-you1-300x257.jpg 300w, http:\/\/www.filindeblogg.nu\/wp-content\/uploads\/2015\/10\/One-day-someone-is-going-to-hug-you1.jpg 640w\" sizes=\"(max-width: 296px) 100vw, 296px\" \/><\/p>\n<p>F\u00f6r det kommer en dag n\u00e4r allt \u00e4r f\u00f6rsent&#8230; <img loading=\"lazy\" class=\"alignnone size-full wp-image-64194\" src=\"http:\/\/www.filindeblogg.nu\/wp-content\/uploads\/2015\/10\/Ljus-slocknat.jpg\" alt=\"Ljus slocknat\" width=\"240\" height=\"155\" \/> S\u00e5 skynda att \u00e4lska!<\/p>\n<p>&nbsp;<\/p>\n<p>&nbsp;<\/p>\n","protected":false},"excerpt":{"rendered":"<p>&#8221;Skynda att \u00e4lska&#8230;.&#8221; Rader ur &#8221;H\u00f6stvisa&#8221; av Tove Jansson. Hela texten lyder s\u00e5 h\u00e4r: H\u00d6STVISA V\u00e4gen hem var mycket l\u00e5ng och ingen har jag m\u00f6tt, nu blir kv\u00e4llarna kyliga och sena. Kom tr\u00f6sta mig en smula, f\u00f6r nu \u00e4r jag ganska tr\u00f6tt, och med ens s\u00e5 f\u00f6rf\u00e4rligt allena. Jag m\u00e4rkte aldrig f\u00f6rut, att m\u00f6rkret \u00e4r [&hellip;]<\/p>\n","protected":false},"author":1,"featured_media":0,"comment_status":"open","ping_status":"open","sticky":false,"template":"","format":"standard","meta":[],"categories":[185,178,161,100,101,150],"tags":[],"_links":{"self":[{"href":"http:\/\/www.filindeblogg.nu\/index.php?rest_route=\/wp\/v2\/posts\/64183"}],"collection":[{"href":"http:\/\/www.filindeblogg.nu\/index.php?rest_route=\/wp\/v2\/posts"}],"about":[{"href":"http:\/\/www.filindeblogg.nu\/index.php?rest_route=\/wp\/v2\/types\/post"}],"author":[{"embeddable":true,"href":"http:\/\/www.filindeblogg.nu\/index.php?rest_route=\/wp\/v2\/users\/1"}],"replies":[{"embeddable":true,"href":"http:\/\/www.filindeblogg.nu\/index.php?rest_route=%2Fwp%2Fv2%2Fcomments&post=64183"}],"version-history":[{"count":3,"href":"http:\/\/www.filindeblogg.nu\/index.php?rest_route=\/wp\/v2\/posts\/64183\/revisions"}],"predecessor-version":[{"id":64197,"href":"http:\/\/www.filindeblogg.nu\/index.php?rest_route=\/wp\/v2\/posts\/64183\/revisions\/64197"}],"wp:attachment":[{"href":"http:\/\/www.filindeblogg.nu\/index.php?rest_route=%2Fwp%2Fv2%2Fmedia&parent=64183"}],"wp:term":[{"taxonomy":"category","embeddable":true,"href":"http:\/\/www.filindeblogg.nu\/index.php?rest_route=%2Fwp%2Fv2%2Fcategories&post=64183"},{"taxonomy":"post_tag","embeddable":true,"href":"http:\/\/www.filindeblogg.nu\/index.php?rest_route=%2Fwp%2Fv2%2Ftags&post=64183"}],"curies":[{"name":"wp","href":"https:\/\/api.w.org\/{rel}","templated":true}]}}