{"id":64085,"date":"2015-10-25T15:13:04","date_gmt":"2015-10-25T14:13:04","guid":{"rendered":"http:\/\/www.filindeblogg.nu\/?p=64085"},"modified":"2015-10-25T15:18:41","modified_gmt":"2015-10-25T14:18:41","slug":"vakna-upp-alla-jag-ar-inte-rasist-men-svaret-ar-inte-sverigedemokraterna","status":"publish","type":"post","link":"http:\/\/www.filindeblogg.nu\/?p=64085","title":{"rendered":"Vakna upp alla &#8221;jag \u00e4r inte rasist men&#8230;&#8221; &#8211; svaret \u00e4r INTE Sverigedemokraterna!"},"content":{"rendered":"<p><img loading=\"lazy\" class=\"alignnone size-medium wp-image-64087\" src=\"http:\/\/www.filindeblogg.nu\/wp-content\/uploads\/2015\/10\/flyktingstrommar-ny-jpg-300x169.jpg\" alt=\"flyktingstrommar-ny-jpg\" width=\"300\" height=\"169\" srcset=\"http:\/\/www.filindeblogg.nu\/wp-content\/uploads\/2015\/10\/flyktingstrommar-ny-jpg-300x169.jpg 300w, http:\/\/www.filindeblogg.nu\/wp-content\/uploads\/2015\/10\/flyktingstrommar-ny-jpg.jpg 650w\" sizes=\"(max-width: 300px) 100vw, 300px\" \/>\u00a0Alla ni som k\u00e4nner er oroliga inf\u00f6r den enorma flyktingstr\u00f6mmen som v\u00e4ller fram, och som t\u00e4nker: <strong><em>&#8211; Hur ska vi kunna hj\u00e4lpa alla? Hur ska alla f\u00e5 plats?<\/em><br \/>\n<\/strong><img loading=\"lazy\" class=\"alignnone size-medium wp-image-64090\" src=\"http:\/\/www.filindeblogg.nu\/wp-content\/uploads\/2015\/10\/005-300x225.jpg\" alt=\"005\" width=\"300\" height=\"225\" srcset=\"http:\/\/www.filindeblogg.nu\/wp-content\/uploads\/2015\/10\/005-300x225.jpg 300w, http:\/\/www.filindeblogg.nu\/wp-content\/uploads\/2015\/10\/005.jpg 600w\" sizes=\"(max-width: 300px) 100vw, 300px\" \/> Ni som t\u00e4nker p\u00e5 de h\u00e4r stackars m\u00e4nniskorna som med fara f\u00f6r eget liv m\u00e5ste l\u00e4mna sina hem, sina sl\u00e4ktingar, sina v\u00e4nner, sitt land &#8211; l\u00e4mna allt invant f\u00f6r n\u00e5got fr\u00e4mmande och nytt l\u00e5ngt borta. <img loading=\"lazy\" class=\"alignnone size-medium wp-image-64091\" src=\"http:\/\/www.filindeblogg.nu\/wp-content\/uploads\/2015\/10\/007-300x225.jpg\" alt=\"007\" width=\"300\" height=\"225\" srcset=\"http:\/\/www.filindeblogg.nu\/wp-content\/uploads\/2015\/10\/007-300x225.jpg 300w, http:\/\/www.filindeblogg.nu\/wp-content\/uploads\/2015\/10\/007.jpg 600w\" sizes=\"(max-width: 300px) 100vw, 300px\" \/> (Bilderna \u00e4r fr\u00e5n dagens DN.)<br \/>\nAlla ni som t\u00e4nker och undrar och bryr er &#8211; <strong>SVARET \u00c4R INTE SVERIGEDEMOKRATERNA!! <\/strong><img loading=\"lazy\" class=\"alignnone size-full wp-image-64086\" src=\"http:\/\/www.filindeblogg.nu\/wp-content\/uploads\/2015\/10\/Bevara-Sverige-svenskt1.jpg\" alt=\"Bevara Sverige svenskt\" width=\"176\" height=\"100\" \/><\/p>\n<p><strong>SD<\/strong> har ingen annan reell politisk inriktning \u00e4n fr\u00e4mlingsfientlighet. Deras ideologi har samma grunder som nazismen och partiet har v\u00e4xt fram ur organisationer med starkt fr\u00e4mlingshat av typen <strong>BSS, Bevara Sverige Svenskt<\/strong>.<\/p>\n<p>Ni alla som oroar er, funderar p\u00e5 hur ni\/vi ska hantera situationen. Alla ni som t\u00e4nker: &#8211; Hur ska detta l\u00f6sas? &#8211; Vad kan jag g\u00f6ra?<br \/>\n<strong>Svaret \u00e4r INTE Sverigedemokraterna!<\/strong><\/p>\n<p>G\u00e5 inte p\u00e5 det tillr\u00e4ttalagda finsnacket! Se verkligheten! Vad SD och deras ledare och medlemmar verkligen tycker och g\u00f6r och st\u00e5r f\u00f6r!<\/p>\n<p><img loading=\"lazy\" class=\"alignnone size-full wp-image-64088\" src=\"http:\/\/www.filindeblogg.nu\/wp-content\/uploads\/2015\/10\/J\u00e4rnr\u00f6rsSD.jpg\" alt=\"J\u00e4rnr\u00f6rsSD\" width=\"299\" height=\"168\" \/> <strong>Hur kan n\u00e5gon r\u00f6sta in en ledamot i riksdagen som l\u00f6per amok med ett j\u00e4rnr\u00f6r!? Kent Ekeroth<\/strong> \u00e4r riksdagsledamot f\u00f6r SD sedan 2010 och fick allts\u00e5 sitta kvar, Sverigedemokraterna har f\u00f6rtroende f\u00f6r Ekeroth, trots den s k j\u00e4rnr\u00f6rsskandalen 2012!<br \/>\nF\u00f6r \u00f6vrigt \u00e4r Ekeroths mor invandrad polsk judinna &#8211; snacka om dubbelmoral! Mamman har f\u00f6r \u00f6vrigt d\u00f6mts till f\u00e4ngelse f\u00f6r grovt skattebrott(!)<\/p>\n<p>Andre vice talman i Sveriges riksdag \u00e4r <strong>SD:s Bj\u00f6rn S\u00f6der<\/strong>. <img loading=\"lazy\" class=\"alignnone size-medium wp-image-64089\" src=\"http:\/\/www.filindeblogg.nu\/wp-content\/uploads\/2015\/10\/Bj\u00f6rn-S\u00f6der-300x189.jpg\" alt=\"Bj\u00f6rn S\u00f6der\" width=\"300\" height=\"189\" srcset=\"http:\/\/www.filindeblogg.nu\/wp-content\/uploads\/2015\/10\/Bj\u00f6rn-S\u00f6der-300x189.jpg 300w, http:\/\/www.filindeblogg.nu\/wp-content\/uploads\/2015\/10\/Bj\u00f6rn-S\u00f6der-1024x645.jpg 1024w, http:\/\/www.filindeblogg.nu\/wp-content\/uploads\/2015\/10\/Bj\u00f6rn-S\u00f6der-900x567.jpg 900w, http:\/\/www.filindeblogg.nu\/wp-content\/uploads\/2015\/10\/Bj\u00f6rn-S\u00f6der.jpg 1366w\" sizes=\"(max-width: 300px) 100vw, 300px\" \/> S\u00e5 h\u00e4r skrev <a href=\"http:\/\/www.dn.se\/nyheter\/politik\/bjorn-soder-kritiseras-for-inlagg-om-ikeadadet\/\" target=\"_blank\"><strong>DN<\/strong><\/a> om honom i augusti i \u00e5r, citat:<\/p>\n<p><em>&#8221;Vice talmannen Bj\u00f6rn S\u00f6der (SD) f\u00e5r kritik f\u00f6r ett Facebookinl\u00e4gg d\u00e4r han spekulerar kring hur offren p\u00e5 Ikea skulle ha k\u00e4nt inf\u00f6r uppmaningen om att \u201d\u00f6ppna era hj\u00e4rtan\u201d&#8230;.<\/em><br \/>\n<em>Bj\u00f6rn S\u00f6der (SD) vill i sitt Facebookinl\u00e4gg p\u00e5minna om d\u00e5varande statsministern Fredrik Reinfeldts tal f\u00f6rra \u00e5ret om att svenskarna ska \u00f6ppna sina hj\u00e4rtan f\u00f6r m\u00e4nniskor p\u00e5 flykt. <strong>\u201dTror inte att den<\/strong> m\u00f6rdade mamman och sonen p\u00e5 Ikea i V\u00e4ster\u00e5s skulle h\u00e5lla med ex-statsministern&#8230; Dags att vakna, svenska folket&#8230;&#8221;<\/em><\/p>\n<p><strong>Dagens Nyheter<\/strong> idag: <img loading=\"lazy\" class=\"alignnone size-medium wp-image-64092\" src=\"http:\/\/www.filindeblogg.nu\/wp-content\/uploads\/2015\/10\/0011-225x300.jpg\" alt=\"001\" width=\"225\" height=\"300\" srcset=\"http:\/\/www.filindeblogg.nu\/wp-content\/uploads\/2015\/10\/0011-225x300.jpg 225w, http:\/\/www.filindeblogg.nu\/wp-content\/uploads\/2015\/10\/0011.jpg 450w\" sizes=\"(max-width: 225px) 100vw, 225px\" \/> Och inne i tidningen: <img loading=\"lazy\" class=\"alignnone size-medium wp-image-64093\" src=\"http:\/\/www.filindeblogg.nu\/wp-content\/uploads\/2015\/10\/010-300x225.jpg\" alt=\"010\" width=\"300\" height=\"225\" srcset=\"http:\/\/www.filindeblogg.nu\/wp-content\/uploads\/2015\/10\/010-300x225.jpg 300w, http:\/\/www.filindeblogg.nu\/wp-content\/uploads\/2015\/10\/010.jpg 600w\" sizes=\"(max-width: 300px) 100vw, 300px\" \/> Om d\u00e5den som skakar <strong>Sverige<\/strong>. D\u00e4r finns bland annat bloggarens hemstad med&#8230; <img loading=\"lazy\" class=\"alignnone size-medium wp-image-64094\" src=\"http:\/\/www.filindeblogg.nu\/wp-content\/uploads\/2015\/10\/0111-225x300.jpg\" alt=\"011\" width=\"225\" height=\"300\" srcset=\"http:\/\/www.filindeblogg.nu\/wp-content\/uploads\/2015\/10\/0111-225x300.jpg 225w, http:\/\/www.filindeblogg.nu\/wp-content\/uploads\/2015\/10\/0111.jpg 450w\" sizes=\"(max-width: 225px) 100vw, 225px\" \/> Attacken mot flyktingf\u00f6rl\u00e4ggningen i <strong>Arboga<\/strong>.<br \/>\nSidan 2 i dagens DN: <img loading=\"lazy\" class=\"alignnone size-medium wp-image-64119\" src=\"http:\/\/www.filindeblogg.nu\/wp-content\/uploads\/2015\/10\/008-233x300.jpg\" alt=\"008\" width=\"233\" height=\"300\" srcset=\"http:\/\/www.filindeblogg.nu\/wp-content\/uploads\/2015\/10\/008-233x300.jpg 233w, http:\/\/www.filindeblogg.nu\/wp-content\/uploads\/2015\/10\/008.jpg 446w\" sizes=\"(max-width: 233px) 100vw, 233px\" \/><\/p>\n<p>Massor av brandattentat mot flyktingf\u00f6rl\u00e4ggningar den senaste tiden! <strong>Eskilstuna<\/strong>! <img loading=\"lazy\" class=\"alignnone size-medium wp-image-64095\" src=\"http:\/\/www.filindeblogg.nu\/wp-content\/uploads\/2015\/10\/Eskilstuna-300x167.jpg\" alt=\"Eskilstuna\" width=\"300\" height=\"167\" srcset=\"http:\/\/www.filindeblogg.nu\/wp-content\/uploads\/2015\/10\/Eskilstuna-300x167.jpg 300w, http:\/\/www.filindeblogg.nu\/wp-content\/uploads\/2015\/10\/Eskilstuna.jpg 645w\" sizes=\"(max-width: 300px) 100vw, 300px\" \/><\/p>\n<p><strong>Munkedal<\/strong>: <img loading=\"lazy\" class=\"alignnone size-medium wp-image-64096\" src=\"http:\/\/www.filindeblogg.nu\/wp-content\/uploads\/2015\/10\/Munkedal-300x169.jpg\" alt=\"Munkedal\" width=\"300\" height=\"169\" srcset=\"http:\/\/www.filindeblogg.nu\/wp-content\/uploads\/2015\/10\/Munkedal-300x169.jpg 300w, http:\/\/www.filindeblogg.nu\/wp-content\/uploads\/2015\/10\/Munkedal.jpg 683w\" sizes=\"(max-width: 300px) 100vw, 300px\" \/> H\u00e4r bodde 14 flyktingar som fick evakueras.<br \/>\n<strong>Perstorp<\/strong>, natten till i torsdags: <img loading=\"lazy\" class=\"alignnone size-medium wp-image-64097\" src=\"http:\/\/www.filindeblogg.nu\/wp-content\/uploads\/2015\/10\/Brand-i-Perstorp-300x206.jpg\" alt=\"Brand i Perstorp\" width=\"300\" height=\"206\" srcset=\"http:\/\/www.filindeblogg.nu\/wp-content\/uploads\/2015\/10\/Brand-i-Perstorp-300x206.jpg 300w, http:\/\/www.filindeblogg.nu\/wp-content\/uploads\/2015\/10\/Brand-i-Perstorp.jpg 400w\" sizes=\"(max-width: 300px) 100vw, 300px\" \/><\/p>\n<p>Efter d\u00e5det i Perstorp l\u00e4mnade <strong>SD i Lund<\/strong> ut adresser och kartor till planerade asylboenden!!<br \/>\nVem b\u00e4r ansvaret? Jo, Kent Ekeroths bror <strong>Ted<\/strong>! <img loading=\"lazy\" class=\"alignnone size-full wp-image-64098\" src=\"http:\/\/www.filindeblogg.nu\/wp-content\/uploads\/2015\/10\/Ted-Ekeroth.jpg\" alt=\"Ted Ekeroth\" width=\"137\" height=\"123\" \/><br \/>\nL\u00e4s <a href=\"http:\/\/www.dn.se\/nyheter\/sverige\/sd-far-kritik-for-listor-over-flyktingboenden\/\" target=\"_blank\"><strong>H\u00c4R<\/strong> <\/a>p\u00e5 DN:s ledarsida.<br \/>\nCitat ur ledartikeln:<br \/>\n<em>&#8221;Vilhelmina, Filipstad, Malung, Boden, V\u00e4rnamo, Kungsbacka, Ljungby. Det senaste m\u00e5naderna har \u00f6ver 15 br\u00e4nder intr\u00e4ffat p\u00e5 eller i anslutning till asylboenden. Medan kommuner och myndigheter k\u00e4mpar f\u00f6r att klara av flyktingkrisen jobbar andra h\u00e5rt f\u00f6r att sabotera.<\/em><\/p>\n<div id=\"contentBody\" class=\"content-body premium-article\"><\/div>\n<div id=\"hook\" class=\"article-hook right\">\n<div id=\"adv-links-hook\" class=\"article-ads-links-hook\"><em>Natten till torsdag eldh\u00e4rjades \u00e4nnu ett boende, i sk\u00e5nska Perstorp, och polisen misst\u00e4nker att branden \u00e4r anlagd. <strong>Bara n\u00e5gra timmar senare lade Sverigedemokraterna i Lund upp adresser och kartor p\u00e5 andra planerade asylboenden p\u00e5 sin officiella Facebooksida.<\/strong> I texten uppmanar partiet sina sympatis\u00f6rer att \u00f6verklaga besluten.&#8221;<\/em><\/div>\n<div class=\"article-ads-links-hook\"><\/div>\n<div class=\"article-ads-links-hook\"><img loading=\"lazy\" class=\"alignnone size-full wp-image-64099\" src=\"http:\/\/www.filindeblogg.nu\/wp-content\/uploads\/2015\/10\/M\u00f6rdaren.jpg\" alt=\"M\u00f6rdaren\" width=\"283\" height=\"178\" \/>\u00a0I torsdags h\u00e4nde ocks\u00e5 skolattacken i <strong>Trollh\u00e4ttan.<\/strong> M\u00f6rdaren skonade &#8221;de med ljusare skinn&#8221;&#8230;<\/div>\n<\/div>\n<div class=\"article-ads-links-hook\"><\/div>\n<div class=\"article-ads-links-hook\"><strong>NI ALLA SOM OROAR ER \u00d6VER FLYKTINGSTR\u00d6MMEN<br \/>\n&#8211; \u00c4R L\u00d6SNINGEN ATT M\u00d6RDA OCH BR\u00c4NNA NER!!??<br \/>\n<\/strong><\/div>\n<div class=\"article-ads-links-hook\"><strong>SLUTA IGNORERA SAMBANDET MELLAN ALLA DESSA ATTACKER OCH SVERIGEDEMOKRATERNA!!<\/strong><br \/>\n<strong>V\u00c5LD F\u00d6DER V\u00c5LD! HAT F\u00d6DER MERA HAT!<br \/>\n<\/strong><\/div>\n<div class=\"article-ads-links-hook\"><strong>VILL NI HJ\u00c4LPA TILL? HITTA L\u00d6SNINGAR? SAMARBETA? TA D\u00c5 IN INFORMATION, ENGAGERA ER OCH SLUTA VARA S\u00c5 R\u00c4DDA!<\/strong><\/div>\n<div class=\"article-ads-links-hook\">Jo, r\u00e4dda b\u00f6r ni faktiskt vara &#8211; men inte f\u00f6r flyende m\u00e4nniskor &#8211; utan f\u00f6r fr\u00e4mlingsfientligt hat, destruktion och samh\u00e4llsomst\u00f6rtning! Och fullst\u00e4ndigt livr\u00e4dda b\u00f6r ni vara f\u00f6r Sverigedemokraterna!<\/div>\n<div class=\"article-ads-links-hook\"><\/div>\n<div class=\"article-ads-links-hook\"><img loading=\"lazy\" class=\"alignnone size-full wp-image-64100\" src=\"http:\/\/www.filindeblogg.nu\/wp-content\/uploads\/2015\/10\/Stiftelsen-Expo1.jpg\" alt=\"Stiftelsen Expo\" width=\"128\" height=\"128\" \/><strong>Stiftelsen Expo<\/strong> har bra information och utbildning &#8211; se <a href=\"http:\/\/expo.se\/\" target=\"_blank\"><strong>H\u00c4R<\/strong><\/a>!<\/div>\n<div class=\"article-ads-links-hook\"><\/div>\n<div class=\"article-ads-links-hook\">Tillsammans med andra blir ni\/vi starka! <strong>Tillsammansskapet <\/strong>\u00e4r en organisation som beskriver sig s\u00e5 h\u00e4r, citat:<\/div>\n<div class=\"article-ads-links-hook\"><\/div>\n<div class=\"article-ads-links-hook\"><strong><em><img loading=\"lazy\" class=\"alignnone size-full wp-image-64102\" src=\"http:\/\/www.filindeblogg.nu\/wp-content\/uploads\/2015\/10\/Tillsammans-Eskilstuna.jpg\" alt=\"Tillsammans Eskilstuna\" width=\"182\" height=\"98\" \/>\u00a0&#8221;Tillsammansskapet \u00e4r en plattform f\u00f6r initiativ, n\u00e4tverk och f\u00f6reningar som arbetar f\u00f6r att st\u00e4rka sammanh\u00e5llningen i lokalsamh\u00e4llet.<br \/>\nVi tror n\u00e4mligen att det \u00e4r f\u00f6ruts\u00e4ttningen f\u00f6r att f\u00e5 bukt med rasismen. Att tillsammans, d\u00e4r vi bor, skapa m\u00f6tesplatser, f\u00f6renas och erbjuda medm\u00e4nniskor hopp och gemenskap \u00e4r v\u00e5rt s\u00e4tt att arbeta. V\u00e5r utg\u00e5ngspunkt \u00e4r lika villkor.&#8221;<\/em><\/strong><\/div>\n<div class=\"article-ads-links-hook\"><\/div>\n<div class=\"article-ads-links-hook\">Tillsammansskapet finns p\u00e5 <strong>Facebook <\/strong>och p\u00e5 orter \u00f6ver hela landet, bland annat i <strong>Arboga<\/strong>.<\/div>\n<div class=\"article-ads-links-hook\"><\/div>\n<div class=\"article-ads-links-hook\"><\/div>\n<div class=\"article-ads-links-hook\">En person med vettiga \u00e5sikter och som v\u00e5gar tala rent ut \u00e4r <strong>Joakim Lamotte.\u00a0<img loading=\"lazy\" class=\"alignnone size-full wp-image-64101\" src=\"http:\/\/www.filindeblogg.nu\/wp-content\/uploads\/2015\/10\/Joakim-Lamotte.jpg\" alt=\"Joakim Lamotte\" width=\"259\" height=\"194\" \/><\/strong><br \/>\nS\u00f6k honom p\u00e5 <strong>Facebook<\/strong> och lyssna p\u00e5 vad han har att s\u00e4ga!<\/div>\n<div class=\"article-ads-links-hook\"><\/div>\n<div class=\"article-ads-links-hook\"><\/div>\n<div class=\"article-ads-links-hook\">\u00a0\u00a0\u00a0\u00a0\u00a0\u00a0\u00a0\u00a0\u00a0\u00a0\u00a0\u00a0\u00a0\u00a0\u00a0\u00a0\u00a0\u00a0\u00a0\u00a0\u00a0\u00a0\u00a0\u00a0\u00a0\u00a0\u00a0\u00a0\u00a0\u00a0\u00a0\u00a0\u00a0\u00a0\u00a0\u00a0\u00a0\u00a0\u00a0\u00a0\u00a0\u00a0\u00a0\u00a0\u00a0\u00a0\u00a0\u00a0\u00a0\u00a0\u00a0\u00a0\u00a0\u00a0\u00a0\u00a0\u00a0\u00a0\u00a0\u00a0\u00a0\u00a0\u00a0\u00a0\u00a0\u00a0\u00a0\u00a0\u00a0\u00a0\u00a0\u00a0\u00a0\u00a0\u00a0\u00a0\u00a0\u00a0\u00a0\u00a0\u00a0\u00a0\u00a0\u00a0\u00a0\u00a0\u00a0\u00a0\u00a0\u00a0\u00a0\u00a0\u00a0\u00a0\u00a0\u00a0\u00a0\u00a0\u00a0\u00a0\u00a0\u00a0\u00a0\u00a0\u00a0\u00a0\u00a0\u00a0\u00a0\u00a0\u00a0\u00a0\u00a0\u00a0\u00a0\u00a0\u00a0\u00a0\u00a0\u00a0\u00a0\u00a0\u00a0\u00a0\u00a0\u00a0\u00a0\u00a0\u00a0\u00a0\u00a0\u00a0\u00a0\u00a0\u00a0\u00a0\u00a0\u00a0\u00a0\u00a0\u00a0\u00a0\u00a0\u00a0\u00a0\u00a0\u00a0\u00a0\u00a0\u00a0\u00a0\u00a0\u00a0\u00a0\u00a0\u00a0\u00a0\u00a0\u00a0\u00a0\u00a0\u00a0\u00a0\u00a0\u00a0\u00a0\u00a0\u00a0\u00a0\u00a0\u00a0\u00a0\u00a0\u00a0\u00a0\u00a0\u00a0\u00a0\u00a0\u00a0\u00a0\u00a0\u00a0\u00a0\u00a0\u00a0\u00a0\u00a0\u00a0\u00a0\u00a0\u00a0\u00a0\u00a0\u00a0\u00a0\u00a0\u00a0\u00a0\u00a0\u00a0\u00a0\u00a0\u00a0\u00a0\u00a0\u00a0\u00a0\u00a0\u00a0\u00a0\u00a0\u00a0\u00a0\u00a0\u00a0\u00a0\u00a0\u00a0\u00a0\u00a0\u00a0\u00a0\u00a0\u00a0\u00a0\u00a0\u00a0\u00a0\u00a0\u00a0\u00a0 Misshandel och mordbrand, skattebrott och bedr\u00e4gerier<br \/>\n<strong>&#8211; HUR kan n\u00e5gon ha f\u00f6rtroende f\u00f6r Sverigedemokraterna som parti!?<\/strong><\/div>\n<div class=\"article-ads-links-hook\"><\/div>\n<div class=\"article-ads-links-hook\">\u00a0\u00a0\u00a0\u00a0\u00a0\u00a0\u00a0\u00a0\u00a0\u00a0\u00a0\u00a0\u00a0\u00a0\u00a0\u00a0\u00a0\u00a0\u00a0\u00a0\u00a0\u00a0\u00a0\u00a0\u00a0\u00a0\u00a0\u00a0\u00a0\u00a0\u00a0\u00a0\u00a0\u00a0\u00a0\u00a0\u00a0\u00a0\u00a0\u00a0\u00a0\u00a0\u00a0\u00a0\u00a0\u00a0\u00a0\u00a0\u00a0\u00a0\u00a0\u00a0\u00a0\u00a0\u00a0\u00a0\u00a0\u00a0\u00a0\u00a0\u00a0\u00a0\u00a0\u00a0\u00a0\u00a0\u00a0\u00a0\u00a0\u00a0\u00a0\u00a0\u00a0\u00a0\u00a0\u00a0\u00a0\u00a0\u00a0\u00a0\u00a0\u00a0\u00a0\u00a0\u00a0\u00a0\u00a0\u00a0\u00a0\u00a0\u00a0\u00a0\u00a0\u00a0\u00a0\u00a0\u00a0\u00a0\u00a0\u00a0\u00a0\u00a0\u00a0\u00a0\u00a0\u00a0\u00a0\u00a0\u00a0\u00a0\u00a0\u00a0\u00a0\u00a0\u00a0\u00a0\u00a0\u00a0\u00a0\u00a0\u00a0\u00a0\u00a0\u00a0\u00a0\u00a0\u00a0\u00a0\u00a0\u00a0\u00a0\u00a0\u00a0\u00a0\u00a0\u00a0\u00a0\u00a0\u00a0\u00a0\u00a0\u00a0\u00a0\u00a0\u00a0\u00a0\u00a0\u00a0\u00a0\u00a0\u00a0\u00a0\u00a0\u00a0\u00a0\u00a0\u00a0\u00a0\u00a0\u00a0\u00a0\u00a0\u00a0\u00a0\u00a0\u00a0\u00a0\u00a0\u00a0\u00a0\u00a0\u00a0\u00a0\u00a0\u00a0\u00a0\u00a0\u00a0\u00a0\u00a0\u00a0\u00a0\u00a0\u00a0\u00a0\u00a0\u00a0\u00a0\u00a0\u00a0\u00a0\u00a0\u00a0\u00a0\u00a0\u00a0\u00a0\u00a0\u00a0\u00a0\u00a0\u00a0\u00a0\u00a0\u00a0\u00a0\u00a0\u00a0\u00a0\u00a0\u00a0\u00a0\u00a0\u00a0\u00a0\u00a0\u00a0\u00a0\u00a0\u00a0\u00a0\u00a0\u00a0\u00a0\u00a0\u00a0\u00a0\u00a0\u00a0\u00a0\u00a0\u00a0 \u00c4nnu en av m\u00e5nga nyheter om hur SD beter sig. Aftonbladet 29 september i \u00e5r. <strong><em>&#8221;SD-ledamot \u00e5talas f\u00f6r grovt skattebrott&#8221;<\/em><\/strong>. <img loading=\"lazy\" class=\"alignnone size-medium wp-image-64103\" src=\"http:\/\/www.filindeblogg.nu\/wp-content\/uploads\/2015\/10\/KINNUNEN-300x200.jpg\" alt=\"KINNUNEN\" width=\"300\" height=\"200\" srcset=\"http:\/\/www.filindeblogg.nu\/wp-content\/uploads\/2015\/10\/KINNUNEN-300x200.jpg 300w, http:\/\/www.filindeblogg.nu\/wp-content\/uploads\/2015\/10\/KINNUNEN.jpg 485w\" sizes=\"(max-width: 300px) 100vw, 300px\" \/> <strong>Martin Kinnunen<\/strong> har undanh\u00e5llit n\u00e4rmare en miljon i skatt. L\u00e4s <a href=\"http:\/\/www.aftonbladet.se\/nyheter\/article21494234.ab\" target=\"_blank\">H\u00c4R!<\/a><\/div>\n<div class=\"article-ads-links-hook\"><\/div>\n<div class=\"article-ads-links-hook\">Listan p\u00e5 SD:s oegentligheter kan g\u00f6ras l\u00e5ng och den fylls hela tiden p\u00e5.<br \/>\nT\u00e4nk till! T\u00e4nk om! L\u00f6gner, hat och v\u00e5ld \u00e4r inte l\u00f6sningen!<\/div>\n<div class=\"article-ads-links-hook\"><\/div>\n<div class=\"article-ads-links-hook\">Bloggen skrevs under eftermiddagen men klockan 14.00 gjorde bloggaren ett uppeh\u00e5ll f\u00f6r &#8221;<em>Tyst minut i hela Sverige f\u00f6r offren i Trollh\u00e4ttan&#8221;<\/em>. <img loading=\"lazy\" class=\"alignnone size-full wp-image-64104\" src=\"http:\/\/www.filindeblogg.nu\/wp-content\/uploads\/2015\/10\/Tyst-minut.jpg\" alt=\"Tyst minut\" width=\"132\" height=\"158\" \/><\/div>\n<div class=\"article-ads-links-hook\">Avslutar bloggen idag med vackra h\u00f6stbilder. <img loading=\"lazy\" class=\"alignnone wp-image-64105\" src=\"http:\/\/www.filindeblogg.nu\/wp-content\/uploads\/2015\/10\/021-300x225.jpg\" alt=\"021\" width=\"211\" height=\"158\" srcset=\"http:\/\/www.filindeblogg.nu\/wp-content\/uploads\/2015\/10\/021-300x225.jpg 300w, http:\/\/www.filindeblogg.nu\/wp-content\/uploads\/2015\/10\/021.jpg 600w\" sizes=\"(max-width: 211px) 100vw, 211px\" \/> <strong>Arboga<\/strong><\/div>\n<div class=\"article-ads-links-hook\"><img loading=\"lazy\" class=\"alignnone wp-image-64106\" src=\"http:\/\/www.filindeblogg.nu\/wp-content\/uploads\/2015\/10\/069-225x300.jpg\" alt=\"069\" width=\"175\" height=\"233\" srcset=\"http:\/\/www.filindeblogg.nu\/wp-content\/uploads\/2015\/10\/069-225x300.jpg 225w, http:\/\/www.filindeblogg.nu\/wp-content\/uploads\/2015\/10\/069.jpg 450w\" sizes=\"(max-width: 175px) 100vw, 175px\" \/> Hemmakvarteret. <img loading=\"lazy\" class=\"alignnone wp-image-64108\" src=\"http:\/\/www.filindeblogg.nu\/wp-content\/uploads\/2015\/10\/062-225x300.jpg\" alt=\"062\" width=\"169\" height=\"225\" srcset=\"http:\/\/www.filindeblogg.nu\/wp-content\/uploads\/2015\/10\/062-225x300.jpg 225w, http:\/\/www.filindeblogg.nu\/wp-content\/uploads\/2015\/10\/062.jpg 450w\" sizes=\"(max-width: 169px) 100vw, 169px\" \/><\/div>\n<div class=\"article-ads-links-hook\">Vackra b\u00e4r p\u00e5 en buske.\u00a0<img loading=\"lazy\" class=\"alignnone size-medium wp-image-64107\" src=\"http:\/\/www.filindeblogg.nu\/wp-content\/uploads\/2015\/10\/039-300x225.jpg\" alt=\"039\" width=\"300\" height=\"225\" srcset=\"http:\/\/www.filindeblogg.nu\/wp-content\/uploads\/2015\/10\/039-300x225.jpg 300w, http:\/\/www.filindeblogg.nu\/wp-content\/uploads\/2015\/10\/039.jpg 600w\" sizes=\"(max-width: 300px) 100vw, 300px\" \/> N\u00e5gon som vet namnet p\u00e5 busken f\u00e5r g\u00e4rna meddela det!<\/div>\n<div class=\"article-ads-links-hook\" style=\"text-align: center;\">Njut dessa vackra h\u00f6stdagar.<br \/>\nLev och l\u00e5t leva.<\/div>\n<div class=\"article-ads-links-hook\"><img loading=\"lazy\" class=\"aligncenter size-medium wp-image-64109\" src=\"http:\/\/www.filindeblogg.nu\/wp-content\/uploads\/2015\/10\/067-300x225.jpg\" alt=\"067\" width=\"300\" height=\"225\" srcset=\"http:\/\/www.filindeblogg.nu\/wp-content\/uploads\/2015\/10\/067-300x225.jpg 300w, http:\/\/www.filindeblogg.nu\/wp-content\/uploads\/2015\/10\/067.jpg 600w\" sizes=\"(max-width: 300px) 100vw, 300px\" \/><\/div>\n<div id=\"hook\" class=\"article-hook right\"><\/div>\n<div id=\"hook\" class=\"article-hook right\"><\/div>\n<div id=\"ctl00_ctl00_MainContent_TwoThirdColumn_MainArticleContentRegion_ctl01_ArticleWrapper\" class=\"article-wrapper left premium-article premium-holder\">\n<div id=\"contentBody\" class=\"content-body premium-article\">\n<div class=\"content-paragraphs\">\n<article>\n<div>\n<p>&nbsp;<\/p>\n<\/div>\n<\/article>\n<\/div>\n<\/div>\n<\/div>\n<div id=\"contentBody\" class=\"content-body premium-article\"><\/div>\n<p>&nbsp;<\/p>\n<p>&nbsp;<\/p>\n","protected":false},"excerpt":{"rendered":"<p>\u00a0Alla ni som k\u00e4nner er oroliga inf\u00f6r den enorma flyktingstr\u00f6mmen som v\u00e4ller fram, och som t\u00e4nker: &#8211; Hur ska vi kunna hj\u00e4lpa alla? Hur ska alla f\u00e5 plats? Ni som t\u00e4nker p\u00e5 de h\u00e4r stackars m\u00e4nniskorna som med fara f\u00f6r eget liv m\u00e5ste l\u00e4mna sina hem, sina sl\u00e4ktingar, sina v\u00e4nner, sitt land &#8211; l\u00e4mna allt [&hellip;]<\/p>\n","protected":false},"author":1,"featured_media":0,"comment_status":"open","ping_status":"open","sticky":false,"template":"","format":"standard","meta":[],"categories":[127,188,162,100,119,151,101,150],"tags":[],"_links":{"self":[{"href":"http:\/\/www.filindeblogg.nu\/index.php?rest_route=\/wp\/v2\/posts\/64085"}],"collection":[{"href":"http:\/\/www.filindeblogg.nu\/index.php?rest_route=\/wp\/v2\/posts"}],"about":[{"href":"http:\/\/www.filindeblogg.nu\/index.php?rest_route=\/wp\/v2\/types\/post"}],"author":[{"embeddable":true,"href":"http:\/\/www.filindeblogg.nu\/index.php?rest_route=\/wp\/v2\/users\/1"}],"replies":[{"embeddable":true,"href":"http:\/\/www.filindeblogg.nu\/index.php?rest_route=%2Fwp%2Fv2%2Fcomments&post=64085"}],"version-history":[{"count":11,"href":"http:\/\/www.filindeblogg.nu\/index.php?rest_route=\/wp\/v2\/posts\/64085\/revisions"}],"predecessor-version":[{"id":64121,"href":"http:\/\/www.filindeblogg.nu\/index.php?rest_route=\/wp\/v2\/posts\/64085\/revisions\/64121"}],"wp:attachment":[{"href":"http:\/\/www.filindeblogg.nu\/index.php?rest_route=%2Fwp%2Fv2%2Fmedia&parent=64085"}],"wp:term":[{"taxonomy":"category","embeddable":true,"href":"http:\/\/www.filindeblogg.nu\/index.php?rest_route=%2Fwp%2Fv2%2Fcategories&post=64085"},{"taxonomy":"post_tag","embeddable":true,"href":"http:\/\/www.filindeblogg.nu\/index.php?rest_route=%2Fwp%2Fv2%2Ftags&post=64085"}],"curies":[{"name":"wp","href":"https:\/\/api.w.org\/{rel}","templated":true}]}}