{"id":64062,"date":"2015-10-24T15:46:33","date_gmt":"2015-10-24T14:46:33","guid":{"rendered":"http:\/\/www.filindeblogg.nu\/?p=64062"},"modified":"2015-10-24T15:46:33","modified_gmt":"2015-10-24T14:46:33","slug":"jimmie-akessons-skuld","status":"publish","type":"post","link":"http:\/\/www.filindeblogg.nu\/?p=64062","title":{"rendered":"Jimmie \u00c5kessons skuld!"},"content":{"rendered":"<p><img loading=\"lazy\" class=\"alignnone size-full wp-image-64063\" src=\"http:\/\/www.filindeblogg.nu\/wp-content\/uploads\/2015\/10\/Trollh\u00e4ttan.jpg\" alt=\"Trollh\u00e4ttan\" width=\"299\" height=\"168\" \/> Efter flera attentat och mordbr\u00e4nder mot flyktingf\u00f6rl\u00e4ggningar runt om i landet under l\u00e5ng tid kom attacken i torsdags i <strong>Trollh\u00e4ttan<\/strong>.<\/p>\n<p>En ung kille blev m\u00f6rdare. <img loading=\"lazy\" class=\"alignnone size-medium wp-image-64064\" src=\"http:\/\/www.filindeblogg.nu\/wp-content\/uploads\/2015\/10\/M\u00f6rdaren-tv\u00e5-300x150.jpg\" alt=\"M\u00f6rdaren tv\u00e5\" width=\"300\" height=\"150\" srcset=\"http:\/\/www.filindeblogg.nu\/wp-content\/uploads\/2015\/10\/M\u00f6rdaren-tv\u00e5-300x150.jpg 300w, http:\/\/www.filindeblogg.nu\/wp-content\/uploads\/2015\/10\/M\u00f6rdaren-tv\u00e5.jpg 318w\" sizes=\"(max-width: 300px) 100vw, 300px\" \/> 21-\u00e5ring d\u00f6dar och skadar flera m\u00e4nniskor p\u00e5 en skola. Han avlider senare av polisens skott mot honom och i hans hem finns ett brev.<\/p>\n<p><strong><em>&#8221;I brevet har 21-\u00e5ringen bland annat skrivit att han \u201dm\u00e5ste g\u00f6ra n\u00e5t \u00e5t invandringspolitiken\u201d i Sverige och han ska sj\u00e4lva ha varit beredd att d\u00f6 i samband med attacken.&#8221;<\/em> <\/strong>(<a href=\"http:\/\/www.aftonbladet.se\/nyheter\/article21635063.ab\" target=\"_blank\">Aftonbladet<\/a>)<\/p>\n<p>Skolor flaggar p\u00e5 halv st\u00e5ng, ljusmanifestationer h\u00e5lls och partiledarna tar avst\u00e5nd.<br \/>\nS\u00e5 h\u00e4r s\u00e4ger Jimmie \u00c5kesson, SD, i <a href=\"http:\/\/www.aftonbladet.se\/nyheter\/article21635063.ab\" target=\"_blank\">Aftonblade<\/a>t:<strong><em> &#8221;Sorg och bedr\u00f6velse \u00f6ver det ofattbara som skett i Trollh\u00e4ttan. Mina tankar till de drabbade och deras anh\u00f6riga.&#8221;<\/em><\/strong><\/p>\n<p>Men partiledaren skulle ha t\u00e4nkt efter f\u00f6re &#8211; skulden ligger faktiskt hos <strong>Jimmie \u00c5kesson!<\/strong> <img loading=\"lazy\" class=\"alignnone size-full wp-image-64065\" src=\"http:\/\/www.filindeblogg.nu\/wp-content\/uploads\/2015\/10\/Jimmie-\u00c5kesson.jpg\" alt=\"Jimmie \u00c5kesson\" width=\"259\" height=\"195\" \/> Mordbr\u00e4nder, stenkastning, attacker mot invandrare, d\u00e5det i Trollh\u00e4ttan &#8211; har ett ursprung och det ursprunget st\u00e5r Sverigedemokraterna f\u00f6r! <img loading=\"lazy\" class=\"alignnone size-full wp-image-64066\" src=\"http:\/\/www.filindeblogg.nu\/wp-content\/uploads\/2015\/10\/Bevara-Sverige-svenskt.jpg\" alt=\"Bevara Sverige svenskt\" width=\"176\" height=\"100\" \/><\/p>\n<div id=\"stcpDiv\">SD:s anh\u00e4ngare hyllar attackerna och svansen g\u00f6r sig beredd att hata \u00e4nnu mera! Ett av m\u00e5nga exempel: Sverigedemokraterna i <strong>Lund<\/strong> l\u00e4gger ut kartor och listor \u00f6ver tillt\u00e4nkta flyktingboenden p\u00e5 Facebook, skriver Sydsvenskan. L\u00e4s <a href=\"http:\/\/www.sydsvenskan.se\/lund\/sd-kartlagger-flyktingboenden\/\" target=\"_blank\"><strong>H\u00c4R!<\/strong> <\/a><\/div>\n<div><\/div>\n<div><\/div>\n<div><strong>P\u00e5 sociala medier gr\u00e5ter SD-sympatis\u00f6rer \u00f6ver att m\u00e4nniskor anklagar Jimmie och hans anhang men sj\u00e4lvklart ska han och partiet ha skulden! Det g\u00e5r inte att f\u00f6ra en s\u00e5dan h\u00e4r stenh\u00e5rt rasistisk politik med skygglappar och h\u00f6rselskydd!<\/strong><br \/>\n<strong>Det \u00e4r dags f\u00f6r SD att ta ansvar f\u00f6r sin politik \u00e5 det r\u00e4ttsliga! Det \u00e4r dags att bek\u00e4nna f\u00e4rg! Det \u00e4r dags att sluta med hyckleriet! Sverigedemokraterna \u00e4r ett rasistiskt parti vars huvudsakliga syfte \u00e4r invandrarfientlighet!<\/strong><\/div>\n<div><\/div>\n<div><\/div>\n<div>L\u00e4s <a href=\"https:\/\/sv.wikipedia.org\/wiki\/Sverigedemokraternas_historia\" target=\"_blank\"><strong>H\u00c4R<\/strong> <\/a>p\u00e5 <strong>Wikipedia<\/strong> om Sverigedemokraternas historia. Citat ur texten:<\/div>\n<div><strong><em> &#8221;Sverigedemokraterna bildades l\u00f6rdagen den 6 februari 1988. Partiets grundare och tidiga f\u00f6rgrundsgestalter utgjordes av personer tidigare verksamma i nationalistiska och rasistiska partier och organisationer som Framstegspartiet,<sup id=\"cite_ref-1\" class=\"reference\"><\/sup> Sverigepartiet, vit makt-r\u00f6relsen och -band,<sup id=\"cite_ref-expo2011_2-0\" class=\"reference\"><\/sup> och Bevara Sverige Svenskt (BSS), d\u00e4ribland Leif Ericsson.<sup id=\"cite_ref-3\" class=\"reference\"> <\/sup><sup id=\"cite_ref-4\" class=\"reference\"><\/sup><sup id=\"cite_ref-5\" class=\"reference\"><\/sup><sup id=\"cite_ref-6\" class=\"reference\"><\/sup>En av partiets tidiga ordf\u00f6rande, Anders Klarstr\u00f6m, var tidigare aktiv i det nazistiska Nordiska Rikspartiet.<sup id=\"cite_ref-7\" class=\"reference\"> <\/sup>I partiets f\u00f6rsta partistyrelse ingick \u00e4ven Bevara Sverige Svenskt f\u00f6rste ordf\u00f6rande Sven Davidsson samt andra fr\u00e5n en rad fascistiska och nazistiska organisationer. Partiet k\u00e4nnetecknades av h\u00f6gerextremism och aktivism.<\/em><\/strong><sup id=\"cite_ref-vitbok_8-0\" class=\"reference\"><strong><em><span class=\"cite-reference-link-bracket\">&#8221;<\/span><\/em><\/strong><\/sup><sup id=\"cite_ref-9\" class=\"reference\"><\/sup><sup id=\"cite_ref-10\" class=\"reference\"><\/sup><sup id=\"cite_ref-11\" class=\"reference\"><\/sup><\/div>\n<div><\/div>\n<div><a href=\"http:\/\/www.expressen.se\/kvallsposten\/ultima-thule-spelade-pa-sd-ledarens-kalas\/\" target=\"_blank\"><strong>H\u00c4R<\/strong><\/a> kan ni se och l\u00e4sa om n\u00e4r<strong> Ultima Thule<\/strong> &#8211; musikgrupp k\u00e4nd f\u00f6r vit-makt-musik &#8211; spelar p\u00e5 Jimmie \u00c5kessons kr\u00e4ftskiva i somras! <img loading=\"lazy\" class=\"alignnone size-medium wp-image-64067\" src=\"http:\/\/www.filindeblogg.nu\/wp-content\/uploads\/2015\/10\/Jimmie-300x167.jpg\" alt=\"Jimmie\" width=\"300\" height=\"167\" srcset=\"http:\/\/www.filindeblogg.nu\/wp-content\/uploads\/2015\/10\/Jimmie-300x167.jpg 300w, http:\/\/www.filindeblogg.nu\/wp-content\/uploads\/2015\/10\/Jimmie.jpg 645w\" sizes=\"(max-width: 300px) 100vw, 300px\" \/> <em><strong>&#8221;Give &#8217;em hell&#8221;<\/strong><\/em> &#8211; st\u00e5r det p\u00e5 deras tr\u00f6jor.<\/div>\n<div><img loading=\"lazy\" class=\"alignnone size-full wp-image-64068\" src=\"http:\/\/www.filindeblogg.nu\/wp-content\/uploads\/2015\/10\/Stiftelsen-Expo.jpg\" alt=\"Stiftelsen Expo\" width=\"128\" height=\"128\" \/>\u00a0P\u00e5 <strong>Stiftelsen Expo<\/strong>s hemsida finns utm\u00e4rkt information och utbildning om hur vi kommer tillr\u00e4tta med fr\u00e4mlingsfientlighet, rasism och intolerans.\u00a0<img loading=\"lazy\" class=\"alignnone size-medium wp-image-64069\" src=\"http:\/\/www.filindeblogg.nu\/wp-content\/uploads\/2015\/10\/Sverigedemokraterna-banar-v\u00e4g-f\u00f6r-nazismen-300x170.jpg\" alt=\"Sverigedemokraterna banar v\u00e4g f\u00f6r nazismen\" width=\"300\" height=\"170\" srcset=\"http:\/\/www.filindeblogg.nu\/wp-content\/uploads\/2015\/10\/Sverigedemokraterna-banar-v\u00e4g-f\u00f6r-nazismen-300x170.jpg 300w, http:\/\/www.filindeblogg.nu\/wp-content\/uploads\/2015\/10\/Sverigedemokraterna-banar-v\u00e4g-f\u00f6r-nazismen.jpg 460w\" sizes=\"(max-width: 300px) 100vw, 300px\" \/> Klicka <strong><a href=\"http:\/\/utbildning.expo.se\/\" target=\"_blank\">H\u00c4R!<\/a><\/strong><\/div>\n<div>Om Stiftelsen Expo skriver Wikipedia s\u00e5 h\u00e4r:<\/div>\n<div><em><b>&#8221;Stiftelsen Expo<\/b> \u00e4r en svensk stiftelse som har som syfte &#8221;upplysa allm\u00e4nheten om rasism och fr\u00e4mlingsfientlighet genom tidningsproduktion och tidningsutgivning&#8221;. Expo grundades \u00e5r 1995. I verksamheten ing\u00e5r tidskriften <b>Expo<\/b> och arkivet <b>Expo Research<\/b>.&#8221;<\/em><\/div>\n<div>H\u00e4r en bild fr\u00e5n ljusmanifestationen ig\u00e5r i <strong>Arboga<\/strong> &#8211; f\u00f6r de drabbade i Trollh\u00e4ttan och mot v\u00e5ld och fr\u00e4mlingsfientlighet.<\/div>\n<div><img loading=\"lazy\" class=\"aligncenter size-medium wp-image-64070\" src=\"http:\/\/www.filindeblogg.nu\/wp-content\/uploads\/2015\/10\/Tillsammans-Arboga-ljusmanifestation-23-okt-2015-300x169.jpg\" alt=\"Tillsammans Arboga ljusmanifestation 23 okt 2015\" width=\"300\" height=\"169\" srcset=\"http:\/\/www.filindeblogg.nu\/wp-content\/uploads\/2015\/10\/Tillsammans-Arboga-ljusmanifestation-23-okt-2015-300x169.jpg 300w, http:\/\/www.filindeblogg.nu\/wp-content\/uploads\/2015\/10\/Tillsammans-Arboga-ljusmanifestation-23-okt-2015-900x506.jpg 900w, http:\/\/www.filindeblogg.nu\/wp-content\/uploads\/2015\/10\/Tillsammans-Arboga-ljusmanifestation-23-okt-2015.jpg 960w\" sizes=\"(max-width: 300px) 100vw, 300px\" \/><\/div>\n<div><\/div>\n<div><\/div>\n<div>Avslutar lite mjukare med \u00f6rongodis och ljuvligheter f\u00f6r sinnet.<br \/>\n<img loading=\"lazy\" class=\"alignnone  wp-image-64071\" src=\"http:\/\/www.filindeblogg.nu\/wp-content\/uploads\/2015\/10\/011-287x300.jpg\" alt=\"011\" width=\"116\" height=\"121\" srcset=\"http:\/\/www.filindeblogg.nu\/wp-content\/uploads\/2015\/10\/011-287x300.jpg 287w, http:\/\/www.filindeblogg.nu\/wp-content\/uploads\/2015\/10\/011.jpg 450w\" sizes=\"(max-width: 116px) 100vw, 116px\" \/> <strong>Bo Kaspers<\/strong> nya CD &#8211;<strong><em> &#8221;Redo att g\u00e5 s\u00f6nder&#8221;<\/em> <\/strong>&#8211; finns p\u00e5<strong> Spotify<\/strong> om du inte vill k\u00f6pa skivan.<\/div>\n<div><img loading=\"lazy\" class=\"alignnone  wp-image-64072\" src=\"http:\/\/www.filindeblogg.nu\/wp-content\/uploads\/2015\/10\/009-225x300.jpg\" alt=\"009\" width=\"158\" height=\"211\" srcset=\"http:\/\/www.filindeblogg.nu\/wp-content\/uploads\/2015\/10\/009-225x300.jpg 225w, http:\/\/www.filindeblogg.nu\/wp-content\/uploads\/2015\/10\/009.jpg 450w\" sizes=\"(max-width: 158px) 100vw, 158px\" \/> Men en CD \u00e4r v\u00e4l v\u00e4rd att k\u00f6pa! D\u00e5 kan du f\u00f6lja med i de fina s\u00e5ngtexterna i boken som medf\u00f6ljer. <img loading=\"lazy\" class=\"alignnone size-medium wp-image-64073\" src=\"http:\/\/www.filindeblogg.nu\/wp-content\/uploads\/2015\/10\/013-300x225.jpg\" alt=\"013\" width=\"300\" height=\"225\" srcset=\"http:\/\/www.filindeblogg.nu\/wp-content\/uploads\/2015\/10\/013-300x225.jpg 300w, http:\/\/www.filindeblogg.nu\/wp-content\/uploads\/2015\/10\/013.jpg 600w\" sizes=\"(max-width: 300px) 100vw, 300px\" \/><\/div>\n<div>Bloggaren k\u00f6pte sin CD p\u00e5 <strong>CDON<\/strong> &#8211; klicka <a href=\"http:\/\/cdon.se\/musik\/bo_kaspers_orkester\/redo_att_g%C3%A5_s%C3%B6nder_%28signerad%29-35215454\" target=\"_blank\"><strong>H\u00c4R! <\/strong><\/a>Finns \u00e4ven som vinylskiva!<\/div>\n<div>Ber\u00f6rs av CD:n eller slumra till den som <strong>Felix!<\/strong> <img loading=\"lazy\" class=\"alignnone  wp-image-64074\" src=\"http:\/\/www.filindeblogg.nu\/wp-content\/uploads\/2015\/10\/002-300x225.jpg\" alt=\"002\" width=\"224\" height=\"168\" srcset=\"http:\/\/www.filindeblogg.nu\/wp-content\/uploads\/2015\/10\/002-300x225.jpg 300w, http:\/\/www.filindeblogg.nu\/wp-content\/uploads\/2015\/10\/002.jpg 600w\" sizes=\"(max-width: 224px) 100vw, 224px\" \/><\/div>\n<div>Njut helgen! Och bloggen &#8211; vem vet n\u00e4r den \u00e4r tillbaka igen!? \ud83d\ude09<\/div>\n<div><img loading=\"lazy\" class=\"aligncenter size-medium wp-image-64075\" src=\"http:\/\/www.filindeblogg.nu\/wp-content\/uploads\/2015\/10\/Chinatown-23-oktober-2015-225x300.jpg\" alt=\"Chinatown 23 oktober 2015\" width=\"225\" height=\"300\" srcset=\"http:\/\/www.filindeblogg.nu\/wp-content\/uploads\/2015\/10\/Chinatown-23-oktober-2015-225x300.jpg 225w, http:\/\/www.filindeblogg.nu\/wp-content\/uploads\/2015\/10\/Chinatown-23-oktober-2015.jpg 720w\" sizes=\"(max-width: 225px) 100vw, 225px\" \/><\/div>\n<div><\/div>\n<div><\/div>\n<div><\/div>\n","protected":false},"excerpt":{"rendered":"<p>Efter flera attentat och mordbr\u00e4nder mot flyktingf\u00f6rl\u00e4ggningar runt om i landet under l\u00e5ng tid kom attacken i torsdags i Trollh\u00e4ttan. En ung kille blev m\u00f6rdare. 21-\u00e5ring d\u00f6dar och skadar flera m\u00e4nniskor p\u00e5 en skola. Han avlider senare av polisens skott mot honom och i hans hem finns ett brev. &#8221;I brevet har 21-\u00e5ringen bland annat [&hellip;]<\/p>\n","protected":false},"author":1,"featured_media":0,"comment_status":"open","ping_status":"open","sticky":false,"template":"","format":"standard","meta":[],"categories":[127,41,162,100,169,119,151,101],"tags":[],"_links":{"self":[{"href":"http:\/\/www.filindeblogg.nu\/index.php?rest_route=\/wp\/v2\/posts\/64062"}],"collection":[{"href":"http:\/\/www.filindeblogg.nu\/index.php?rest_route=\/wp\/v2\/posts"}],"about":[{"href":"http:\/\/www.filindeblogg.nu\/index.php?rest_route=\/wp\/v2\/types\/post"}],"author":[{"embeddable":true,"href":"http:\/\/www.filindeblogg.nu\/index.php?rest_route=\/wp\/v2\/users\/1"}],"replies":[{"embeddable":true,"href":"http:\/\/www.filindeblogg.nu\/index.php?rest_route=%2Fwp%2Fv2%2Fcomments&post=64062"}],"version-history":[{"count":9,"href":"http:\/\/www.filindeblogg.nu\/index.php?rest_route=\/wp\/v2\/posts\/64062\/revisions"}],"predecessor-version":[{"id":64084,"href":"http:\/\/www.filindeblogg.nu\/index.php?rest_route=\/wp\/v2\/posts\/64062\/revisions\/64084"}],"wp:attachment":[{"href":"http:\/\/www.filindeblogg.nu\/index.php?rest_route=%2Fwp%2Fv2%2Fmedia&parent=64062"}],"wp:term":[{"taxonomy":"category","embeddable":true,"href":"http:\/\/www.filindeblogg.nu\/index.php?rest_route=%2Fwp%2Fv2%2Fcategories&post=64062"},{"taxonomy":"post_tag","embeddable":true,"href":"http:\/\/www.filindeblogg.nu\/index.php?rest_route=%2Fwp%2Fv2%2Ftags&post=64062"}],"curies":[{"name":"wp","href":"https:\/\/api.w.org\/{rel}","templated":true}]}}