{"id":63942,"date":"2015-07-25T07:19:23","date_gmt":"2015-07-25T06:19:23","guid":{"rendered":"http:\/\/www.filindeblogg.nu\/?p=63942"},"modified":"2015-07-25T07:19:23","modified_gmt":"2015-07-25T06:19:23","slug":"om-evenemang-i-arboga-medeltidsbrollop-kontra-el-salvador","status":"publish","type":"post","link":"http:\/\/www.filindeblogg.nu\/?p=63942","title":{"rendered":"Om evenemang i Arboga &#8211; Medeltidsbr\u00f6llop kontra El Salvador"},"content":{"rendered":"<p><img loading=\"lazy\" class=\"alignnone size-medium wp-image-63944\" src=\"http:\/\/www.filindeblogg.nu\/wp-content\/uploads\/2015\/07\/image1-225x300.jpg\" alt=\"image\" width=\"225\" height=\"300\" \/>\u00a0Idag om tv\u00e5 veckor \u00e4ger \u00e5rets br\u00f6llop rum i Arboga. Inte vilket br\u00f6llop som helst &#8211; utan ett av kommunen sponsrat!\u00a0<img loading=\"lazy\" class=\"alignnone size-medium wp-image-63947\" src=\"http:\/\/www.filindeblogg.nu\/wp-content\/uploads\/2015\/07\/image3-225x300.jpg\" alt=\"image\" width=\"225\" height=\"300\" \/><\/p>\n<p><img loading=\"lazy\" class=\"alignnone size-medium wp-image-63948\" src=\"http:\/\/www.filindeblogg.nu\/wp-content\/uploads\/2015\/07\/image4-300x225.jpg\" alt=\"image\" width=\"300\" height=\"225\" srcset=\"http:\/\/www.filindeblogg.nu\/wp-content\/uploads\/2015\/07\/image4-300x225.jpg 300w, http:\/\/www.filindeblogg.nu\/wp-content\/uploads\/2015\/07\/image4.jpg 461w\" sizes=\"(max-width: 300px) 100vw, 300px\" \/>Den st\u00f6rsta turistattraktionen i Arboga &#8211; Medeltidsdagarna &#8211; som n\u00e5r sitt ultimata crescendo n\u00e4r det medeltida brudparet visas upp f\u00f6r att sedan vigas.\u00a0<img loading=\"lazy\" class=\"alignnone size-medium wp-image-63949\" src=\"http:\/\/www.filindeblogg.nu\/wp-content\/uploads\/2015\/07\/image5-300x225.jpg\" alt=\"image\" width=\"300\" height=\"225\" \/><\/p>\n<p><img loading=\"lazy\" class=\"alignnone size-medium wp-image-63943\" src=\"http:\/\/www.filindeblogg.nu\/wp-content\/uploads\/2015\/07\/image-300x225.jpg\" alt=\"image\" width=\"300\" height=\"225\" \/>F\u00f6r n\u00e5gra \u00e5r sen blev det en &#8221;medeltida fight&#8221; om bruden. Det kan man ju oroligt hoppas inte kommer att ske i \u00e5r &#8211; d\u00e5 det \u00e4r ett SD-br\u00f6llop. Inga j\u00e4rnr\u00f6r, tack!<\/p>\n<p><img loading=\"lazy\" class=\"alignnone size-medium wp-image-63950\" src=\"http:\/\/www.filindeblogg.nu\/wp-content\/uploads\/2015\/07\/image6-224x300.jpg\" alt=\"image\" width=\"224\" height=\"300\" \/>\u00a0F\u00f6r hyllas ska brudparet! Stort galej sponsrat av Arboga kommun. Fotot h\u00e4r \u00e4r p\u00e5 ett tidigare brudpar. I \u00e5r \u00e4r det tv\u00e5 aktiva SD-politiker i Arboga som ska bejublas.\u00a0<img loading=\"lazy\" class=\"alignnone size-medium wp-image-63951\" src=\"http:\/\/www.filindeblogg.nu\/wp-content\/uploads\/2015\/07\/image7-225x300.jpg\" alt=\"image\" width=\"225\" height=\"300\" srcset=\"http:\/\/www.filindeblogg.nu\/wp-content\/uploads\/2015\/07\/image7-225x300.jpg 225w, http:\/\/www.filindeblogg.nu\/wp-content\/uploads\/2015\/07\/image7.jpg 768w\" sizes=\"(max-width: 225px) 100vw, 225px\" \/><\/p>\n<p>Detta har uppm\u00e4rksammats \u00e4ven i andra bloggar. Till bloggen &#8221;Fr\u00e5n hj\u00e4rtat av Bergslagen&#8221; har denna bild publicerats.\u00a0<img loading=\"lazy\" class=\"alignnone size-medium wp-image-63952\" src=\"http:\/\/www.filindeblogg.nu\/wp-content\/uploads\/2015\/07\/image8-195x300.jpg\" alt=\"image\" width=\"195\" height=\"300\" srcset=\"http:\/\/www.filindeblogg.nu\/wp-content\/uploads\/2015\/07\/image8-195x300.jpg 195w, http:\/\/www.filindeblogg.nu\/wp-content\/uploads\/2015\/07\/image8.jpg 398w\" sizes=\"(max-width: 195px) 100vw, 195px\" \/><\/p>\n<p>Arboga kommun och Medeltidsf\u00f6reningen ser dock inga som helst problem med att &#8221;normalisera rasismen&#8221;. \u00a0En &#8221;normalisering&#8221; som sakta sprids \u00f6ver landet och som Adam Tensta nyligen belyst i direkts\u00e4ndning i TV4<\/p>\n<p><img loading=\"lazy\" class=\"alignnone size-medium wp-image-63953\" src=\"http:\/\/www.filindeblogg.nu\/wp-content\/uploads\/2015\/07\/image9-300x195.jpg\" alt=\"image\" width=\"300\" height=\"195\" srcset=\"http:\/\/www.filindeblogg.nu\/wp-content\/uploads\/2015\/07\/image9-300x195.jpg 300w, http:\/\/www.filindeblogg.nu\/wp-content\/uploads\/2015\/07\/image9.jpg 412w\" sizes=\"(max-width: 300px) 100vw, 300px\" \/><\/p>\n<p>Han har f\u00e5tt hur mycket hot och hat som helst f\u00f6r det! Hot och hat fick \u00e4ven en thail\u00e4ndsk restaurang i Sk\u00e5ne som tackade nej till att arrangera en sommarfest f\u00f6r SD. Hoten och hatet \u00e4r dock n\u00e5got som SD inte st\u00e4ller sig bakom &#8211; som de som alltid s\u00e4ger. Bloggaren fick ocks\u00e5 m\u00e4ngder av hot och hat av SD-anh\u00e4ngare n\u00e4r hon st\u00e4llde n\u00e5gra fr\u00e5gor om Arboga kommuns sponsring av SD-politikernas br\u00f6llop.\u00a0<img loading=\"lazy\" class=\"alignnone size-medium wp-image-63956\" src=\"http:\/\/www.filindeblogg.nu\/wp-content\/uploads\/2015\/07\/image11-300x189.jpg\" alt=\"image\" width=\"300\" height=\"189\" srcset=\"http:\/\/www.filindeblogg.nu\/wp-content\/uploads\/2015\/07\/image11-300x189.jpg 300w, http:\/\/www.filindeblogg.nu\/wp-content\/uploads\/2015\/07\/image11.jpg 683w\" sizes=\"(max-width: 300px) 100vw, 300px\" \/><\/p>\n<p>F\u00f6r att g\u00f6ra dubbelmoralens Arboga \u00e4nnu mer tydlig s\u00e5 p\u00e5g\u00e5r det idag, tv\u00e5 veckor f\u00f6re SD-br\u00f6llopet, en rikstr\u00e4ff i Arboga.\u00a0<img loading=\"lazy\" class=\"alignnone size-medium wp-image-63954\" src=\"http:\/\/www.filindeblogg.nu\/wp-content\/uploads\/2015\/07\/image10-196x300.jpg\" alt=\"image\" width=\"196\" height=\"300\" srcset=\"http:\/\/www.filindeblogg.nu\/wp-content\/uploads\/2015\/07\/image10-196x300.jpg 196w, http:\/\/www.filindeblogg.nu\/wp-content\/uploads\/2015\/07\/image10.jpg 642w\" sizes=\"(max-width: 196px) 100vw, 196px\" \/>\u00a0K\u00e4nda profiler fr\u00e5n El Salvador deltar.<\/p>\n<p>Bloggaren undrar hur uppm\u00e4rksammat och sponsrat detta \u00e4r av kommunen?<\/p>\n<p>Och &#8211; k\u00e4nner sig Arbogaborna, flyktingar fr\u00e5n El Salvador, v\u00e4lkomna att heja p\u00e5 \u00c5rets Medeltida Brudpar.<\/p>\n<p>Har Arboga gl\u00f6mt sina v\u00e4nner fr\u00e5n Latinamerika, fr\u00e5n Afrika, fr\u00e5n forna Jugoslavien och alla andra som flytt hit. Kommer de asyls\u00f6kande p\u00e5 flyktingf\u00f6rl\u00e4ggningen i stan att finnas med och fira Medeltidsdagar i Arboga.\u00a0<img loading=\"lazy\" class=\"alignnone size-medium wp-image-63957\" src=\"http:\/\/www.filindeblogg.nu\/wp-content\/uploads\/2015\/07\/image12-300x300.jpg\" alt=\"image\" width=\"300\" height=\"300\" srcset=\"http:\/\/www.filindeblogg.nu\/wp-content\/uploads\/2015\/07\/image12-300x300.jpg 300w, http:\/\/www.filindeblogg.nu\/wp-content\/uploads\/2015\/07\/image12-150x150.jpg 150w, http:\/\/www.filindeblogg.nu\/wp-content\/uploads\/2015\/07\/image12-1024x1024.jpg 1024w, http:\/\/www.filindeblogg.nu\/wp-content\/uploads\/2015\/07\/image12-144x144.jpg 144w, http:\/\/www.filindeblogg.nu\/wp-content\/uploads\/2015\/07\/image12-900x900.jpg 900w\" sizes=\"(max-width: 300px) 100vw, 300px\" \/><\/p>\n<p>\u00c4r det kanske s\u00e5 att Arboga f\u00f6rtj\u00e4nar en medeltida st\u00e4mpel i pannan &#8211; helst utan j\u00e4rnr\u00f6r och dynamit d\u00e5.<\/p>\n<p>V\u00e4gra normalisera rasismen!!\u00a0<img loading=\"lazy\" class=\"alignnone size-full wp-image-63934\" src=\"http:\/\/www.filindeblogg.nu\/wp-content\/uploads\/2015\/07\/Nej-till-rasismen-Ja-till-m\u00e5ngfalden.jpg\" alt=\"Nej till rasismen Ja till m\u00e5ngfalden\" width=\"240\" height=\"207\" \/><\/p>\n<p>&nbsp;<\/p>\n","protected":false},"excerpt":{"rendered":"<p>\u00a0Idag om tv\u00e5 veckor \u00e4ger \u00e5rets br\u00f6llop rum i Arboga. Inte vilket br\u00f6llop som helst &#8211; utan ett av kommunen sponsrat!\u00a0 Den st\u00f6rsta turistattraktionen i Arboga &#8211; Medeltidsdagarna &#8211; som n\u00e5r sitt ultimata crescendo n\u00e4r det medeltida brudparet visas upp f\u00f6r att sedan vigas.\u00a0 F\u00f6r n\u00e5gra \u00e5r sen blev det en &#8221;medeltida fight&#8221; om bruden. [&hellip;]<\/p>\n","protected":false},"author":1,"featured_media":63948,"comment_status":"open","ping_status":"open","sticky":false,"template":"","format":"standard","meta":[],"categories":[1,118,127,115,156,174,162,100,119,101,150],"tags":[],"_links":{"self":[{"href":"http:\/\/www.filindeblogg.nu\/index.php?rest_route=\/wp\/v2\/posts\/63942"}],"collection":[{"href":"http:\/\/www.filindeblogg.nu\/index.php?rest_route=\/wp\/v2\/posts"}],"about":[{"href":"http:\/\/www.filindeblogg.nu\/index.php?rest_route=\/wp\/v2\/types\/post"}],"author":[{"embeddable":true,"href":"http:\/\/www.filindeblogg.nu\/index.php?rest_route=\/wp\/v2\/users\/1"}],"replies":[{"embeddable":true,"href":"http:\/\/www.filindeblogg.nu\/index.php?rest_route=%2Fwp%2Fv2%2Fcomments&post=63942"}],"version-history":[{"count":5,"href":"http:\/\/www.filindeblogg.nu\/index.php?rest_route=\/wp\/v2\/posts\/63942\/revisions"}],"predecessor-version":[{"id":63960,"href":"http:\/\/www.filindeblogg.nu\/index.php?rest_route=\/wp\/v2\/posts\/63942\/revisions\/63960"}],"wp:featuredmedia":[{"embeddable":true,"href":"http:\/\/www.filindeblogg.nu\/index.php?rest_route=\/wp\/v2\/media\/63948"}],"wp:attachment":[{"href":"http:\/\/www.filindeblogg.nu\/index.php?rest_route=%2Fwp%2Fv2%2Fmedia&parent=63942"}],"wp:term":[{"taxonomy":"category","embeddable":true,"href":"http:\/\/www.filindeblogg.nu\/index.php?rest_route=%2Fwp%2Fv2%2Fcategories&post=63942"},{"taxonomy":"post_tag","embeddable":true,"href":"http:\/\/www.filindeblogg.nu\/index.php?rest_route=%2Fwp%2Fv2%2Ftags&post=63942"}],"curies":[{"name":"wp","href":"https:\/\/api.w.org\/{rel}","templated":true}]}}