{"id":63885,"date":"2015-07-12T10:10:50","date_gmt":"2015-07-12T09:10:50","guid":{"rendered":"http:\/\/www.filindeblogg.nu\/?p=63885"},"modified":"2015-07-12T10:10:50","modified_gmt":"2015-07-12T09:10:50","slug":"mor-ar-rar-far-at-helvete","status":"publish","type":"post","link":"http:\/\/www.filindeblogg.nu\/?p=63885","title":{"rendered":"Mor \u00e4r rar &#8211; far \u00e5t helvete!"},"content":{"rendered":"<p>En passande predikan denna s\u00f6ndag! <img loading=\"lazy\" class=\"alignnone size-full wp-image-63892\" src=\"http:\/\/www.filindeblogg.nu\/wp-content\/uploads\/2015\/07\/Evil-stepmother.jpg\" alt=\"Evil stepmother\" width=\"184\" height=\"132\" \/><br \/>\nRubriken \u00e4r ett sk\u00e4mt som levt kvar sen barn skulle l\u00e4ra sig l\u00e4sa med &#8221;Mor \u00e4r rar&#8221;.<img loading=\"lazy\" class=\"alignnone size-medium wp-image-63905\" src=\"http:\/\/www.filindeblogg.nu\/wp-content\/uploads\/2015\/07\/villdul\u00e4sa-218x300.jpg\" alt=\"villdul\u00e4sa\" width=\"218\" height=\"300\" srcset=\"http:\/\/www.filindeblogg.nu\/wp-content\/uploads\/2015\/07\/villdul\u00e4sa-218x300.jpg 218w, http:\/\/www.filindeblogg.nu\/wp-content\/uploads\/2015\/07\/villdul\u00e4sa.jpg 582w\" sizes=\"(max-width: 218px) 100vw, 218px\" \/><\/p>\n<p><img loading=\"lazy\" class=\"alignnone size-full wp-image-63887\" src=\"http:\/\/www.filindeblogg.nu\/wp-content\/uploads\/2015\/07\/Mor-igen1.jpg\" alt=\"Mor igen\" width=\"122\" height=\"107\" \/><em><strong> Mor \u00e4r rar<\/strong><\/em> &#8211; s\u00e5 fick barn l\u00e4ra sig att l\u00e4sa och skriva f\u00f6rr i v\u00e4rlden. <em><strong>Far ror<\/strong> <\/em>&#8211; och g\u00e4rna iv\u00e4g, fast barnen tyckte \u00e4nd\u00e5 att han var rar. Kanske just f\u00f6r att han rodde iv\u00e4g&#8230; <img loading=\"lazy\" class=\"alignnone size-full wp-image-63888\" src=\"http:\/\/www.filindeblogg.nu\/wp-content\/uploads\/2015\/07\/Far-ro-Iv\u00e4g.jpg\" alt=\"Far ro! Iv\u00e4g\" width=\"181\" height=\"278\" \/><\/p>\n<p>Men s\u00e5 \u00e4r det ju inte alls! Mor \u00e4r inte alls rar &#8211; egentligen! Och inte ens mormor kan s\u00e4lla sig till de trevligas skara! <img loading=\"lazy\" class=\"alignnone size-full wp-image-63889\" src=\"http:\/\/www.filindeblogg.nu\/wp-content\/uploads\/2015\/07\/Mormor-\u00e4r-inte-heller-rar-enligt-DN-debatt.jpg\" alt=\"Mormor \u00e4r inte heller rar enligt DN debatt\" width=\"213\" height=\"237\" \/> Nej, det vilar n\u00e5got ondskefullt bakom det d\u00e4r leendet och stickorna i famnen!<br \/>\nF\u00f6r alla har v\u00e4l h\u00f6rt talas om elaka styvm\u00f6drar i sagornas v\u00e4rld!! <img loading=\"lazy\" class=\"alignnone  wp-image-63890\" src=\"http:\/\/www.filindeblogg.nu\/wp-content\/uploads\/2015\/07\/Styvmor-2.jpg\" alt=\"Styvmor 2\" width=\"197\" height=\"118\" \/> Illvilliga m\u00e4nniskor av kvinnosl\u00e4kte som inte alls vill v\u00e4l &#8211; utan hellre skada sina barn &#8211; styvbarn eller inte! <img loading=\"lazy\" class=\"alignnone size-full wp-image-63891\" src=\"http:\/\/www.filindeblogg.nu\/wp-content\/uploads\/2015\/07\/Styvmor.jpg\" alt=\"Styvmor\" width=\"222\" height=\"151\" \/><\/p>\n<p>Ja, just s\u00e5 \u00e4r det! Det ber\u00e4ttar <strong>Elisabeth Arborelius<\/strong> p\u00e5 <strong>DN Debatt<\/strong> idag. Arborelius \u00e4r pr\u00e4st men l\u00e4gger f\u00f6r s\u00e4kerhets skull till titlar som teologie doktor, docent i psykologi, leg. psykoterapeut, f\u00f6rfattare och Hj\u00e4rnkollambassad\u00f6r. <img loading=\"lazy\" class=\"alignnone  wp-image-63894\" src=\"http:\/\/www.filindeblogg.nu\/wp-content\/uploads\/2015\/07\/DN3-300x225.jpg\" alt=\"DN3\" width=\"112\" height=\"84\" srcset=\"http:\/\/www.filindeblogg.nu\/wp-content\/uploads\/2015\/07\/DN3-300x225.jpg 300w, http:\/\/www.filindeblogg.nu\/wp-content\/uploads\/2015\/07\/DN3.jpg 600w\" sizes=\"(max-width: 112px) 100vw, 112px\" \/><br \/>\nGud, bevare mig&#8230;<\/p>\n<p><img loading=\"lazy\" class=\"alignnone size-medium wp-image-63893\" src=\"http:\/\/www.filindeblogg.nu\/wp-content\/uploads\/2015\/07\/DN2-225x300.jpg\" alt=\"DN2\" width=\"225\" height=\"300\" srcset=\"http:\/\/www.filindeblogg.nu\/wp-content\/uploads\/2015\/07\/DN2-225x300.jpg 225w, http:\/\/www.filindeblogg.nu\/wp-content\/uploads\/2015\/07\/DN2.jpg 450w\" sizes=\"(max-width: 225px) 100vw, 225px\" \/> <strong><em>&#8221;Sluta l\u00e5tsas att m\u00f6drars \u00f6vergrepp inte finns&#8221;<\/em><\/strong> &#8211; uppmanar Arborelius.<\/p>\n<p>Sen drar hon upp enskilda fall d\u00e4r kvinnor misshandlat och d\u00f6dat sina barn och f\u00f6rklarar att det \u00e4r <em>&#8221;toppen p\u00e5 isberget&#8221;<\/em>.<\/p>\n<p>Citat ur debattartikeln:<em> &#8221;S\u00e5 l\u00e4nge vi avsk\u00e4rmar oss fr\u00e5n f\u00f6reteelsen att m\u00f6drar avsiktligt kan vilja sitt barn illa kan vi inte hj\u00e4lpa barn och vuxna med dylika mycket sv\u00e5ra erfarenheter&#8221;.<\/em><\/p>\n<p><strong>Vem avsk\u00e4rmar sig!? Varf\u00f6r skriva en s\u00e5dan h\u00e4r artikel?<\/strong><br \/>\n<strong> &#8221;Alla&#8221; vet att m\u00e4ns v\u00e5ld \u00e4r fullst\u00e4ndigt dominerande och det oavsett om det g\u00e4ller barn, kvinnor, andra m\u00e4n, djur o.s.v. Och oavsett \u00f6rfilar, misshandel med tillhygge, v\u00e5ldt\u00e4kter och d\u00f6d.<\/strong><br \/>\nArtikeln \u00e4r \u00e4nnu en i ledet att f\u00f6rsvara m\u00e4ns &#8221;utsatthet&#8221; som f\u00f6r\u00f6vare. Det finns alltid n\u00e5gon kvinna att dra upp i sammanhanget. &#8211; 1958 var det en kvinna som m\u00f6rdade alla sina barn! och &#8211; 1989 kunde jag l\u00e4sa om en kvinna som systematiskt misshandlat sin man! &#8211; typ!<br \/>\nORKA!!<\/p>\n<p>L\u00e4ser man hela artikeln f\u00f6rst\u00e5r man att Arborelius fortfarande h\u00e5ller p\u00e5 att l\u00e4ka sig sj\u00e4lv. Hon har upplevt <em>&#8221;en stark k\u00e4nsla av att min mamma ville mig illa&#8221;<\/em> genom hela barndomen och upp i vuxen \u00e5lder.<br \/>\nDet k\u00e4nns sm\u00e4rtsamt och hemskt men \u00e4r n\u00e5got f\u00f6r Arborelius att sj\u00e4lv bearbeta.<br \/>\nVarf\u00f6r k\u00e4nner hon s\u00e5? Hur var mammans situation? Var fanns pappan?\u00a0 O s v &#8211; precis som f\u00f6rmodligen alla b\u00e4r med sig h\u00e4ndelser fr\u00e5n barndomen som kan beh\u00f6va tas itu med.<\/p>\n<p>Mor \u00e4r inte alltid rar men far \u00e4r sannerligen inget att komma stickande med som f\u00f6red\u00f6me! <img loading=\"lazy\" class=\"alignnone size-full wp-image-63895\" src=\"http:\/\/www.filindeblogg.nu\/wp-content\/uploads\/2015\/07\/Far-sl\u00e5r.jpg\" alt=\"Far sl\u00e5r\" width=\"299\" height=\"168\" \/> <strong><em>Far sl\u00e5r.<\/em><\/strong><\/p>\n<p><strong>Debattartikeln p\u00e5 DNs<\/strong> n\u00e4tsida hittar du <strong><a href=\"http:\/\/www.dn.se\/debatt\/sluta-latsas-att-modrars-overgrepp-inte-finns\/\" target=\"_blank\">H\u00c4R!<\/a><\/strong><\/p>\n<p><img loading=\"lazy\" class=\"aligncenter size-full wp-image-63896\" src=\"http:\/\/www.filindeblogg.nu\/wp-content\/uploads\/2015\/07\/Mor-hj\u00e4rta.jpg\" alt=\"Mor hj\u00e4rta\" width=\"230\" height=\"219\" \/><\/p>\n<p>Den rasande bloggen och dagens predikan m\u00e5ste f\u00e5 ett lite v\u00e4nligare slut. Fast den h\u00e4r stripen ur dagens DN vill bloggaren ta in ocks\u00e5 innan ilskan l\u00e4gger sig.<br \/>\nMed glimten i \u00f6gat f\u00f6rst\u00e5s! \ud83d\ude00 <img loading=\"lazy\" class=\"alignnone size-medium wp-image-63897\" src=\"http:\/\/www.filindeblogg.nu\/wp-content\/uploads\/2015\/07\/0091-300x206.jpg\" alt=\"009\" width=\"300\" height=\"206\" srcset=\"http:\/\/www.filindeblogg.nu\/wp-content\/uploads\/2015\/07\/0091-300x206.jpg 300w, http:\/\/www.filindeblogg.nu\/wp-content\/uploads\/2015\/07\/0091.jpg 571w\" sizes=\"(max-width: 300px) 100vw, 300px\" \/> <em>&#8221;Jag skulle bara vilja avbest\u00e4lla en familjer\u00e5dgivningstid som jag och min man har hos er imorrn&#8221;<\/em>, s\u00e4ger kvinnan med blodig kniv i handen.<\/p>\n<p>Vidare i DN idag! <img loading=\"lazy\" class=\"alignnone size-medium wp-image-63898\" src=\"http:\/\/www.filindeblogg.nu\/wp-content\/uploads\/2015\/07\/0061-199x300.jpg\" alt=\"006\" width=\"199\" height=\"300\" srcset=\"http:\/\/www.filindeblogg.nu\/wp-content\/uploads\/2015\/07\/0061-199x300.jpg 199w, http:\/\/www.filindeblogg.nu\/wp-content\/uploads\/2015\/07\/0061.jpg 397w\" sizes=\"(max-width: 199px) 100vw, 199px\" \/> <strong>Little Jinder<\/strong> som s\u00e4ger<em> &#8221;Varf\u00f6r kan inte jag f\u00e5 vara fucking gullig&#8221;<\/em>. <img loading=\"lazy\" class=\"alignnone size-medium wp-image-63899\" src=\"http:\/\/www.filindeblogg.nu\/wp-content\/uploads\/2015\/07\/0071-300x224.jpg\" alt=\"007\" width=\"300\" height=\"224\" srcset=\"http:\/\/www.filindeblogg.nu\/wp-content\/uploads\/2015\/07\/0071-300x224.jpg 300w, http:\/\/www.filindeblogg.nu\/wp-content\/uploads\/2015\/07\/0071.jpg 594w\" sizes=\"(max-width: 300px) 100vw, 300px\" \/> L\u00e4s <strong><a href=\"http:\/\/www.dn.se\/kultur-noje\/det-ar-skont-att-bara-fa-vara-gullig\/\" target=\"_blank\">H\u00c4R!<\/a><\/strong><\/p>\n<p><strong>Yohio!<\/strong> <img loading=\"lazy\" class=\"alignnone size-medium wp-image-63901\" src=\"http:\/\/www.filindeblogg.nu\/wp-content\/uploads\/2015\/07\/DN1-300x220.jpg\" alt=\"DN1\" width=\"300\" height=\"220\" srcset=\"http:\/\/www.filindeblogg.nu\/wp-content\/uploads\/2015\/07\/DN1-300x220.jpg 300w, http:\/\/www.filindeblogg.nu\/wp-content\/uploads\/2015\/07\/DN1.jpg 600w\" sizes=\"(max-width: 300px) 100vw, 300px\" \/> <strong><a href=\"http:\/\/www.pressreader.com\/sweden\/dagens-nyheter-weekend\/20150712\/282080570511839\/TextView\" target=\"_blank\">H\u00c4R!<\/a><\/strong><\/p>\n<p>En strip till d\u00e5 &#8211; <strong>Tuula<\/strong>! <img loading=\"lazy\" class=\"alignnone size-medium wp-image-63900\" src=\"http:\/\/www.filindeblogg.nu\/wp-content\/uploads\/2015\/07\/0081-239x300.jpg\" alt=\"008\" width=\"239\" height=\"300\" srcset=\"http:\/\/www.filindeblogg.nu\/wp-content\/uploads\/2015\/07\/0081-239x300.jpg 239w, http:\/\/www.filindeblogg.nu\/wp-content\/uploads\/2015\/07\/0081.jpg 450w\" sizes=\"(max-width: 239px) 100vw, 239px\" \/> &#8211; innan vi g\u00e5r \u00f6ver till n\u00e5got mycket sn\u00e4llare. Utflykter!<\/p>\n<p>Till \u00e4lskade m\u00f6drar (!) <img loading=\"lazy\" class=\"alignnone  wp-image-63902\" src=\"http:\/\/www.filindeblogg.nu\/wp-content\/uploads\/2015\/07\/0121-225x300.jpg\" alt=\"012\" width=\"146\" height=\"195\" srcset=\"http:\/\/www.filindeblogg.nu\/wp-content\/uploads\/2015\/07\/0121-225x300.jpg 225w, http:\/\/www.filindeblogg.nu\/wp-content\/uploads\/2015\/07\/0121.jpg 450w\" sizes=\"(max-width: 146px) 100vw, 146px\" \/> <strong>Karin Linde<\/strong> som blev n\u00e4stan 100 \u00e5r.\u00a0<img loading=\"lazy\" class=\"alignnone size-medium wp-image-63903\" src=\"http:\/\/www.filindeblogg.nu\/wp-content\/uploads\/2015\/07\/0152-300x225.jpg\" alt=\"015\" width=\"300\" height=\"225\" srcset=\"http:\/\/www.filindeblogg.nu\/wp-content\/uploads\/2015\/07\/0152-300x225.jpg 300w, http:\/\/www.filindeblogg.nu\/wp-content\/uploads\/2015\/07\/0152.jpg 600w\" sizes=\"(max-width: 300px) 100vw, 300px\" \/> Hon vilar vackert p\u00e5 den gamla kyrkog\u00e5rden invid <strong>M\u00e4larens strand<\/strong> i <strong>Str\u00e4ngn\u00e4s<\/strong>.<br \/>\nStr\u00e4ngn\u00e4s! <img loading=\"lazy\" class=\"alignnone size-medium wp-image-63904\" src=\"http:\/\/www.filindeblogg.nu\/wp-content\/uploads\/2015\/07\/0171-225x300.jpg\" alt=\"017\" width=\"225\" height=\"300\" srcset=\"http:\/\/www.filindeblogg.nu\/wp-content\/uploads\/2015\/07\/0171-225x300.jpg 225w, http:\/\/www.filindeblogg.nu\/wp-content\/uploads\/2015\/07\/0171.jpg 450w\" sizes=\"(max-width: 225px) 100vw, 225px\" \/><\/p>\n<p><img loading=\"lazy\" class=\"alignnone size-medium wp-image-63906\" src=\"http:\/\/www.filindeblogg.nu\/wp-content\/uploads\/2015\/07\/004-300x225.jpg\" alt=\"004\" width=\"300\" height=\"225\" srcset=\"http:\/\/www.filindeblogg.nu\/wp-content\/uploads\/2015\/07\/004-300x225.jpg 300w, http:\/\/www.filindeblogg.nu\/wp-content\/uploads\/2015\/07\/004.jpg 600w\" sizes=\"(max-width: 300px) 100vw, 300px\" \/> Utflykt har ocks\u00e5 gjorts till <strong>Skansen i Stockholm<\/strong>!\u00a0<img loading=\"lazy\" class=\"alignnone size-medium wp-image-63907\" src=\"http:\/\/www.filindeblogg.nu\/wp-content\/uploads\/2015\/07\/0052-300x271.jpg\" alt=\"005\" width=\"300\" height=\"271\" srcset=\"http:\/\/www.filindeblogg.nu\/wp-content\/uploads\/2015\/07\/0052-300x271.jpg 300w, http:\/\/www.filindeblogg.nu\/wp-content\/uploads\/2015\/07\/0052.jpg 498w\" sizes=\"(max-width: 300px) 100vw, 300px\" \/><\/p>\n<p>D\u00e4r koncentrerade sig bloggaren p\u00e5 f\u00f6ljande djur! \ud83d\ude00 <img loading=\"lazy\" class=\"alignnone size-medium wp-image-63908\" src=\"http:\/\/www.filindeblogg.nu\/wp-content\/uploads\/2015\/07\/Varg-p\u00e5-Skansen-300x279.jpg\" alt=\"Varg p\u00e5 Skansen\" width=\"300\" height=\"279\" srcset=\"http:\/\/www.filindeblogg.nu\/wp-content\/uploads\/2015\/07\/Varg-p\u00e5-Skansen-300x279.jpg 300w, http:\/\/www.filindeblogg.nu\/wp-content\/uploads\/2015\/07\/Varg-p\u00e5-Skansen-900x837.jpg 900w, http:\/\/www.filindeblogg.nu\/wp-content\/uploads\/2015\/07\/Varg-p\u00e5-Skansen.jpg 960w\" sizes=\"(max-width: 300px) 100vw, 300px\" \/> VARG!<\/p>\n<p>Och LO! <img loading=\"lazy\" class=\"alignnone size-medium wp-image-63909\" src=\"http:\/\/www.filindeblogg.nu\/wp-content\/uploads\/2015\/07\/001-300x225.jpg\" alt=\"001\" width=\"300\" height=\"225\" srcset=\"http:\/\/www.filindeblogg.nu\/wp-content\/uploads\/2015\/07\/001-300x225.jpg 300w, http:\/\/www.filindeblogg.nu\/wp-content\/uploads\/2015\/07\/001.jpg 600w\" sizes=\"(max-width: 300px) 100vw, 300px\" \/><\/p>\n<p><img loading=\"lazy\" class=\"alignnone  wp-image-63910\" src=\"http:\/\/www.filindeblogg.nu\/wp-content\/uploads\/2015\/07\/0141-300x225.jpg\" alt=\"014\" width=\"179\" height=\"134\" srcset=\"http:\/\/www.filindeblogg.nu\/wp-content\/uploads\/2015\/07\/0141-300x225.jpg 300w, http:\/\/www.filindeblogg.nu\/wp-content\/uploads\/2015\/07\/0141.jpg 600w\" sizes=\"(max-width: 179px) 100vw, 179px\" \/>\u00a0Ha nu en riktigt sk\u00f6n s\u00f6ndag! Vr\u00e4k ur dig ilska och frustrationer s\u00e5 m\u00e5r du s\u00e5 mycket b\u00e4ttre sen! Fast helst f\u00f6r dig sj\u00e4lv och utan att banka ner n\u00e5gon annan. Skriva \u00e4r en bra form som rekommenderas! Kram p\u00e5 er!<\/p>\n<p style=\"text-align: center;\"><img loading=\"lazy\" class=\"aligncenter size-full wp-image-63911\" src=\"http:\/\/www.filindeblogg.nu\/wp-content\/uploads\/2015\/07\/Mamma.jpg\" alt=\"Mamma\" width=\"262\" height=\"193\" \/><br \/>\nBloggaren \u00e4r mamma &#8211; en rar mor! S\u00e5 det s\u00e5!! \ud83d\ude00<\/p>\n<p>&nbsp;<\/p>\n<p>&nbsp;<\/p>\n","protected":false},"excerpt":{"rendered":"<p>En passande predikan denna s\u00f6ndag! Rubriken \u00e4r ett sk\u00e4mt som levt kvar sen barn skulle l\u00e4ra sig l\u00e4sa med &#8221;Mor \u00e4r rar&#8221;. Mor \u00e4r rar &#8211; s\u00e5 fick barn l\u00e4ra sig att l\u00e4sa och skriva f\u00f6rr i v\u00e4rlden. Far ror &#8211; och g\u00e4rna iv\u00e4g, fast barnen tyckte \u00e4nd\u00e5 att han var rar. Kanske just f\u00f6r [&hellip;]<\/p>\n","protected":false},"author":1,"featured_media":0,"comment_status":"open","ping_status":"open","sticky":false,"template":"","format":"standard","meta":[],"categories":[131,143,100,160,146,141,151,101,116],"tags":[],"_links":{"self":[{"href":"http:\/\/www.filindeblogg.nu\/index.php?rest_route=\/wp\/v2\/posts\/63885"}],"collection":[{"href":"http:\/\/www.filindeblogg.nu\/index.php?rest_route=\/wp\/v2\/posts"}],"about":[{"href":"http:\/\/www.filindeblogg.nu\/index.php?rest_route=\/wp\/v2\/types\/post"}],"author":[{"embeddable":true,"href":"http:\/\/www.filindeblogg.nu\/index.php?rest_route=\/wp\/v2\/users\/1"}],"replies":[{"embeddable":true,"href":"http:\/\/www.filindeblogg.nu\/index.php?rest_route=%2Fwp%2Fv2%2Fcomments&post=63885"}],"version-history":[{"count":5,"href":"http:\/\/www.filindeblogg.nu\/index.php?rest_route=\/wp\/v2\/posts\/63885\/revisions"}],"predecessor-version":[{"id":63916,"href":"http:\/\/www.filindeblogg.nu\/index.php?rest_route=\/wp\/v2\/posts\/63885\/revisions\/63916"}],"wp:attachment":[{"href":"http:\/\/www.filindeblogg.nu\/index.php?rest_route=%2Fwp%2Fv2%2Fmedia&parent=63885"}],"wp:term":[{"taxonomy":"category","embeddable":true,"href":"http:\/\/www.filindeblogg.nu\/index.php?rest_route=%2Fwp%2Fv2%2Fcategories&post=63885"},{"taxonomy":"post_tag","embeddable":true,"href":"http:\/\/www.filindeblogg.nu\/index.php?rest_route=%2Fwp%2Fv2%2Ftags&post=63885"}],"curies":[{"name":"wp","href":"https:\/\/api.w.org\/{rel}","templated":true}]}}